{"id":63059,"date":"2023-10-09T23:37:18","date_gmt":"2023-10-10T03:37:18","guid":{"rendered":"https:\/\/lasprimeras.com.do\/?p=63059"},"modified":"2023-10-09T23:37:20","modified_gmt":"2023-10-10T03:37:20","slug":"gary-nader-apertura-parque-de-esculturas-en-maralda-miches-republica-dominicana","status":"publish","type":"post","link":"https:\/\/lasprimeras.com.do\/index.php\/2023\/10\/09\/gary-nader-apertura-parque-de-esculturas-en-maralda-miches-republica-dominicana\/","title":{"rendered":"Gary Nader apertura Parque de Esculturas en Maralda &#8211; Miches, Rep\u00fablica Dominicana"},"content":{"rendered":"\n<p>El Parque de Esculturas exhibir\u00e1 una variada colecci\u00f3n de esculturas creadas tanto por artistas de renombre internacional como por talentosos artistas dominicanos.<\/p>\n\n\n\n<p>Gary Nader se enorgullece en anunciar la apertura pr\u00f3ximamente de un Parque de Esculturas dentro de &#8220;Maralda&#8221;, el proyecto tur\u00edstico m\u00e1s grande que se desarrolla en Miches, en la provincia de El Seibo, en la costa noreste de la Rep\u00fablica Dominicana.<\/p>\n\n\n\n<p>La colecci\u00f3n incluye obras de destacados artistas como Ahmed Al Bahrani, Pablo Atchugarry, Fernando Botero, Stephen De Staebler, Daniel Escardo, John Henry, Richard Hudson, Robert Indiana, Enio Iommi, Jeff Koons, Julio Larraz, Enrique Mart\u00ednez Celaya, Manuel Mendive, Sydia Reyes, Jes\u00fas Rafael Soto, Frank Stella, Rufino Tamayo, Lorenzo Quinn, Manolo Vald\u00e9s, Rachel Vald\u00e9s, Sophia Vari y Bernar Venet.<\/p>\n\n\n\n<p>El Parque de Esculturas ha sido dise\u00f1ado para exhibir esculturas e instalaciones de arte tridimensionales en un entorno que permite a los visitantes interactuar y apreciar de manera \u00fanica la obra de arte, convirti\u00e9ndolo en un destino excepcional para entusiastas del arte y acad\u00e9micos.<\/p>\n\n\n\n<p>Ofrecer\u00e1 diversas actividades y experiencias para involucrar a los visitantes y mejorar su disfrute del arte y del entorno natural. Estas actividades incluir\u00e1n recorridos autoguiados y guiados, programas educativos, talleres, actuaciones al aire libre, festivales de arte, charlas y conferencias de artistas, exposiciones temporales, instalaciones interactivas, picnics y relajaci\u00f3n, eventos art\u00edsticos y festivales, paseos por la naturaleza y tiendas de regalos y cafeter\u00edas.<\/p>\n\n\n\n<p>Las actividades proporcionar\u00e1n una experiencia completa que combina la apreciaci\u00f3n del arte, el disfrute al aire libre y la participaci\u00f3n cultural.<\/p>\n\n\n\n<p>El entorno natural de Miches realzar\u00e1 la experiencia de observaci\u00f3n art\u00edstica y complementar\u00e1 las esculturas. Parques de esculturas destacados en todo el mundo, como el Storm King Art Center en Nueva York, el Hakone Open-Air Museum en Jap\u00f3n, el Yorkshire Sculpture Park en el Reino Unido y el Nasher Sculpture Center en Dallas, Texas, han contribuido a la accesibilidad y apreciaci\u00f3n del arte al ponerlo a disposici\u00f3n en un entorno natural y accesible.<\/p>\n\n\n\n<p>\u201cEn FITUR 2023 presentamos nuestra visi\u00f3n para el desarrollo tur\u00edstico sostenible de Miches y nuestro enfoque de complementar la oferta tur\u00edstica mediante la creaci\u00f3n de un destino cultural dentro de nuestro proyecto Maralda. Este Parque de Escultura que abriremos junto con Gary Nader pondr\u00e1 tanto a Miches como al pa\u00eds en el mapa cultural alrededor del mundo y le abrir\u00e1 oportunidades a artistas locales para que expongan junto con destacados artistas internacionales.\u201d Expreso George Alexander Nader, CEO de Nader Enterprises, empresa desarrolladora de Maralda.<\/p>\n\n\n\n<p>Acerca de Gary Nader: Gary Nader es un destacado coleccionista y considerado como uno de los due\u00f1os de galer\u00edas m\u00e1s exitosos en los Estados Unidos y Am\u00e9rica Latina. De origen liban\u00e9s y criado en la Rep\u00fablica Dominicana, Gary Nader, comenz\u00f3 su carrera art\u00edstica como Director de la Galer\u00eda Nader de Santo Domingo, Rep\u00fablica Dominicana, en 1981.<\/p>\n\n\n\n<p>Luego, se traslad\u00f3 a los Estados Unidos para establecer su propia galer\u00eda de arte, el Centro de Arte Gary Nader, especializada en Arte Latinoamericano, en Miami en 1985, la cual ha sido considerada una de las galer\u00edas m\u00e1s emprendedoras y exitosas del mundo durante d\u00e9cadas.<\/p>\n\n\n\n<p>Gary Nader ha desempe\u00f1ado un papel fundamental en la formaci\u00f3n de la creciente presencia de Miami en el mundo del arte y se ha establecido como un experto en Arte Latinoamericano.<\/p>\n\n\n\n<p>Su compromiso con la promoci\u00f3n del arte y la cultura lo ha llevado a desarrollar proyectos significativos como el Parque de Esculturas en Miches, que enriquecer\u00e1 la escena art\u00edstica de la Rep\u00fablica Dominicana y ofrecer\u00e1 una experiencia \u00fanica a los amantes del arte de todo el mundo.<\/p>\n\n\n\n<p>Acerca de Maralda \u2013 El Coraz\u00f3n de Miches:<\/p>\n\n\n\n<p>Maralda es un megaproyecto tur\u00edstico con aprobaci\u00f3n para m\u00e1s de 27mil habitaciones en una superficie de m\u00e1s de ocho millones de metros cuadrados que se est\u00e1 desarrollando en el centro de Playa Esmeralda, Miches.<\/p>\n\n\n\n<p>El proyecto contar\u00e1 con componentes de entretenimiento, hotelero, residencial, inmobiliario, comercial, deportivo y cultural, entre otras amenidades que tienen que ver con la salud y el bienestar.<\/p>\n\n\n\n<p>El proyecto promete posicionar a Miches como un destino tur\u00edstico diferenciado, que se est\u00e1 desarrollando de una manera sostenible y con mucho cuidado al medio ambiente.<\/p>\n\n\n\n<p>As\u00ed mismo, Maralda es el proyecto que, gracias a su conceptualizaci\u00f3n, ubicaci\u00f3n, permisolog\u00eda y licencias, infraestructura y su estructuraci\u00f3n financiera y legal, promete a los inversionistas colocar su capital a trabajar, generar un impacto positivo en la regi\u00f3n, y responder al mercado con un gran producto a la mayor velocidad y con la mayor seguridad.<\/p>\n\n\n\n<p>Acerca de Nader Enterprises: Nader Enterprises es una firma de inversi\u00f3n, desarrollo y administraci\u00f3n de activos basada en la Rep\u00fablica Dominicana con un enfoque principal en el sector inmobiliario y tur\u00edstico.<\/p>\n\n\n\n<p>En su portafolio de activos tiene empresas, proyectos e inversiones en las \u00e1reas residencial, comercial, hotelera, agr\u00edcola y megaproyectos tur\u00edsticos en Uvero Alto y Miches.<\/p>\n","protected":false},"excerpt":{"rendered":"<p>El Parque de Esculturas exhibir\u00e1 una variada colecci\u00f3n de esculturas creadas tanto por artistas de renombre internacional como por talentosos artistas dominicanos. Gary Nader se enorgullece en anunciar la apertura&hellip;<\/p>\n","protected":false},"author":2,"featured_media":63060,"comment_status":"open","ping_status":"open","sticky":false,"template":"","format":"standard","meta":{"content-type":"","jetpack_post_was_ever_published":false,"_jetpack_newsletter_access":"","_jetpack_dont_email_post_to_subs":false,"_jetpack_newsletter_tier_id":0,"_jetpack_memberships_contains_paywalled_content":false,"_jetpack_memberships_contains_paid_content":false,"footnotes":""},"categories":[84],"tags":[8376,8375,8377,8378,723,1226],"class_list":["post-63059","post","type-post","status-publish","format-standard","has-post-thumbnail","hentry","category-entretenimiento","tag-esculturas","tag-gary-nader","tag-maralda","tag-miches","tag-parque","tag-republica-dominicana"],"jetpack_featured_media_url":"https:\/\/lasprimeras.com.do\/wp-content\/uploads\/2023\/10\/ESCULTURA-1.jpg","jetpack-related-posts":[{"id":75481,"url":"https:\/\/lasprimeras.com.do\/index.php\/2024\/02\/01\/anfiteatro-llevara-nombre-de-luisito-marti-y-develan-escultura-y-mural-en-su-homenaje\/","url_meta":{"origin":63059,"position":0},"title":"Anfiteatro llevar\u00e1 nombre de Luisito Mart\u00ed y develan escultura y mural en su homenaje","author":"Railenis Caraballo","date":"1 de febrero de 2024","format":false,"excerpt":"En un emotivo acto presidido por el alcalde de Santo Domingo Este, Manuel Jim\u00e9nez, la emblem\u00e1tica figura de Luis Bernardo Marte Hern\u00e1ndez mejor conocido como Luisito Mart\u00ed, ha quedado inmortalizada en el anfiteatro del Parque del Este, ahora rebautizado en su honor. La escultura, que captura la esencia y carisma\u2026","rel":"","context":"En \u00abSin categor\u00eda\u00bb","block_context":{"text":"Sin categor\u00eda","link":"https:\/\/lasprimeras.com.do\/index.php\/category\/sin-categoria\/"},"img":{"alt_text":"","src":"","width":0,"height":0},"classes":[]},{"id":74185,"url":"https:\/\/lasprimeras.com.do\/index.php\/2024\/01\/19\/george-alexander-nader-miches-rumbo-a-una-realidad-cautivara-en-fitur\/","url_meta":{"origin":63059,"position":1},"title":"George Alexander Nader: \u00a0\u201cMiches, rumbo a una realidad cautivar\u00e1 en Fitur\u201d","author":"Nelson Feliz","date":"19 de enero de 2024","format":false,"excerpt":"El empresario George Alexander Nader, CEO de Nader Enterprises resalt\u00f3 las expectativas rumbo a la Feria Internacional de Turismo 2024 (Fitur) que se celebrar\u00e1 del 24 al 28 de enero en Madrid, Espa\u00f1a. Nader afirm\u00f3 que en el marco de Fitur, los proyectos en Miches ser\u00e1n presentados en un evento\u2026","rel":"","context":"En \u00abTURISMO\u00bb","block_context":{"text":"TURISMO","link":"https:\/\/lasprimeras.com.do\/index.php\/category\/turismo\/"},"img":{"alt_text":"George Alexander Nader","src":"https:\/\/i0.wp.com\/lasprimeras.com.do\/wp-content\/uploads\/2024\/01\/George-Alexander-Nader.jpg?resize=350%2C200&ssl=1","width":350,"height":200,"srcset":"https:\/\/i0.wp.com\/lasprimeras.com.do\/wp-content\/uploads\/2024\/01\/George-Alexander-Nader.jpg?resize=350%2C200&ssl=1 1x, https:\/\/i0.wp.com\/lasprimeras.com.do\/wp-content\/uploads\/2024\/01\/George-Alexander-Nader.jpg?resize=525%2C300&ssl=1 1.5x, https:\/\/i0.wp.com\/lasprimeras.com.do\/wp-content\/uploads\/2024\/01\/George-Alexander-Nader.jpg?resize=700%2C400&ssl=1 2x"},"classes":[]},{"id":75576,"url":"https:\/\/lasprimeras.com.do\/index.php\/2024\/02\/02\/luisito-marti-queda-inmortalizado-con-anfiteatro-lleva-su-nombre\/","url_meta":{"origin":63059,"position":2},"title":"Luisito Mart\u00ed queda inmortalizado con Anfiteatro lleva su nombre","author":"BIMARY DE JES\u00daS Matos","date":"2 de febrero de 2024","format":false,"excerpt":"Santo Domingo Este.- En un emotivo acto presidido por el alcalde de Santo Domingo Este, Manuel Jim\u00e9nez, la emblem\u00e1tica figura de Luis Bernardo Marte Hern\u00e1ndez, mejor conocido como Luisito Mart\u00ed, ha quedado inmortalizada en el anfiteatro del Parque del Este, ahora rebautizado en su honor. La escultura, que captura la\u2026","rel":"","context":"En \u00abENTRETENIMIENTO\u00bb","block_context":{"text":"ENTRETENIMIENTO","link":"https:\/\/lasprimeras.com.do\/index.php\/category\/entretenimiento\/"},"img":{"alt_text":"","src":"https:\/\/i0.wp.com\/lasprimeras.com.do\/wp-content\/uploads\/2024\/02\/CANDIDATO-A-REGIDOR-Justicia-Social-JOSUE-MENDEZ-APOYARA-A-DIO-ASTACIO-DEL-PRM-7.webp?resize=350%2C200&ssl=1","width":350,"height":200,"srcset":"https:\/\/i0.wp.com\/lasprimeras.com.do\/wp-content\/uploads\/2024\/02\/CANDIDATO-A-REGIDOR-Justicia-Social-JOSUE-MENDEZ-APOYARA-A-DIO-ASTACIO-DEL-PRM-7.webp?resize=350%2C200&ssl=1 1x, https:\/\/i0.wp.com\/lasprimeras.com.do\/wp-content\/uploads\/2024\/02\/CANDIDATO-A-REGIDOR-Justicia-Social-JOSUE-MENDEZ-APOYARA-A-DIO-ASTACIO-DEL-PRM-7.webp?resize=525%2C300&ssl=1 1.5x, https:\/\/i0.wp.com\/lasprimeras.com.do\/wp-content\/uploads\/2024\/02\/CANDIDATO-A-REGIDOR-Justicia-Social-JOSUE-MENDEZ-APOYARA-A-DIO-ASTACIO-DEL-PRM-7.webp?resize=700%2C400&ssl=1 2x, https:\/\/i0.wp.com\/lasprimeras.com.do\/wp-content\/uploads\/2024\/02\/CANDIDATO-A-REGIDOR-Justicia-Social-JOSUE-MENDEZ-APOYARA-A-DIO-ASTACIO-DEL-PRM-7.webp?resize=1050%2C600&ssl=1 3x, https:\/\/i0.wp.com\/lasprimeras.com.do\/wp-content\/uploads\/2024\/02\/CANDIDATO-A-REGIDOR-Justicia-Social-JOSUE-MENDEZ-APOYARA-A-DIO-ASTACIO-DEL-PRM-7.webp?resize=1400%2C800&ssl=1 4x"},"classes":[]},{"id":56264,"url":"https:\/\/lasprimeras.com.do\/index.php\/2023\/07\/30\/fundaciones-fusion-e-igneri-inician-taller-de-escultura-en-el-museo-freddie-cabral\/","url_meta":{"origin":63059,"position":3},"title":"Fundaciones Fusi\u00f3n e Igneri inician taller de escultura en el Museo Freddie Cabral","author":"Nelson Feliz","date":"30 de julio de 2023","format":false,"excerpt":"Por: Elena Acevedo R. El Museo Freddie Cabral inici\u00f3 este s\u00e1bado el taller de talla en madera titulado \"0+0+0\", auspiciado por las fundaciones Fusi\u00f3n, que dirige la artista Carmen In\u00e9s Bencosme e Igneri, presidida por el maestro Thimo Pimentel, dirigido a principiantes. Con el objetivo de que los participantes puedan\u2026","rel":"","context":"En \u00abENTRETENIMIENTO\u00bb","block_context":{"text":"ENTRETENIMIENTO","link":"https:\/\/lasprimeras.com.do\/index.php\/category\/entretenimiento\/"},"img":{"alt_text":"Escultura en Madera","src":"https:\/\/i0.wp.com\/lasprimeras.com.do\/wp-content\/uploads\/2023\/07\/Escultura-en-Madera.jpg?resize=350%2C200&ssl=1","width":350,"height":200,"srcset":"https:\/\/i0.wp.com\/lasprimeras.com.do\/wp-content\/uploads\/2023\/07\/Escultura-en-Madera.jpg?resize=350%2C200&ssl=1 1x, https:\/\/i0.wp.com\/lasprimeras.com.do\/wp-content\/uploads\/2023\/07\/Escultura-en-Madera.jpg?resize=525%2C300&ssl=1 1.5x, https:\/\/i0.wp.com\/lasprimeras.com.do\/wp-content\/uploads\/2023\/07\/Escultura-en-Madera.jpg?resize=700%2C400&ssl=1 2x"},"classes":[]},{"id":106139,"url":"https:\/\/lasprimeras.com.do\/index.php\/2025\/08\/11\/artista-ahoga-una-escultura-en-residuos-plasticos-frente-a-la-onu\/","url_meta":{"origin":63059,"position":4},"title":"Artista ahoga una escultura en residuos pl\u00e1sticos frente a la ONU","author":"Nelson Feliz","date":"11 de agosto de 2025","format":false,"excerpt":"Por Jennifer McDERMOTT GINEBRA (AP) \u2014 Mientras las naciones comenzaban el lunes una segunda semana de negociaciones para un acuerdo global para poner fin a la contaminaci\u00f3n pl\u00e1stica , un artista amonton\u00f3 pilas de desechos pl\u00e1sticos sobre una gran escultura frente a la oficina de las Naciones Unidas. Los delegados\u2026","rel":"","context":"En \u00abINTERNACIONALES\u00bb","block_context":{"text":"INTERNACIONALES","link":"https:\/\/lasprimeras.com.do\/index.php\/category\/sin-categoria\/internacionales\/"},"img":{"alt_text":"","src":"https:\/\/i0.wp.com\/lasprimeras.com.do\/wp-content\/uploads\/2025\/08\/PLASTICOS.jpg?resize=350%2C200&ssl=1","width":350,"height":200,"srcset":"https:\/\/i0.wp.com\/lasprimeras.com.do\/wp-content\/uploads\/2025\/08\/PLASTICOS.jpg?resize=350%2C200&ssl=1 1x, https:\/\/i0.wp.com\/lasprimeras.com.do\/wp-content\/uploads\/2025\/08\/PLASTICOS.jpg?resize=525%2C300&ssl=1 1.5x, https:\/\/i0.wp.com\/lasprimeras.com.do\/wp-content\/uploads\/2025\/08\/PLASTICOS.jpg?resize=700%2C400&ssl=1 2x"},"classes":[]},{"id":75118,"url":"https:\/\/lasprimeras.com.do\/index.php\/2024\/01\/29\/conversatorio-sobre-la-exposicion-liberrimas-del-pintor-freddie-cabral\/","url_meta":{"origin":63059,"position":5},"title":"Conversatorio sobre la exposici\u00f3n Lib\u00e9rrimas del pintor Freddie Cabral","author":"Nelson Feliz","date":"29 de enero de 2024","format":false,"excerpt":"Por: Elena Acevedo El Museo Freddie Cabral realiz\u00f3 este s\u00e1bado el Conversatorio titulado: Lib\u00e9rrimas s\u00f3lo las aves, en el que se analiz\u00f3 la primera exposici\u00f3n individual de pintura en la Rep\u00fablica Dominicana del connotado artista Freddie Cabral, a cargo de la maestra Olga Espinal, catedr\u00e1tica em\u00e9rita de la Facultad de\u2026","rel":"","context":"En \u00abENTRETENIMIENTO\u00bb","block_context":{"text":"ENTRETENIMIENTO","link":"https:\/\/lasprimeras.com.do\/index.php\/category\/entretenimiento\/"},"img":{"alt_text":"Museo Freddie Cabral","src":"https:\/\/i0.wp.com\/lasprimeras.com.do\/wp-content\/uploads\/2024\/01\/Museo-Freddie-Cabral.jpg?resize=350%2C200&ssl=1","width":350,"height":200,"srcset":"https:\/\/i0.wp.com\/lasprimeras.com.do\/wp-content\/uploads\/2024\/01\/Museo-Freddie-Cabral.jpg?resize=350%2C200&ssl=1 1x, https:\/\/i0.wp.com\/lasprimeras.com.do\/wp-content\/uploads\/2024\/01\/Museo-Freddie-Cabral.jpg?resize=525%2C300&ssl=1 1.5x, https:\/\/i0.wp.com\/lasprimeras.com.do\/wp-content\/uploads\/2024\/01\/Museo-Freddie-Cabral.jpg?resize=700%2C400&ssl=1 2x"},"classes":[]}],"jetpack_sharing_enabled":true,"_links":{"self":[{"href":"https:\/\/lasprimeras.com.do\/index.php\/wp-json\/wp\/v2\/posts\/63059","targetHints":{"allow":["GET"]}}],"collection":[{"href":"https:\/\/lasprimeras.com.do\/index.php\/wp-json\/wp\/v2\/posts"}],"about":[{"href":"https:\/\/lasprimeras.com.do\/index.php\/wp-json\/wp\/v2\/types\/post"}],"author":[{"embeddable":true,"href":"https:\/\/lasprimeras.com.do\/index.php\/wp-json\/wp\/v2\/users\/2"}],"replies":[{"embeddable":true,"href":"https:\/\/lasprimeras.com.do\/index.php\/wp-json\/wp\/v2\/comments?post=63059"}],"version-history":[{"count":1,"href":"https:\/\/lasprimeras.com.do\/index.php\/wp-json\/wp\/v2\/posts\/63059\/revisions"}],"predecessor-version":[{"id":63061,"href":"https:\/\/lasprimeras.com.do\/index.php\/wp-json\/wp\/v2\/posts\/63059\/revisions\/63061"}],"wp:featuredmedia":[{"embeddable":true,"href":"https:\/\/lasprimeras.com.do\/index.php\/wp-json\/wp\/v2\/media\/63060"}],"wp:attachment":[{"href":"https:\/\/lasprimeras.com.do\/index.php\/wp-json\/wp\/v2\/media?parent=63059"}],"wp:term":[{"taxonomy":"category","embeddable":true,"href":"https:\/\/lasprimeras.com.do\/index.php\/wp-json\/wp\/v2\/categories?post=63059"},{"taxonomy":"post_tag","embeddable":true,"href":"https:\/\/lasprimeras.com.do\/index.php\/wp-json\/wp\/v2\/tags?post=63059"}],"curies":[{"name":"wp","href":"https:\/\/api.w.org\/{rel}","templated":true}]}}