{"id":63195,"date":"2023-10-11T06:33:58","date_gmt":"2023-10-11T10:33:58","guid":{"rendered":"https:\/\/lasprimeras.com.do\/?p=63195"},"modified":"2023-10-11T06:33:59","modified_gmt":"2023-10-11T10:33:59","slug":"flexibilizacion-se-inicia-hoy-en-la-frontera","status":"publish","type":"post","link":"https:\/\/lasprimeras.com.do\/index.php\/2023\/10\/11\/flexibilizacion-se-inicia-hoy-en-la-frontera\/","title":{"rendered":"Flexibilizaci\u00f3n se inicia hoy en la frontera"},"content":{"rendered":"\n<p>Santo Domingo.-Crisis. Aparentemente los haitianos dejar\u00e1n de trabajar en la construcci\u00f3n de su canal para desviar agua del r\u00edo Dajab\u00f3n, cuando hayan logrado el objetivo de haberlo concluido.<\/p>\n\n\n\n<p>Ayer se conoci\u00f3 que desviaron el cauce del r\u00edo temporalmente utilizando una pala mec\u00e1nica hasta finalizar los trabajos del canal, esto luego de que se registraron fuertes aguaceros durante los \u00faltimos d\u00edas en esa zona, lo que ocasion\u00f3 un incremento en el cauce de r\u00edo binacional.<\/p>\n\n\n\n<p>El alcalde de Dajab\u00f3n, Santiago River\u00f3n, calific\u00f3 la acci\u00f3n de los haitianos como un desaf\u00edo a las autoridades, aunque resalt\u00f3 que el agua para los productores agr\u00edcolas dominicanos est\u00e1 garantizada con la rehabilitaci\u00f3n del canal La Vig\u00eda, el cual fue puesto en funcionamiento por las autoridades la semana pasada.<\/p>\n\n\n\n<p>El Gobierno tiene previsto para hoy el inicio de la flexibilizaci\u00f3n de las medidas en la zona fronteriza, con la habilitaci\u00f3n de corredores comerciales en las provincias fronterizas y el reinicio del mercado binacional de Dajab\u00f3n el viernes. Todav\u00eda se mantiene el cierre migratorio de manera indefinida.<\/p>\n\n\n\n<p>Ayer una comisi\u00f3n del Gobierno, encabezada por el ministro de Industria y Comercio, V\u00edctor -Ito- Bison\u00f3, se reuni\u00f3 con comerciantes del mercado de Dajab\u00f3n para coordinar el reinici\u00f3 de las actividades a partir de las 8:00 de la ma\u00f1ana de hoy<\/p>\n\n\n\n<p>Un grupo de haitianos intent\u00f3 cerrar con soldadura la puerta del lado de su pa\u00eds y colocar bloques como una forma de rechazo a las medidas que ha adoptado el Gobierno dominicano, como el cierre de la frontera y la habilitaci\u00f3n del canal La Vig\u00eda, lo que calificaron como inaceptable.<\/p>\n","protected":false},"excerpt":{"rendered":"<p>Santo Domingo.-Crisis. Aparentemente los haitianos dejar\u00e1n de trabajar en la construcci\u00f3n de su canal para desviar agua del r\u00edo Dajab\u00f3n, cuando hayan logrado el objetivo de haberlo concluido. Ayer se&hellip;<\/p>\n","protected":false},"author":3,"featured_media":63197,"comment_status":"open","ping_status":"open","sticky":false,"template":"","format":"standard","meta":{"content-type":"","jetpack_post_was_ever_published":false,"_jetpack_newsletter_access":"","_jetpack_dont_email_post_to_subs":false,"_jetpack_newsletter_tier_id":0,"_jetpack_memberships_contains_paywalled_content":false,"_jetpack_memberships_contains_paid_content":false,"footnotes":""},"categories":[25],"tags":[],"class_list":["post-63195","post","type-post","status-publish","format-standard","has-post-thumbnail","hentry","category-portada"],"jetpack_featured_media_url":"https:\/\/lasprimeras.com.do\/wp-content\/uploads\/2023\/10\/IMG-20231010-WA0108.webp","jetpack-related-posts":[{"id":60285,"url":"https:\/\/lasprimeras.com.do\/index.php\/2023\/09\/12\/claude-joseph-dice-rd-reconocio-en-2021-que-obra-hidrica-en-masacre-no-desviaria-rio\/","url_meta":{"origin":63195,"position":0},"title":"Claude Joseph dice RD reconoci\u00f3 en 2021 que obra h\u00eddrica en Masacre no desviar\u00eda r\u00edo","author":"Nelson Feliz","date":"12 de septiembre de 2023","format":false,"excerpt":"Reitera que Hait\u00ed no est\u00e1 obligado a obedecer a Rep\u00fablica Dominicana con paralizaci\u00f3n de construcci\u00f3n de canal. El excanciller de Hait\u00ed Claude Joseph dijo que en 2021 el Gobierno dominicano lleg\u00f3 a firmar una declaraci\u00f3n conjunta en la que reconoci\u00f3 que los trabajos que se realizaban para la captaci\u00f3n de\u2026","rel":"","context":"En \u00abSin categor\u00eda\u00bb","block_context":{"text":"Sin categor\u00eda","link":"https:\/\/lasprimeras.com.do\/index.php\/category\/sin-categoria\/"},"img":{"alt_text":"Claude Joseph","src":"https:\/\/i0.wp.com\/lasprimeras.com.do\/wp-content\/uploads\/2023\/09\/Claude-Joseph.jpg?resize=350%2C200&ssl=1","width":350,"height":200,"srcset":"https:\/\/i0.wp.com\/lasprimeras.com.do\/wp-content\/uploads\/2023\/09\/Claude-Joseph.jpg?resize=350%2C200&ssl=1 1x, https:\/\/i0.wp.com\/lasprimeras.com.do\/wp-content\/uploads\/2023\/09\/Claude-Joseph.jpg?resize=525%2C300&ssl=1 1.5x, https:\/\/i0.wp.com\/lasprimeras.com.do\/wp-content\/uploads\/2023\/09\/Claude-Joseph.jpg?resize=700%2C400&ssl=1 2x"},"classes":[]},{"id":63559,"url":"https:\/\/lasprimeras.com.do\/index.php\/2023\/10\/13\/director-del-indrhi-reitera-que-el-agua-de-los-productores-agricolas-de-la-parte-baja-de-la-vigia-y-los-ganaderos-esta-garantizada\/","url_meta":{"origin":63195,"position":1},"title":"Director del INDRHI reitera que el agua de los productores agr\u00edcolas de la parte baja de la Vig\u00eda y los ganaderos est\u00e1 garantizada","author":"BIMARY DE JES\u00daS Matos","date":"13 de octubre de 2023","format":false,"excerpt":"Olmedo Caba Romano, director ejecutivo del Instituto Nacional de Recursos Hidr\u00e1ulicos, INDRHI, visit\u00f3 este jueves el canal La Vig\u00eda en Dajab\u00f3n, donde afirm\u00f3 que el pedido del presidente est\u00e1 realizado, que fue la habilitaci\u00f3n de ese canal, pero que por el momento hay abundante agua en zona, por lo que\u2026","rel":"","context":"En \u00abNACIONALES\u00bb","block_context":{"text":"NACIONALES","link":"https:\/\/lasprimeras.com.do\/index.php\/category\/nacionales\/"},"img":{"alt_text":"","src":"https:\/\/i0.wp.com\/lasprimeras.com.do\/wp-content\/uploads\/2023\/10\/WhatsApp-Image-2023-10-11-at-8.43.54-PM.webp?resize=350%2C200&ssl=1","width":350,"height":200,"srcset":"https:\/\/i0.wp.com\/lasprimeras.com.do\/wp-content\/uploads\/2023\/10\/WhatsApp-Image-2023-10-11-at-8.43.54-PM.webp?resize=350%2C200&ssl=1 1x, https:\/\/i0.wp.com\/lasprimeras.com.do\/wp-content\/uploads\/2023\/10\/WhatsApp-Image-2023-10-11-at-8.43.54-PM.webp?resize=525%2C300&ssl=1 1.5x, https:\/\/i0.wp.com\/lasprimeras.com.do\/wp-content\/uploads\/2023\/10\/WhatsApp-Image-2023-10-11-at-8.43.54-PM.webp?resize=700%2C400&ssl=1 2x"},"classes":[]},{"id":59732,"url":"https:\/\/lasprimeras.com.do\/index.php\/2023\/09\/06\/haitianos-sellan-canal-ejecutaban-para-desviar-agua-del-rio-masacre\/","url_meta":{"origin":63195,"position":2},"title":"Haitianos sellan canal ejecutaban para desviar agua del r\u00edo Masacre","author":"Nelson Feliz","date":"6 de septiembre de 2023","format":false,"excerpt":"El Gobierno dominicano inform\u00f3 del sellado del canal que se estaba construyendo en Hait\u00ed con el prop\u00f3sito de desviar agua desde el r\u00edo Masacre, frontera natural entre ambos pa\u00edses, iniciativa de car\u00e1cter privado que hoy llev\u00f3 al cierre del paso fronterizo de Dajab\u00f3n. El vocero de la Presidencia y director\u2026","rel":"","context":"En \u00abNACIONALES\u00bb","block_context":{"text":"NACIONALES","link":"https:\/\/lasprimeras.com.do\/index.php\/category\/nacionales\/"},"img":{"alt_text":"","src":"https:\/\/i0.wp.com\/lasprimeras.com.do\/wp-content\/uploads\/2023\/09\/masacre.jpg?resize=350%2C200&ssl=1","width":350,"height":200,"srcset":"https:\/\/i0.wp.com\/lasprimeras.com.do\/wp-content\/uploads\/2023\/09\/masacre.jpg?resize=350%2C200&ssl=1 1x, https:\/\/i0.wp.com\/lasprimeras.com.do\/wp-content\/uploads\/2023\/09\/masacre.jpg?resize=525%2C300&ssl=1 1.5x"},"classes":[]},{"id":66136,"url":"https:\/\/lasprimeras.com.do\/index.php\/2023\/11\/03\/crecida-de-rio-masacre-destruye-canal-haitiano\/","url_meta":{"origin":63195,"position":3},"title":"Crecida de r\u00edo Masacre destruye canal haitiano","author":"Nelson Feliz","date":"3 de noviembre de 2023","format":false,"excerpt":"A pesar del rechazo y de los intentos del Gobierno dominicano para detener la estructura que pretende desviar las aguas del r\u00edo Masacre, los haitianos han continuado con la obra. Las fuertes lluvias registradas en la parte alta de la provincia de Dajab\u00f3n ocasionaron la crecida del r\u00edo Masacre, afectando\u2026","rel":"","context":"En \u00abNACIONALES\u00bb","block_context":{"text":"NACIONALES","link":"https:\/\/lasprimeras.com.do\/index.php\/category\/nacionales\/"},"img":{"alt_text":"Canal haitiano fue afectado por crecida del r\u00edo Masacre","src":"https:\/\/i0.wp.com\/lasprimeras.com.do\/wp-content\/uploads\/2023\/11\/Canal-haitiano-fue-afectado-por-crecida-del-rio-Masacre.jpeg?resize=350%2C200&ssl=1","width":350,"height":200,"srcset":"https:\/\/i0.wp.com\/lasprimeras.com.do\/wp-content\/uploads\/2023\/11\/Canal-haitiano-fue-afectado-por-crecida-del-rio-Masacre.jpeg?resize=350%2C200&ssl=1 1x, https:\/\/i0.wp.com\/lasprimeras.com.do\/wp-content\/uploads\/2023\/11\/Canal-haitiano-fue-afectado-por-crecida-del-rio-Masacre.jpeg?resize=525%2C300&ssl=1 1.5x, https:\/\/i0.wp.com\/lasprimeras.com.do\/wp-content\/uploads\/2023\/11\/Canal-haitiano-fue-afectado-por-crecida-del-rio-Masacre.jpeg?resize=700%2C400&ssl=1 2x"},"classes":[]},{"id":61247,"url":"https:\/\/lasprimeras.com.do\/index.php\/2023\/09\/24\/osiris-de-leon-condena-decision-de-desviar-aguas-del-masacre-a-territorio-haitiano\/","url_meta":{"origin":63195,"position":4},"title":"Osiris de Le\u00f3n condena decisi\u00f3n de desviar aguas del Masacre a territorio haitiano\u00a0\u00a0 \u00a0\u00a0","author":"Nelson Feliz","date":"24 de septiembre de 2023","format":false,"excerpt":"El ge\u00f3logo y ambientalista Osiris de Le\u00f3n conden\u00f3 hoy la decisi\u00f3n unilateral de un grupo de personas que comenzaron a construir una canal en Hait\u00ed para desviar las aguas del R\u00edo Masacre desde la zona de Dajab\u00f3n hasta la zona norte de Juana M\u00e9ndez, est\u00e1 circunstancias ha empeorado las relaciones\u2026","rel":"","context":"En \u00abNACIONALES\u00bb","block_context":{"text":"NACIONALES","link":"https:\/\/lasprimeras.com.do\/index.php\/category\/nacionales\/"},"img":{"alt_text":"Osiris de Leon","src":"https:\/\/i0.wp.com\/lasprimeras.com.do\/wp-content\/uploads\/2023\/07\/Osiris-de-Leon.jpg?resize=350%2C200&ssl=1","width":350,"height":200,"srcset":"https:\/\/i0.wp.com\/lasprimeras.com.do\/wp-content\/uploads\/2023\/07\/Osiris-de-Leon.jpg?resize=350%2C200&ssl=1 1x, https:\/\/i0.wp.com\/lasprimeras.com.do\/wp-content\/uploads\/2023\/07\/Osiris-de-Leon.jpg?resize=525%2C300&ssl=1 1.5x, https:\/\/i0.wp.com\/lasprimeras.com.do\/wp-content\/uploads\/2023\/07\/Osiris-de-Leon.jpg?resize=700%2C400&ssl=1 2x"},"classes":[]},{"id":60155,"url":"https:\/\/lasprimeras.com.do\/index.php\/2023\/09\/11\/abinader-ordena-reactivar-toma-de-rio-dajabon-y-licitar-la-construccion-de-la-presa-don-miguel\/","url_meta":{"origin":63195,"position":5},"title":"Abinader ordena reactivar toma de r\u00edo Dajab\u00f3n y licitar la construcci\u00f3n de la presa Don Miguel","author":"Nelson Feliz","date":"11 de septiembre de 2023","format":false,"excerpt":"Para garantizar agua a los productores dominicanos, tras el desvi\u00f3 del r\u00edo Masacre que llevan a cabo los haitianos. El presidente Luis Abinader orden\u00f3 reactivar la toma de la Aduana en el r\u00edo Dajab\u00f3n, en el inicio del canal La Vig\u00eda, como una medida a corto plazo para garantizar el\u2026","rel":"","context":"En \u00abECONOM\u00cdA\u00bb","block_context":{"text":"ECONOM\u00cdA","link":"https:\/\/lasprimeras.com.do\/index.php\/category\/economia\/"},"img":{"alt_text":"Haitianos celebraron la colocaci\u00f3n de las primeras secciones de alcantarilla que pretenden usar para desviar las aguas del r\u00edo Masacre.LISTIN DIARIO","src":"https:\/\/i0.wp.com\/lasprimeras.com.do\/wp-content\/uploads\/2023\/09\/Haitianos-celebraron-la-colocacion-de-las-primeras-secciones-de-alcantarilla.jpeg?resize=350%2C200&ssl=1","width":350,"height":200,"srcset":"https:\/\/i0.wp.com\/lasprimeras.com.do\/wp-content\/uploads\/2023\/09\/Haitianos-celebraron-la-colocacion-de-las-primeras-secciones-de-alcantarilla.jpeg?resize=350%2C200&ssl=1 1x, https:\/\/i0.wp.com\/lasprimeras.com.do\/wp-content\/uploads\/2023\/09\/Haitianos-celebraron-la-colocacion-de-las-primeras-secciones-de-alcantarilla.jpeg?resize=525%2C300&ssl=1 1.5x, https:\/\/i0.wp.com\/lasprimeras.com.do\/wp-content\/uploads\/2023\/09\/Haitianos-celebraron-la-colocacion-de-las-primeras-secciones-de-alcantarilla.jpeg?resize=700%2C400&ssl=1 2x"},"classes":[]}],"jetpack_sharing_enabled":true,"_links":{"self":[{"href":"https:\/\/lasprimeras.com.do\/index.php\/wp-json\/wp\/v2\/posts\/63195","targetHints":{"allow":["GET"]}}],"collection":[{"href":"https:\/\/lasprimeras.com.do\/index.php\/wp-json\/wp\/v2\/posts"}],"about":[{"href":"https:\/\/lasprimeras.com.do\/index.php\/wp-json\/wp\/v2\/types\/post"}],"author":[{"embeddable":true,"href":"https:\/\/lasprimeras.com.do\/index.php\/wp-json\/wp\/v2\/users\/3"}],"replies":[{"embeddable":true,"href":"https:\/\/lasprimeras.com.do\/index.php\/wp-json\/wp\/v2\/comments?post=63195"}],"version-history":[{"count":1,"href":"https:\/\/lasprimeras.com.do\/index.php\/wp-json\/wp\/v2\/posts\/63195\/revisions"}],"predecessor-version":[{"id":63198,"href":"https:\/\/lasprimeras.com.do\/index.php\/wp-json\/wp\/v2\/posts\/63195\/revisions\/63198"}],"wp:featuredmedia":[{"embeddable":true,"href":"https:\/\/lasprimeras.com.do\/index.php\/wp-json\/wp\/v2\/media\/63197"}],"wp:attachment":[{"href":"https:\/\/lasprimeras.com.do\/index.php\/wp-json\/wp\/v2\/media?parent=63195"}],"wp:term":[{"taxonomy":"category","embeddable":true,"href":"https:\/\/lasprimeras.com.do\/index.php\/wp-json\/wp\/v2\/categories?post=63195"},{"taxonomy":"post_tag","embeddable":true,"href":"https:\/\/lasprimeras.com.do\/index.php\/wp-json\/wp\/v2\/tags?post=63195"}],"curies":[{"name":"wp","href":"https:\/\/api.w.org\/{rel}","templated":true}]}}