{"id":63199,"date":"2023-10-11T06:34:59","date_gmt":"2023-10-11T10:34:59","guid":{"rendered":"https:\/\/lasprimeras.com.do\/?p=63199"},"modified":"2023-10-11T06:35:00","modified_gmt":"2023-10-11T10:35:00","slug":"incendio-afecta-mercado-fronterizo-de-dajabon","status":"publish","type":"post","link":"https:\/\/lasprimeras.com.do\/index.php\/2023\/10\/11\/incendio-afecta-mercado-fronterizo-de-dajabon\/","title":{"rendered":"Incendio afecta mercado fronterizo de Dajab\u00f3n"},"content":{"rendered":"\n<p>Santo Domingo.-En estos momentos unidades de bomberos de varios municipios de Dajab\u00f3n se encuentran en el mercado binacional tratando de sofocar un incendio que se encuentra consumiendo varios locales que ocupan comerciantes dominicanos como haitianos.<\/p>\n\n\n\n<p>Luego de una hora tratando de apagar el fuego los camiones de los bomberos a las 5 de la madrugada se quedaron sin agua por lo que tuvieron que retirarse del lugar para abastecer las unidades.<\/p>\n\n\n\n<p>Ante la situaci\u00f3n el presidente de la asociaci\u00f3n de detallistas del mercado fronterizo Abigail Bueno, expres\u00f3 que acatar\u00e1n cualquier decisi\u00f3n que tome el gobierno a partir de estos momentos luego del incendio, ya que levanta suspicacia que a horas de iniciar una reapertura gradual del mercado se produzca un incendio.<\/p>\n","protected":false},"excerpt":{"rendered":"<p>Santo Domingo.-En estos momentos unidades de bomberos de varios municipios de Dajab\u00f3n se encuentran en el mercado binacional tratando de sofocar un incendio que se encuentra consumiendo varios locales que&hellip;<\/p>\n","protected":false},"author":3,"featured_media":63200,"comment_status":"open","ping_status":"open","sticky":false,"template":"","format":"standard","meta":{"content-type":"","jetpack_post_was_ever_published":false,"_jetpack_newsletter_access":"","_jetpack_dont_email_post_to_subs":false,"_jetpack_newsletter_tier_id":0,"_jetpack_memberships_contains_paywalled_content":false,"_jetpack_memberships_contains_paid_content":false,"footnotes":""},"categories":[25],"tags":[],"class_list":["post-63199","post","type-post","status-publish","format-standard","has-post-thumbnail","hentry","category-portada"],"jetpack_featured_media_url":"https:\/\/lasprimeras.com.do\/wp-content\/uploads\/2023\/10\/IMG-20231010-WA0108-1.webp","jetpack-related-posts":[{"id":100550,"url":"https:\/\/lasprimeras.com.do\/index.php\/2025\/06\/08\/sistema-911-coordina-respuesta-a-incendio-en-instalaciones-del-merca-santo-domingo\/","url_meta":{"origin":63199,"position":0},"title":"Sistema 911 coordina respuesta a incendio en instalaciones del MERCA Santo Domingo","author":"Nelson Feliz","date":"8 de junio de 2025","format":false,"excerpt":"21 unidades de Bomberos de diferentes municipios se encuentran sofocando el siniestro. El evento se encuentra en desarrollo. El Sistema Nacional de Atenci\u00f3n a Emergencias y Seguridad 911 coordin\u00f3 la respuesta ante un incendio registrado en una de las naves del MERCA Santo Domingo, ubicado en el municipio Pedro Brand,\u2026","rel":"","context":"En \u00abNACIONALES\u00bb","block_context":{"text":"NACIONALES","link":"https:\/\/lasprimeras.com.do\/index.php\/category\/nacionales\/"},"img":{"alt_text":"","src":"https:\/\/i0.wp.com\/lasprimeras.com.do\/wp-content\/uploads\/2025\/06\/FUEGO-1.jpg?resize=350%2C200&ssl=1","width":350,"height":200,"srcset":"https:\/\/i0.wp.com\/lasprimeras.com.do\/wp-content\/uploads\/2025\/06\/FUEGO-1.jpg?resize=350%2C200&ssl=1 1x, https:\/\/i0.wp.com\/lasprimeras.com.do\/wp-content\/uploads\/2025\/06\/FUEGO-1.jpg?resize=525%2C300&ssl=1 1.5x, https:\/\/i0.wp.com\/lasprimeras.com.do\/wp-content\/uploads\/2025\/06\/FUEGO-1.jpg?resize=700%2C400&ssl=1 2x"},"classes":[]},{"id":63745,"url":"https:\/\/lasprimeras.com.do\/index.php\/2023\/10\/15\/se-reactiva-el-mercado-fronterizo-en-dajabon\/","url_meta":{"origin":63199,"position":1},"title":"Se reactiva el mercado fronterizo en Dajab\u00f3n","author":"BIMARY DE JES\u00daS Matos","date":"15 de octubre de 2023","format":false,"excerpt":"DAJAB\u00d3N.- Cientos de haitianos entraron desde la ma\u00f1ana de este domingo al mercado binacional en Dajab\u00f3n, bajo el protocolo de seguridad biom\u00e9trico implementado por el Gobierno dominicano. Seg\u00fan el corresponsal C\u00e9sar Montesinos, los comerciantes de ambas naciones esperan que para ma\u00f1ana el flujo de comerciantes y consumidores aumente. El dinamismo\u2026","rel":"","context":"En \u00abNACIONALES\u00bb","block_context":{"text":"NACIONALES","link":"https:\/\/lasprimeras.com.do\/index.php\/category\/nacionales\/"},"img":{"alt_text":"","src":"https:\/\/i0.wp.com\/lasprimeras.com.do\/wp-content\/uploads\/2023\/10\/parque-vehicular-focus-0-0-896-504-1.jpg?resize=350%2C200&ssl=1","width":350,"height":200,"srcset":"https:\/\/i0.wp.com\/lasprimeras.com.do\/wp-content\/uploads\/2023\/10\/parque-vehicular-focus-0-0-896-504-1.jpg?resize=350%2C200&ssl=1 1x, https:\/\/i0.wp.com\/lasprimeras.com.do\/wp-content\/uploads\/2023\/10\/parque-vehicular-focus-0-0-896-504-1.jpg?resize=525%2C300&ssl=1 1.5x, https:\/\/i0.wp.com\/lasprimeras.com.do\/wp-content\/uploads\/2023\/10\/parque-vehicular-focus-0-0-896-504-1.jpg?resize=700%2C400&ssl=1 2x, https:\/\/i0.wp.com\/lasprimeras.com.do\/wp-content\/uploads\/2023\/10\/parque-vehicular-focus-0-0-896-504-1.jpg?resize=1050%2C600&ssl=1 3x"},"classes":[]},{"id":65647,"url":"https:\/\/lasprimeras.com.do\/index.php\/2023\/10\/30\/incendio-afecta-politecnico-angeles-custodios-en-cristo-rey\/","url_meta":{"origin":63199,"position":2},"title":"Incendio afecta Polit\u00e9cnico \u00c1ngeles Custodios, en Cristo Rey","author":"BIMARY DE JES\u00daS Matos","date":"30 de octubre de 2023","format":false,"excerpt":"Santo Domingo.-Un incendio fue detectado la ma\u00f1ana de este lunes en el Instituto Polit\u00e9cnico \u00c1ngeles Custodios, luego de difundirse a trav\u00e9s de redes sociales el inicio del fuego. El cuerpo de Bomberos del Distrito Nacional confirmaron el incendio, as\u00ed como el env\u00edo de dos unidades para sofocar el fuego. \u201cHemos\u2026","rel":"","context":"En \u00abPORTADA\u00bb","block_context":{"text":"PORTADA","link":"https:\/\/lasprimeras.com.do\/index.php\/category\/portada\/"},"img":{"alt_text":"","src":"https:\/\/i0.wp.com\/lasprimeras.com.do\/wp-content\/uploads\/2023\/10\/WhatsApp-Image-2023-10-30-at-9.45.18-AM.jpeg?resize=350%2C200&ssl=1","width":350,"height":200,"srcset":"https:\/\/i0.wp.com\/lasprimeras.com.do\/wp-content\/uploads\/2023\/10\/WhatsApp-Image-2023-10-30-at-9.45.18-AM.jpeg?resize=350%2C200&ssl=1 1x, https:\/\/i0.wp.com\/lasprimeras.com.do\/wp-content\/uploads\/2023\/10\/WhatsApp-Image-2023-10-30-at-9.45.18-AM.jpeg?resize=525%2C300&ssl=1 1.5x, https:\/\/i0.wp.com\/lasprimeras.com.do\/wp-content\/uploads\/2023\/10\/WhatsApp-Image-2023-10-30-at-9.45.18-AM.jpeg?resize=700%2C400&ssl=1 2x"},"classes":[]},{"id":86773,"url":"https:\/\/lasprimeras.com.do\/index.php\/2024\/08\/01\/incendio-devora-varios-locales-en-plaza-comercial-en-santiago\/","url_meta":{"origin":63199,"position":3},"title":"Incendio devora varios locales en plaza comercial en Santiago","author":"Nelson Feliz","date":"1 de agosto de 2024","format":false,"excerpt":"Este jueves un incendio afecta varios locales incluyendo una tienda de una Plaza Comercial, ubicada en la calle El Sol, barrio Centro Hist\u00f3rico, provincia Santiago. El siniestro ha afecto varios locales, otras estructuras aleda\u00f1as; el Sistema Nacional de Atenci\u00f3n a Emergencias y Seguridad 911 moviliz\u00f3 m\u00faltiples unidades de emergencia para\u2026","rel":"","context":"En \u00abNACIONALES\u00bb","block_context":{"text":"NACIONALES","link":"https:\/\/lasprimeras.com.do\/index.php\/category\/nacionales\/"},"img":{"alt_text":"","src":"https:\/\/i0.wp.com\/lasprimeras.com.do\/wp-content\/uploads\/2024\/08\/INCENDIO.png?resize=350%2C200&ssl=1","width":350,"height":200,"srcset":"https:\/\/i0.wp.com\/lasprimeras.com.do\/wp-content\/uploads\/2024\/08\/INCENDIO.png?resize=350%2C200&ssl=1 1x, https:\/\/i0.wp.com\/lasprimeras.com.do\/wp-content\/uploads\/2024\/08\/INCENDIO.png?resize=525%2C300&ssl=1 1.5x"},"classes":[]},{"id":61820,"url":"https:\/\/lasprimeras.com.do\/index.php\/2023\/10\/01\/ascienden-a-13-las-victimas-mortales-en-el-incendio-una-la-discoteca-de-murciaespana\/","url_meta":{"origin":63199,"position":4},"title":"Ascienden a 13 las v\u00edctimas mortales en el incendio una la discoteca de MurciaEspa\u00f1a","author":"Nelson Feliz","date":"1 de octubre de 2023","format":false,"excerpt":"Polic\u00eda Nacional ha confirmado el fallecimiento de, al menos, 13 personas en el incendio de una discoteca de la zona Atalayas de Murcia que ha afectado a varios locales. MURCIA, (EUROPA PRESS).-.Polic\u00eda Nacional ha confirmado el fallecimiento de, al menos, 13 personas en el incendio de una discoteca de la\u2026","rel":"","context":"En \u00abSin categor\u00eda\u00bb","block_context":{"text":"Sin categor\u00eda","link":"https:\/\/lasprimeras.com.do\/index.php\/category\/sin-categoria\/"},"img":{"alt_text":"","src":"https:\/\/i0.wp.com\/lasprimeras.com.do\/wp-content\/uploads\/2023\/10\/Incedio-Disco.jpg?resize=350%2C200&ssl=1","width":350,"height":200,"srcset":"https:\/\/i0.wp.com\/lasprimeras.com.do\/wp-content\/uploads\/2023\/10\/Incedio-Disco.jpg?resize=350%2C200&ssl=1 1x, https:\/\/i0.wp.com\/lasprimeras.com.do\/wp-content\/uploads\/2023\/10\/Incedio-Disco.jpg?resize=525%2C300&ssl=1 1.5x, https:\/\/i0.wp.com\/lasprimeras.com.do\/wp-content\/uploads\/2023\/10\/Incedio-Disco.jpg?resize=700%2C400&ssl=1 2x"},"classes":[]},{"id":85210,"url":"https:\/\/lasprimeras.com.do\/index.php\/2024\/06\/25\/se-incendia-nave-industrial-en-la-autopista-duarte\/","url_meta":{"origin":63199,"position":5},"title":"Se incendia nave industrial en la Autopista Duarte","author":"Nelson Feliz","date":"25 de junio de 2024","format":false,"excerpt":"Una nave industrial, ubicada en el kil\u00f3metro 11 de la Autopista Duarte, se incendi\u00f3 la ma\u00f1ana de este martes sin que se reporten afectados hasta el momento. De acuerdo al reporte del Sistema Nacional de Atenci\u00f3n a Emergencias y Seguridad 911, varias unidades del Cuerpo de Bomberos del Distrito Nacional\u2026","rel":"","context":"En \u00abNACIONALES\u00bb","block_context":{"text":"NACIONALES","link":"https:\/\/lasprimeras.com.do\/index.php\/category\/nacionales\/"},"img":{"alt_text":"Incendio","src":"https:\/\/i0.wp.com\/lasprimeras.com.do\/wp-content\/uploads\/2024\/06\/Incendio-1.jpg?resize=350%2C200&ssl=1","width":350,"height":200,"srcset":"https:\/\/i0.wp.com\/lasprimeras.com.do\/wp-content\/uploads\/2024\/06\/Incendio-1.jpg?resize=350%2C200&ssl=1 1x, https:\/\/i0.wp.com\/lasprimeras.com.do\/wp-content\/uploads\/2024\/06\/Incendio-1.jpg?resize=525%2C300&ssl=1 1.5x, https:\/\/i0.wp.com\/lasprimeras.com.do\/wp-content\/uploads\/2024\/06\/Incendio-1.jpg?resize=700%2C400&ssl=1 2x"},"classes":[]}],"jetpack_sharing_enabled":true,"_links":{"self":[{"href":"https:\/\/lasprimeras.com.do\/index.php\/wp-json\/wp\/v2\/posts\/63199","targetHints":{"allow":["GET"]}}],"collection":[{"href":"https:\/\/lasprimeras.com.do\/index.php\/wp-json\/wp\/v2\/posts"}],"about":[{"href":"https:\/\/lasprimeras.com.do\/index.php\/wp-json\/wp\/v2\/types\/post"}],"author":[{"embeddable":true,"href":"https:\/\/lasprimeras.com.do\/index.php\/wp-json\/wp\/v2\/users\/3"}],"replies":[{"embeddable":true,"href":"https:\/\/lasprimeras.com.do\/index.php\/wp-json\/wp\/v2\/comments?post=63199"}],"version-history":[{"count":1,"href":"https:\/\/lasprimeras.com.do\/index.php\/wp-json\/wp\/v2\/posts\/63199\/revisions"}],"predecessor-version":[{"id":63201,"href":"https:\/\/lasprimeras.com.do\/index.php\/wp-json\/wp\/v2\/posts\/63199\/revisions\/63201"}],"wp:featuredmedia":[{"embeddable":true,"href":"https:\/\/lasprimeras.com.do\/index.php\/wp-json\/wp\/v2\/media\/63200"}],"wp:attachment":[{"href":"https:\/\/lasprimeras.com.do\/index.php\/wp-json\/wp\/v2\/media?parent=63199"}],"wp:term":[{"taxonomy":"category","embeddable":true,"href":"https:\/\/lasprimeras.com.do\/index.php\/wp-json\/wp\/v2\/categories?post=63199"},{"taxonomy":"post_tag","embeddable":true,"href":"https:\/\/lasprimeras.com.do\/index.php\/wp-json\/wp\/v2\/tags?post=63199"}],"curies":[{"name":"wp","href":"https:\/\/api.w.org\/{rel}","templated":true}]}}