{"id":63215,"date":"2023-10-11T06:46:37","date_gmt":"2023-10-11T10:46:37","guid":{"rendered":"https:\/\/lasprimeras.com.do\/?p=63215"},"modified":"2023-10-11T06:46:38","modified_gmt":"2023-10-11T10:46:38","slug":"portaaviones-eeuu-llega-a-aguas-mediterraneo-para-apoyar-a-israel","status":"publish","type":"post","link":"https:\/\/lasprimeras.com.do\/index.php\/2023\/10\/11\/portaaviones-eeuu-llega-a-aguas-mediterraneo-para-apoyar-a-israel\/","title":{"rendered":"Portaaviones EEUU llega a aguas Mediterr\u00e1neo para apoyar a Israel"},"content":{"rendered":"\n<p>ISRAEL.- El Mando Central de Estados Unidos ha anunciado que el portaaviones \u2018USS Gerald R. Ford\u2019 ha llegado al Mediterr\u00e1neo oriental acompa\u00f1ado de varios destructores y numerosos aviones de ataque para apoyar a Israel tras la ofensiva lanzada el s\u00e1bado por el Movimiento de Resistencia Isl\u00e1mica (Ham\u00e1s).<\/p>\n\n\n\n<p>\u00abLa llegada de estas fuerzas altamente capaces a la regi\u00f3n es una fuerte se\u00f1al de disuasi\u00f3n en caso de que cualquier actor hostil a Israel considere tratar de aprovechar esta situaci\u00f3n\u00bb, ha indicado el general Michael Erik Kurilla en un comunicado.<\/p>\n\n\n\n<p>Por otro lado, las Fuerzas de Defensa de Israel (FDI) han informado este martes en la red social X de que un primer avi\u00f3n con municiones procedentes de Estados Unidos ha aterrizado en la base militar de Nevatim. \u00abEstamos agradecidos por el respaldo y la asistencia estadounidenses a las FDI\u00bb, ha agregado.<\/p>\n\n\n\n<p>Este mismo martes, el presidente turco, Recep Tayyip Erdogan, ha criticado el env\u00edo del portaaviones por parte de Washington, anticipando que habr\u00e1 \u00abmasacres\u00bb en la Franja de Gaza. \u00ab\u00bfQu\u00e9 est\u00e1 haciendo el portaaviones estadounidense en Israel?\u00bb, se ha cuestionado.<\/p>\n","protected":false},"excerpt":{"rendered":"<p>ISRAEL.- El Mando Central de Estados Unidos ha anunciado que el portaaviones \u2018USS Gerald R. Ford\u2019 ha llegado al Mediterr\u00e1neo oriental acompa\u00f1ado de varios destructores y numerosos aviones de ataque&hellip;<\/p>\n","protected":false},"author":3,"featured_media":63216,"comment_status":"open","ping_status":"open","sticky":false,"template":"","format":"standard","meta":{"content-type":"","jetpack_post_was_ever_published":false,"_jetpack_newsletter_access":"","_jetpack_dont_email_post_to_subs":false,"_jetpack_newsletter_tier_id":0,"_jetpack_memberships_contains_paywalled_content":false,"_jetpack_memberships_contains_paid_content":false,"footnotes":""},"categories":[1],"tags":[],"class_list":["post-63215","post","type-post","status-publish","format-standard","has-post-thumbnail","hentry","category-sin-categoria"],"jetpack_featured_media_url":"https:\/\/lasprimeras.com.do\/wp-content\/uploads\/2023\/10\/IMG-20231010-WA0108-2.jpg","jetpack-related-posts":[{"id":63417,"url":"https:\/\/lasprimeras.com.do\/index.php\/2023\/10\/12\/estados-unidos-esta-actuando-rapidamente-para-reforzar-el-ejercito-de-israel\/","url_meta":{"origin":63215,"position":0},"title":"Estados Unidos est\u00e1 actuando r\u00e1pidamente para reforzar el ej\u00e9rcito de Israel","author":"Nelson Feliz","date":"12 de octubre de 2023","format":false,"excerpt":"Un vistazo a la asistencia que proporciona. POR TARA COPP WASHINGTON (AP) \u2014 Pocas horas despu\u00e9s del horrible ataque de Hamas , Estados Unidos comenz\u00f3 a trasladar buques de guerra y aviones a la regi\u00f3n para estar listo para brindarle a Israel todo lo que necesite para responder. Un segundo\u2026","rel":"","context":"En \u00abSin categor\u00eda\u00bb","block_context":{"text":"Sin categor\u00eda","link":"https:\/\/lasprimeras.com.do\/index.php\/category\/sin-categoria\/"},"img":{"alt_text":"Buque","src":"https:\/\/i0.wp.com\/lasprimeras.com.do\/wp-content\/uploads\/2023\/10\/Buque.jpg?resize=350%2C200&ssl=1","width":350,"height":200,"srcset":"https:\/\/i0.wp.com\/lasprimeras.com.do\/wp-content\/uploads\/2023\/10\/Buque.jpg?resize=350%2C200&ssl=1 1x, https:\/\/i0.wp.com\/lasprimeras.com.do\/wp-content\/uploads\/2023\/10\/Buque.jpg?resize=525%2C300&ssl=1 1.5x, https:\/\/i0.wp.com\/lasprimeras.com.do\/wp-content\/uploads\/2023\/10\/Buque.jpg?resize=700%2C400&ssl=1 2x"},"classes":[]},{"id":87048,"url":"https:\/\/lasprimeras.com.do\/index.php\/2024\/08\/06\/eeuu-envia-aviones-de-combate-a-base-en-medio-oriente-para-apoyar-a-israel\/","url_meta":{"origin":63215,"position":1},"title":"EEUU env\u00eda aviones de combate a base en Medio Oriente para apoyar a Israel","author":"Nelson Feliz","date":"6 de agosto de 2024","format":false,"excerpt":"By LOLITA C. BALDOR WASHINGTON (AP) \u2014 Alrededor de una docena de aviones de combate F\/A-18 del portaaviones USS Theodore Roosevelt han volado a una base militar en Medio Oriente, como parte de los esfuerzos del Pent\u00e1gono para ayudar a defender a Israel de posibles ataques de Ir\u00e1n y sus\u2026","rel":"","context":"En \u00abSin categor\u00eda\u00bb","block_context":{"text":"Sin categor\u00eda","link":"https:\/\/lasprimeras.com.do\/index.php\/category\/sin-categoria\/"},"img":{"alt_text":"","src":"https:\/\/i0.wp.com\/lasprimeras.com.do\/wp-content\/uploads\/2024\/08\/aviones.jpg?resize=350%2C200&ssl=1","width":350,"height":200,"srcset":"https:\/\/i0.wp.com\/lasprimeras.com.do\/wp-content\/uploads\/2024\/08\/aviones.jpg?resize=350%2C200&ssl=1 1x, https:\/\/i0.wp.com\/lasprimeras.com.do\/wp-content\/uploads\/2024\/08\/aviones.jpg?resize=525%2C300&ssl=1 1.5x, https:\/\/i0.wp.com\/lasprimeras.com.do\/wp-content\/uploads\/2024\/08\/aviones.jpg?resize=700%2C400&ssl=1 2x"},"classes":[]},{"id":63389,"url":"https:\/\/lasprimeras.com.do\/index.php\/2023\/10\/12\/eeuu-movilizara-un-segundo-portaaviones-hacia-el-atlantico\/","url_meta":{"origin":63215,"position":2},"title":"EEUU movilizar\u00e1 un segundo portaaviones hacia el Atl\u00e1ntico","author":"BIMARY DE JES\u00daS Matos","date":"12 de octubre de 2023","format":false,"excerpt":"WASHINGTON.- El portavoz del Consejo de Seguridad de Estados Unidos, John Kirby, en rueda de prensa, inform\u00f3 este mi\u00e9rcoles en la tarde que Washington movilizar\u00e1 un segundo portaaviones, el \u2018USS Dwight Eisenhower\u2019, hacia aguas del Atl\u00e1ntico con la opci\u00f3n de poder trasladarlo, \u00absi es necesario\u00bb, hacia el Mediterr\u00e1neo oriental, donde\u2026","rel":"","context":"En \u00abSin categor\u00eda\u00bb","block_context":{"text":"Sin categor\u00eda","link":"https:\/\/lasprimeras.com.do\/index.php\/category\/sin-categoria\/"},"img":{"alt_text":"","src":"https:\/\/i0.wp.com\/lasprimeras.com.do\/wp-content\/uploads\/2023\/10\/WhatsApp-Image-2023-10-10-at-11.06.27-AM-3.jpeg?resize=350%2C200&ssl=1","width":350,"height":200,"srcset":"https:\/\/i0.wp.com\/lasprimeras.com.do\/wp-content\/uploads\/2023\/10\/WhatsApp-Image-2023-10-10-at-11.06.27-AM-3.jpeg?resize=350%2C200&ssl=1 1x, https:\/\/i0.wp.com\/lasprimeras.com.do\/wp-content\/uploads\/2023\/10\/WhatsApp-Image-2023-10-10-at-11.06.27-AM-3.jpeg?resize=525%2C300&ssl=1 1.5x, https:\/\/i0.wp.com\/lasprimeras.com.do\/wp-content\/uploads\/2023\/10\/WhatsApp-Image-2023-10-10-at-11.06.27-AM-3.jpeg?resize=700%2C400&ssl=1 2x"},"classes":[]},{"id":122571,"url":"https:\/\/lasprimeras.com.do\/index.php\/2026\/02\/19\/iran-y-estados-unidos-recurren-a-la-diplomacia-de-las-canoneras-mientras-las-conversaciones-nucleares-penden-de-un-hilo\/","url_meta":{"origin":63215,"position":3},"title":"Ir\u00e1n y Estados Unidos recurren a la diplomacia de las ca\u00f1oneras mientras las conversaciones nucleares penden de un hilo","author":"Nelson Feliz","date":"19 de febrero de 2026","format":false,"excerpt":"Por\u00a0Jon Gambrell DUB\u00c1I, Emiratos \u00c1rabes Unidos (AP) \u2014 Ir\u00e1n y Estados Unidos recurrieron el jueves a la diplomacia de las ca\u00f1oneras mientras las conversaciones nucleares entre ambos pa\u00edses pend\u00edan de un hilo, con Teher\u00e1n realizando ejercicios con Rusia y los estadounidenses acercando otro portaaviones a Medio Oriente. El ejercicio iran\u00ed\u2026","rel":"","context":"En \u00abINTERNACIONALES\u00bb","block_context":{"text":"INTERNACIONALES","link":"https:\/\/lasprimeras.com.do\/index.php\/category\/sin-categoria\/internacionales\/"},"img":{"alt_text":"","src":"","width":0,"height":0},"classes":[]},{"id":63113,"url":"https:\/\/lasprimeras.com.do\/index.php\/2023\/10\/10\/eu-dice-tiene-armas-suficientes-para-israel-ucrania-y-otros-aliados\/","url_meta":{"origin":63215,"position":4},"title":"EU dice tiene armas suficientes para Israel, Ucrania y otros aliados","author":"BIMARY DE JES\u00daS Matos","date":"10 de octubre de 2023","format":false,"excerpt":"WASHINGTON.- Una alta funcionaria del Departamento de Defensa de Estados Unidos declar\u00f3 el lunes durante una sesi\u00f3n informativa que Washington puede satisfacer todas las peticiones de armas, equipos y municiones de Israel sin dejar de apoyar a Kiev. \u00abPodemos continuar nuestro apoyo tanto a Ucrania, Israel, y mantener nuestra propia\u2026","rel":"","context":"En \u00abSin categor\u00eda\u00bb","block_context":{"text":"Sin categor\u00eda","link":"https:\/\/lasprimeras.com.do\/index.php\/category\/sin-categoria\/"},"img":{"alt_text":"","src":"https:\/\/i0.wp.com\/lasprimeras.com.do\/wp-content\/uploads\/2023\/10\/WhatsApp-Image-2023-10-09-at-6.14.13-PM-2-5.jpeg?resize=350%2C200&ssl=1","width":350,"height":200,"srcset":"https:\/\/i0.wp.com\/lasprimeras.com.do\/wp-content\/uploads\/2023\/10\/WhatsApp-Image-2023-10-09-at-6.14.13-PM-2-5.jpeg?resize=350%2C200&ssl=1 1x, https:\/\/i0.wp.com\/lasprimeras.com.do\/wp-content\/uploads\/2023\/10\/WhatsApp-Image-2023-10-09-at-6.14.13-PM-2-5.jpeg?resize=525%2C300&ssl=1 1.5x, https:\/\/i0.wp.com\/lasprimeras.com.do\/wp-content\/uploads\/2023\/10\/WhatsApp-Image-2023-10-09-at-6.14.13-PM-2-5.jpeg?resize=700%2C400&ssl=1 2x, https:\/\/i0.wp.com\/lasprimeras.com.do\/wp-content\/uploads\/2023\/10\/WhatsApp-Image-2023-10-09-at-6.14.13-PM-2-5.jpeg?resize=1050%2C600&ssl=1 3x"},"classes":[]},{"id":64095,"url":"https:\/\/lasprimeras.com.do\/index.php\/2023\/10\/18\/china-a-estados-unidos-es-hora-de-tener-una-conferencia-internacional-de-paz\/","url_meta":{"origin":63215,"position":5},"title":"China a Estados Unidos: Es hora de tener una Conferencia Internacional de Paz","author":"Nelson Feliz","date":"18 de octubre de 2023","format":false,"excerpt":"China, (EIRNS) \u2014 Sin intervenci\u00f3n, la situaci\u00f3n palestino-israel\u00ed es un detonante para la Tercera Guerra Mundial. La situaci\u00f3n estrat\u00e9gica del suroeste de Asia es de un peligro incre\u00edble, y se ha intensificado de tal manera que el desbordamiento puede encender una conflagraci\u00f3n global. El pasado fin de semana, el ministro\u2026","rel":"","context":"En \u00abSin categor\u00eda\u00bb","block_context":{"text":"Sin categor\u00eda","link":"https:\/\/lasprimeras.com.do\/index.php\/category\/sin-categoria\/"},"img":{"alt_text":"China-EEUU","src":"https:\/\/i0.wp.com\/lasprimeras.com.do\/wp-content\/uploads\/2023\/10\/China-EEUU.jpg?resize=350%2C200&ssl=1","width":350,"height":200,"srcset":"https:\/\/i0.wp.com\/lasprimeras.com.do\/wp-content\/uploads\/2023\/10\/China-EEUU.jpg?resize=350%2C200&ssl=1 1x, https:\/\/i0.wp.com\/lasprimeras.com.do\/wp-content\/uploads\/2023\/10\/China-EEUU.jpg?resize=525%2C300&ssl=1 1.5x"},"classes":[]}],"jetpack_sharing_enabled":true,"_links":{"self":[{"href":"https:\/\/lasprimeras.com.do\/index.php\/wp-json\/wp\/v2\/posts\/63215","targetHints":{"allow":["GET"]}}],"collection":[{"href":"https:\/\/lasprimeras.com.do\/index.php\/wp-json\/wp\/v2\/posts"}],"about":[{"href":"https:\/\/lasprimeras.com.do\/index.php\/wp-json\/wp\/v2\/types\/post"}],"author":[{"embeddable":true,"href":"https:\/\/lasprimeras.com.do\/index.php\/wp-json\/wp\/v2\/users\/3"}],"replies":[{"embeddable":true,"href":"https:\/\/lasprimeras.com.do\/index.php\/wp-json\/wp\/v2\/comments?post=63215"}],"version-history":[{"count":1,"href":"https:\/\/lasprimeras.com.do\/index.php\/wp-json\/wp\/v2\/posts\/63215\/revisions"}],"predecessor-version":[{"id":63217,"href":"https:\/\/lasprimeras.com.do\/index.php\/wp-json\/wp\/v2\/posts\/63215\/revisions\/63217"}],"wp:featuredmedia":[{"embeddable":true,"href":"https:\/\/lasprimeras.com.do\/index.php\/wp-json\/wp\/v2\/media\/63216"}],"wp:attachment":[{"href":"https:\/\/lasprimeras.com.do\/index.php\/wp-json\/wp\/v2\/media?parent=63215"}],"wp:term":[{"taxonomy":"category","embeddable":true,"href":"https:\/\/lasprimeras.com.do\/index.php\/wp-json\/wp\/v2\/categories?post=63215"},{"taxonomy":"post_tag","embeddable":true,"href":"https:\/\/lasprimeras.com.do\/index.php\/wp-json\/wp\/v2\/tags?post=63215"}],"curies":[{"name":"wp","href":"https:\/\/api.w.org\/{rel}","templated":true}]}}