{"id":63218,"date":"2023-10-11T06:47:34","date_gmt":"2023-10-11T10:47:34","guid":{"rendered":"https:\/\/lasprimeras.com.do\/?p=63218"},"modified":"2023-10-11T06:47:36","modified_gmt":"2023-10-11T10:47:36","slug":"afganistan-reportan-un-nuevo-terremoto-este-miercoles-en-herat","status":"publish","type":"post","link":"https:\/\/lasprimeras.com.do\/index.php\/2023\/10\/11\/afganistan-reportan-un-nuevo-terremoto-este-miercoles-en-herat\/","title":{"rendered":"AFGANISTAN: Reportan un nuevo terremoto este mi\u00e9rcoles en Herat"},"content":{"rendered":"\n<p>KABUL.- El Servicio Geol\u00f3gico de Estados Unidos (USGS) ha informado este mi\u00e9rcoles de un terremoto de magnitud 6,3 registrado en la regi\u00f3n afgana de Herat, despu\u00e9s de que durante el fin de semana se notificaran 2.500 muertos y m\u00e1s de 2.000 heridos por una cadena de terremotos.<\/p>\n\n\n\n<p>El se\u00edsmo ha tenido lugar a las 05.10 hora local (02.40 hora peninsular espa\u00f1ola), a diez kil\u00f3metros de profundidad. Posteriormente, se ha sentido un r\u00e9plica de magnitud 5.<\/p>\n","protected":false},"excerpt":{"rendered":"<p>KABUL.- El Servicio Geol\u00f3gico de Estados Unidos (USGS) ha informado este mi\u00e9rcoles de un terremoto de magnitud 6,3 registrado en la regi\u00f3n afgana de Herat, despu\u00e9s de que durante el&hellip;<\/p>\n","protected":false},"author":3,"featured_media":63219,"comment_status":"open","ping_status":"open","sticky":false,"template":"","format":"standard","meta":{"content-type":"","jetpack_post_was_ever_published":false,"_jetpack_newsletter_access":"","_jetpack_dont_email_post_to_subs":false,"_jetpack_newsletter_tier_id":0,"_jetpack_memberships_contains_paywalled_content":false,"_jetpack_memberships_contains_paid_content":false,"footnotes":""},"categories":[1],"tags":[],"class_list":["post-63218","post","type-post","status-publish","format-standard","has-post-thumbnail","hentry","category-sin-categoria"],"jetpack_featured_media_url":"https:\/\/lasprimeras.com.do\/wp-content\/uploads\/2023\/10\/IMG-20231010-WA0108-3.jpg","jetpack-related-posts":[{"id":62359,"url":"https:\/\/lasprimeras.com.do\/index.php\/2023\/10\/04\/un-terremoto-de-magnitud-64-sacude-la-isla-de-mindanao-en-el-sur-de-filipinas\/","url_meta":{"origin":63218,"position":0},"title":"Un terremoto de magnitud 6,4 sacude la isla de Mindanao en el sur de Filipinas","author":"BIMARY DE JES\u00daS Matos","date":"4 de octubre de 2023","format":false,"excerpt":"MANILA.- Un terremoto de magnitud 6,4 sacudi\u00f3 este mi\u00e9rcoles la isla de Mindanao, en la regi\u00f3n meridional de Filipinas, sin que las autoridades hayan informado inicialmente de da\u00f1os o de alerta de tsunami. El servicio geol\u00f3gico de Estados Unidos, que registra la actividad s\u00edsmica en todo el mundo, localiz\u00f3 el\u2026","rel":"","context":"En \u00abSin categor\u00eda\u00bb","block_context":{"text":"Sin categor\u00eda","link":"https:\/\/lasprimeras.com.do\/index.php\/category\/sin-categoria\/"},"img":{"alt_text":"","src":"https:\/\/i0.wp.com\/lasprimeras.com.do\/wp-content\/uploads\/2023\/10\/WhatsApp-Image-2023-10-04-at-7.55.08-AM-6.jpeg?resize=350%2C200&ssl=1","width":350,"height":200,"srcset":"https:\/\/i0.wp.com\/lasprimeras.com.do\/wp-content\/uploads\/2023\/10\/WhatsApp-Image-2023-10-04-at-7.55.08-AM-6.jpeg?resize=350%2C200&ssl=1 1x, https:\/\/i0.wp.com\/lasprimeras.com.do\/wp-content\/uploads\/2023\/10\/WhatsApp-Image-2023-10-04-at-7.55.08-AM-6.jpeg?resize=525%2C300&ssl=1 1.5x, https:\/\/i0.wp.com\/lasprimeras.com.do\/wp-content\/uploads\/2023\/10\/WhatsApp-Image-2023-10-04-at-7.55.08-AM-6.jpeg?resize=700%2C400&ssl=1 2x, https:\/\/i0.wp.com\/lasprimeras.com.do\/wp-content\/uploads\/2023\/10\/WhatsApp-Image-2023-10-04-at-7.55.08-AM-6.jpeg?resize=1050%2C600&ssl=1 3x"},"classes":[]},{"id":74352,"url":"https:\/\/lasprimeras.com.do\/index.php\/2024\/01\/22\/fuerte-terremoto-de-magnitud-71-sacude-el-remoto-oeste-de-china-dicen-medios-estatales\/","url_meta":{"origin":63218,"position":1},"title":"Fuerte terremoto de magnitud 7,1 sacude el remoto oeste de China, dicen medios estatales","author":"Nelson Feliz","date":"22 de enero de 2024","format":false,"excerpt":"BEIJING (AP) \u2014 Un terremoto de magnitud 7,1 sacudi\u00f3 una parte remota de la regi\u00f3n occidental china de Xinjiang la madrugada del martes, derribando l\u00edneas el\u00e9ctricas, destruyendo al menos dos casas y obligando a las autoridades a suspender trenes, informaron medios estatales. La agencia de noticias Xinhua cit\u00f3 al Centro\u2026","rel":"","context":"En \u00abSin categor\u00eda\u00bb","block_context":{"text":"Sin categor\u00eda","link":"https:\/\/lasprimeras.com.do\/index.php\/category\/sin-categoria\/"},"img":{"alt_text":"SISMO","src":"https:\/\/i0.wp.com\/lasprimeras.com.do\/wp-content\/uploads\/2024\/01\/SISMO-1.jpg?resize=350%2C200&ssl=1","width":350,"height":200,"srcset":"https:\/\/i0.wp.com\/lasprimeras.com.do\/wp-content\/uploads\/2024\/01\/SISMO-1.jpg?resize=350%2C200&ssl=1 1x, https:\/\/i0.wp.com\/lasprimeras.com.do\/wp-content\/uploads\/2024\/01\/SISMO-1.jpg?resize=525%2C300&ssl=1 1.5x, https:\/\/i0.wp.com\/lasprimeras.com.do\/wp-content\/uploads\/2024\/01\/SISMO-1.jpg?resize=700%2C400&ssl=1 2x"},"classes":[]},{"id":62464,"url":"https:\/\/lasprimeras.com.do\/index.php\/2023\/10\/05\/japon-emite-alerta-de-tsunami-tras-terremoto-de-magnitud-66\/","url_meta":{"origin":63218,"position":2},"title":"Jap\u00f3n emite alerta de tsunami tras terremoto de magnitud 6,6","author":"BIMARY DE JES\u00daS Matos","date":"5 de octubre de 2023","format":false,"excerpt":"TOKIO.- Las autoridades niponas han activado este jueves el aviso de tsunami para las islas Izu, en el sur de Jap\u00f3n, despu\u00e9s de que tuviera lugar un terremoto de magnitud 6,6 en las escala Richter. La Agencia Meteorol\u00f3gica de Jap\u00f3n ha se\u00f1alado que se espera que el tsunami llegue alrededor\u2026","rel":"","context":"En \u00abSin categor\u00eda\u00bb","block_context":{"text":"Sin categor\u00eda","link":"https:\/\/lasprimeras.com.do\/index.php\/category\/sin-categoria\/"},"img":{"alt_text":"","src":"https:\/\/i0.wp.com\/lasprimeras.com.do\/wp-content\/uploads\/2023\/10\/WhatsApp-Image-2023-10-04-at-5.20.12-PM-7.jpeg?resize=350%2C200&ssl=1","width":350,"height":200,"srcset":"https:\/\/i0.wp.com\/lasprimeras.com.do\/wp-content\/uploads\/2023\/10\/WhatsApp-Image-2023-10-04-at-5.20.12-PM-7.jpeg?resize=350%2C200&ssl=1 1x, https:\/\/i0.wp.com\/lasprimeras.com.do\/wp-content\/uploads\/2023\/10\/WhatsApp-Image-2023-10-04-at-5.20.12-PM-7.jpeg?resize=525%2C300&ssl=1 1.5x"},"classes":[]},{"id":74751,"url":"https:\/\/lasprimeras.com.do\/index.php\/2024\/01\/26\/terremoto-de-magnitud-56-sacude-de-nuevo-la-region-occidental-china\/","url_meta":{"origin":63218,"position":3},"title":"Terremoto de magnitud 5,6 sacude de nuevo la regi\u00f3n occidental China","author":"BIMARY DE JES\u00daS Matos","date":"26 de enero de 2024","format":false,"excerpt":"Pek\u00edn.- China registr\u00f3 la tarde de hoy un terremoto de magnitud 5,6 en la regi\u00f3n occidental de Xinjiang, en la misma zona donde hace d\u00edas se produjo uno de 7,1, inform\u00f3 hoy el Centro de Redes Sismol\u00f3gicas del pa\u00eds asi\u00e1tico. El temblor se produjo a las 04:01 hora local (20:01\u2026","rel":"","context":"En \u00abSin categor\u00eda\u00bb","block_context":{"text":"Sin categor\u00eda","link":"https:\/\/lasprimeras.com.do\/index.php\/category\/sin-categoria\/"},"img":{"alt_text":"","src":"","width":0,"height":0},"classes":[]},{"id":72822,"url":"https:\/\/lasprimeras.com.do\/index.php\/2024\/01\/03\/ascienden-a-73-muertos-por-terremoto-de-magnitud-76-en-japon\/","url_meta":{"origin":63218,"position":4},"title":"Ascienden a 73 muertos por terremoto de magnitud 7,6 en Jap\u00f3n","author":"Nelson Feliz","date":"3 de enero de 2024","format":false,"excerpt":"TOKIO.- El balance de muertos por el terremoto de magnitud 7,6 en la escala Richter registrado el d\u00eda de A\u00f1o Nuevo en la prefectura de Ishikawa, situada en la costa occidental de Jap\u00f3n, ha aumentado a 73, seg\u00fan han confirmado este mi\u00e9rcoles las autoridades del pa\u00eds. La mayor\u00eda de las\u2026","rel":"","context":"En \u00abSin categor\u00eda\u00bb","block_context":{"text":"Sin categor\u00eda","link":"https:\/\/lasprimeras.com.do\/index.php\/category\/sin-categoria\/"},"img":{"alt_text":"terremoto","src":"https:\/\/i0.wp.com\/lasprimeras.com.do\/wp-content\/uploads\/2024\/01\/terremoto-1.jpeg?resize=350%2C200&ssl=1","width":350,"height":200,"srcset":"https:\/\/i0.wp.com\/lasprimeras.com.do\/wp-content\/uploads\/2024\/01\/terremoto-1.jpeg?resize=350%2C200&ssl=1 1x, https:\/\/i0.wp.com\/lasprimeras.com.do\/wp-content\/uploads\/2024\/01\/terremoto-1.jpeg?resize=525%2C300&ssl=1 1.5x, https:\/\/i0.wp.com\/lasprimeras.com.do\/wp-content\/uploads\/2024\/01\/terremoto-1.jpeg?resize=700%2C400&ssl=1 2x"},"classes":[]},{"id":72804,"url":"https:\/\/lasprimeras.com.do\/index.php\/2024\/01\/03\/otro-terremoto-de-55-sacude-a-japon-tras-sismo-76-del-lunes\/","url_meta":{"origin":63218,"position":5},"title":"Otro terremoto de 5,5 sacude a Jap\u00f3n tras sismo 7,6 del lunes","author":"BIMARY DE JES\u00daS Matos","date":"3 de enero de 2024","format":false,"excerpt":"TOKIO.- El oeste de Jap\u00f3n experiment\u00f3 este mi\u00e9rcoles una nueva r\u00e9plica de magnitud 5,5 en la escala abierta de Richter, despu\u00e9s de que este lunes un fuerte se\u00edsmo de 7,6 grados dejara al menos 62 muertos en esta regi\u00f3n. El nuevo temblor se produjo sobre las 10.54 hora local (2.12\u2026","rel":"","context":"En \u00abSin categor\u00eda\u00bb","block_context":{"text":"Sin categor\u00eda","link":"https:\/\/lasprimeras.com.do\/index.php\/category\/sin-categoria\/"},"img":{"alt_text":"","src":"https:\/\/i0.wp.com\/lasprimeras.com.do\/wp-content\/uploads\/2024\/01\/WhatsApp-Image-2023-12-30-at-3.02.08-PM-4.jpeg?resize=350%2C200&ssl=1","width":350,"height":200,"srcset":"https:\/\/i0.wp.com\/lasprimeras.com.do\/wp-content\/uploads\/2024\/01\/WhatsApp-Image-2023-12-30-at-3.02.08-PM-4.jpeg?resize=350%2C200&ssl=1 1x, https:\/\/i0.wp.com\/lasprimeras.com.do\/wp-content\/uploads\/2024\/01\/WhatsApp-Image-2023-12-30-at-3.02.08-PM-4.jpeg?resize=525%2C300&ssl=1 1.5x"},"classes":[]}],"jetpack_sharing_enabled":true,"_links":{"self":[{"href":"https:\/\/lasprimeras.com.do\/index.php\/wp-json\/wp\/v2\/posts\/63218","targetHints":{"allow":["GET"]}}],"collection":[{"href":"https:\/\/lasprimeras.com.do\/index.php\/wp-json\/wp\/v2\/posts"}],"about":[{"href":"https:\/\/lasprimeras.com.do\/index.php\/wp-json\/wp\/v2\/types\/post"}],"author":[{"embeddable":true,"href":"https:\/\/lasprimeras.com.do\/index.php\/wp-json\/wp\/v2\/users\/3"}],"replies":[{"embeddable":true,"href":"https:\/\/lasprimeras.com.do\/index.php\/wp-json\/wp\/v2\/comments?post=63218"}],"version-history":[{"count":1,"href":"https:\/\/lasprimeras.com.do\/index.php\/wp-json\/wp\/v2\/posts\/63218\/revisions"}],"predecessor-version":[{"id":63220,"href":"https:\/\/lasprimeras.com.do\/index.php\/wp-json\/wp\/v2\/posts\/63218\/revisions\/63220"}],"wp:featuredmedia":[{"embeddable":true,"href":"https:\/\/lasprimeras.com.do\/index.php\/wp-json\/wp\/v2\/media\/63219"}],"wp:attachment":[{"href":"https:\/\/lasprimeras.com.do\/index.php\/wp-json\/wp\/v2\/media?parent=63218"}],"wp:term":[{"taxonomy":"category","embeddable":true,"href":"https:\/\/lasprimeras.com.do\/index.php\/wp-json\/wp\/v2\/categories?post=63218"},{"taxonomy":"post_tag","embeddable":true,"href":"https:\/\/lasprimeras.com.do\/index.php\/wp-json\/wp\/v2\/tags?post=63218"}],"curies":[{"name":"wp","href":"https:\/\/api.w.org\/{rel}","templated":true}]}}