{"id":63244,"date":"2023-10-11T08:15:28","date_gmt":"2023-10-11T12:15:28","guid":{"rendered":"https:\/\/lasprimeras.com.do\/?p=63244"},"modified":"2023-10-11T08:15:29","modified_gmt":"2023-10-11T12:15:29","slug":"rd-entrega-a-chile-la-direccion-ejecutiva-de-camma","status":"publish","type":"post","link":"https:\/\/lasprimeras.com.do\/index.php\/2023\/10\/11\/rd-entrega-a-chile-la-direccion-ejecutiva-de-camma\/","title":{"rendered":"RD entrega a Chile la direcci\u00f3n ejecutiva de CAMMA"},"content":{"rendered":"\n<p>Rep\u00fablica Dominicana entreg\u00f3 la direcci\u00f3n ejecutiva de la XII Conferencia Anual de Ministerios de Miner\u00eda de las Am\u00e9ricas (CAMMA) a Chile, pa\u00eds anfitri\u00f3n en el 2023 de este evento, crucial para el intercambio global de conocimientos y colaboraci\u00f3n en la industria extractiva.<\/p>\n\n\n\n<p>Durante el discurso de apertura, el ministro de Energ\u00eda y Minas, Antonio Almonte, expres\u00f3 su agradecimiento a los participantes por su dedicaci\u00f3n y compromiso durante el a\u00f1o en que el pa\u00eds lider\u00f3 este espacio, que sirvi\u00f3 como plataforma de conocimientos y experiencias en el sector minero de las Am\u00e9ricas, abordando sus desaf\u00edos y oportunidades.<\/p>\n\n\n\n<p>Rep\u00fablica Dominicana fue en 2022 la sede de esta conferencia, donde se dio un respaldo a la miner\u00eda sostenible, y se reconocieron los aportes de este sector al Producto Interno Bruto (PIB).<\/p>\n\n\n\n<p>Almonte destac\u00f3 la importancia de considerar la cooperaci\u00f3n regional en la actividad extractiva, as\u00ed como la gesti\u00f3n de los minerales estrat\u00e9gicos para asegurar un suministro sostenible, asequible y justo en la regi\u00f3n.<\/p>\n\n\n\n<p>El funcionario felicit\u00f3 al pa\u00eds suramericano por su compromiso y liderazgo en la organizaci\u00f3n de la conferencia, al tiempo que indic\u00f3 que ser\u00e1 un hito importante en la b\u00fasqueda de soluciones y avances en el sector minero.<\/p>\n\n\n\n<p>Asimismo, el viceministro de Minas, Miguel D\u00edaz, particip\u00f3 en las jornadas de discusi\u00f3n y toma de decisiones.<\/p>\n\n\n\n<p>Los diferentes ministerios fueron invitados a compartir las pol\u00edticas, prioridades y necesidades de cada pa\u00eds como punto de partida para generar el plan de trabajo.<\/p>\n\n\n\n<p>Entre los temas abordados como prioridad estuvo la necesidad de fortalecer los servicios geol\u00f3gicos nacionales y en algunos casos crearlos, para lograr un mejor diagn\u00f3stico sobre los recursos con los que cuenta la regi\u00f3n.<\/p>\n\n\n\n<p>Tambi\u00e9n se acord\u00f3 apoyar la miner\u00eda artesanal como un medio para combatir la miner\u00eda ilegal, tambi\u00e9n fortalecer las legislaciones y procesos de fiscalizaci\u00f3n para erradicar la extracci\u00f3n il\u00edcita y sus consecuencias negativas.<\/p>\n\n\n\n<p>Igualmente, la necesidad de aumentar las investigaciones sobre tierras raras y litio, as\u00ed como acelerar el desarrollo de proyectos de minerales cr\u00edticos.<\/p>\n\n\n\n<p>Tambi\u00e9n, se abog\u00f3 por la disminuci\u00f3n de los conflictos sociales alrededor de la actividad extractiva y el desarrollo de regulaciones m\u00e1s simples, pero efectivas en aspectos ambientales.<\/p>\n\n\n\n<p><strong>La miner\u00eda y su importancia en RD<\/strong><\/p>\n\n\n\n<p>D\u00edaz en representaci\u00f3n del pa\u00eds expuso que el sector minero ha sido fundamental en el crecimiento de las exportaciones nacionales en la \u00faltima d\u00e9cada, siendo el oro nuestro durante varios a\u00f1os el principal producto de exportaci\u00f3n nacional.<\/p>\n\n\n\n<p>El viceministro destac\u00f3 el inter\u00e9s de la naci\u00f3n en cooperar con los otros pa\u00edses en el \u00e1rea de materiales estrat\u00e9gicos y de articular una estrategia regional alrededor de los mismos.<\/p>\n\n\n\n<p><strong>Mina El Teniente<\/strong><\/p>\n\n\n\n<p>La conferencia cerr\u00f3 con una visita a la mina de clase mundial de El Teniente, la mina subterr\u00e1nea m\u00e1s grande del mundo, que ha estado operando por 118 a\u00f1os.<\/p>\n\n\n\n<p>El Teniente tiene recursos para operar por lo menos otros 50 a\u00f1os m\u00e1s. Produce 405 mil toneladas de cobre al a\u00f1o. Adem\u00e1s, en los \u00faltimos 15 a\u00f1os ha contribuido 20,500 millones de d\u00f3lares americanos.<\/p>\n\n\n\n<p>La compa\u00f1\u00eda estatal tiene en operaci\u00f3n unos 150 autobuses el\u00e9ctricos para el transporte de su personal y est\u00e1 encaminada en un proceso de automatizaci\u00f3n acelerado.<\/p>\n\n\n\n<p>Se tiene programado probar cargadores de mena aut\u00f3nomos y el\u00e9ctricos en su operaci\u00f3n subterr\u00e1nea el pr\u00f3ximo a\u00f1o. El Teniente apunta a crear valor social, ambiental y econ\u00f3mico.<\/p>\n\n\n\n<p>All\u00ed se pudo apreciar la magnitud de la operaci\u00f3n, as\u00ed como su efecto positivo en las comunidades en su territorio, as\u00ed como la importancia de su contribuci\u00f3n fiscal a la sociedad chilena.<\/p>\n\n\n\n<p>Tambi\u00e9n mostraron sus tecnolog\u00edas de punta para mejorar la seguridad y salud de sus trabajadores, as\u00ed como impactos ambientales.<\/p>\n\n\n\n<p><strong>Invita al Foro Miner\u00eda Verde en las Am\u00e9ricas y el Caribe 2024<\/strong><\/p>\n\n\n\n<p>El ministro Almonte invit\u00f3 a los presentes a unirse al &#8220;Foro Miner\u00eda Verde en las Am\u00e9ricas y el Caribe&#8221; que se realizar\u00e1 en abril de 2024 en el pa\u00eds.<\/p>\n\n\n\n<p>Manifest\u00f3 que este evento tiene como objetivo fomentar el intercambio de experiencias para fortalecer las buenas pr\u00e1cticas en el sector de la industria extractiva, promoviendo la gobernanza ambiental y social, as\u00ed como la descarbonizaci\u00f3n global basada en pol\u00edticas de miner\u00eda verde.<\/p>\n","protected":false},"excerpt":{"rendered":"<p>Rep\u00fablica Dominicana entreg\u00f3 la direcci\u00f3n ejecutiva de la XII Conferencia Anual de Ministerios de Miner\u00eda de las Am\u00e9ricas (CAMMA) a Chile, pa\u00eds anfitri\u00f3n en el 2023 de este evento, crucial&hellip;<\/p>\n","protected":false},"author":2,"featured_media":63245,"comment_status":"open","ping_status":"open","sticky":false,"template":"","format":"standard","meta":{"content-type":"","jetpack_post_was_ever_published":false,"_jetpack_newsletter_access":"","_jetpack_dont_email_post_to_subs":false,"_jetpack_newsletter_tier_id":0,"_jetpack_memberships_contains_paywalled_content":false,"_jetpack_memberships_contains_paid_content":false,"footnotes":""},"categories":[35,25],"tags":[8426,763,8425,127],"class_list":["post-63244","post","type-post","status-publish","format-standard","has-post-thumbnail","hentry","category-nacionales","category-portada","tag-camma","tag-chile","tag-direccion-ejecutiva","tag-rd"],"jetpack_featured_media_url":"https:\/\/lasprimeras.com.do\/wp-content\/uploads\/2023\/10\/Aurora-Williams-ministra-de-Minas-de-Chile-pais-sede.jpg","jetpack-related-posts":[{"id":123798,"url":"https:\/\/lasprimeras.com.do\/index.php\/2026\/03\/05\/rd-impulsa-sector-minero-en-canada-en-la-feria-pdac-2026-ied-en-mineria-crece-775-en-2025-segun-datos-del-banco-central\/","url_meta":{"origin":63244,"position":0},"title":"RD impulsa sector minero en Canad\u00e1 en la feria PDAC 2026, IED en miner\u00eda crece 775 % en 2025, seg\u00fan datos del Banco Central","author":"Nelson Feliz","date":"5 de marzo de 2026","format":false,"excerpt":"Toronto, Canad\u00e1. La directora ejecutiva del Centro de Exportaci\u00f3n e Inversi\u00f3n de la Rep\u00fablica Dominicana (ProDominicana), Biviana Riveiro, particip\u00f3 en la convenci\u00f3n minera anual de la Prospectors & Developers Association of Canada (PDAC 2026), el evento minero m\u00e1s importante del mundo, con el objetivo de promover nuevas oportunidades de inversi\u00f3n,\u2026","rel":"","context":"En \u00abECONOM\u00cdA\u00bb","block_context":{"text":"ECONOM\u00cdA","link":"https:\/\/lasprimeras.com.do\/index.php\/category\/economia\/"},"img":{"alt_text":"","src":"https:\/\/i0.wp.com\/lasprimeras.com.do\/wp-content\/uploads\/2026\/03\/IMG-20260305-WA03811.jpg?resize=350%2C200&ssl=1","width":350,"height":200,"srcset":"https:\/\/i0.wp.com\/lasprimeras.com.do\/wp-content\/uploads\/2026\/03\/IMG-20260305-WA03811.jpg?resize=350%2C200&ssl=1 1x, https:\/\/i0.wp.com\/lasprimeras.com.do\/wp-content\/uploads\/2026\/03\/IMG-20260305-WA03811.jpg?resize=525%2C300&ssl=1 1.5x, https:\/\/i0.wp.com\/lasprimeras.com.do\/wp-content\/uploads\/2026\/03\/IMG-20260305-WA03811.jpg?resize=700%2C400&ssl=1 2x, https:\/\/i0.wp.com\/lasprimeras.com.do\/wp-content\/uploads\/2026\/03\/IMG-20260305-WA03811.jpg?resize=1050%2C600&ssl=1 3x, https:\/\/i0.wp.com\/lasprimeras.com.do\/wp-content\/uploads\/2026\/03\/IMG-20260305-WA03811.jpg?resize=1400%2C800&ssl=1 4x"},"classes":[]},{"id":107337,"url":"https:\/\/lasprimeras.com.do\/index.php\/2025\/08\/26\/intec-la-universidad-de-chile-y-barrick-pueblo-viejo-graduan-segunda-cohorte-del-diplomado-en-mineria-y-metalurgia\/","url_meta":{"origin":63244,"position":1},"title":"INTEC, la Universidad de Chile y Barrick Pueblo Viejo grad\u00faan segunda cohorte del Diplomado en Miner\u00eda y Metalurgia","author":"Nelson Feliz","date":"26 de agosto de 2025","format":false,"excerpt":"El Instituto Tecnol\u00f3gico de Santo Domingo (INTEC), y la Universidad de Chile, con el auspicio de Barrick Pueblo Viejo, realizaron la graduaci\u00f3n de la segunda promoci\u00f3n del Diplomado Internacional en Miner\u00eda y Metalurgia. En esta ocasi\u00f3n recibieron diplomas 105 participantes quienes por nueve meses cursaron m\u00e1s de 132 horas de\u2026","rel":"","context":"En \u00abNACIONALES\u00bb","block_context":{"text":"NACIONALES","link":"https:\/\/lasprimeras.com.do\/index.php\/category\/nacionales\/"},"img":{"alt_text":"","src":"https:\/\/i0.wp.com\/lasprimeras.com.do\/wp-content\/uploads\/2025\/08\/INTEC-1.jpg?resize=350%2C200&ssl=1","width":350,"height":200,"srcset":"https:\/\/i0.wp.com\/lasprimeras.com.do\/wp-content\/uploads\/2025\/08\/INTEC-1.jpg?resize=350%2C200&ssl=1 1x, https:\/\/i0.wp.com\/lasprimeras.com.do\/wp-content\/uploads\/2025\/08\/INTEC-1.jpg?resize=525%2C300&ssl=1 1.5x, https:\/\/i0.wp.com\/lasprimeras.com.do\/wp-content\/uploads\/2025\/08\/INTEC-1.jpg?resize=700%2C400&ssl=1 2x"},"classes":[]},{"id":76010,"url":"https:\/\/lasprimeras.com.do\/index.php\/2024\/02\/06\/sebastian-pinera-visito-rd-en-al-menos-cinco-ocasiones-critico-la-educacion-y-motivo-dialogo-con-haiti\/","url_meta":{"origin":63244,"position":2},"title":"Sebasti\u00e1n Pi\u00f1era visit\u00f3 RD en al menos cinco ocasiones; critic\u00f3 la educaci\u00f3n y motiv\u00f3 di\u00e1logo con Hait\u00ed","author":"Nelson Feliz","date":"6 de febrero de 2024","format":false,"excerpt":"Pi\u00f1era, quien lider\u00f3 Chile en los periodos 2010-2014 y 2018-2022, visit\u00f3 Rep\u00fablica Dominicana para establecer una cooperaci\u00f3n y entendimiento mutuo. Santo Domingo, RD.-. El expresidente chileno Sebasti\u00e1n Pi\u00f1era quien falleci\u00f3 la tarde de este martes en un accidente a\u00e9reo, hab\u00eda visitado Rep\u00fablica Dominicana en diferentes ocasiones, forjando un legado de\u2026","rel":"","context":"En \u00abNACIONALES\u00bb","block_context":{"text":"NACIONALES","link":"https:\/\/lasprimeras.com.do\/index.php\/category\/nacionales\/"},"img":{"alt_text":"Sebasti\u00e1n Pi\u00f1era","src":"https:\/\/i0.wp.com\/lasprimeras.com.do\/wp-content\/uploads\/2024\/02\/Sebastian-Pinera-1.jpeg?resize=350%2C200&ssl=1","width":350,"height":200,"srcset":"https:\/\/i0.wp.com\/lasprimeras.com.do\/wp-content\/uploads\/2024\/02\/Sebastian-Pinera-1.jpeg?resize=350%2C200&ssl=1 1x, https:\/\/i0.wp.com\/lasprimeras.com.do\/wp-content\/uploads\/2024\/02\/Sebastian-Pinera-1.jpeg?resize=525%2C300&ssl=1 1.5x, https:\/\/i0.wp.com\/lasprimeras.com.do\/wp-content\/uploads\/2024\/02\/Sebastian-Pinera-1.jpeg?resize=700%2C400&ssl=1 2x"},"classes":[]},{"id":113717,"url":"https:\/\/lasprimeras.com.do\/index.php\/2025\/11\/05\/conaleche-participa-en-la-cumbre-mundial-de-la-lecheria-world-dairy-summit-2025-en-chile\/","url_meta":{"origin":63244,"position":3},"title":"CONALECHE participa en la &#8220;Cumbre Mundial de la Lecher\u00eda&#8221; World Dairy Summit 2025 en Chile","author":"Nelson Feliz","date":"5 de noviembre de 2025","format":false,"excerpt":"El Consejo Nacional para la Reglamentaci\u00f3n y Fomento de la Industria Lechera (CONALECHE) particip\u00f3 en la Cumbre Mundial de la Lecher\u00eda (IDF World Dairy Summit 2025), el principal evento internacional del sector, celebrado por primera vez en Sudam\u00e9rica. El encuentro, realizado en Chile, reuni\u00f3 a m\u00e1s de 1,090 participantes de\u2026","rel":"","context":"En \u00abNACIONALES\u00bb","block_context":{"text":"NACIONALES","link":"https:\/\/lasprimeras.com.do\/index.php\/category\/nacionales\/"},"img":{"alt_text":"","src":"https:\/\/i0.wp.com\/lasprimeras.com.do\/wp-content\/uploads\/2025\/11\/CONALECHE.jpg?resize=350%2C200&ssl=1","width":350,"height":200,"srcset":"https:\/\/i0.wp.com\/lasprimeras.com.do\/wp-content\/uploads\/2025\/11\/CONALECHE.jpg?resize=350%2C200&ssl=1 1x, https:\/\/i0.wp.com\/lasprimeras.com.do\/wp-content\/uploads\/2025\/11\/CONALECHE.jpg?resize=525%2C300&ssl=1 1.5x, https:\/\/i0.wp.com\/lasprimeras.com.do\/wp-content\/uploads\/2025\/11\/CONALECHE.jpg?resize=700%2C400&ssl=1 2x"},"classes":[]},{"id":108435,"url":"https:\/\/lasprimeras.com.do\/index.php\/2025\/09\/07\/mision-fmi-conoce-avances-y-estabilidad-economica-de-rd-apoyada-en-energia-y-mineria\/","url_meta":{"origin":63244,"position":4},"title":"Misi\u00f3n FMI conoce avances y estabilidad econ\u00f3mica de RD apoyada en energ\u00eda y miner\u00eda","author":"Nelson Feliz","date":"7 de septiembre de 2025","format":false,"excerpt":"El ministro Joel Santos resalta 40% inversi\u00f3n extranjera directa (IED) est\u00e1 representado por los sectores energ\u00eda y miner\u00eda. La misi\u00f3n del Fondo Monetario Internacional (FMI), que visita el pa\u00eds en el contexto de la revisi\u00f3n anual del Art\u00edculo IV, conoci\u00f3 los avances de Rep\u00fablica Dominicana en los sectores de energ\u00eda\u2026","rel":"","context":"En \u00abECONOM\u00cdA\u00bb","block_context":{"text":"ECONOM\u00cdA","link":"https:\/\/lasprimeras.com.do\/index.php\/category\/economia\/"},"img":{"alt_text":"","src":"https:\/\/i0.wp.com\/lasprimeras.com.do\/wp-content\/uploads\/2025\/09\/energia-y-mina.jpg?resize=350%2C200&ssl=1","width":350,"height":200,"srcset":"https:\/\/i0.wp.com\/lasprimeras.com.do\/wp-content\/uploads\/2025\/09\/energia-y-mina.jpg?resize=350%2C200&ssl=1 1x, https:\/\/i0.wp.com\/lasprimeras.com.do\/wp-content\/uploads\/2025\/09\/energia-y-mina.jpg?resize=525%2C300&ssl=1 1.5x, https:\/\/i0.wp.com\/lasprimeras.com.do\/wp-content\/uploads\/2025\/09\/energia-y-mina.jpg?resize=700%2C400&ssl=1 2x"},"classes":[]},{"id":122355,"url":"https:\/\/lasprimeras.com.do\/index.php\/2026\/02\/16\/mineria-rd-asegura-duplicara-aportes-al-pib-antes-de-2036-proyectan-aumento-exportacion-de-oro\/","url_meta":{"origin":63244,"position":5},"title":"Miner\u00eda RD asegura duplicar\u00e1 aportes al PIB antes de 2036; proyectan aumento exportaci\u00f3n de oro","author":"Nelson Feliz","date":"16 de febrero de 2026","format":false,"excerpt":"Rolando Mu\u00f1oz","rel":"","context":"En \u00abECONOM\u00cdA\u00bb","block_context":{"text":"ECONOM\u00cdA","link":"https:\/\/lasprimeras.com.do\/index.php\/category\/economia\/"},"img":{"alt_text":"Rolando Mu\u00f1oz","src":"https:\/\/i0.wp.com\/lasprimeras.com.do\/wp-content\/uploads\/2026\/02\/Rolando-Munoz.jpg?resize=350%2C200&ssl=1","width":350,"height":200,"srcset":"https:\/\/i0.wp.com\/lasprimeras.com.do\/wp-content\/uploads\/2026\/02\/Rolando-Munoz.jpg?resize=350%2C200&ssl=1 1x, https:\/\/i0.wp.com\/lasprimeras.com.do\/wp-content\/uploads\/2026\/02\/Rolando-Munoz.jpg?resize=525%2C300&ssl=1 1.5x, https:\/\/i0.wp.com\/lasprimeras.com.do\/wp-content\/uploads\/2026\/02\/Rolando-Munoz.jpg?resize=700%2C400&ssl=1 2x"},"classes":[]}],"jetpack_sharing_enabled":true,"_links":{"self":[{"href":"https:\/\/lasprimeras.com.do\/index.php\/wp-json\/wp\/v2\/posts\/63244","targetHints":{"allow":["GET"]}}],"collection":[{"href":"https:\/\/lasprimeras.com.do\/index.php\/wp-json\/wp\/v2\/posts"}],"about":[{"href":"https:\/\/lasprimeras.com.do\/index.php\/wp-json\/wp\/v2\/types\/post"}],"author":[{"embeddable":true,"href":"https:\/\/lasprimeras.com.do\/index.php\/wp-json\/wp\/v2\/users\/2"}],"replies":[{"embeddable":true,"href":"https:\/\/lasprimeras.com.do\/index.php\/wp-json\/wp\/v2\/comments?post=63244"}],"version-history":[{"count":1,"href":"https:\/\/lasprimeras.com.do\/index.php\/wp-json\/wp\/v2\/posts\/63244\/revisions"}],"predecessor-version":[{"id":63246,"href":"https:\/\/lasprimeras.com.do\/index.php\/wp-json\/wp\/v2\/posts\/63244\/revisions\/63246"}],"wp:featuredmedia":[{"embeddable":true,"href":"https:\/\/lasprimeras.com.do\/index.php\/wp-json\/wp\/v2\/media\/63245"}],"wp:attachment":[{"href":"https:\/\/lasprimeras.com.do\/index.php\/wp-json\/wp\/v2\/media?parent=63244"}],"wp:term":[{"taxonomy":"category","embeddable":true,"href":"https:\/\/lasprimeras.com.do\/index.php\/wp-json\/wp\/v2\/categories?post=63244"},{"taxonomy":"post_tag","embeddable":true,"href":"https:\/\/lasprimeras.com.do\/index.php\/wp-json\/wp\/v2\/tags?post=63244"}],"curies":[{"name":"wp","href":"https:\/\/api.w.org\/{rel}","templated":true}]}}