{"id":63273,"date":"2023-10-11T13:18:10","date_gmt":"2023-10-11T17:18:10","guid":{"rendered":"https:\/\/lasprimeras.com.do\/?p=63273"},"modified":"2023-10-11T13:18:11","modified_gmt":"2023-10-11T17:18:11","slug":"la-nasa-revela-las-zonas-de-nueva-york-que-mas-se-estan-hundiendo","status":"publish","type":"post","link":"https:\/\/lasprimeras.com.do\/index.php\/2023\/10\/11\/la-nasa-revela-las-zonas-de-nueva-york-que-mas-se-estan-hundiendo\/","title":{"rendered":"La NASA revela las zonas de Nueva York que m\u00e1s se est\u00e1n hundiendo"},"content":{"rendered":"\n<p><strong>Mira lo que dice este estudio geol\u00f3gico de la NASA sobre Nueva York.<\/strong><\/p>\n\n\n\n<p><strong>Nueva York.<\/strong> Un estudio geol\u00f3gico de la NASA revela que la ciudad de Nueva York experimenta hundimientos y elevaciones de su terreno en diversas \u00e1reas. Este fen\u00f3meno ha sido identificado en Queens y Governors Island, pero las causas de estos movimientos son a\u00fan un misterio.<\/p>\n\n\n\n<p>La ciudad de Nueva York, conformada por un grupo de islas y m\u00e1s de 1 mill\u00f3n de edificios que pesan m\u00e1s de 1,700 millones de libras, est\u00e1 en constante transformaci\u00f3n.<\/p>\n\n\n\n<p>Investigadores de la NASA y la Universidad Rutgers utilizaron radar para rastrear el movimiento vertical del suelo en la ciudad entre 2016 y 2023, encontrando que, en promedio, el \u00e1rea metropolitana se hunde aproximadamente 0.06 pulgadas por a\u00f1o.<\/p>\n\n\n\n<p>Destacan dos \u00e1reas cr\u00edticas de hundimiento: la pista 13\/31 del aeropuerto LaGuardia, con una tasa de hundimiento de aproximadamente 0.15 pulgadas por a\u00f1o, y el estadio Arthur Ashe donde se celebra el US Open, con una tasa de hundimiento de 0.18 pulgadas por a\u00f1o.<\/p>\n\n\n\n<p>Otras \u00e1reas que muestran movimientos similares se encuentran en Queens y Brooklyn.<\/p>\n\n\n\n<p>Curiosamente, algunas \u00e1reas como East Williamsburg, Brooklyn, han experimentado un aumento del terreno de 0.06 pulgadas por a\u00f1o, lo que plantea preguntas sobre por qu\u00e9 algunas \u00e1reas se elevan mientras que otras se hunden.<\/p>\n\n\n\n<p>El movimiento del terreno se atribuye a varias razones, desde modificaciones en el terreno debido a vertederos hasta procesos naturales, como el reajuste del manto terrestre desde la \u00faltima edad de hielo.<\/p>\n\n\n\n<p>El aumento del nivel del mar y el riesgo de inundaciones representan desaf\u00edos significativos para Nueva York, que est\u00e1 tomando medidas para abordar estas preocupaciones.<\/p>\n\n\n\n<p>El informe subraya que la ciudad se est\u00e1 acercando al agua a un ritmo de 1 a 2 mil\u00edmetros por a\u00f1o.<\/p>\n\n\n\n<p>Este fen\u00f3meno plantea importantes desaf\u00edos de seguridad y planificaci\u00f3n para una ciudad con una densa poblaci\u00f3n y un gran n\u00famero de activos en riesgo de inundaci\u00f3n costera.<\/p>\n\n\n\n<p>Adem\u00e1s, se ha se\u00f1alado que muchas de las nuevas construcciones de bienes ra\u00edces en Nueva York no est\u00e1n tomando en serio estos riesgos.<\/p>\n\n\n\n<p>La ciudad de Nueva York enfrenta una amenaza real por el aumento del nivel del mar y la necesidad de adaptarse a estos cambios en el terreno.<\/p>\n","protected":false},"excerpt":{"rendered":"<p>Mira lo que dice este estudio geol\u00f3gico de la NASA sobre Nueva York. Nueva York. Un estudio geol\u00f3gico de la NASA revela que la ciudad de Nueva York experimenta hundimientos&hellip;<\/p>\n","protected":false},"author":2,"featured_media":63274,"comment_status":"open","ping_status":"open","sticky":false,"template":"","format":"standard","meta":{"content-type":"","jetpack_post_was_ever_published":false,"_jetpack_newsletter_access":"","_jetpack_dont_email_post_to_subs":false,"_jetpack_newsletter_tier_id":0,"_jetpack_memberships_contains_paywalled_content":false,"_jetpack_memberships_contains_paid_content":false,"footnotes":""},"categories":[1],"tags":[8441,8440,104,5955],"class_list":["post-63273","post","type-post","status-publish","format-standard","has-post-thumbnail","hentry","category-sin-categoria","tag-hundiendo","tag-nasa","tag-nueva-york","tag-zonas"],"jetpack_featured_media_url":"https:\/\/lasprimeras.com.do\/wp-content\/uploads\/2023\/10\/El-aeropuerto-de-La-Guardia-en-Nueva-York.jpg","jetpack-related-posts":[{"id":50782,"url":"https:\/\/lasprimeras.com.do\/index.php\/2023\/05\/24\/geologos-advierten-nueva-york-se-hunde-por-culpa-de-sus-edificios\/","url_meta":{"origin":63273,"position":0},"title":"Ge\u00f3logos advierten Nueva York se hunde por culpa de sus edificios","author":"prenxa100","date":"24 de mayo de 2023","format":false,"excerpt":"Por AGENCIAS Nueva York.-.Un grupo de ge\u00f3logos sugiere que el peso de la gran cantidad de rascacielos de Nueva York es en parte responsable del hundimiento que est\u00e1 afectando a la ciudad estadounidense, seg\u00fan se detalla en un estudio publicado recientemente por la revista Earth\u2019s Future Journal. Seg\u00fan los expertos,\u2026","rel":"","context":"En \u00abSin categor\u00eda\u00bb","block_context":{"text":"Sin categor\u00eda","link":"https:\/\/lasprimeras.com.do\/index.php\/category\/sin-categoria\/"},"img":{"alt_text":"","src":"","width":0,"height":0},"classes":[]},{"id":51223,"url":"https:\/\/lasprimeras.com.do\/index.php\/2023\/05\/29\/nueva-york-se-hunde-por-el-peso-de-sus-rascacielos\/","url_meta":{"origin":63273,"position":1},"title":"Nueva York se hunde por el peso de sus rascacielos","author":"prenxa100","date":"29 de mayo de 2023","format":false,"excerpt":"Nueva York, EEUU, AP.-.Por si la subida de los oc\u00e9anos no fuera problema suficiente, la ciudad de Nueva York enfrenta un riesgo adicional: la metr\u00f3polis se est\u00e1 hundiendo lentamente bajo el peso de sus rascacielos, casas, asfalto y la propia humanidad. Una nueva investigaci\u00f3n estima que la masa de la\u2026","rel":"","context":"En \u00abSin categor\u00eda\u00bb","block_context":{"text":"Sin categor\u00eda","link":"https:\/\/lasprimeras.com.do\/index.php\/category\/sin-categoria\/"},"img":{"alt_text":"","src":"","width":0,"height":0},"classes":[]},{"id":74819,"url":"https:\/\/lasprimeras.com.do\/index.php\/2024\/01\/26\/la-nasa-en-marte-helicoptero-ingenuity-sufre-danos-en-un-aterrizaje\/","url_meta":{"origin":63273,"position":2},"title":"La Nasa en Marte: Helic\u00f3ptero Ingenuity sufre da\u00f1os en un aterrizaje","author":"Nelson Feliz","date":"26 de enero de 2024","format":false,"excerpt":"Durante una misi\u00f3n extendida que dur\u00f3 casi 1.000 d\u00edas marcianos, m\u00e1s de 33 veces m\u00e1s de lo planeado originalmente. EUROPA PRESS Nueva York, EE.UU.-.El helic\u00f3ptero Ingenuity de la NASA en Marte, que en 2021 se convirti\u00f3 en la primera aeronave a motor bajo control en otro mundo, ha llegado al\u2026","rel":"","context":"En \u00abSin categor\u00eda\u00bb","block_context":{"text":"Sin categor\u00eda","link":"https:\/\/lasprimeras.com.do\/index.php\/category\/sin-categoria\/"},"img":{"alt_text":"Da\u00f1os en una de las palas de Ingenuity apreciables","src":"https:\/\/i0.wp.com\/lasprimeras.com.do\/wp-content\/uploads\/2024\/01\/Danos-en-una-de-las-palas-de-Ingenuity-apreciables.jpeg?resize=350%2C200&ssl=1","width":350,"height":200,"srcset":"https:\/\/i0.wp.com\/lasprimeras.com.do\/wp-content\/uploads\/2024\/01\/Danos-en-una-de-las-palas-de-Ingenuity-apreciables.jpeg?resize=350%2C200&ssl=1 1x, https:\/\/i0.wp.com\/lasprimeras.com.do\/wp-content\/uploads\/2024\/01\/Danos-en-una-de-las-palas-de-Ingenuity-apreciables.jpeg?resize=525%2C300&ssl=1 1.5x, https:\/\/i0.wp.com\/lasprimeras.com.do\/wp-content\/uploads\/2024\/01\/Danos-en-una-de-las-palas-de-Ingenuity-apreciables.jpeg?resize=700%2C400&ssl=1 2x"},"classes":[]},{"id":87187,"url":"https:\/\/lasprimeras.com.do\/index.php\/2024\/08\/08\/por-que-los-astronautas-que-viajaron-en-la-capsula-de-boeing-se-podrian-quedar-varados-en-el-espacio-hasta-2025\/","url_meta":{"origin":63273,"position":3},"title":"Por qu\u00e9 los astronautas que viajaron en la c\u00e1psula de Boeing se podr\u00edan quedar varados en el espacio hasta 2025","author":"Nelson Feliz","date":"8 de agosto de 2024","format":false,"excerpt":"Los dos astronautas de la NASA deb\u00edan haber regresado a la Tierra el pasado 14 de junio, tan solo ocho d\u00edas despu\u00e9s de su lanzamiento desde el Centro Espacial Kennedy en Florida, pero fallas en los propulsores y peque\u00f1as fugas de helio en la Starliner han impedido su regreso. Por:\u2026","rel":"","context":"En \u00abSin categor\u00eda\u00bb","block_context":{"text":"Sin categor\u00eda","link":"https:\/\/lasprimeras.com.do\/index.php\/category\/sin-categoria\/"},"img":{"alt_text":"","src":"https:\/\/i0.wp.com\/lasprimeras.com.do\/wp-content\/uploads\/2024\/08\/nave-Starliner.jpg?resize=350%2C200&ssl=1","width":350,"height":200,"srcset":"https:\/\/i0.wp.com\/lasprimeras.com.do\/wp-content\/uploads\/2024\/08\/nave-Starliner.jpg?resize=350%2C200&ssl=1 1x, https:\/\/i0.wp.com\/lasprimeras.com.do\/wp-content\/uploads\/2024\/08\/nave-Starliner.jpg?resize=525%2C300&ssl=1 1.5x, https:\/\/i0.wp.com\/lasprimeras.com.do\/wp-content\/uploads\/2024\/08\/nave-Starliner.jpg?resize=700%2C400&ssl=1 2x"},"classes":[]},{"id":81533,"url":"https:\/\/lasprimeras.com.do\/index.php\/2024\/04\/22\/continua-grave-tendencia-de-calentamiento-global-segun-la-nasa\/","url_meta":{"origin":63273,"position":4},"title":"Contin\u00faa &#8220;grave tendencia de calentamiento global&#8221; seg\u00fan la NASA","author":"BIMARY DE JES\u00daS Matos","date":"22 de abril de 2024","format":false,"excerpt":"MIAMI, EEUU \u2014\u00a0La Tierra contin\u00faa registrando temperaturas cada vez m\u00e1s c\u00e1lidas y la Organizaci\u00f3n Meteorol\u00f3gica Mundial (OMM) ha advertido de las graves consecuencias del aumento de las temperaturas. El 2022 fue el sexto a\u00f1o con las temperaturas m\u00e1s altas desde 1880, seg\u00fan un informe elaborado por cient\u00edficos de la Administraci\u00f3n\u2026","rel":"","context":"En \u00abSin categor\u00eda\u00bb","block_context":{"text":"Sin categor\u00eda","link":"https:\/\/lasprimeras.com.do\/index.php\/category\/sin-categoria\/"},"img":{"alt_text":"","src":"https:\/\/i0.wp.com\/lasprimeras.com.do\/wp-content\/uploads\/2024\/04\/c195a9cd-92d5-4260-874d-814cf205eab7_w650_r1_s.jpg?resize=350%2C200&ssl=1","width":350,"height":200,"srcset":"https:\/\/i0.wp.com\/lasprimeras.com.do\/wp-content\/uploads\/2024\/04\/c195a9cd-92d5-4260-874d-814cf205eab7_w650_r1_s.jpg?resize=350%2C200&ssl=1 1x, https:\/\/i0.wp.com\/lasprimeras.com.do\/wp-content\/uploads\/2024\/04\/c195a9cd-92d5-4260-874d-814cf205eab7_w650_r1_s.jpg?resize=525%2C300&ssl=1 1.5x"},"classes":[]},{"id":77583,"url":"https:\/\/lasprimeras.com.do\/index.php\/2024\/02\/22\/un-modulo-de-aterrizaje-privado-aterriza-en-la-luna-y-envia-una-senal-debil\/","url_meta":{"origin":63273,"position":5},"title":"Un m\u00f3dulo de aterrizaje privado aterriza en la Luna y env\u00eda una se\u00f1al d\u00e9bil","author":"Nelson Feliz","date":"22 de febrero de 2024","format":false,"excerpt":"Por Prensa Asociada CABO CA\u00d1AVERAL, FLORIDA \u2014 Un m\u00f3dulo de aterrizaje lunar privado estadounidense aterriz\u00f3 en la Luna el jueves, pero el contacto con la nave fue d\u00e9bil, dijeron funcionarios de la compa\u00f1\u00eda. No hubo actualizaciones inmediatas sobre el estado del m\u00f3dulo de aterrizaje por parte de la empresa Intuitive\u2026","rel":"","context":"En \u00abSin categor\u00eda\u00bb","block_context":{"text":"Sin categor\u00eda","link":"https:\/\/lasprimeras.com.do\/index.php\/category\/sin-categoria\/"},"img":{"alt_text":"se\u00f1al","src":"https:\/\/i0.wp.com\/lasprimeras.com.do\/wp-content\/uploads\/2024\/02\/senal-1.jpg?resize=350%2C200&ssl=1","width":350,"height":200,"srcset":"https:\/\/i0.wp.com\/lasprimeras.com.do\/wp-content\/uploads\/2024\/02\/senal-1.jpg?resize=350%2C200&ssl=1 1x, https:\/\/i0.wp.com\/lasprimeras.com.do\/wp-content\/uploads\/2024\/02\/senal-1.jpg?resize=525%2C300&ssl=1 1.5x"},"classes":[]}],"jetpack_sharing_enabled":true,"_links":{"self":[{"href":"https:\/\/lasprimeras.com.do\/index.php\/wp-json\/wp\/v2\/posts\/63273","targetHints":{"allow":["GET"]}}],"collection":[{"href":"https:\/\/lasprimeras.com.do\/index.php\/wp-json\/wp\/v2\/posts"}],"about":[{"href":"https:\/\/lasprimeras.com.do\/index.php\/wp-json\/wp\/v2\/types\/post"}],"author":[{"embeddable":true,"href":"https:\/\/lasprimeras.com.do\/index.php\/wp-json\/wp\/v2\/users\/2"}],"replies":[{"embeddable":true,"href":"https:\/\/lasprimeras.com.do\/index.php\/wp-json\/wp\/v2\/comments?post=63273"}],"version-history":[{"count":1,"href":"https:\/\/lasprimeras.com.do\/index.php\/wp-json\/wp\/v2\/posts\/63273\/revisions"}],"predecessor-version":[{"id":63275,"href":"https:\/\/lasprimeras.com.do\/index.php\/wp-json\/wp\/v2\/posts\/63273\/revisions\/63275"}],"wp:featuredmedia":[{"embeddable":true,"href":"https:\/\/lasprimeras.com.do\/index.php\/wp-json\/wp\/v2\/media\/63274"}],"wp:attachment":[{"href":"https:\/\/lasprimeras.com.do\/index.php\/wp-json\/wp\/v2\/media?parent=63273"}],"wp:term":[{"taxonomy":"category","embeddable":true,"href":"https:\/\/lasprimeras.com.do\/index.php\/wp-json\/wp\/v2\/categories?post=63273"},{"taxonomy":"post_tag","embeddable":true,"href":"https:\/\/lasprimeras.com.do\/index.php\/wp-json\/wp\/v2\/tags?post=63273"}],"curies":[{"name":"wp","href":"https:\/\/api.w.org\/{rel}","templated":true}]}}