{"id":63282,"date":"2023-10-11T13:59:32","date_gmt":"2023-10-11T17:59:32","guid":{"rendered":"https:\/\/lasprimeras.com.do\/?p=63282"},"modified":"2023-10-11T13:59:34","modified_gmt":"2023-10-11T17:59:34","slug":"eted-dara-apertura-a-la-linea-69-kv-cruce-de-ocoa-san-jose-de-ocoa-para","status":"publish","type":"post","link":"https:\/\/lasprimeras.com.do\/index.php\/2023\/10\/11\/eted-dara-apertura-a-la-linea-69-kv-cruce-de-ocoa-san-jose-de-ocoa-para\/","title":{"rendered":"ETED dar\u00e1 apertura a la l\u00ednea 69 kV Cruce de Ocoa &#8211; San Jos\u00e9 de Ocoa para"},"content":{"rendered":"\n<p><strong>ETED facilitar\u00e1 trabajos a EDESUR<\/strong><\/p>\n\n\n\n<p>Por Mart\u00edn Restituyo<\/p>\n\n\n\n<p>La Empresa de Transmisi\u00f3n El\u00e9ctrica Dominicana (ETED) informa que, este jueves 12 de octubre, dar\u00e1 apertura a la l\u00ednea 69 kV Cruce de Ocoa &#8211; San Jos\u00e9 de Ocoa, para facilitar que la Empresa Distribuidora de Electricidad del Sur (EDESUR) corrija unos puntos rojos provocados por las altas temperaturas, esto en horario de 10:00 a.m. a 2:00 p.m.<\/p>\n\n\n\n<p>Por estos trabajos resultar\u00e1 afectado el servicio el\u00e9ctrico en San Jos\u00e9 de Ocoa.<\/p>\n\n\n\n<p>La ETED pide disculpas por los inconvenientes que pueda causar esta apertura de l\u00ednea, y apela a la comprensi\u00f3n de los ciudadanos en las zonas afectadas.<\/p>\n\n\n\n<p>Estas acciones son parte del compromiso de la empresa de garantizar un servicio de transporte de energ\u00eda en alta tensi\u00f3n estable, eficiente y de calidad que d\u00e9 respuesta a las necesidades de la ciudadan\u00eda, acorde a los mandatos del Gobierno.<\/p>\n\n\n\n<p>La Empresa de Transmisi\u00f3n El\u00e9ctrica Dominicana es una compa\u00f1\u00eda el\u00e9ctrica estatal descentralizada, cuyo objetivo es construir, expandir y operar el Sistema El\u00e9ctrico Nacional Interconectado (SENI), para proveer servicios de transporte de energ\u00eda el\u00e9ctrica en alta tensi\u00f3n y telecomunicaciones por fibra \u00f3ptica a todo el territorio nacional.<\/p>\n","protected":false},"excerpt":{"rendered":"<p>ETED facilitar\u00e1 trabajos a EDESUR Por Mart\u00edn Restituyo La Empresa de Transmisi\u00f3n El\u00e9ctrica Dominicana (ETED) informa que, este jueves 12 de octubre, dar\u00e1 apertura a la l\u00ednea 69 kV Cruce&hellip;<\/p>\n","protected":false},"author":2,"featured_media":63283,"comment_status":"open","ping_status":"open","sticky":false,"template":"","format":"standard","meta":{"content-type":"","jetpack_post_was_ever_published":false,"_jetpack_newsletter_access":"","_jetpack_dont_email_post_to_subs":false,"_jetpack_newsletter_tier_id":0,"_jetpack_memberships_contains_paywalled_content":false,"_jetpack_memberships_contains_paid_content":false,"footnotes":""},"categories":[35,25],"tags":[5134],"class_list":["post-63282","post","type-post","status-publish","format-standard","has-post-thumbnail","hentry","category-nacionales","category-portada","tag-eted"],"jetpack_featured_media_url":"https:\/\/lasprimeras.com.do\/wp-content\/uploads\/2023\/10\/ETED-1.jpg","jetpack-related-posts":[{"id":63350,"url":"https:\/\/lasprimeras.com.do\/index.php\/2023\/10\/11\/eted-dara-mantenimiento-en-subestacion-de-sfm-y-apertura-linea-69-kv-cruce-de-ocoa\/","url_meta":{"origin":63282,"position":0},"title":"ETED dar\u00e1 mantenimiento en subestaci\u00f3n de SFM y apertura l\u00ednea 69 kV Cruce de Ocoa","author":"Nelson Feliz","date":"11 de octubre de 2023","format":false,"excerpt":"Por Martin Restituyo La Empresa de Transmisi\u00f3n El\u00e9ctrica Dominicana (ETED) informa que este jueves dar\u00e1 mantenimiento al Autotransformador de la subestaci\u00f3n 138\/69 kV San Francisco de Macor\u00eds, dar\u00e1 apertura a la l\u00ednea 69 kV Cruce de Ocoa - San Jos\u00e9 de Ocoa para facilitar que la Empresa Distribuidora de Electricidad\u2026","rel":"","context":"En \u00abNACIONALES\u00bb","block_context":{"text":"NACIONALES","link":"https:\/\/lasprimeras.com.do\/index.php\/category\/nacionales\/"},"img":{"alt_text":"ETED","src":"https:\/\/i0.wp.com\/lasprimeras.com.do\/wp-content\/uploads\/2023\/10\/ETED-1-1.jpg?resize=350%2C200&ssl=1","width":350,"height":200,"srcset":"https:\/\/i0.wp.com\/lasprimeras.com.do\/wp-content\/uploads\/2023\/10\/ETED-1-1.jpg?resize=350%2C200&ssl=1 1x, https:\/\/i0.wp.com\/lasprimeras.com.do\/wp-content\/uploads\/2023\/10\/ETED-1-1.jpg?resize=525%2C300&ssl=1 1.5x, https:\/\/i0.wp.com\/lasprimeras.com.do\/wp-content\/uploads\/2023\/10\/ETED-1-1.jpg?resize=700%2C400&ssl=1 2x"},"classes":[]},{"id":61040,"url":"https:\/\/lasprimeras.com.do\/index.php\/2023\/09\/21\/eted-realizara-trabajos-este-viernes-en-linea-69-kv-de-ocoa\/","url_meta":{"origin":63282,"position":1},"title":"ETED realizar\u00e1 trabajos este viernes en l\u00ednea 69 kV de Ocoa","author":"Nelson Feliz","date":"21 de septiembre de 2023","format":false,"excerpt":"Por Martin Restituyo La Empresa de Transmisi\u00f3n El\u00e9ctrica Dominicana (ETED) informa que, este viernes 22 de septiembre, dar\u00e1 mantenimiento preventivo a la l\u00ednea 69 kV Cruce de Ocoa \u2013 Ocoa, como parte de los trabajos para optimizar las infraestructuras el\u00e9ctricas en el pa\u00eds. Estos trabajos consistir\u00e1n en sustituir estructuras en\u2026","rel":"","context":"En \u00abNACIONALES\u00bb","block_context":{"text":"NACIONALES","link":"https:\/\/lasprimeras.com.do\/index.php\/category\/nacionales\/"},"img":{"alt_text":"Redes ETED","src":"https:\/\/i0.wp.com\/lasprimeras.com.do\/wp-content\/uploads\/2023\/09\/Redes-ETED.jpg?resize=350%2C200&ssl=1","width":350,"height":200,"srcset":"https:\/\/i0.wp.com\/lasprimeras.com.do\/wp-content\/uploads\/2023\/09\/Redes-ETED.jpg?resize=350%2C200&ssl=1 1x, https:\/\/i0.wp.com\/lasprimeras.com.do\/wp-content\/uploads\/2023\/09\/Redes-ETED.jpg?resize=525%2C300&ssl=1 1.5x, https:\/\/i0.wp.com\/lasprimeras.com.do\/wp-content\/uploads\/2023\/09\/Redes-ETED.jpg?resize=700%2C400&ssl=1 2x"},"classes":[]},{"id":89531,"url":"https:\/\/lasprimeras.com.do\/index.php\/2024\/09\/26\/eted-apertura-linea-de-transmision-69-kv-cruce-de-cabral-barahona\/","url_meta":{"origin":63282,"position":2},"title":"ETED apertura l\u00ednea de transmisi\u00f3n 69 kV Cruce de Cabral-Barahona","author":"Nelson Feliz","date":"26 de septiembre de 2024","format":false,"excerpt":"La Empresa de Transmisi\u00f3n El\u00e9ctrica Dominicana ETED informa que, dar\u00e1 apertura a la l\u00ednea de transmisi\u00f3n 69 kV Cruce de Cabral \u2013 Barahona, para facilitar a la empresa contratista Grupo FOM, trabajos de desmantelamiento de una l\u00ednea vieja e instalar una nueva. Los trabajos de apertura de la l\u00ednea iniciar\u00e1n\u2026","rel":"","context":"En \u00abNACIONALES\u00bb","block_context":{"text":"NACIONALES","link":"https:\/\/lasprimeras.com.do\/index.php\/category\/nacionales\/"},"img":{"alt_text":"","src":"https:\/\/i0.wp.com\/lasprimeras.com.do\/wp-content\/uploads\/2024\/09\/Apertura-linea.jpg?resize=350%2C200&ssl=1","width":350,"height":200,"srcset":"https:\/\/i0.wp.com\/lasprimeras.com.do\/wp-content\/uploads\/2024\/09\/Apertura-linea.jpg?resize=350%2C200&ssl=1 1x, https:\/\/i0.wp.com\/lasprimeras.com.do\/wp-content\/uploads\/2024\/09\/Apertura-linea.jpg?resize=525%2C300&ssl=1 1.5x, https:\/\/i0.wp.com\/lasprimeras.com.do\/wp-content\/uploads\/2024\/09\/Apertura-linea.jpg?resize=700%2C400&ssl=1 2x"},"classes":[]},{"id":101940,"url":"https:\/\/lasprimeras.com.do\/index.php\/2025\/06\/28\/eted-trabaja-en-el-reforzamiento-del-sistema-electrico-en-la-linea-69-kv-haina-refineria\/","url_meta":{"origin":63282,"position":3},"title":"ETED trabaja en el reforzamiento del sistema el\u00e9ctrico en la l\u00ednea 69 kV Haina\u2013Refiner\u00eda","author":"Nelson Feliz","date":"28 de junio de 2025","format":false,"excerpt":"La Empresa de Transmisi\u00f3n El\u00e9ctrica Dominicana (ETED) informa que, este domingo, 29 de junio, de 9:00 a.m. a 1:00 p.m., llevar\u00e1 a cabo la apertura de la l\u00ednea 69 kV Haina\u2013Refiner\u00eda y la interconexi\u00f3n de una subestaci\u00f3n m\u00f3vil de 80 MVA, instalada en el almac\u00e9n de Itabo, con la finalidad\u2026","rel":"","context":"En \u00abNACIONALES\u00bb","block_context":{"text":"NACIONALES","link":"https:\/\/lasprimeras.com.do\/index.php\/category\/nacionales\/"},"img":{"alt_text":"","src":"https:\/\/i0.wp.com\/lasprimeras.com.do\/wp-content\/uploads\/2025\/06\/ETED.jpg?resize=350%2C200&ssl=1","width":350,"height":200,"srcset":"https:\/\/i0.wp.com\/lasprimeras.com.do\/wp-content\/uploads\/2025\/06\/ETED.jpg?resize=350%2C200&ssl=1 1x, https:\/\/i0.wp.com\/lasprimeras.com.do\/wp-content\/uploads\/2025\/06\/ETED.jpg?resize=525%2C300&ssl=1 1.5x, https:\/\/i0.wp.com\/lasprimeras.com.do\/wp-content\/uploads\/2025\/06\/ETED.jpg?resize=700%2C400&ssl=1 2x"},"classes":[]},{"id":62571,"url":"https:\/\/lasprimeras.com.do\/index.php\/2023\/10\/05\/eted-dara-apertura-de-emergencia-a-la-linea-69-kv-duverge-las-damas-por-trabajos-de-egehid\/","url_meta":{"origin":63282,"position":4},"title":"ETED dar\u00e1 apertura de emergencia a la l\u00ednea 69 kV Duverg\u00e9 &#8211; Las Damas por trabajos de EGEHID","author":"Nelson Feliz","date":"5 de octubre de 2023","format":false,"excerpt":"Por Martin Restituyo La Empresa de Transmisi\u00f3n El\u00e9ctrica Dominicana (ETED) informa que, este viernes 6 de octubre dar\u00e1 apertura de emergencia a la l\u00ednea 69 kV Duverg\u00e9 -Las Damas, por solicitud de la Empresa de Generaci\u00f3n Hidroel\u00e9ctrica Dominicana (EGEHID), para completar el aceite del transformador principal de la Central Hidroel\u00e9ctrica\u2026","rel":"","context":"En \u00abNACIONALES\u00bb","block_context":{"text":"NACIONALES","link":"https:\/\/lasprimeras.com.do\/index.php\/category\/nacionales\/"},"img":{"alt_text":"ETED","src":"https:\/\/i0.wp.com\/lasprimeras.com.do\/wp-content\/uploads\/2023\/09\/ETED.jpg?resize=350%2C200&ssl=1","width":350,"height":200,"srcset":"https:\/\/i0.wp.com\/lasprimeras.com.do\/wp-content\/uploads\/2023\/09\/ETED.jpg?resize=350%2C200&ssl=1 1x, https:\/\/i0.wp.com\/lasprimeras.com.do\/wp-content\/uploads\/2023\/09\/ETED.jpg?resize=525%2C300&ssl=1 1.5x, https:\/\/i0.wp.com\/lasprimeras.com.do\/wp-content\/uploads\/2023\/09\/ETED.jpg?resize=700%2C400&ssl=1 2x"},"classes":[]},{"id":104113,"url":"https:\/\/lasprimeras.com.do\/index.php\/2025\/07\/21\/eted-dara-mantenimiento-este-martes-en-linea-de-transmision-y-subestacion-electrica\/","url_meta":{"origin":63282,"position":5},"title":"ETED dar\u00e1 mantenimiento este martes en l\u00ednea de transmisi\u00f3n y subestaci\u00f3n el\u00e9ctrica","author":"Nelson Feliz","date":"21 de julio de 2025","format":false,"excerpt":"La Empresa de Transmisi\u00f3n El\u00e9ctrica Dominicana (ETED) inform\u00f3 que este martes realizar\u00e1 trabajos programados de mantenimiento en la l\u00ednea de transmisi\u00f3n 69 kV Pimentel \u2013 San Francisco de Macor\u00eds y en la subestaci\u00f3n 69 kV Boca Chica \u2013 SPM, como parte de su compromiso con el fortalecimiento del servicio de\u2026","rel":"","context":"En \u00abNACIONALES\u00bb","block_context":{"text":"NACIONALES","link":"https:\/\/lasprimeras.com.do\/index.php\/category\/nacionales\/"},"img":{"alt_text":"ETED","src":"https:\/\/i0.wp.com\/lasprimeras.com.do\/wp-content\/uploads\/2023\/10\/ETED-4.jpg?resize=350%2C200&ssl=1","width":350,"height":200,"srcset":"https:\/\/i0.wp.com\/lasprimeras.com.do\/wp-content\/uploads\/2023\/10\/ETED-4.jpg?resize=350%2C200&ssl=1 1x, https:\/\/i0.wp.com\/lasprimeras.com.do\/wp-content\/uploads\/2023\/10\/ETED-4.jpg?resize=525%2C300&ssl=1 1.5x, https:\/\/i0.wp.com\/lasprimeras.com.do\/wp-content\/uploads\/2023\/10\/ETED-4.jpg?resize=700%2C400&ssl=1 2x"},"classes":[]}],"jetpack_sharing_enabled":true,"_links":{"self":[{"href":"https:\/\/lasprimeras.com.do\/index.php\/wp-json\/wp\/v2\/posts\/63282","targetHints":{"allow":["GET"]}}],"collection":[{"href":"https:\/\/lasprimeras.com.do\/index.php\/wp-json\/wp\/v2\/posts"}],"about":[{"href":"https:\/\/lasprimeras.com.do\/index.php\/wp-json\/wp\/v2\/types\/post"}],"author":[{"embeddable":true,"href":"https:\/\/lasprimeras.com.do\/index.php\/wp-json\/wp\/v2\/users\/2"}],"replies":[{"embeddable":true,"href":"https:\/\/lasprimeras.com.do\/index.php\/wp-json\/wp\/v2\/comments?post=63282"}],"version-history":[{"count":1,"href":"https:\/\/lasprimeras.com.do\/index.php\/wp-json\/wp\/v2\/posts\/63282\/revisions"}],"predecessor-version":[{"id":63284,"href":"https:\/\/lasprimeras.com.do\/index.php\/wp-json\/wp\/v2\/posts\/63282\/revisions\/63284"}],"wp:featuredmedia":[{"embeddable":true,"href":"https:\/\/lasprimeras.com.do\/index.php\/wp-json\/wp\/v2\/media\/63283"}],"wp:attachment":[{"href":"https:\/\/lasprimeras.com.do\/index.php\/wp-json\/wp\/v2\/media?parent=63282"}],"wp:term":[{"taxonomy":"category","embeddable":true,"href":"https:\/\/lasprimeras.com.do\/index.php\/wp-json\/wp\/v2\/categories?post=63282"},{"taxonomy":"post_tag","embeddable":true,"href":"https:\/\/lasprimeras.com.do\/index.php\/wp-json\/wp\/v2\/tags?post=63282"}],"curies":[{"name":"wp","href":"https:\/\/api.w.org\/{rel}","templated":true}]}}