{"id":63291,"date":"2023-10-11T14:57:27","date_gmt":"2023-10-11T18:57:27","guid":{"rendered":"https:\/\/lasprimeras.com.do\/?p=63291"},"modified":"2023-10-11T14:57:28","modified_gmt":"2023-10-11T18:57:28","slug":"aportes-banreservas-al-deporte-superan-los-rd700-millones","status":"publish","type":"post","link":"https:\/\/lasprimeras.com.do\/index.php\/2023\/10\/11\/aportes-banreservas-al-deporte-superan-los-rd700-millones\/","title":{"rendered":"Aportes Banreservas al deporte superan los RD$700 millones"},"content":{"rendered":"\n<p>SANTO DOMINGO.- El administrador general del Banco de Reservas, Samuel Pereyra, revel\u00f3 que los aportes de esa entidad financiera al deporte superaron los RD$700 millones en los \u00faltimos tres a\u00f1os.<\/p>\n\n\n\n<p>Pereyra detall\u00f3 que el respaldo al b\u00e9isbol, en diferentes modalidades, se increment\u00f3 de RD$40.8 millones en 2021 a RD$172.4 millones en 2023; al baloncesto aument\u00f3 de RD$47.2 millones a RD$62.9 millones; y el f\u00fatbol pas\u00f3 de RD$2 millones a RD$30.1 millones.<\/p>\n\n\n\n<p>Adem\u00e1s, el Banco destin\u00f3 -al conjunto de las dem\u00e1s disciplinas- RD$47.4 millones en 2021, e increment\u00f3 el monto a RD$107.8 millones, en 2023.<\/p>\n\n\n\n<p>Pereyra agreg\u00f3 que, en colaboraci\u00f3n con la Presidencia de la Rep\u00fablica y el Ministerio de Deportes, la instituci\u00f3n financiera ha donado RD$188.7 millones para la remodelaci\u00f3n y construcci\u00f3n de infraestructuras deportivas, como canchas de baloncesto y plays de b\u00e9isbol.<\/p>\n\n\n\n<p>El ejecutivo bancario hizo la revelaci\u00f3n durante el Conversatorio Apoyo de Banreservas al Sector Deporte, en el que participaron como panelistas Francisco Jos\u00e9 Camacho, ministro de Deportes; Vitelio Mej\u00eda, presidente de la Liga de B\u00e9isbol Profesional de la Rep\u00fablica Dominicana (LIDOM); Rafael Uribe, presidente de la Federaci\u00f3n Dominicana de Baloncesto (FEDOMBAL); y Manuel Estrella, presidente de la Liga Dominicana de F\u00fatbol.<\/p>\n\n\n\n<p>\u00abEsta administraci\u00f3n general de Banreservas siempre ha considerado que el deporte es un bien com\u00fan de primera importancia para el desarrollo de los ciudadanos. Por esta raz\u00f3n, hemos desembolsado significativos recursos destinados a las diversas disciplinas, demostrando el inter\u00e9s y el entusiasmo de nuestra instituci\u00f3n con el desarrollo de los atletas nacionales, de todas las edades y sectores sociales\u00bb, dijo.<\/p>\n\n\n\n<p>Destac\u00f3 que el banco es un firme apoyo de importantes eventos deportivos, siendo el patrocinador oficial de los campeonatos de b\u00e9isbol oto\u00f1o-invernal; de baloncesto superior en Santo Domingo y Santiago, de f\u00fatbol profesional en Santiago de los Caballeros; y de voleibol femenino con el apoyo a las Reinas del Caribe, entre otras disciplinas.<\/p>\n\n\n\n<p>Un informe del Banco Central de la Rep\u00fablica Dominicana registra que el sector deportes representa cerca del 6.7% de la actividad econ\u00f3mica dominicana. Seg\u00fan este documento, luego de la pandemia del COVID-19, este sector ha mostrado un crecimiento por encima del promedio. Desde el \u00faltimo trimestre del 2021, este rengl\u00f3n ha aumentado su producci\u00f3n en 7.6%, superior al 4.7% del PIB.<\/p>\n\n\n\n<p>De manera particular, en el segundo trimestre de este a\u00f1o, el sector increment\u00f3 su actividad econ\u00f3mica en 4.7%, superando por m\u00e1s de cuatro veces el crecimiento del PIB del mismo trimestre (0.97%).<\/p>\n\n\n\n<p>A la actividad, celebrada en el Sport Bar del Club Banreservas, asistieron tambi\u00e9n ejecutivos del banco, presidentes de federaciones deportivas, directivos de equipos de beisbol, atletas y representantes de medios de comunicaci\u00f3n.<\/p>\n","protected":false},"excerpt":{"rendered":"<p>SANTO DOMINGO.- El administrador general del Banco de Reservas, Samuel Pereyra, revel\u00f3 que los aportes de esa entidad financiera al deporte superaron los RD$700 millones en los \u00faltimos tres a\u00f1os.&hellip;<\/p>\n","protected":false},"author":3,"featured_media":63292,"comment_status":"open","ping_status":"open","sticky":false,"template":"","format":"standard","meta":{"content-type":"","jetpack_post_was_ever_published":false,"_jetpack_newsletter_access":"","_jetpack_dont_email_post_to_subs":false,"_jetpack_newsletter_tier_id":0,"_jetpack_memberships_contains_paywalled_content":false,"_jetpack_memberships_contains_paid_content":false,"footnotes":""},"categories":[1],"tags":[],"class_list":["post-63291","post","type-post","status-publish","format-standard","has-post-thumbnail","hentry","category-sin-categoria"],"jetpack_featured_media_url":"https:\/\/lasprimeras.com.do\/wp-content\/uploads\/2023\/10\/IMG-20231010-WA0108-7.jpg","jetpack-related-posts":[{"id":64976,"url":"https:\/\/lasprimeras.com.do\/index.php\/2023\/10\/25\/banreservas-abrira-oficinas-en-miami\/","url_meta":{"origin":63291,"position":0},"title":"Banreservas abrir\u00e1 oficinas en Miami","author":"BIMARY DE JES\u00daS Matos","date":"25 de octubre de 2023","format":false,"excerpt":"Santo Domingo .-El Banco de Reservas abrir\u00e1 una nueva oficina de representaci\u00f3n en Miami en el pr\u00f3ximo mes, inform\u00f3 Samuel Pereyra, administrador de Banreservas. Esa nueva oficina se sumar\u00e1n a las ya existentes en Nueva York y Espa\u00f1a, las cuales permitir\u00e1n que m\u00e1s dominicanos en el exterior puedan realizar los\u2026","rel":"","context":"En \u00abPORTADA\u00bb","block_context":{"text":"PORTADA","link":"https:\/\/lasprimeras.com.do\/index.php\/category\/portada\/"},"img":{"alt_text":"","src":"https:\/\/i0.wp.com\/lasprimeras.com.do\/wp-content\/uploads\/2023\/10\/WhatsApp-Image-2023-10-24-at-5.28.33-PM-1.jpeg?resize=350%2C200&ssl=1","width":350,"height":200,"srcset":"https:\/\/i0.wp.com\/lasprimeras.com.do\/wp-content\/uploads\/2023\/10\/WhatsApp-Image-2023-10-24-at-5.28.33-PM-1.jpeg?resize=350%2C200&ssl=1 1x, https:\/\/i0.wp.com\/lasprimeras.com.do\/wp-content\/uploads\/2023\/10\/WhatsApp-Image-2023-10-24-at-5.28.33-PM-1.jpeg?resize=525%2C300&ssl=1 1.5x"},"classes":[]},{"id":99161,"url":"https:\/\/lasprimeras.com.do\/index.php\/2025\/05\/18\/feria-inmobiliaria-en-ny-y-lawrence-supera-financiamientos-por-rd3106-millones\/","url_meta":{"origin":63291,"position":1},"title":"Feria Inmobiliaria en NY y Lawrence supera financiamientos por RD$3,106 millones","author":"Nelson Feliz","date":"18 de mayo de 2025","format":false,"excerpt":"M\u00e1s de 5,450 personas asistieron a los recintos feriales durante los cincos d\u00edas de actividad en ambas ciudadanos estadounidenses Lawrence, Massachusetts, EEUU.- La Feria Inmobiliaria Banreservas celebrada esta semana en New York y Lawrence super\u00f3 todas las expectativas, al cerrar con financiamientos superiores a los RD$3,106 millones para la adquisici\u00f3n\u2026","rel":"","context":"En \u00abECONOM\u00cdA\u00bb","block_context":{"text":"ECONOM\u00cdA","link":"https:\/\/lasprimeras.com.do\/index.php\/category\/economia\/"},"img":{"alt_text":"","src":"https:\/\/i0.wp.com\/lasprimeras.com.do\/wp-content\/uploads\/2025\/05\/Samuel-Pereyra-1.jpg?resize=350%2C200&ssl=1","width":350,"height":200,"srcset":"https:\/\/i0.wp.com\/lasprimeras.com.do\/wp-content\/uploads\/2025\/05\/Samuel-Pereyra-1.jpg?resize=350%2C200&ssl=1 1x, https:\/\/i0.wp.com\/lasprimeras.com.do\/wp-content\/uploads\/2025\/05\/Samuel-Pereyra-1.jpg?resize=525%2C300&ssl=1 1.5x, https:\/\/i0.wp.com\/lasprimeras.com.do\/wp-content\/uploads\/2025\/05\/Samuel-Pereyra-1.jpg?resize=700%2C400&ssl=1 2x"},"classes":[]},{"id":77265,"url":"https:\/\/lasprimeras.com.do\/index.php\/2024\/02\/19\/ministerio-de-agricultura-banco-agricola-y-feda-registran-mejorias-en-produccion-de-alimentos\/","url_meta":{"origin":63291,"position":2},"title":"Ministerio de Agricultura, Banco Agr\u00edcola y FEDA registran mejor\u00edas en producci\u00f3n de alimentos","author":"Nelson Feliz","date":"19 de febrero de 2024","format":false,"excerpt":"El presidente Luis Abinader asegur\u00f3 que Rep\u00fablica Dominicana es en gran parte autosuficiente en materia de seguridad alimentaria, pasando de 88.5% en 2019 a 90.6% en 2023, a pesar de que somos una isla con poco terreno. \u201cPor eso cada d\u00eda que puedo, felicito a los eficientes trabajadores, emprendedores productores\u2026","rel":"","context":"En \u00abECONOM\u00cdA\u00bb","block_context":{"text":"ECONOM\u00cdA","link":"https:\/\/lasprimeras.com.do\/index.php\/category\/economia\/"},"img":{"alt_text":"Luis Abinader","src":"https:\/\/i0.wp.com\/lasprimeras.com.do\/wp-content\/uploads\/2024\/02\/Luis-Abinader-1-1.jpg?resize=350%2C200&ssl=1","width":350,"height":200,"srcset":"https:\/\/i0.wp.com\/lasprimeras.com.do\/wp-content\/uploads\/2024\/02\/Luis-Abinader-1-1.jpg?resize=350%2C200&ssl=1 1x, https:\/\/i0.wp.com\/lasprimeras.com.do\/wp-content\/uploads\/2024\/02\/Luis-Abinader-1-1.jpg?resize=525%2C300&ssl=1 1.5x"},"classes":[]},{"id":84174,"url":"https:\/\/lasprimeras.com.do\/index.php\/2024\/06\/03\/los-activos-del-sistema-financiero-ascendieron-a-rd3-5-billones-a-marzo-de-2024-afirma-sb\/","url_meta":{"origin":63291,"position":3},"title":"Los activos del sistema financiero ascendieron a RD$3.5 billones a marzo de 2024, afirma SB","author":"Nelson Feliz","date":"3 de junio de 2024","format":false,"excerpt":"La Superintendencia de Bancos (SB) sostuvo que los activos totales del sistema financiero dominicano ascendieron a RD$3.5 billones a marzo de 2024, para un crecimiento interanual de RD$518,075 millones, equivalentes a 17.1%, de acuerdo con el Informe trimestral de desempe\u00f1o del sistema financiero. Al cierre del primer trimestre, los activos\u2026","rel":"","context":"En \u00abECONOM\u00cdA\u00bb","block_context":{"text":"ECONOM\u00cdA","link":"https:\/\/lasprimeras.com.do\/index.php\/category\/economia\/"},"img":{"alt_text":"Superintendencia de Bancos","src":"https:\/\/i0.wp.com\/lasprimeras.com.do\/wp-content\/uploads\/2024\/05\/Superintendencia-de-Bancos.jpeg?resize=350%2C200&ssl=1","width":350,"height":200,"srcset":"https:\/\/i0.wp.com\/lasprimeras.com.do\/wp-content\/uploads\/2024\/05\/Superintendencia-de-Bancos.jpeg?resize=350%2C200&ssl=1 1x, https:\/\/i0.wp.com\/lasprimeras.com.do\/wp-content\/uploads\/2024\/05\/Superintendencia-de-Bancos.jpeg?resize=525%2C300&ssl=1 1.5x, https:\/\/i0.wp.com\/lasprimeras.com.do\/wp-content\/uploads\/2024\/05\/Superintendencia-de-Bancos.jpeg?resize=700%2C400&ssl=1 2x"},"classes":[]},{"id":56624,"url":"https:\/\/lasprimeras.com.do\/index.php\/2023\/08\/03\/gobierno-contempla-aumento-de-2-8-del-pib-al-gasto-de-capital-para-dinamizar-la-economia\/","url_meta":{"origin":63291,"position":4},"title":"Gobierno contempla aumento de 2.8 % del PIB al gasto de capital para dinamizar la econom\u00eda","author":"Nelson Feliz","date":"3 de agosto de 2023","format":false,"excerpt":"La deuda p\u00fablica para proyectos de inversi\u00f3n asciende a RD$363,257.8 millones, monto que incluye RD$30,193.2 millones menos que el presupuesto original, lo que reduce el endeudamiento. El anteproyecto de ley presentado por ante la C\u00e1mara de Diputados, contempla inversiones en 8 proyectos, incluyendo obras complementarias de la presa de Monte\u2026","rel":"","context":"En \u00abECONOM\u00cdA\u00bb","block_context":{"text":"ECONOM\u00cdA","link":"https:\/\/lasprimeras.com.do\/index.php\/category\/economia\/"},"img":{"alt_text":"El aumento del gasto de capital, contemplado en el anteproyecto de ley presupuestaria para este a\u00f1o 2023, equivale a un aumento de un 2.8 % del producto interno bruto (PIB).","src":"https:\/\/i0.wp.com\/lasprimeras.com.do\/wp-content\/uploads\/2023\/08\/SENADO.jpeg?resize=350%2C200&ssl=1","width":350,"height":200,"srcset":"https:\/\/i0.wp.com\/lasprimeras.com.do\/wp-content\/uploads\/2023\/08\/SENADO.jpeg?resize=350%2C200&ssl=1 1x, https:\/\/i0.wp.com\/lasprimeras.com.do\/wp-content\/uploads\/2023\/08\/SENADO.jpeg?resize=525%2C300&ssl=1 1.5x, https:\/\/i0.wp.com\/lasprimeras.com.do\/wp-content\/uploads\/2023\/08\/SENADO.jpeg?resize=700%2C400&ssl=1 2x"},"classes":[]},{"id":57317,"url":"https:\/\/lasprimeras.com.do\/index.php\/2023\/08\/11\/dgii-recauda-rd72338-5-millones-en-julio-de-este-ano\/","url_meta":{"origin":63291,"position":5},"title":"DGII recauda RD$72,338.5 millones en julio de este a\u00f1o","author":"Nelson Feliz","date":"11 de agosto de 2023","format":false,"excerpt":"La Direcci\u00f3n General de Impuestos Internos (DGII) inform\u00f3 que las recaudaciones, correspondientes a julio de este a\u00f1o, alcanzaron RD$72,338.5 millones, lo que dijo refleja un cumplimiento 123.4% del total estimado para este periodo. En una nota, la entidad recaudadora indic\u00f3 que este monto incluye RD$13,249.37 millones del acuerdo con las\u2026","rel":"","context":"En \u00abECONOM\u00cdA\u00bb","block_context":{"text":"ECONOM\u00cdA","link":"https:\/\/lasprimeras.com.do\/index.php\/category\/economia\/"},"img":{"alt_text":"DGII","src":"https:\/\/i0.wp.com\/lasprimeras.com.do\/wp-content\/uploads\/2023\/08\/DGII.jpg?resize=350%2C200&ssl=1","width":350,"height":200,"srcset":"https:\/\/i0.wp.com\/lasprimeras.com.do\/wp-content\/uploads\/2023\/08\/DGII.jpg?resize=350%2C200&ssl=1 1x, https:\/\/i0.wp.com\/lasprimeras.com.do\/wp-content\/uploads\/2023\/08\/DGII.jpg?resize=525%2C300&ssl=1 1.5x, https:\/\/i0.wp.com\/lasprimeras.com.do\/wp-content\/uploads\/2023\/08\/DGII.jpg?resize=700%2C400&ssl=1 2x"},"classes":[]}],"jetpack_sharing_enabled":true,"_links":{"self":[{"href":"https:\/\/lasprimeras.com.do\/index.php\/wp-json\/wp\/v2\/posts\/63291","targetHints":{"allow":["GET"]}}],"collection":[{"href":"https:\/\/lasprimeras.com.do\/index.php\/wp-json\/wp\/v2\/posts"}],"about":[{"href":"https:\/\/lasprimeras.com.do\/index.php\/wp-json\/wp\/v2\/types\/post"}],"author":[{"embeddable":true,"href":"https:\/\/lasprimeras.com.do\/index.php\/wp-json\/wp\/v2\/users\/3"}],"replies":[{"embeddable":true,"href":"https:\/\/lasprimeras.com.do\/index.php\/wp-json\/wp\/v2\/comments?post=63291"}],"version-history":[{"count":1,"href":"https:\/\/lasprimeras.com.do\/index.php\/wp-json\/wp\/v2\/posts\/63291\/revisions"}],"predecessor-version":[{"id":63293,"href":"https:\/\/lasprimeras.com.do\/index.php\/wp-json\/wp\/v2\/posts\/63291\/revisions\/63293"}],"wp:featuredmedia":[{"embeddable":true,"href":"https:\/\/lasprimeras.com.do\/index.php\/wp-json\/wp\/v2\/media\/63292"}],"wp:attachment":[{"href":"https:\/\/lasprimeras.com.do\/index.php\/wp-json\/wp\/v2\/media?parent=63291"}],"wp:term":[{"taxonomy":"category","embeddable":true,"href":"https:\/\/lasprimeras.com.do\/index.php\/wp-json\/wp\/v2\/categories?post=63291"},{"taxonomy":"post_tag","embeddable":true,"href":"https:\/\/lasprimeras.com.do\/index.php\/wp-json\/wp\/v2\/tags?post=63291"}],"curies":[{"name":"wp","href":"https:\/\/api.w.org\/{rel}","templated":true}]}}