{"id":63310,"date":"2023-10-11T15:26:58","date_gmt":"2023-10-11T19:26:58","guid":{"rendered":"https:\/\/lasprimeras.com.do\/?p=63310"},"modified":"2023-10-11T15:26:59","modified_gmt":"2023-10-11T19:26:59","slug":"haitianos-en-la-rd-denuncian-el-arrecio-de-operativos-migratorios","status":"publish","type":"post","link":"https:\/\/lasprimeras.com.do\/index.php\/2023\/10\/11\/haitianos-en-la-rd-denuncian-el-arrecio-de-operativos-migratorios\/","title":{"rendered":"Haitianos en la RD denuncian el arrecio de operativos migratorios"},"content":{"rendered":"\n<p>SANTO DOMINGO.- La comunidad haitiana en Rep\u00fablica Dominicana denunci\u00f3 este mi\u00e9rcoles \u00abla intensificaci\u00f3n de las violaciones graves de derechos humanos\u00bb en operativos migratorios \u00abilegales de detenci\u00f3n y expulsi\u00f3n masiva\u00bb por parte de las autoridades dominicanas desde el cierre fronterizo hace casi un mes.<\/p>\n\n\n\n<p>Por disposici\u00f3n del presidente Luis Abinader, el 15 de septiembre pasado qued\u00f3 bloqueada la totalidad de la frontera entre los dos pa\u00edses, una de las medidas adoptadas en represalia a la construcci\u00f3n de un canal de riego en el lado haitiano del fronterizo r\u00edo Masacre, que recibe el nombre de r\u00edo Dajab\u00f3n del lado dominicano.<\/p>\n\n\n\n<p>Desde entonces, seg\u00fan se\u00f1al\u00f3 el colectivo en un comunicado, han arreciado las expulsiones forzosas de personas haitianas, dominicanas de ascendencia haitiana y dominicanas negras sin ascendencia haitiana conocida, derivadas del \u00abel modus operandi de perfilamiento racial\u00bb de las autoridades dominicanas.<\/p>\n\n\n\n<p>\u00abEsta semana el gobierno dominicano hizo un anuncio en falso de que reabrir\u00e1 la frontera y luego anunci\u00f3 el endurecimiento de las medidas\u00bb, excepto por la aplicaci\u00f3n de corredores comerciales para la exportaci\u00f3n de productos esenciales, bajo estrictas medidas de seguridad, y se mantiene indefinidamente el cierre de la frontera con fines migratorios y la no emisi\u00f3n de visas.<\/p>\n\n\n\n<p>Efectivamente, este mi\u00e9rcoles se abri\u00f3 la frontera con fines comerciales en los diferentes pasos, pero en Dajab\u00f3n (norte) se produjo con retraso sobre la hora prevista, las 8.00 de la ma\u00f1ana, a causa de un incendio en las instalaciones del mercado binacional, cuyas causas se investigan.<\/p>\n\n\n\n<p>El incendio, apunt\u00f3 el colectivo, estuvo antecedido \u00abpor amenazas p\u00fablicas de grupos de ultraderecha\u00bb que afirmaron \u00abque no permitir\u00edan la reapertura de la frontera a nivel comercial\u00bb.<\/p>\n\n\n\n<p>La organizaci\u00f3n reiter\u00f3 su rechazo \u00abal discurso de odio del gobierno dominicano que presenta a los trabajadores migrantes haitianos como una carga para el Estado\u201d, una \u00abmentira repetida hasta la saciedad\u00bb y usada \u00abpara justificar la violencia racista contra los inmigrantes haitianos y dominicanos de ascendencia haitiana\u00bb.<\/p>\n\n\n\n<p>Esto, a pesar de que \u00abla fuerza de trabajo inmigrante aporta entre el 7 y el 9,5 % del PIB dominicano\u00bb y aportan a las arcas del Estado tributos directos e indirectos, se\u00f1al\u00f3 el colectivo, que reclam\u00f3 \u00abtodos los derechos laborales reconocidos internacionalmente y en las leyes dominicanas\u00bb, as\u00ed como \u00abcanales abiertos para la regularizaci\u00f3n migratoria\u00bb.<\/p>\n\n\n\n<p>\u00abIntentar capitalizar electoralmente los prejuicios raciales de un sector de la poblaci\u00f3n con medidas de persecuci\u00f3n y discursos de odio es una apuesta arriesgada y \u00e9ticamente condenable\u00bb, se\u00f1al\u00f3 el colectivo en referencia a las medidas, tomadas en v\u00edspera de a\u00f1o electoral.<\/p>\n\n\n\n<p>Los haitianos insistieron en su petici\u00f3n de \u00abcese de deportaciones masivas, sumarias y colectivas, incluyendo las detenciones arbitrarias en base al perfilamiento racial y los allanamientos sin orden judicial de viviendas\u00bb, as\u00ed como el fin del discurso de odio hacia los haitianos.<\/p>\n\n\n\n<p>Tambi\u00e9n abogan por la regularizaci\u00f3n migratoria ordinaria o extraordinaria sin discriminaci\u00f3n por nacionalidad o racial y la apertura de la frontera a todos los niveles, y que se retome la concesi\u00f3n y renovaci\u00f3n de documentos migratorios, sin discriminaci\u00f3n.<\/p>\n","protected":false},"excerpt":{"rendered":"<p>SANTO DOMINGO.- La comunidad haitiana en Rep\u00fablica Dominicana denunci\u00f3 este mi\u00e9rcoles \u00abla intensificaci\u00f3n de las violaciones graves de derechos humanos\u00bb en operativos migratorios \u00abilegales de detenci\u00f3n y expulsi\u00f3n masiva\u00bb por&hellip;<\/p>\n","protected":false},"author":3,"featured_media":63311,"comment_status":"open","ping_status":"open","sticky":false,"template":"","format":"standard","meta":{"content-type":"","jetpack_post_was_ever_published":false,"_jetpack_newsletter_access":"","_jetpack_dont_email_post_to_subs":false,"_jetpack_newsletter_tier_id":0,"_jetpack_memberships_contains_paywalled_content":false,"_jetpack_memberships_contains_paid_content":false,"footnotes":""},"categories":[35],"tags":[7452,3659,2493],"class_list":["post-63310","post","type-post","status-publish","format-standard","has-post-thumbnail","hentry","category-nacionales","tag-haitianos-ilegales","tag-migratorios","tag-operativos"],"jetpack_featured_media_url":"https:\/\/lasprimeras.com.do\/wp-content\/uploads\/2023\/10\/IMG-20231010-WA0108-13.jpg","jetpack-related-posts":[{"id":112389,"url":"https:\/\/lasprimeras.com.do\/index.php\/2025\/10\/21\/ejercito-detiene-60-haitianos-indocumentados-durante-operativo-en-jimani\/","url_meta":{"origin":63310,"position":0},"title":"Ej\u00e9rcito detiene 60 haitianos indocumentados durante operativo en Jiman\u00ed","author":"Nelson Feliz","date":"21 de octubre de 2025","format":false,"excerpt":"Miembros de la Direcci\u00f3n de Inteligencia G-2 y de la uniformada del Ej\u00e9rcito de la Rep\u00fablica Dominicana (ERD), adscritos al 14to. Batall\u00f3n de Infanter\u00eda, detuvieron a 60 nacionales haitianos que se encontraban en territorio dominicano con estatus migratorio irregular, durante un amplio operativo de patrullaje desarrollado en el municipio de\u2026","rel":"","context":"En \u00abMILITARES\u00bb","block_context":{"text":"MILITARES","link":"https:\/\/lasprimeras.com.do\/index.php\/category\/militares\/"},"img":{"alt_text":"","src":"https:\/\/i0.wp.com\/lasprimeras.com.do\/wp-content\/uploads\/2025\/10\/ejer.jpg?resize=350%2C200&ssl=1","width":350,"height":200,"srcset":"https:\/\/i0.wp.com\/lasprimeras.com.do\/wp-content\/uploads\/2025\/10\/ejer.jpg?resize=350%2C200&ssl=1 1x, https:\/\/i0.wp.com\/lasprimeras.com.do\/wp-content\/uploads\/2025\/10\/ejer.jpg?resize=525%2C300&ssl=1 1.5x, https:\/\/i0.wp.com\/lasprimeras.com.do\/wp-content\/uploads\/2025\/10\/ejer.jpg?resize=700%2C400&ssl=1 2x"},"classes":[]},{"id":120290,"url":"https:\/\/lasprimeras.com.do\/index.php\/2026\/01\/22\/ejercito-detiene-a-presunto-traficante-de-indocumentados-y-a-21-haitianos-en-dajabon\/","url_meta":{"origin":63310,"position":1},"title":"Ej\u00e9rcito detiene a presunto traficante de indocumentados y a 21 haitianos en Dajab\u00f3n","author":"Nelson Feliz","date":"22 de enero de 2026","format":false,"excerpt":"El Ej\u00e9rcito de Rep\u00fablica Dominicana (ERD), inform\u00f3 la detenci\u00f3n de un presunto traficante de personas, as\u00ed como de veinti\u00fan (21) nacionales haitianos en condici\u00f3n migratoria irregular, durante un operativo realizado en la provincia Dajab\u00f3n. La intervenci\u00f3n fue lograda con unidades de vigilancia a\u00e9rea (drones) y labores de inteligencia, mediante las\u2026","rel":"","context":"En \u00abMILITARES\u00bb","block_context":{"text":"MILITARES","link":"https:\/\/lasprimeras.com.do\/index.php\/category\/militares\/"},"img":{"alt_text":"","src":"https:\/\/i0.wp.com\/lasprimeras.com.do\/wp-content\/uploads\/2026\/01\/IMG-20260122-WA04861.jpg?resize=350%2C200&ssl=1","width":350,"height":200,"srcset":"https:\/\/i0.wp.com\/lasprimeras.com.do\/wp-content\/uploads\/2026\/01\/IMG-20260122-WA04861.jpg?resize=350%2C200&ssl=1 1x, https:\/\/i0.wp.com\/lasprimeras.com.do\/wp-content\/uploads\/2026\/01\/IMG-20260122-WA04861.jpg?resize=525%2C300&ssl=1 1.5x, https:\/\/i0.wp.com\/lasprimeras.com.do\/wp-content\/uploads\/2026\/01\/IMG-20260122-WA04861.jpg?resize=700%2C400&ssl=1 2x, https:\/\/i0.wp.com\/lasprimeras.com.do\/wp-content\/uploads\/2026\/01\/IMG-20260122-WA04861.jpg?resize=1050%2C600&ssl=1 3x"},"classes":[]},{"id":117154,"url":"https:\/\/lasprimeras.com.do\/index.php\/2025\/12\/08\/detienen-a-dos-dominicanos-y-dos-haitianos-al-intentar-cruzar-ilegalmente-hacia-haiti\/","url_meta":{"origin":63310,"position":2},"title":"Detienen a dos dominicanos y dos haitianos al intentar cruzar ilegalmente hacia Hait\u00ed","author":"Nelson Feliz","date":"8 de diciembre de 2025","format":false,"excerpt":"Miembros del Ej\u00e9rcito de Rep\u00fablica Dominicana (ERD), detuvieron a dos ciudadanos dominicanos y dos nacionales haitianos que intentaban cruzar ilegalmente hacia Hait\u00ed por el punto fronterizo conocido como el Paso de Mariquita, en el municipio de B\u00e1nica, provincia El\u00edas Pi\u00f1a. Los detenidos fueron identificados como Luis Alberto Orozco Ferreira y\u2026","rel":"","context":"En \u00abMILITARES\u00bb","block_context":{"text":"MILITARES","link":"https:\/\/lasprimeras.com.do\/index.php\/category\/militares\/"},"img":{"alt_text":"Ej\u00e9rcito","src":"https:\/\/i0.wp.com\/lasprimeras.com.do\/wp-content\/uploads\/2025\/12\/Ejercito.jpg?resize=350%2C200&ssl=1","width":350,"height":200,"srcset":"https:\/\/i0.wp.com\/lasprimeras.com.do\/wp-content\/uploads\/2025\/12\/Ejercito.jpg?resize=350%2C200&ssl=1 1x, https:\/\/i0.wp.com\/lasprimeras.com.do\/wp-content\/uploads\/2025\/12\/Ejercito.jpg?resize=525%2C300&ssl=1 1.5x, https:\/\/i0.wp.com\/lasprimeras.com.do\/wp-content\/uploads\/2025\/12\/Ejercito.jpg?resize=700%2C400&ssl=1 2x"},"classes":[]},{"id":128246,"url":"https:\/\/lasprimeras.com.do\/index.php\/2026\/04\/21\/ejercito-detiene-a-40-indocumentados-en-operativos-realizados-en-dajabon\/","url_meta":{"origin":63310,"position":3},"title":"Ej\u00e9rcito detiene a 40 indocumentados en operativos realizados en Dajab\u00f3n","author":"Nelson Feliz","date":"21 de abril de 2026","format":false,"excerpt":"El Ej\u00e9rcito de Rep\u00fablica Dominicana (ERD) intercept\u00f3 un grupo de cuarenta (40) nacionales haitianos en condici\u00f3n migratoria irregular, durante dos operativos realizados en la zona fronteriza de la provincia Dajab\u00f3n. En un primer operativo, soldados adscritos al puesto de Masacre, perteneciente al 10mo. Batall\u00f3n de Infanter\u00eda, interceptaron a diecinueve (19)\u2026","rel":"","context":"En \u00abMILITARES\u00bb","block_context":{"text":"MILITARES","link":"https:\/\/lasprimeras.com.do\/index.php\/category\/militares\/"},"img":{"alt_text":"","src":"https:\/\/i0.wp.com\/lasprimeras.com.do\/wp-content\/uploads\/2026\/04\/IMG-20260421-WA0227.jpg?resize=350%2C200&ssl=1","width":350,"height":200,"srcset":"https:\/\/i0.wp.com\/lasprimeras.com.do\/wp-content\/uploads\/2026\/04\/IMG-20260421-WA0227.jpg?resize=350%2C200&ssl=1 1x, https:\/\/i0.wp.com\/lasprimeras.com.do\/wp-content\/uploads\/2026\/04\/IMG-20260421-WA0227.jpg?resize=525%2C300&ssl=1 1.5x, https:\/\/i0.wp.com\/lasprimeras.com.do\/wp-content\/uploads\/2026\/04\/IMG-20260421-WA0227.jpg?resize=700%2C400&ssl=1 2x, https:\/\/i0.wp.com\/lasprimeras.com.do\/wp-content\/uploads\/2026\/04\/IMG-20260421-WA0227.jpg?resize=1050%2C600&ssl=1 3x"},"classes":[]},{"id":104585,"url":"https:\/\/lasprimeras.com.do\/index.php\/2025\/07\/24\/detienen-a-33-ciudadanos-haitianos-indocumentados-durante-operativos-en-montecristi\/","url_meta":{"origin":63310,"position":4},"title":"Detienen a 33 ciudadanos haitianos indocumentados durante operativos en Montecristi","author":"Nelson Feliz","date":"24 de julio de 2025","format":false,"excerpt":"Miembros del Ej\u00e9rcito de Rep\u00fablica Dominicana (ERD) adscritos al destacamento Mang\u00e1 de Montecristi, detuvieron 33 nacionales haitianos en condici\u00f3n migratoria irregular. El operativo fue desarrollado en distintos sectores del municipio de Guayub\u00edn y forma parte de los esfuerzos continuos para reforzar la seguridad fronteriza y el control migratorio en la\u2026","rel":"","context":"En \u00abMILITARES\u00bb","block_context":{"text":"MILITARES","link":"https:\/\/lasprimeras.com.do\/index.php\/category\/militares\/"},"img":{"alt_text":"","src":"https:\/\/i0.wp.com\/lasprimeras.com.do\/wp-content\/uploads\/2025\/07\/indocumentados.jpg?resize=350%2C200&ssl=1","width":350,"height":200,"srcset":"https:\/\/i0.wp.com\/lasprimeras.com.do\/wp-content\/uploads\/2025\/07\/indocumentados.jpg?resize=350%2C200&ssl=1 1x, https:\/\/i0.wp.com\/lasprimeras.com.do\/wp-content\/uploads\/2025\/07\/indocumentados.jpg?resize=525%2C300&ssl=1 1.5x, https:\/\/i0.wp.com\/lasprimeras.com.do\/wp-content\/uploads\/2025\/07\/indocumentados.jpg?resize=700%2C400&ssl=1 2x"},"classes":[]},{"id":60308,"url":"https:\/\/lasprimeras.com.do\/index.php\/2023\/09\/13\/migracion-apresa-otro-vehiculo-con-13-haitianos-ilegales-en-el-15-de-azua\/","url_meta":{"origin":63310,"position":5},"title":"Migraci\u00f3n apresa otro veh\u00edculo con 13 haitianos ilegales en el 15 de Azua","author":"Nelson Feliz","date":"13 de septiembre de 2023","format":false,"excerpt":"Por Martin Restituyo Durante los operativos simult\u00e1neos que lleva a cabo la Direcci\u00f3n General de Migraci\u00f3n (DGM), fueron arrestados otros 13 nacionales haitianos ilegales, en el interior de una Jeepeta a la altura del kil\u00f3metro 15 de Azua, en direcci\u00f3n hacia Santo Domingo. Los extranjeros indocumentados fueron 13, los que\u2026","rel":"","context":"En \u00abNACIONALES\u00bb","block_context":{"text":"NACIONALES","link":"https:\/\/lasprimeras.com.do\/index.php\/category\/nacionales\/"},"img":{"alt_text":"haitianos","src":"https:\/\/i0.wp.com\/lasprimeras.com.do\/wp-content\/uploads\/2023\/09\/haitianos.jpg?resize=350%2C200&ssl=1","width":350,"height":200,"srcset":"https:\/\/i0.wp.com\/lasprimeras.com.do\/wp-content\/uploads\/2023\/09\/haitianos.jpg?resize=350%2C200&ssl=1 1x, https:\/\/i0.wp.com\/lasprimeras.com.do\/wp-content\/uploads\/2023\/09\/haitianos.jpg?resize=525%2C300&ssl=1 1.5x, https:\/\/i0.wp.com\/lasprimeras.com.do\/wp-content\/uploads\/2023\/09\/haitianos.jpg?resize=700%2C400&ssl=1 2x"},"classes":[]}],"jetpack_sharing_enabled":true,"_links":{"self":[{"href":"https:\/\/lasprimeras.com.do\/index.php\/wp-json\/wp\/v2\/posts\/63310","targetHints":{"allow":["GET"]}}],"collection":[{"href":"https:\/\/lasprimeras.com.do\/index.php\/wp-json\/wp\/v2\/posts"}],"about":[{"href":"https:\/\/lasprimeras.com.do\/index.php\/wp-json\/wp\/v2\/types\/post"}],"author":[{"embeddable":true,"href":"https:\/\/lasprimeras.com.do\/index.php\/wp-json\/wp\/v2\/users\/3"}],"replies":[{"embeddable":true,"href":"https:\/\/lasprimeras.com.do\/index.php\/wp-json\/wp\/v2\/comments?post=63310"}],"version-history":[{"count":1,"href":"https:\/\/lasprimeras.com.do\/index.php\/wp-json\/wp\/v2\/posts\/63310\/revisions"}],"predecessor-version":[{"id":63312,"href":"https:\/\/lasprimeras.com.do\/index.php\/wp-json\/wp\/v2\/posts\/63310\/revisions\/63312"}],"wp:featuredmedia":[{"embeddable":true,"href":"https:\/\/lasprimeras.com.do\/index.php\/wp-json\/wp\/v2\/media\/63311"}],"wp:attachment":[{"href":"https:\/\/lasprimeras.com.do\/index.php\/wp-json\/wp\/v2\/media?parent=63310"}],"wp:term":[{"taxonomy":"category","embeddable":true,"href":"https:\/\/lasprimeras.com.do\/index.php\/wp-json\/wp\/v2\/categories?post=63310"},{"taxonomy":"post_tag","embeddable":true,"href":"https:\/\/lasprimeras.com.do\/index.php\/wp-json\/wp\/v2\/tags?post=63310"}],"curies":[{"name":"wp","href":"https:\/\/api.w.org\/{rel}","templated":true}]}}