{"id":63313,"date":"2023-10-11T15:41:49","date_gmt":"2023-10-11T19:41:49","guid":{"rendered":"https:\/\/lasprimeras.com.do\/?p=63313"},"modified":"2023-10-11T15:41:51","modified_gmt":"2023-10-11T19:41:51","slug":"consejo-directivo-del-centro-nacional-de-ciberseguridad-establece-medidas-para-fortalecer-la-ciberseguridad-nacional","status":"publish","type":"post","link":"https:\/\/lasprimeras.com.do\/index.php\/2023\/10\/11\/consejo-directivo-del-centro-nacional-de-ciberseguridad-establece-medidas-para-fortalecer-la-ciberseguridad-nacional\/","title":{"rendered":"Consejo Directivo del Centro Nacional de Ciberseguridad establece medidas para fortalecer la ciberseguridad nacional"},"content":{"rendered":"\n<p>SANTO DOMINGO. El Consejo Directivo del Centro Nacional de Ciberseguridad (CNCS), sostuvo el martes una reuni\u00f3n, en la cual fueron delineadas nuevas medidas para fortalecer la ciberseguridad nacional.<\/p>\n\n\n\n<p>El encuentro, encabezado por el ministro de la Presidencia, Joel Santos Echavarr\u00eda, quien tambi\u00e9n funge como presidente del Consejo, estuvo centrada en la revisi\u00f3n y el fortalecimiento de las estrategias de ciberseguridad actualmente implementadas.<\/p>\n\n\n\n<p>Durante la reuni\u00f3n el Consejo Directivo se declar\u00f3 en sesi\u00f3n permanente con el fin de seguir supervisando y ajustando las estrategias implementadas; adem\u00e1s se reiter\u00f3 el cumplimiento del decreto 685-22, el cual instruye a las instituciones p\u00fablicas a la notificaci\u00f3n obligatoria de incidentes cibern\u00e9ticos e intercambio de informaci\u00f3n de eventos de amenazas con el CNCS.<\/p>\n\n\n\n<p>En ese sentido, el ministro Santos Echavarr\u00eda inst\u00f3 a las instituciones que operan infraestructuras cr\u00edticas, organismos gubernamentales y entidades del sector privado a adherirse a las mejores pr\u00e1cticas en ciberseguridad, adoptar medidas de higiene cibern\u00e9tica rigurosas y a estar siempre atentos a las alertas, boletines y notificaciones emitidas por la entidad.<\/p>\n\n\n\n<p>&#8220;El Consejo Nacional de Ciberseguridad continuar\u00e1 trabajando arduamente para asegurar un ciberespacio m\u00e1s seguro confiable y resiliente, en beneficio de todos los dominicanos&#8221;, precis\u00f3 el ministro.<\/p>\n\n\n\n<p>Entre tanto, el director del Equipo de Respuestas a Incidentes Cibern\u00e9ticos CSIRT-RD, Carlos Leonardo, explic\u00f3 la situaci\u00f3n del ciberespacio dominicano y reiter\u00f3 la importancia de que las instituciones del Gobierno trabajen de la mano del Centro Nacional de Ciberseguridad para apoyarles en implementaci\u00f3n de procesos de monitoreo continuo y de medidas de protecci\u00f3n en la infraestructura tecnol\u00f3gica.<\/p>\n\n\n\n<p>En la reuni\u00f3n se instruy\u00f3 revisar y fortalecer la pol\u00edtica exterior para asuntos digitales y de ciberseguridad, con miras a mejorar la colaboraci\u00f3n internacional, ya que la transformaci\u00f3n digital ha desdibujado las fronteras tradicionales y los ciberataques, las amenazas y las vulnerabilidades no conocen l\u00edmites geogr\u00e1ficos ni sectoriales. Esta labor est\u00e1 bajo la coordinaci\u00f3n de los ministerios de la Presidencia y Relaciones Exteriores.<\/p>\n\n\n\n<p>Mientras que, en materia de Gobernanza y Marco Normativo, se estableci\u00f3 la prioridad de impulsar el conjunto de leyes esenciales para el sector, tales como la Ley de Gesti\u00f3n de Ciberseguridad y las actualizaciones de las leyes de Protecci\u00f3n de Datos Personales y de Ciberdelito.<\/p>\n\n\n\n<p>De igual forma, se instruy\u00f3 a la Oficina Gubernamental de Tecnolog\u00edas de la Informaci\u00f3n y Comunicaci\u00f3n (Ogtic), actualizar y promover la implementaci\u00f3n de la Norma de Ciberseguridad NORTIC A7, en conjunto con los responsables de tecnolog\u00edas de la informaci\u00f3n y de ciberseguridad de las instituciones p\u00fablicas. As\u00ed mismo, implementar de manera expedita una campa\u00f1a de respaldo y protecci\u00f3n de datos en todas las instituciones.<\/p>\n\n\n\n<p>El encuentro cont\u00f3 con la participaci\u00f3n de todas las instituciones miembros del Consejo Directivo y del Comit\u00e9 T\u00e9cnico Interinstitucional del Centro Nacional de Ciberseguridad, entre los cuales se encuentran el viceministro de Agenda Digital, Jos\u00e9 David Montilla; la viceministra Angela Jacquez, en representaci\u00f3n ,ministro del Interior y Polic\u00eda; los directores del Centro Nacional de Ciberseguridad (CNCS), Juan Gabriel Gautreaux, de la (Ogtic), Bartolom\u00e9 Pujals, de la Polic\u00eda Nacional, Alberto Then y del Departamento Nacional de Investigaciones (DNI), Luis Soto.<\/p>\n\n\n\n<p>Tambi\u00e9n estuvieron presentes, el embajador asesor del Ministerio de Relaciones Exteriores, Claudio Peguero y los viceministros de Defensa para Asuntos Navales y Costeros, Ram\u00f3n Gustavo Betances y de Asuntos Consulares y Migratorios, Opinio D\u00edaz. En representaci\u00f3n de la procuradora General de la Rep\u00fablica, Ivan Felix; del gobernador del Banco Central, Fabiola Herrera y del Canciller, Orlando Torres.<\/p>\n","protected":false},"excerpt":{"rendered":"<p>SANTO DOMINGO. El Consejo Directivo del Centro Nacional de Ciberseguridad (CNCS), sostuvo el martes una reuni\u00f3n, en la cual fueron delineadas nuevas medidas para fortalecer la ciberseguridad nacional. El encuentro,&hellip;<\/p>\n","protected":false},"author":3,"featured_media":63314,"comment_status":"open","ping_status":"open","sticky":false,"template":"","format":"standard","meta":{"content-type":"","jetpack_post_was_ever_published":false,"_jetpack_newsletter_access":"","_jetpack_dont_email_post_to_subs":false,"_jetpack_newsletter_tier_id":0,"_jetpack_memberships_contains_paywalled_content":false,"_jetpack_memberships_contains_paid_content":false,"footnotes":""},"categories":[25],"tags":[],"class_list":["post-63313","post","type-post","status-publish","format-standard","has-post-thumbnail","hentry","category-portada"],"jetpack_featured_media_url":"https:\/\/lasprimeras.com.do\/wp-content\/uploads\/2023\/10\/WhatsApp-Image-2023-10-11-at-3.19.55-PM-1-scaled.jpeg","jetpack-related-posts":[{"id":74435,"url":"https:\/\/lasprimeras.com.do\/index.php\/2024\/01\/23\/consejera-de-ee-uu-vista-centro-nacional-de-ciberseguridad-en-rd\/","url_meta":{"origin":63313,"position":0},"title":"Consejera de EE.UU. vista Centro Nacional de Ciberseguridad en RD","author":"Nelson Feliz","date":"23 de enero de 2024","format":false,"excerpt":"Jennifer Kane-Zabolotskaya, consejera para Asuntos Comerciales de la Regi\u00f3n del Caribe en el Departamento de Comercio de la Embajada de Estados Unidos en Santo Domingo, fue recibida por el viceministro de Agenda Digital, Jos\u00e9 David Montilla La consejera para Asuntos Comerciales de la Regi\u00f3n del Caribe en el Departamento de\u2026","rel":"","context":"En \u00abNACIONALES\u00bb","block_context":{"text":"NACIONALES","link":"https:\/\/lasprimeras.com.do\/index.php\/category\/nacionales\/"},"img":{"alt_text":"consejera ee.uu.","src":"https:\/\/i0.wp.com\/lasprimeras.com.do\/wp-content\/uploads\/2024\/01\/consejera-ee.uu_.jpg?resize=350%2C200&ssl=1","width":350,"height":200,"srcset":"https:\/\/i0.wp.com\/lasprimeras.com.do\/wp-content\/uploads\/2024\/01\/consejera-ee.uu_.jpg?resize=350%2C200&ssl=1 1x, https:\/\/i0.wp.com\/lasprimeras.com.do\/wp-content\/uploads\/2024\/01\/consejera-ee.uu_.jpg?resize=525%2C300&ssl=1 1.5x, https:\/\/i0.wp.com\/lasprimeras.com.do\/wp-content\/uploads\/2024\/01\/consejera-ee.uu_.jpg?resize=700%2C400&ssl=1 2x"},"classes":[]},{"id":98501,"url":"https:\/\/lasprimeras.com.do\/index.php\/2025\/05\/08\/republica-dominicana-y-emiratos-arabes-unidos-firman-acuerdo-de-cooperacion-para-fortalecer-la-ciberseguridad\/","url_meta":{"origin":63313,"position":1},"title":"Rep\u00fablica Dominicana y Emiratos \u00c1rabes Unidos firman Acuerdo de Cooperaci\u00f3n para fortalecer la Ciberseguridad","author":"Nelson Feliz","date":"8 de mayo de 2025","format":false,"excerpt":"La Rep\u00fablica Dominicana y el Gobierno de los Emiratos \u00c1rabes Unidos firmaron en Dub\u00e1i, un Acuerdo de Cooperaci\u00f3n para fortalecer la ciberseguridad en el pa\u00eds, en el marco del evento GISEC Global 2025. El acto de firma fue llevado a cabo por las m\u00e1ximas autoridades de las entidades rectoras de\u2026","rel":"","context":"En \u00abNACIONALES\u00bb","block_context":{"text":"NACIONALES","link":"https:\/\/lasprimeras.com.do\/index.php\/category\/nacionales\/"},"img":{"alt_text":"","src":"https:\/\/i0.wp.com\/lasprimeras.com.do\/wp-content\/uploads\/2025\/05\/Republica-Dominicana-y-Emiratos-Arabes-Unidos.jpg?resize=350%2C200&ssl=1","width":350,"height":200,"srcset":"https:\/\/i0.wp.com\/lasprimeras.com.do\/wp-content\/uploads\/2025\/05\/Republica-Dominicana-y-Emiratos-Arabes-Unidos.jpg?resize=350%2C200&ssl=1 1x, https:\/\/i0.wp.com\/lasprimeras.com.do\/wp-content\/uploads\/2025\/05\/Republica-Dominicana-y-Emiratos-Arabes-Unidos.jpg?resize=525%2C300&ssl=1 1.5x"},"classes":[]},{"id":111056,"url":"https:\/\/lasprimeras.com.do\/index.php\/2025\/10\/04\/cncs-y-loteria-nacional-firman-acuerdo-para-fortalecer-la-ciberseguridad-institucional-y-la-confianza-ciudadana\/","url_meta":{"origin":63313,"position":2},"title":"CNCS y Loter\u00eda Nacional firman acuerdo para fortalecer la ciberseguridad institucional y la confianza ciudadana","author":"Nelson Feliz","date":"4 de octubre de 2025","format":false,"excerpt":"El Centro Nacional de Ciberseguridad (CNCS) y la Loter\u00eda Nacional firmaron un Acuerdo de Cooperaci\u00f3n Interinstitucional con el prop\u00f3sito de impulsar y promover una cultura nacional de ciberseguridad que garantice la protecci\u00f3n efectiva de los sistemas de la instituci\u00f3n y contribuya a la seguridad nacional. El convenio, rubricado por el\u2026","rel":"","context":"En \u00abECONOM\u00cdA\u00bb","block_context":{"text":"ECONOM\u00cdA","link":"https:\/\/lasprimeras.com.do\/index.php\/category\/economia\/"},"img":{"alt_text":"","src":"https:\/\/i0.wp.com\/lasprimeras.com.do\/wp-content\/uploads\/2025\/10\/Luis-Soto-y-Teofilo-Tabar.jpg?resize=350%2C200&ssl=1","width":350,"height":200,"srcset":"https:\/\/i0.wp.com\/lasprimeras.com.do\/wp-content\/uploads\/2025\/10\/Luis-Soto-y-Teofilo-Tabar.jpg?resize=350%2C200&ssl=1 1x, https:\/\/i0.wp.com\/lasprimeras.com.do\/wp-content\/uploads\/2025\/10\/Luis-Soto-y-Teofilo-Tabar.jpg?resize=525%2C300&ssl=1 1.5x, https:\/\/i0.wp.com\/lasprimeras.com.do\/wp-content\/uploads\/2025\/10\/Luis-Soto-y-Teofilo-Tabar.jpg?resize=700%2C400&ssl=1 2x"},"classes":[]},{"id":96148,"url":"https:\/\/lasprimeras.com.do\/index.php\/2025\/03\/25\/presidente-del-indotel-y-alcalde-de-ny-dialogan-sobre-ciberseguridad-y-transformacion-digital\/","url_meta":{"origin":63313,"position":3},"title":"Presidente del INDOTEL y alcalde de NY dialogan sobre ciberseguridad y transformaci\u00f3n digital","author":"Nelson Feliz","date":"25 de marzo de 2025","format":false,"excerpt":"Guido G\u00f3mez Mazara y Eric Adams comparten experiencias sobre el uso de tecnolog\u00eda para enfrentar desaf\u00edos ciudadanos. Nueva York, EE. UU. \u2013 El presidente del Consejo Directivo del Instituto Dominicano de las Telecomunicaciones (INDOTEL), Guido G\u00f3mez Mazara, sostuvo un encuentro con el alcalde de la ciudad de Nueva York, Eric\u2026","rel":"","context":"En \u00abNACIONALES\u00bb","block_context":{"text":"NACIONALES","link":"https:\/\/lasprimeras.com.do\/index.php\/category\/nacionales\/"},"img":{"alt_text":"","src":"https:\/\/i0.wp.com\/lasprimeras.com.do\/wp-content\/uploads\/2025\/03\/guido-y-adams.jpg?resize=350%2C200&ssl=1","width":350,"height":200,"srcset":"https:\/\/i0.wp.com\/lasprimeras.com.do\/wp-content\/uploads\/2025\/03\/guido-y-adams.jpg?resize=350%2C200&ssl=1 1x, https:\/\/i0.wp.com\/lasprimeras.com.do\/wp-content\/uploads\/2025\/03\/guido-y-adams.jpg?resize=525%2C300&ssl=1 1.5x, https:\/\/i0.wp.com\/lasprimeras.com.do\/wp-content\/uploads\/2025\/03\/guido-y-adams.jpg?resize=700%2C400&ssl=1 2x"},"classes":[]},{"id":77200,"url":"https:\/\/lasprimeras.com.do\/index.php\/2024\/02\/19\/ue-y-rd-encaminan-acciones-conjuntas-para-enfrentar-delitos-de-ciberseguridad\/","url_meta":{"origin":63313,"position":4},"title":"UE y RD encaminan acciones conjuntas para enfrentar delitos de ciberseguridad","author":"BIMARY DE JES\u00daS Matos","date":"19 de febrero de 2024","format":false,"excerpt":"SANTO DOMINGO. El ministro de la Presidencia, Joel Santos Echavarr\u00eda, asegur\u00f3 que la cooperaci\u00f3n internacional y la ciberdiplomacia son vitales para enfrentar la ciberdelincuencia, al resaltar que \u00e9sta ocupa el cuarto lugar entre los negocios il\u00edcitos m\u00e1s rentables, despu\u00e9s del narcotr\u00e1fico, armas y trata de personas. Indic\u00f3 que las amenazas\u2026","rel":"","context":"En \u00abPORTADA\u00bb","block_context":{"text":"PORTADA","link":"https:\/\/lasprimeras.com.do\/index.php\/category\/portada\/"},"img":{"alt_text":"","src":"https:\/\/i0.wp.com\/lasprimeras.com.do\/wp-content\/uploads\/2024\/02\/IMG-20240219-WA0048-scaled.jpg?resize=350%2C200&ssl=1","width":350,"height":200,"srcset":"https:\/\/i0.wp.com\/lasprimeras.com.do\/wp-content\/uploads\/2024\/02\/IMG-20240219-WA0048-scaled.jpg?resize=350%2C200&ssl=1 1x, https:\/\/i0.wp.com\/lasprimeras.com.do\/wp-content\/uploads\/2024\/02\/IMG-20240219-WA0048-scaled.jpg?resize=525%2C300&ssl=1 1.5x, https:\/\/i0.wp.com\/lasprimeras.com.do\/wp-content\/uploads\/2024\/02\/IMG-20240219-WA0048-scaled.jpg?resize=700%2C400&ssl=1 2x, https:\/\/i0.wp.com\/lasprimeras.com.do\/wp-content\/uploads\/2024\/02\/IMG-20240219-WA0048-scaled.jpg?resize=1050%2C600&ssl=1 3x, https:\/\/i0.wp.com\/lasprimeras.com.do\/wp-content\/uploads\/2024\/02\/IMG-20240219-WA0048-scaled.jpg?resize=1400%2C800&ssl=1 4x"},"classes":[]},{"id":62424,"url":"https:\/\/lasprimeras.com.do\/index.php\/2023\/10\/04\/migracion-confirma-ciberataque-y-filtracion-de-datos\/","url_meta":{"origin":63313,"position":5},"title":"Migraci\u00f3n confirma ciberataque y filtraci\u00f3n de datos","author":"Nelson Feliz","date":"4 de octubre de 2023","format":false,"excerpt":"La Direcci\u00f3n General de Migraci\u00f3n inform\u00f3 este mi\u00e9rcoles que la base de datos de la instituci\u00f3n fue v\u00edctima de un incidente de seguridad cibern\u00e9tica que result\u00f3 en la exposici\u00f3n no autorizada de datos. En un comunicado de prensa, la DGM indic\u00f3 que \"el 14 de septiembre detectamos actividad inusual en\u2026","rel":"","context":"En \u00abSin categor\u00eda\u00bb","block_context":{"text":"Sin categor\u00eda","link":"https:\/\/lasprimeras.com.do\/index.php\/category\/sin-categoria\/"},"img":{"alt_text":"Migracion","src":"https:\/\/i0.wp.com\/lasprimeras.com.do\/wp-content\/uploads\/2023\/10\/Migracion.jpg?resize=350%2C200&ssl=1","width":350,"height":200,"srcset":"https:\/\/i0.wp.com\/lasprimeras.com.do\/wp-content\/uploads\/2023\/10\/Migracion.jpg?resize=350%2C200&ssl=1 1x, https:\/\/i0.wp.com\/lasprimeras.com.do\/wp-content\/uploads\/2023\/10\/Migracion.jpg?resize=525%2C300&ssl=1 1.5x, https:\/\/i0.wp.com\/lasprimeras.com.do\/wp-content\/uploads\/2023\/10\/Migracion.jpg?resize=700%2C400&ssl=1 2x"},"classes":[]}],"jetpack_sharing_enabled":true,"_links":{"self":[{"href":"https:\/\/lasprimeras.com.do\/index.php\/wp-json\/wp\/v2\/posts\/63313","targetHints":{"allow":["GET"]}}],"collection":[{"href":"https:\/\/lasprimeras.com.do\/index.php\/wp-json\/wp\/v2\/posts"}],"about":[{"href":"https:\/\/lasprimeras.com.do\/index.php\/wp-json\/wp\/v2\/types\/post"}],"author":[{"embeddable":true,"href":"https:\/\/lasprimeras.com.do\/index.php\/wp-json\/wp\/v2\/users\/3"}],"replies":[{"embeddable":true,"href":"https:\/\/lasprimeras.com.do\/index.php\/wp-json\/wp\/v2\/comments?post=63313"}],"version-history":[{"count":1,"href":"https:\/\/lasprimeras.com.do\/index.php\/wp-json\/wp\/v2\/posts\/63313\/revisions"}],"predecessor-version":[{"id":63315,"href":"https:\/\/lasprimeras.com.do\/index.php\/wp-json\/wp\/v2\/posts\/63313\/revisions\/63315"}],"wp:featuredmedia":[{"embeddable":true,"href":"https:\/\/lasprimeras.com.do\/index.php\/wp-json\/wp\/v2\/media\/63314"}],"wp:attachment":[{"href":"https:\/\/lasprimeras.com.do\/index.php\/wp-json\/wp\/v2\/media?parent=63313"}],"wp:term":[{"taxonomy":"category","embeddable":true,"href":"https:\/\/lasprimeras.com.do\/index.php\/wp-json\/wp\/v2\/categories?post=63313"},{"taxonomy":"post_tag","embeddable":true,"href":"https:\/\/lasprimeras.com.do\/index.php\/wp-json\/wp\/v2\/tags?post=63313"}],"curies":[{"name":"wp","href":"https:\/\/api.w.org\/{rel}","templated":true}]}}