{"id":63316,"date":"2023-10-11T15:43:06","date_gmt":"2023-10-11T19:43:06","guid":{"rendered":"https:\/\/lasprimeras.com.do\/?p=63316"},"modified":"2023-10-11T15:43:07","modified_gmt":"2023-10-11T19:43:07","slug":"director-de-utepda-asegura-cerrar-ejecucion-presupuestaria-del-2023-en-un-100","status":"publish","type":"post","link":"https:\/\/lasprimeras.com.do\/index.php\/2023\/10\/11\/director-de-utepda-asegura-cerrar-ejecucion-presupuestaria-del-2023-en-un-100\/","title":{"rendered":"Director de UTEPDA asegura cerrar ejecuci\u00f3n presupuestaria del 2023 en un 100%"},"content":{"rendered":"\n<p>SANTO DOMINGO. &#8211; El director ejecutivo de la Unidad T\u00e9cnica Ejecutora de Proyectos Desarrollo Agroforestal (UTEPDA) Eliferbo Herasme, asegur\u00f3 hoy en una socializaci\u00f3n donde presento los logros alcanzados en el cierre del tercer trimestre julio-septiembre 2023, que para este a\u00f1o cerrar\u00e1 su ejecuci\u00f3n presupuestaria en un 100%.<\/p>\n\n\n\n<p>El ejecutivo explic\u00f3 que, de conformidad con la planificaci\u00f3n y el esfuerzo realizado por el equipo t\u00e9cnico y administrativo de esa instituci\u00f3n, la ejecuci\u00f3n presupuestaria, para el a\u00f1o 2021 y 2022 han cerrado en un 99% y un 96% respectivamente.<\/p>\n\n\n\n<p>Asimismo, puntualiz\u00f3 que la asignaci\u00f3n para este a\u00f1o 2023, es de RD$1,552 millones de pesos, de lo cual recibieron para el primer y segundo trimestre enero-junio una asignaci\u00f3n de RD$615 Millones, logrando ejecutar 587 Millones de pesos lo que corresponde a un logro de un 96%.<\/p>\n\n\n\n<p>Del mismo modo, especific\u00f3 que para el tercer trimestre planificaron actividades por unos RD$437 millones, de los cuales se les asign\u00f3 una cuota de RD$423 Millones, lo que le permiti\u00f3 cerrar el trimestre julio-septiembre con una ejecuci\u00f3n de RD$420 Millones, equivalente a un 99% de la cuota asignada.<\/p>\n\n\n\n<p>Agreg\u00f3, \u201cActualmente, se est\u00e1 llevando a cabo en todo el territorio de los proyectos, la 7ma. auditoria de resultados, donde la proyecci\u00f3n de desembolsos es de aproximadamente de unos USD$19 Millones de d\u00f3lares, en beneficio del Estado Dominicano\u201d.<\/p>\n\n\n\n<p>Herasme expres\u00f3 que en esta gesti\u00f3n que encabeza el presidente Luis Abinader, con una inversi\u00f3n de 4,711 Millones, han gestionado reembolsos por 2,400 Millones de pesos, lo que se elevar\u00e1 a final de a\u00f1o a unos RD$ 3,400 Millones de pesos.<\/p>\n\n\n\n<p>En la actividad se present\u00f3 el mejor empleado trimestral Rafael Le\u00f3nidas Reyes, al igual que los avances del Programa de Desarrollo Agroforestal Sostenible, ilustrados con diapositivas por parte del equipo T\u00e9cnicos, Administrativo y Financiero, dando a conocer al p\u00fablico paso por paso todo lo que se realiza en la Unidad desde la parte del campo hasta la administrativa.<\/p>\n\n\n\n<p>El acto de socializaci\u00f3n conto con la presencia del viceministro de recursos forestales de medio ambiente, Jose El\u00edas Gonzalez; viceministro de planeaci\u00f3n y desarrollo sectorial del ministerio de agricultura, Jos\u00e9 Rafael Paulino; viceministro del tesoro de hacienda, Derby De Los Santos; al igual que el asesor ambiental y agroforestal del poder ejecutivo, Jose Daniel Del Rosario y Andr\u00e9s Escarram\u00e1n; director financiero de la direcci\u00f3n general de \u00e9tica e integridad gubernamental, Jos\u00e9 Sim\u00e9 Candelario; encargada de endeudamiento de cr\u00e9dito p\u00fablico, Luz Celeste Garc\u00eda y todos los Encargados departamentales de la UTEPDA.<\/p>\n\n\n\n<p>EJECUCI\u00d3N DE LOS RECURSOS DEL TERCER TRIMESTRE EN LOS DIFERENTES PROYECTOS CONFORME LAS DIFERENTES PARTIDAS<\/p>\n\n\n\n<p>RD$111.28 millones; (en pagos a jornaleros agr\u00edcolas y forestales, personal t\u00e9cnico y administrativo), para una ejecuci\u00f3n de un 98%.<br>RD$33.55millones (Servicios generales, tel\u00e9fono, publicidad, seguros y auditorias); con una ejecuci\u00f3n de un 96%.<br>RD$92.57 millones (Agroinsumos y fertilizantes, combustible, Herramientas, entre otros); con una ejecuci\u00f3n de un 100%.<br>RD$ 93.92 millones (Pago a beneficiarios como incentivo a la siembra); con una ejecuci\u00f3n de un 100%.<br>RD$88.69 millones (Pago de plantas, equipos inform\u00e1ticos), para una ejecuci\u00f3n de un 100%.<\/p>\n\n\n\n<p>TRABAJOS COORDINADOS CON INSTITUCIONES DEL ESTADO POR TRIMESTRE<\/p>\n\n\n\n<p>El funcionario dijo que a partir del a\u00f1o 2023 se motivaron a escalar esta reuni\u00f3n de socializaci\u00f3n, con las entidades externas que a trav\u00e9s de su accionar inciden en el resultado de este Programa, lo que para el primer trimestre tuvieron la participaci\u00f3n de DIGEPRES, para el segundo trimestre al Ministerio de Econom\u00eda Planificaci\u00f3n y Desarrollo y para este tercer trimestre contamos con el Ministerio de Hacienda.<\/p>\n\n\n\n<p>\u201cAgradezco el esfuerzo de estar aqu\u00ed presente, adem\u00e1s, de que siempre estamos acompa\u00f1ados de distinguidas personalidades, como son: la Direcci\u00f3n de \u00c9tica e Integridad, del Ministerio de Medio Ambiente y Recursos Naturales, como \u00f3rgano rector y del Banco Interamericano de Desarrollo BID\u201d. Manifest\u00f3.<\/p>\n","protected":false},"excerpt":{"rendered":"<p>SANTO DOMINGO. &#8211; El director ejecutivo de la Unidad T\u00e9cnica Ejecutora de Proyectos Desarrollo Agroforestal (UTEPDA) Eliferbo Herasme, asegur\u00f3 hoy en una socializaci\u00f3n donde presento los logros alcanzados en el&hellip;<\/p>\n","protected":false},"author":3,"featured_media":63317,"comment_status":"open","ping_status":"open","sticky":false,"template":"","format":"standard","meta":{"content-type":"","jetpack_post_was_ever_published":false,"_jetpack_newsletter_access":"","_jetpack_dont_email_post_to_subs":false,"_jetpack_newsletter_tier_id":0,"_jetpack_memberships_contains_paywalled_content":false,"_jetpack_memberships_contains_paid_content":false,"footnotes":""},"categories":[25],"tags":[],"class_list":["post-63316","post","type-post","status-publish","format-standard","has-post-thumbnail","hentry","category-portada"],"jetpack_featured_media_url":"https:\/\/lasprimeras.com.do\/wp-content\/uploads\/2023\/10\/WhatsApp-Image-2023-10-11-at-3.19.14-PM-1.jpeg","jetpack-related-posts":[{"id":105547,"url":"https:\/\/lasprimeras.com.do\/index.php\/2025\/08\/04\/barahona-dispone-este-ano-de-rd319-8-millones-para-construccion-de-escuelas-que-todavia-no-se-ejecutan\/","url_meta":{"origin":63316,"position":0},"title":"Barahona dispone este a\u00f1o de RD$319.8 millones para construcci\u00f3n de escuelas que todav\u00eda no se ejecutan","author":"Nelson Feliz","date":"4 de agosto de 2025","format":false,"excerpt":"En proyectos de ampliaci\u00f3n, hay 19 planteles educativos a los cuales deben hacerle el \u00e1rea de inicial; el dinero est\u00e1, pero no se han hecho las obras Por Esteban DelgadoEl Dinero Este a\u00f1o, el Gobierno tiene una asignaci\u00f3n presupuestaria de RD$319.8 millones para la \u201cconstrucci\u00f3n de planteles escolares\u201d en la\u2026","rel":"","context":"En \u00abECONOM\u00cdA\u00bb","block_context":{"text":"ECONOM\u00cdA","link":"https:\/\/lasprimeras.com.do\/index.php\/category\/economia\/"},"img":{"alt_text":"","src":"https:\/\/i0.wp.com\/lasprimeras.com.do\/wp-content\/uploads\/2025\/08\/Escuela-Barahona.jpg?resize=350%2C200&ssl=1","width":350,"height":200,"srcset":"https:\/\/i0.wp.com\/lasprimeras.com.do\/wp-content\/uploads\/2025\/08\/Escuela-Barahona.jpg?resize=350%2C200&ssl=1 1x, https:\/\/i0.wp.com\/lasprimeras.com.do\/wp-content\/uploads\/2025\/08\/Escuela-Barahona.jpg?resize=525%2C300&ssl=1 1.5x, https:\/\/i0.wp.com\/lasprimeras.com.do\/wp-content\/uploads\/2025\/08\/Escuela-Barahona.jpg?resize=700%2C400&ssl=1 2x"},"classes":[]},{"id":80768,"url":"https:\/\/lasprimeras.com.do\/index.php\/2024\/04\/12\/adp-dice-aumento-salarial-fue-acuerdo-del-ano-pasado\/","url_meta":{"origin":63316,"position":1},"title":"ADP dice aumento salarial fue acuerdo del a\u00f1o pasado","author":"BIMARY DE JES\u00daS Matos","date":"12 de abril de 2024","format":false,"excerpt":"Santo Domingo.-El presidente de la Asociaci\u00f3n Dominicana de Profesores (ADP), Eduardo Hidalgo, declar\u00f3 que el aumento salarial a los maestros activos no es una novedad, debido a que fue un compromiso que las autoridades asumieron en la firma del \u201cAcuerdo por la Defensa y Derecho a la Educaci\u00f3n\u201d el 24\u2026","rel":"","context":"En \u00abNACIONALES\u00bb","block_context":{"text":"NACIONALES","link":"https:\/\/lasprimeras.com.do\/index.php\/category\/nacionales\/"},"img":{"alt_text":"","src":"https:\/\/i0.wp.com\/lasprimeras.com.do\/wp-content\/uploads\/2024\/04\/DANILO-CRUZ-PICHARDO-1-800x500-3.webp?resize=350%2C200&ssl=1","width":350,"height":200,"srcset":"https:\/\/i0.wp.com\/lasprimeras.com.do\/wp-content\/uploads\/2024\/04\/DANILO-CRUZ-PICHARDO-1-800x500-3.webp?resize=350%2C200&ssl=1 1x, https:\/\/i0.wp.com\/lasprimeras.com.do\/wp-content\/uploads\/2024\/04\/DANILO-CRUZ-PICHARDO-1-800x500-3.webp?resize=525%2C300&ssl=1 1.5x"},"classes":[]},{"id":59095,"url":"https:\/\/lasprimeras.com.do\/index.php\/2023\/08\/30\/poder-ejecutivo-promulga-ley-de-presupuesto-reformulado-para-el-ano-2023\/","url_meta":{"origin":63316,"position":2},"title":"Poder Ejecutivo promulga Ley de Presupuesto Reformulado para el a\u00f1o 2023","author":"Nelson Feliz","date":"30 de agosto de 2023","format":false,"excerpt":"El presidente Luis Abinader promulg\u00f3 la Ley 52-23, que modifica la Ley 366-22, de Presupuesto General del Estado para el ejercicio presupuestario del a\u00f1o 2023. Actuando conforme a las facultades y deberes que pauta la Constituci\u00f3n, el presidente remiti\u00f3 oportunamente la iniciativa al Congreso Nacional, \u00f3rgano que aprob\u00f3 el proyecto\u2026","rel":"","context":"En \u00abECONOM\u00cdA\u00bb","block_context":{"text":"ECONOM\u00cdA","link":"https:\/\/lasprimeras.com.do\/index.php\/category\/economia\/"},"img":{"alt_text":"Presupuesto Reformulado","src":"https:\/\/i0.wp.com\/lasprimeras.com.do\/wp-content\/uploads\/2023\/08\/dinero.jpg?resize=350%2C200&ssl=1","width":350,"height":200,"srcset":"https:\/\/i0.wp.com\/lasprimeras.com.do\/wp-content\/uploads\/2023\/08\/dinero.jpg?resize=350%2C200&ssl=1 1x, https:\/\/i0.wp.com\/lasprimeras.com.do\/wp-content\/uploads\/2023\/08\/dinero.jpg?resize=525%2C300&ssl=1 1.5x"},"classes":[]},{"id":103613,"url":"https:\/\/lasprimeras.com.do\/index.php\/2025\/07\/17\/gobierno-supera-los-rd-4000-millones-en-inversion-directa-para-agua-y-saneamiento-en-santiago\/","url_meta":{"origin":63316,"position":3},"title":"Gobierno supera los RD$ 4,000 millones en inversi\u00f3n directa para agua y saneamiento en Santiago","author":"Nelson Feliz","date":"17 de julio de 2025","format":false,"excerpt":"El presidente Luis Abinader, afirm\u00f3 que su gobierno ha destinado m\u00e1s de 4,000 millones de pesos en obras para agua potable y saneamiento en la provincia de Santiago, como respuesta al crecimiento acelerado de la ciudad y a d\u00e9cadas de rezago de inversi\u00f3n en el sector. Durante una visita a\u2026","rel":"","context":"En \u00abECONOM\u00cdA\u00bb","block_context":{"text":"ECONOM\u00cdA","link":"https:\/\/lasprimeras.com.do\/index.php\/category\/economia\/"},"img":{"alt_text":"Luis Abinader","src":"https:\/\/i0.wp.com\/lasprimeras.com.do\/wp-content\/uploads\/2025\/07\/Luis-Abinader-1-3.jpg?resize=350%2C200&ssl=1","width":350,"height":200,"srcset":"https:\/\/i0.wp.com\/lasprimeras.com.do\/wp-content\/uploads\/2025\/07\/Luis-Abinader-1-3.jpg?resize=350%2C200&ssl=1 1x, https:\/\/i0.wp.com\/lasprimeras.com.do\/wp-content\/uploads\/2025\/07\/Luis-Abinader-1-3.jpg?resize=525%2C300&ssl=1 1.5x, https:\/\/i0.wp.com\/lasprimeras.com.do\/wp-content\/uploads\/2025\/07\/Luis-Abinader-1-3.jpg?resize=700%2C400&ssl=1 2x"},"classes":[]},{"id":56624,"url":"https:\/\/lasprimeras.com.do\/index.php\/2023\/08\/03\/gobierno-contempla-aumento-de-2-8-del-pib-al-gasto-de-capital-para-dinamizar-la-economia\/","url_meta":{"origin":63316,"position":4},"title":"Gobierno contempla aumento de 2.8 % del PIB al gasto de capital para dinamizar la econom\u00eda","author":"Nelson Feliz","date":"3 de agosto de 2023","format":false,"excerpt":"La deuda p\u00fablica para proyectos de inversi\u00f3n asciende a RD$363,257.8 millones, monto que incluye RD$30,193.2 millones menos que el presupuesto original, lo que reduce el endeudamiento. El anteproyecto de ley presentado por ante la C\u00e1mara de Diputados, contempla inversiones en 8 proyectos, incluyendo obras complementarias de la presa de Monte\u2026","rel":"","context":"En \u00abECONOM\u00cdA\u00bb","block_context":{"text":"ECONOM\u00cdA","link":"https:\/\/lasprimeras.com.do\/index.php\/category\/economia\/"},"img":{"alt_text":"El aumento del gasto de capital, contemplado en el anteproyecto de ley presupuestaria para este a\u00f1o 2023, equivale a un aumento de un 2.8 % del producto interno bruto (PIB).","src":"https:\/\/i0.wp.com\/lasprimeras.com.do\/wp-content\/uploads\/2023\/08\/SENADO.jpeg?resize=350%2C200&ssl=1","width":350,"height":200,"srcset":"https:\/\/i0.wp.com\/lasprimeras.com.do\/wp-content\/uploads\/2023\/08\/SENADO.jpeg?resize=350%2C200&ssl=1 1x, https:\/\/i0.wp.com\/lasprimeras.com.do\/wp-content\/uploads\/2023\/08\/SENADO.jpeg?resize=525%2C300&ssl=1 1.5x, https:\/\/i0.wp.com\/lasprimeras.com.do\/wp-content\/uploads\/2023\/08\/SENADO.jpeg?resize=700%2C400&ssl=1 2x"},"classes":[]},{"id":53855,"url":"https:\/\/lasprimeras.com.do\/index.php\/2023\/07\/02\/infotep-y-directivos-cos-acuerdan-fortalecer-servicios-de-formacion-tecnico-profesional\/","url_meta":{"origin":63316,"position":5},"title":"INFOTEP y directivos COS acuerdan fortalecer servicios de formaci\u00f3n t\u00e9cnico profesional","author":"Nelson Feliz","date":"2 de julio de 2023","format":false,"excerpt":"Por Martin Restituyo El director general del Instituto Nacional de Formaci\u00f3n T\u00e9cnico Profesional (INFOTEP), Rafael Santos Bad\u00eda, sostuvo un encuentro con los directivos de los Centros Operativos del Sistema (COS), para informar las medidas tomadas por la instituci\u00f3n para elevar la calidad los servicios que ofrecen. Los COS son entidades\u2026","rel":"","context":"En \u00abNACIONALES\u00bb","block_context":{"text":"NACIONALES","link":"https:\/\/lasprimeras.com.do\/index.php\/category\/nacionales\/"},"img":{"alt_text":"Rafael Santos Bad\u00eda","src":"https:\/\/i0.wp.com\/lasprimeras.com.do\/wp-content\/uploads\/2023\/07\/Rafael-Santos-Badia.jpg?resize=350%2C200&ssl=1","width":350,"height":200,"srcset":"https:\/\/i0.wp.com\/lasprimeras.com.do\/wp-content\/uploads\/2023\/07\/Rafael-Santos-Badia.jpg?resize=350%2C200&ssl=1 1x, https:\/\/i0.wp.com\/lasprimeras.com.do\/wp-content\/uploads\/2023\/07\/Rafael-Santos-Badia.jpg?resize=525%2C300&ssl=1 1.5x, https:\/\/i0.wp.com\/lasprimeras.com.do\/wp-content\/uploads\/2023\/07\/Rafael-Santos-Badia.jpg?resize=700%2C400&ssl=1 2x"},"classes":[]}],"jetpack_sharing_enabled":true,"_links":{"self":[{"href":"https:\/\/lasprimeras.com.do\/index.php\/wp-json\/wp\/v2\/posts\/63316","targetHints":{"allow":["GET"]}}],"collection":[{"href":"https:\/\/lasprimeras.com.do\/index.php\/wp-json\/wp\/v2\/posts"}],"about":[{"href":"https:\/\/lasprimeras.com.do\/index.php\/wp-json\/wp\/v2\/types\/post"}],"author":[{"embeddable":true,"href":"https:\/\/lasprimeras.com.do\/index.php\/wp-json\/wp\/v2\/users\/3"}],"replies":[{"embeddable":true,"href":"https:\/\/lasprimeras.com.do\/index.php\/wp-json\/wp\/v2\/comments?post=63316"}],"version-history":[{"count":1,"href":"https:\/\/lasprimeras.com.do\/index.php\/wp-json\/wp\/v2\/posts\/63316\/revisions"}],"predecessor-version":[{"id":63318,"href":"https:\/\/lasprimeras.com.do\/index.php\/wp-json\/wp\/v2\/posts\/63316\/revisions\/63318"}],"wp:featuredmedia":[{"embeddable":true,"href":"https:\/\/lasprimeras.com.do\/index.php\/wp-json\/wp\/v2\/media\/63317"}],"wp:attachment":[{"href":"https:\/\/lasprimeras.com.do\/index.php\/wp-json\/wp\/v2\/media?parent=63316"}],"wp:term":[{"taxonomy":"category","embeddable":true,"href":"https:\/\/lasprimeras.com.do\/index.php\/wp-json\/wp\/v2\/categories?post=63316"},{"taxonomy":"post_tag","embeddable":true,"href":"https:\/\/lasprimeras.com.do\/index.php\/wp-json\/wp\/v2\/tags?post=63316"}],"curies":[{"name":"wp","href":"https:\/\/api.w.org\/{rel}","templated":true}]}}