{"id":63320,"date":"2023-10-11T21:27:52","date_gmt":"2023-10-12T01:27:52","guid":{"rendered":"https:\/\/lasprimeras.com.do\/?p=63320"},"modified":"2023-10-11T21:27:54","modified_gmt":"2023-10-12T01:27:54","slug":"roberto-alvarez-presentara-ante-la-oea-situacion-entre-rd-y-haiti","status":"publish","type":"post","link":"https:\/\/lasprimeras.com.do\/index.php\/2023\/10\/11\/roberto-alvarez-presentara-ante-la-oea-situacion-entre-rd-y-haiti\/","title":{"rendered":"Roberto \u00c1lvarez presentar\u00e1 ante la OEA situaci\u00f3n entre RD y Hait\u00ed"},"content":{"rendered":"\n<p>El canciller Roberto \u00c1lvarez participar\u00e1 este jueves en una sesi\u00f3n extraordinaria del Consejo Permanente de la Organizaci\u00f3n de los Estados Americanos (OEA).<\/p>\n\n\n\n<p>El funcionario expondr\u00e1 la situaci\u00f3n que se ha generado entre Rep\u00fablica Dominicana y Hait\u00ed debido a la construcci\u00f3n de un canal de riego del lado haitiano para desviar el cauce del r\u00edo fronterizo Masacre-Dajab\u00f3n.<\/p>\n\n\n\n<p>\u00c1lvarez inform\u00f3 que el encuentro fue solicitado por Rep\u00fablica Dominicana con el prop\u00f3sito de brindar a los pa\u00edses miembros una comprensi\u00f3n precisa del contexto y alcance de la situaci\u00f3n en la zona fronteriza y promover la formaci\u00f3n de opiniones objetivas.<\/p>\n\n\n\n<p>El canciller agota una agenda en Estados Unidos donde ha participado en la sesi\u00f3n de la Asamblea General de la Organizaci\u00f3n de las Naciones Unidas, en la que Rep\u00fablica Dominicana result\u00f3 electa para ser miembro del Consejo de Derechos Humanos para el per\u00edodo 2024-2026.<\/p>\n\n\n\n<p>Roberto \u00c1lvarez ha sostenido reuniones con l\u00edderes para tratar el tema del canal ilegal y unilateral que construye Hait\u00ed.<\/p>\n\n\n\n<p>El funcionario diplom\u00e1tico brindara a los pa\u00edses miembros una comprensi\u00f3n precisa del contexto y alcance de la situaci\u00f3n en la zona fronteriza y promover la formaci\u00f3n de opiniones objetivas.<\/p>\n","protected":false},"excerpt":{"rendered":"<p>El canciller Roberto \u00c1lvarez participar\u00e1 este jueves en una sesi\u00f3n extraordinaria del Consejo Permanente de la Organizaci\u00f3n de los Estados Americanos (OEA). El funcionario expondr\u00e1 la situaci\u00f3n que se ha&hellip;<\/p>\n","protected":false},"author":2,"featured_media":63321,"comment_status":"open","ping_status":"open","sticky":false,"template":"","format":"standard","meta":{"content-type":"","jetpack_post_was_ever_published":false,"_jetpack_newsletter_access":"","_jetpack_dont_email_post_to_subs":false,"_jetpack_newsletter_tier_id":0,"_jetpack_memberships_contains_paywalled_content":false,"_jetpack_memberships_contains_paid_content":false,"footnotes":""},"categories":[35,25],"tags":[5892,970,217,3583,127,3651],"class_list":["post-63320","post","type-post","status-publish","format-standard","has-post-thumbnail","hentry","category-nacionales","category-portada","tag-canal","tag-construccion","tag-haiti","tag-oea","tag-rd","tag-roberto-alvarez"],"jetpack_featured_media_url":"https:\/\/lasprimeras.com.do\/wp-content\/uploads\/2023\/10\/Roberto-Alvarez.jpeg","jetpack-related-posts":[{"id":63589,"url":"https:\/\/lasprimeras.com.do\/index.php\/2023\/10\/13\/oea-propone-vias-de-solucion-al-conflicto-rd-haiti\/","url_meta":{"origin":63320,"position":0},"title":"OEA propone v\u00edas de soluci\u00f3n al conflicto RD-Hait\u00ed","author":"Nelson Feliz","date":"13 de octubre de 2023","format":false,"excerpt":"Almagro solicita que el Caricom se integre a misi\u00f3n t\u00e9cnica para evaluar aspectos h\u00eddricos y legales del conflicto. El secretario general de la Organizaci\u00f3n de los Estados Americanos (OEA) propuso este jueves 12 de octubre una reuni\u00f3n entre las delegaciones de la Rep\u00fablica Dominicana y Hait\u00ed para fomentar las discusiones\u2026","rel":"","context":"En \u00abSin categor\u00eda\u00bb","block_context":{"text":"Sin categor\u00eda","link":"https:\/\/lasprimeras.com.do\/index.php\/category\/sin-categoria\/"},"img":{"alt_text":"oea","src":"https:\/\/i0.wp.com\/lasprimeras.com.do\/wp-content\/uploads\/2023\/10\/oea.jpg?resize=350%2C200&ssl=1","width":350,"height":200,"srcset":"https:\/\/i0.wp.com\/lasprimeras.com.do\/wp-content\/uploads\/2023\/10\/oea.jpg?resize=350%2C200&ssl=1 1x, https:\/\/i0.wp.com\/lasprimeras.com.do\/wp-content\/uploads\/2023\/10\/oea.jpg?resize=525%2C300&ssl=1 1.5x, https:\/\/i0.wp.com\/lasprimeras.com.do\/wp-content\/uploads\/2023\/10\/oea.jpg?resize=700%2C400&ssl=1 2x"},"classes":[]},{"id":52849,"url":"https:\/\/lasprimeras.com.do\/index.php\/2023\/06\/21\/canciller-roberto-alvarez-llega-a-washington-para-asamblea-general-de-la-oea\/","url_meta":{"origin":63320,"position":1},"title":"Canciller Roberto \u00c1lvarez llega a Washington para Asamblea General de la OEA","author":"Nelson Feliz","date":"21 de junio de 2023","format":false,"excerpt":"El canciller Roberto \u00c1lvarez se encuentra en la ciudad de Washington D.C., Estados Unidos, donde participar\u00e1 en el 53 Per\u00edodo Ordinario de Sesiones de la Asamblea General de la Organizaci\u00f3n de Estados Americanos (OEA), en la que plantear\u00e1 posiciones del gobierno dominicano sobre temas de inter\u00e9s para la regi\u00f3n de\u2026","rel":"","context":"En \u00abNACIONALES\u00bb","block_context":{"text":"NACIONALES","link":"https:\/\/lasprimeras.com.do\/index.php\/category\/nacionales\/"},"img":{"alt_text":"Roberto \u00c1lvarez","src":"https:\/\/i0.wp.com\/lasprimeras.com.do\/wp-content\/uploads\/2023\/06\/Roberto-Alvarez.jpg?resize=350%2C200&ssl=1","width":350,"height":200,"srcset":"https:\/\/i0.wp.com\/lasprimeras.com.do\/wp-content\/uploads\/2023\/06\/Roberto-Alvarez.jpg?resize=350%2C200&ssl=1 1x, https:\/\/i0.wp.com\/lasprimeras.com.do\/wp-content\/uploads\/2023\/06\/Roberto-Alvarez.jpg?resize=525%2C300&ssl=1 1.5x, https:\/\/i0.wp.com\/lasprimeras.com.do\/wp-content\/uploads\/2023\/06\/Roberto-Alvarez.jpg?resize=700%2C400&ssl=1 2x"},"classes":[]},{"id":63504,"url":"https:\/\/lasprimeras.com.do\/index.php\/2023\/10\/12\/canciller-dominicano-afirma-conflicto-de-rio-masacre-se-ha-politizado\/","url_meta":{"origin":63320,"position":2},"title":"Canciller dominicano afirma conflicto de r\u00edo Masacre se ha politizado","author":"Nelson Feliz","date":"12 de octubre de 2023","format":false,"excerpt":"De acuerdo con Roberto \u00c1lvarez, Hait\u00ed cambi\u00f3 su posici\u00f3n ante Rep\u00fablica Dominicana \"por presiones\" El ministro de Relaciones Exteriores, Roberto \u00c1lvarez, afirm\u00f3 este jueves que el conflicto que se produjo entre Rep\u00fablica Dominicana y Hait\u00ed por la construcci\u00f3n de un canal trasvase en el r\u00edo Masacre pudo resolverse a trav\u00e9s\u2026","rel":"","context":"En \u00abNACIONALES\u00bb","block_context":{"text":"NACIONALES","link":"https:\/\/lasprimeras.com.do\/index.php\/category\/nacionales\/"},"img":{"alt_text":"Roberto \u00c1lvarez","src":"https:\/\/i0.wp.com\/lasprimeras.com.do\/wp-content\/uploads\/2023\/10\/Roberto-Alvarez-2.jpg?resize=350%2C200&ssl=1","width":350,"height":200,"srcset":"https:\/\/i0.wp.com\/lasprimeras.com.do\/wp-content\/uploads\/2023\/10\/Roberto-Alvarez-2.jpg?resize=350%2C200&ssl=1 1x, https:\/\/i0.wp.com\/lasprimeras.com.do\/wp-content\/uploads\/2023\/10\/Roberto-Alvarez-2.jpg?resize=525%2C300&ssl=1 1.5x, https:\/\/i0.wp.com\/lasprimeras.com.do\/wp-content\/uploads\/2023\/10\/Roberto-Alvarez-2.jpg?resize=700%2C400&ssl=1 2x"},"classes":[]},{"id":69318,"url":"https:\/\/lasprimeras.com.do\/index.php\/2023\/12\/01\/gobierno-espera-el-informe-de-oea-sobre-canal-del-rio-masacre-2\/","url_meta":{"origin":63320,"position":3},"title":"Gobierno espera el informe de OEA sobre canal del r\u00edo Masacre","author":"Nelson Feliz","date":"1 de diciembre de 2023","format":false,"excerpt":"El ministro de Relaciones Exteriores (Mirex), Roberto \u00c1lvarez, manifest\u00f3 ayer que\u201d todo est\u00e1 tranquilo en la frontera\u201d y que est\u00e1n a la espera del informe que rendir\u00e1 la Organizaci\u00f3n de Estados Americanos (OEA) en relaci\u00f3n a la construcci\u00f3n del canal en el r\u00edo Masacre (Dajab\u00f3n) del lado haitiano, luego de\u2026","rel":"","context":"En \u00abNACIONALES\u00bb","block_context":{"text":"NACIONALES","link":"https:\/\/lasprimeras.com.do\/index.php\/category\/nacionales\/"},"img":{"alt_text":"Roberto \u00c1lvarez","src":"https:\/\/i0.wp.com\/lasprimeras.com.do\/wp-content\/uploads\/2023\/12\/Roberto-Alvarez.jpg?resize=350%2C200&ssl=1","width":350,"height":200,"srcset":"https:\/\/i0.wp.com\/lasprimeras.com.do\/wp-content\/uploads\/2023\/12\/Roberto-Alvarez.jpg?resize=350%2C200&ssl=1 1x, https:\/\/i0.wp.com\/lasprimeras.com.do\/wp-content\/uploads\/2023\/12\/Roberto-Alvarez.jpg?resize=525%2C300&ssl=1 1.5x, https:\/\/i0.wp.com\/lasprimeras.com.do\/wp-content\/uploads\/2023\/12\/Roberto-Alvarez.jpg?resize=700%2C400&ssl=1 2x"},"classes":[]},{"id":62384,"url":"https:\/\/lasprimeras.com.do\/index.php\/2023\/10\/04\/canciller-roberto-alvarez-reafirmo-ante-el-senado-que-el-pais-siempre-ha-rechazado-la-construccion-del-canal-en-haiti\/","url_meta":{"origin":63320,"position":4},"title":"Canciller Roberto \u00c1lvarez reafirm\u00f3 ante el Senado que el pa\u00eds siempre ha rechazado la construcci\u00f3n del canal en Hait\u00ed","author":"Nelson Feliz","date":"4 de octubre de 2023","format":false,"excerpt":"El canciller Roberto \u00c1lvarez acudi\u00f3 este mi\u00e9rcoles al Senado de la Rep\u00fablica, atendiendo a la invitaci\u00f3n de esa c\u00e1mara, donde detall\u00f3 todo el trabajo realizado por la Canciller\u00eda dominicana para enfrentar el diferendo con Hait\u00ed por la construcci\u00f3n unilateral e ilegal del canal de trasvase en el r\u00edo Dajab\u00f3n-Masacre. El\u2026","rel":"","context":"En \u00abNACIONALES\u00bb","block_context":{"text":"NACIONALES","link":"https:\/\/lasprimeras.com.do\/index.php\/category\/nacionales\/"},"img":{"alt_text":"Roberto Alvarez","src":"https:\/\/i0.wp.com\/lasprimeras.com.do\/wp-content\/uploads\/2023\/10\/Roberto-Alvarez-1.jpg?resize=350%2C200&ssl=1","width":350,"height":200,"srcset":"https:\/\/i0.wp.com\/lasprimeras.com.do\/wp-content\/uploads\/2023\/10\/Roberto-Alvarez-1.jpg?resize=350%2C200&ssl=1 1x, https:\/\/i0.wp.com\/lasprimeras.com.do\/wp-content\/uploads\/2023\/10\/Roberto-Alvarez-1.jpg?resize=525%2C300&ssl=1 1.5x, https:\/\/i0.wp.com\/lasprimeras.com.do\/wp-content\/uploads\/2023\/10\/Roberto-Alvarez-1.jpg?resize=700%2C400&ssl=1 2x"},"classes":[]},{"id":63905,"url":"https:\/\/lasprimeras.com.do\/index.php\/2023\/10\/16\/mision-de-la-oea-llega-a-rd-para-levantar-informacion-sobre-canal-de-haiti-en-el-masacre\/","url_meta":{"origin":63320,"position":5},"title":"Misi\u00f3n de la OEA llega a RD para levantar informaci\u00f3n sobre canal de Hait\u00ed en el Masacre","author":"Nelson Feliz","date":"16 de octubre de 2023","format":false,"excerpt":"Se espera que tras visitar la frontera con Dajab\u00f3n, la misi\u00f3n emita un informe ante la OEA. Una misi\u00f3n de la Organizaci\u00f3n de los Estados Americanos (OEA) se encuentra de visita en la Rep\u00fablica Dominicana con el prop\u00f3sito de levantar informaci\u00f3n sobre el canal ilegal que construye Hait\u00ed en el\u2026","rel":"","context":"En \u00abNACIONALES\u00bb","block_context":{"text":"NACIONALES","link":"https:\/\/lasprimeras.com.do\/index.php\/category\/nacionales\/"},"img":{"alt_text":"Misi\u00f3n de la OEA llega a RD","src":"https:\/\/i0.wp.com\/lasprimeras.com.do\/wp-content\/uploads\/2023\/10\/Mision-de-la-OEA-llega-a-RD.jpg?resize=350%2C200&ssl=1","width":350,"height":200,"srcset":"https:\/\/i0.wp.com\/lasprimeras.com.do\/wp-content\/uploads\/2023\/10\/Mision-de-la-OEA-llega-a-RD.jpg?resize=350%2C200&ssl=1 1x, https:\/\/i0.wp.com\/lasprimeras.com.do\/wp-content\/uploads\/2023\/10\/Mision-de-la-OEA-llega-a-RD.jpg?resize=525%2C300&ssl=1 1.5x, https:\/\/i0.wp.com\/lasprimeras.com.do\/wp-content\/uploads\/2023\/10\/Mision-de-la-OEA-llega-a-RD.jpg?resize=700%2C400&ssl=1 2x"},"classes":[]}],"jetpack_sharing_enabled":true,"_links":{"self":[{"href":"https:\/\/lasprimeras.com.do\/index.php\/wp-json\/wp\/v2\/posts\/63320","targetHints":{"allow":["GET"]}}],"collection":[{"href":"https:\/\/lasprimeras.com.do\/index.php\/wp-json\/wp\/v2\/posts"}],"about":[{"href":"https:\/\/lasprimeras.com.do\/index.php\/wp-json\/wp\/v2\/types\/post"}],"author":[{"embeddable":true,"href":"https:\/\/lasprimeras.com.do\/index.php\/wp-json\/wp\/v2\/users\/2"}],"replies":[{"embeddable":true,"href":"https:\/\/lasprimeras.com.do\/index.php\/wp-json\/wp\/v2\/comments?post=63320"}],"version-history":[{"count":1,"href":"https:\/\/lasprimeras.com.do\/index.php\/wp-json\/wp\/v2\/posts\/63320\/revisions"}],"predecessor-version":[{"id":63322,"href":"https:\/\/lasprimeras.com.do\/index.php\/wp-json\/wp\/v2\/posts\/63320\/revisions\/63322"}],"wp:featuredmedia":[{"embeddable":true,"href":"https:\/\/lasprimeras.com.do\/index.php\/wp-json\/wp\/v2\/media\/63321"}],"wp:attachment":[{"href":"https:\/\/lasprimeras.com.do\/index.php\/wp-json\/wp\/v2\/media?parent=63320"}],"wp:term":[{"taxonomy":"category","embeddable":true,"href":"https:\/\/lasprimeras.com.do\/index.php\/wp-json\/wp\/v2\/categories?post=63320"},{"taxonomy":"post_tag","embeddable":true,"href":"https:\/\/lasprimeras.com.do\/index.php\/wp-json\/wp\/v2\/tags?post=63320"}],"curies":[{"name":"wp","href":"https:\/\/api.w.org\/{rel}","templated":true}]}}