{"id":63329,"date":"2023-10-11T22:02:29","date_gmt":"2023-10-12T02:02:29","guid":{"rendered":"https:\/\/lasprimeras.com.do\/?p=63329"},"modified":"2023-10-11T22:03:27","modified_gmt":"2023-10-12T02:03:27","slug":"abogados-protestan-frente-al-congreso-por-reduccion-de-recursos-de-justicia-en-presupuesto-2024","status":"publish","type":"post","link":"https:\/\/lasprimeras.com.do\/index.php\/2023\/10\/11\/abogados-protestan-frente-al-congreso-por-reduccion-de-recursos-de-justicia-en-presupuesto-2024\/","title":{"rendered":"Abogados protestan frente al Congreso por reducci\u00f3n de recursos de Justicia en Presupuesto 2024"},"content":{"rendered":"\n<p><strong>Advierte Tribunales operan precariamente sin personal, ni recursos suficientes para administrar justicia.<\/strong><\/p>\n\n\n\n<p>Por Martin Restituyo<\/p>\n\n\n\n<p>Miembros del Colegio de Abogados de la Rep\u00fablica Dominicana (CARD) protestaron frente al Congreso Nacional en rechazo de la reducci\u00f3n de los recursos asignados para el Poder Judicial contemplados en el Proyecto de Presupuesto Nacional para el 2024.<\/p>\n\n\n\n<p>Dijeron que el presupuesto asignado ha sido de RD$8,623,324.578 para el Poder Judicial y RD$9,648,535,941 para la Procuradur\u00eda General de la Rep\u00fablica, lo cual es violatorio a la Ley 194-04, que establece la asignaci\u00f3n de 4.10% del Presupuesto Nacional para el sector justicia.<\/p>\n\n\n\n<p>La manifestaci\u00f3n estuvo encabezada por el presidente del gremio, Miguel Surun Hern\u00e1ndez, quien dijo que de mantenerse dicha asignaci\u00f3n igual ser\u00eda un grave atentado a la administraci\u00f3n de justicia en la Rep\u00fablica Dominicana, se encuentra en una grave crisis por la ausencia de jueces, fiscales y personal suficiente para responder a la demanda de servicios de la ciudadan\u00eda.<\/p>\n\n\n\n<p>Surun Hern\u00e1ndez, sostuvo que esta situaci\u00f3n sigue generando un retardo fatal en las decisiones judiciales qu\u00e9 se refleja en una alta tasa de mora judicial, procesos penales interminables.<\/p>\n\n\n\n<p>El jurista record\u00f3 que actualmente hay m\u00e1s de 17,000 presos preventivos con sus prisiones vencidas, convirtiendo nuestras c\u00e1rceles en cementerios de hombres vivos.<\/p>\n\n\n\n<p>Los juristas calificaron como grave y preocupante que en la actualidad una simple solicitud de revisi\u00f3n de medida coerci\u00f3n puede tardar de 4 a 6 meses, en procesos que se extienden por a\u00f1os y que luego de dictada una sentencia penal, su motivaci\u00f3n puede extenderse hasta por 5 meses por falta de secretaria.<\/p>\n\n\n\n<p>Denuncian que peor situaci\u00f3n se presenta en la materia civil con procesos con m\u00e1s de 20 a\u00f1os en los tribunales, que en su mayor\u00eda funcionan en edificios deteriorados, sin espacios, escasez de equipos y de material gastable, ni condiciones aptas para los abogados, muchos menos para las v\u00edctimas y usuarios del sistema, todo gracias a que el Poder Ejecutivo se apropia de m\u00e1s de RD$40 mil millones de pesos que por Ley le corresponden al Poder Judicial y a la Procuradur\u00eda General de la Rep\u00fablica.<\/p>\n\n\n\n<p>El gremialista agreg\u00f3 que \u201cCon los fondos asignados actualmente no se podr\u00e1n instalar los 94 tribunales que est\u00e1n aprobados por ley y que no han podido ser puestos en funcionamiento por falta de recursos, tampoco podr\u00e1n ser mejoradas las instalaciones actuales, las condiciones laborales de los jueces, fiscales, funcionarios judiciales, abogados; asimismo limitar\u00e1 la mejora del servicio que est\u00e1 recibiendo la ciudadan\u00eda en este momento&#8221;.<\/p>\n\n\n\n<p>El presidente del Card dijo que dicho desv\u00edo de recursos se verifica a pesar de los cuantiosos ingresos contemplados en el Presupuesto Nacional que ascienden a RD$1,572,986,016,693, contemplados pr\u00e9stamos por el orden de los RD$344,980.21 millones, y US$1,500 millones de d\u00f3lares.<\/p>\n","protected":false},"excerpt":{"rendered":"<p>Advierte Tribunales operan precariamente sin personal, ni recursos suficientes para administrar justicia. Por Martin Restituyo Miembros del Colegio de Abogados de la Rep\u00fablica Dominicana (CARD) protestaron frente al Congreso Nacional&hellip;<\/p>\n","protected":false},"author":2,"featured_media":63330,"comment_status":"open","ping_status":"open","sticky":false,"template":"","format":"standard","meta":{"content-type":"","jetpack_post_was_ever_published":false,"_jetpack_newsletter_access":"","_jetpack_dont_email_post_to_subs":false,"_jetpack_newsletter_tier_id":0,"_jetpack_memberships_contains_paywalled_content":false,"_jetpack_memberships_contains_paid_content":false,"footnotes":""},"categories":[39,25],"tags":[3106,530,443,8451,1074,896,3178],"class_list":["post-63329","post","type-post","status-publish","format-standard","has-post-thumbnail","hentry","category-economia","category-portada","tag-abogados","tag-congreso","tag-justicia","tag-presupuesto-2024","tag-protestan","tag-recursos","tag-reduccion"],"jetpack_featured_media_url":"https:\/\/lasprimeras.com.do\/wp-content\/uploads\/2023\/10\/Miguel-Surun.jpg","jetpack-related-posts":[{"id":62506,"url":"https:\/\/lasprimeras.com.do\/index.php\/2023\/10\/05\/card-rechaza-reduccion-de-recursos-a-la-justicia-contemplado-en-el-presupuesto-del-2024\/","url_meta":{"origin":63329,"position":0},"title":"CARD rechaza reducci\u00f3n de recursos a la Justicia contemplado en el Presupuesto del 2024","author":"Nelson Feliz","date":"5 de octubre de 2023","format":false,"excerpt":"Advierte tribunales operan precariamente sin personal, no recursos suficientes para administrar justicia. Por Mart\u00edn Restituyo El Colegio de Abogados de la Rep\u00fablica Dominicana (CARD) intim\u00f3 al Congreso Nacional a rechazar la reducci\u00f3n de los recursos asignados al Poder Judicial, contempladas en el Proyecto de Presupuesto Nacional para el 2024. Dicho\u2026","rel":"","context":"En \u00abECONOM\u00cdA\u00bb","block_context":{"text":"ECONOM\u00cdA","link":"https:\/\/lasprimeras.com.do\/index.php\/category\/economia\/"},"img":{"alt_text":"Miguel Surun Hern\u00e1ndez","src":"https:\/\/i0.wp.com\/lasprimeras.com.do\/wp-content\/uploads\/2023\/10\/Miguel-Surun-Hernandez.jpg?resize=350%2C200&ssl=1","width":350,"height":200,"srcset":"https:\/\/i0.wp.com\/lasprimeras.com.do\/wp-content\/uploads\/2023\/10\/Miguel-Surun-Hernandez.jpg?resize=350%2C200&ssl=1 1x, https:\/\/i0.wp.com\/lasprimeras.com.do\/wp-content\/uploads\/2023\/10\/Miguel-Surun-Hernandez.jpg?resize=525%2C300&ssl=1 1.5x, https:\/\/i0.wp.com\/lasprimeras.com.do\/wp-content\/uploads\/2023\/10\/Miguel-Surun-Hernandez.jpg?resize=700%2C400&ssl=1 2x"},"classes":[]},{"id":52097,"url":"https:\/\/lasprimeras.com.do\/index.php\/2023\/06\/06\/abogados-marchan-en-protesta-por-desvio-recursos-de-la-justicia\/","url_meta":{"origin":63329,"position":1},"title":"Abogados marchan en protesta por desv\u00edo recursos de la justicia","author":"prenxa100","date":"6 de junio de 2023","format":false,"excerpt":"El Colegio de Abogados de la Rep\u00fablica Dominicana (CARD) promovi\u00f3 una marcha de afiliados por calles de la Capital en la que denunci\u00f3 \u00ab19 a\u00f1os de violaci\u00f3n a la independencia de la justicia\u00bb. El CARD afirm\u00f3 que el Poder Judicial y la Procuradur\u00eda General de la Rep\u00fablica mendigan al Poder\u2026","rel":"","context":"En \u00abNACIONALES\u00bb","block_context":{"text":"NACIONALES","link":"https:\/\/lasprimeras.com.do\/index.php\/category\/nacionales\/"},"img":{"alt_text":"","src":"","width":0,"height":0},"classes":[]},{"id":62531,"url":"https:\/\/lasprimeras.com.do\/index.php\/2023\/10\/05\/colegio-de-abogados-rechaza-reduccion-de-recursos-a-la-justicia\/","url_meta":{"origin":63329,"position":2},"title":"Colegio de Abogados rechaza reducci\u00f3n de recursos a la justicia","author":"BIMARY DE JES\u00daS Matos","date":"5 de octubre de 2023","format":false,"excerpt":"SANTO DOMINGO. \u2013 El Colegio de Abogados de la Rep\u00fablica Dominicana (CARD) intim\u00f3 al Congreso Nacional a rechazar la reducci\u00f3n de los recursos asignados al Poder Judicial, contempladas en el Proyecto de Presupuesto Nacional para el 2024, equivalente a ocho mil millones 623 mil 324 pesos y nueve mil 648\u2026","rel":"","context":"En \u00abPORTADA\u00bb","block_context":{"text":"PORTADA","link":"https:\/\/lasprimeras.com.do\/index.php\/category\/portada\/"},"img":{"alt_text":"","src":"https:\/\/i0.wp.com\/lasprimeras.com.do\/wp-content\/uploads\/2023\/10\/WhatsApp-Image-2023-10-05-at-9.55.14-AM.jpeg?resize=350%2C200&ssl=1","width":350,"height":200,"srcset":"https:\/\/i0.wp.com\/lasprimeras.com.do\/wp-content\/uploads\/2023\/10\/WhatsApp-Image-2023-10-05-at-9.55.14-AM.jpeg?resize=350%2C200&ssl=1 1x, https:\/\/i0.wp.com\/lasprimeras.com.do\/wp-content\/uploads\/2023\/10\/WhatsApp-Image-2023-10-05-at-9.55.14-AM.jpeg?resize=525%2C300&ssl=1 1.5x, https:\/\/i0.wp.com\/lasprimeras.com.do\/wp-content\/uploads\/2023\/10\/WhatsApp-Image-2023-10-05-at-9.55.14-AM.jpeg?resize=700%2C400&ssl=1 2x"},"classes":[]},{"id":56629,"url":"https:\/\/lasprimeras.com.do\/index.php\/2023\/08\/03\/adp-rechaza-intencion-de-reducir-presupuesto-al-ministerio-de-educacion\/","url_meta":{"origin":63329,"position":3},"title":"ADP rechaza intenci\u00f3n de reducir presupuesto al Ministerio de Educaci\u00f3n","author":"Nelson Feliz","date":"3 de agosto de 2023","format":false,"excerpt":"El presidente de la Asociaci\u00f3n Dominicana de Profesores, (ADP), Eduardo Hidalgo se mostr\u00f3 opuesto a las pretensiones de reducir el presupuesto complementario al Ministerio de Educaci\u00f3n. Hidalgo explic\u00f3 que hist\u00f3ricamente la cartera educativa ha acumulado un d\u00e9ficit hist\u00f3rico en la ejecuci\u00f3n efectiva del presupuesto asignado a la educaci\u00f3n preuniversitaria lo\u2026","rel":"","context":"En \u00abNACIONALES\u00bb","block_context":{"text":"NACIONALES","link":"https:\/\/lasprimeras.com.do\/index.php\/category\/nacionales\/"},"img":{"alt_text":"Eduardo Hidalgo","src":"https:\/\/i0.wp.com\/lasprimeras.com.do\/wp-content\/uploads\/2023\/08\/Eduardo-Hidalgo.jpg?resize=350%2C200&ssl=1","width":350,"height":200,"srcset":"https:\/\/i0.wp.com\/lasprimeras.com.do\/wp-content\/uploads\/2023\/08\/Eduardo-Hidalgo.jpg?resize=350%2C200&ssl=1 1x, https:\/\/i0.wp.com\/lasprimeras.com.do\/wp-content\/uploads\/2023\/08\/Eduardo-Hidalgo.jpg?resize=525%2C300&ssl=1 1.5x, https:\/\/i0.wp.com\/lasprimeras.com.do\/wp-content\/uploads\/2023\/08\/Eduardo-Hidalgo.jpg?resize=700%2C400&ssl=1 2x"},"classes":[]},{"id":127615,"url":"https:\/\/lasprimeras.com.do\/index.php\/2026\/04\/13\/rd-registra-avances-en-justicia-transformacion-institucional-en-el-poder-judicial\/","url_meta":{"origin":63329,"position":4},"title":"RD registra avances en justicia: transformaci\u00f3n institucional en el Poder Judicial","author":"Nelson Feliz","date":"13 de abril de 2026","format":false,"excerpt":"Un an\u00e1lisis sobre justicia en Rep\u00fablica Dominicana evidencia progresos institucionales, aunque persisten desaf\u00edos estructurales Un nuevo an\u00e1lisis del Programa de las Naciones Unidas para el Desarrollo (PNUD) muestra avances significativos en la transformaci\u00f3n institucional y eficacia de la justicia, as\u00ed como en su capacidad resolutiva, mientras se\u00f1ala desaf\u00edos persistentes de\u2026","rel":"","context":"En \u00abJUSTICIA\u00bb","block_context":{"text":"JUSTICIA","link":"https:\/\/lasprimeras.com.do\/index.php\/category\/justicia\/"},"img":{"alt_text":"Rep\u00fablica Dominicana registra avances en justicia","src":"https:\/\/i0.wp.com\/lasprimeras.com.do\/wp-content\/uploads\/2026\/04\/Republica-Dominicana-registra-avances-en-justicia.jpg?resize=350%2C200&ssl=1","width":350,"height":200,"srcset":"https:\/\/i0.wp.com\/lasprimeras.com.do\/wp-content\/uploads\/2026\/04\/Republica-Dominicana-registra-avances-en-justicia.jpg?resize=350%2C200&ssl=1 1x, https:\/\/i0.wp.com\/lasprimeras.com.do\/wp-content\/uploads\/2026\/04\/Republica-Dominicana-registra-avances-en-justicia.jpg?resize=525%2C300&ssl=1 1.5x, https:\/\/i0.wp.com\/lasprimeras.com.do\/wp-content\/uploads\/2026\/04\/Republica-Dominicana-registra-avances-en-justicia.jpg?resize=700%2C400&ssl=1 2x"},"classes":[]},{"id":56627,"url":"https:\/\/lasprimeras.com.do\/index.php\/2023\/08\/03\/gobierno-somete-al-congreso-el-proyecto-de-presupuesto-reformulado-2023\/","url_meta":{"origin":63329,"position":5},"title":"Gobierno somete al Congreso el proyecto de Presupuesto reformulado 2023","author":"Nelson Feliz","date":"3 de agosto de 2023","format":false,"excerpt":"El Gobierno dominicano, a trav\u00e9s del Ministerio de Hacienda, someti\u00f3 al Congreso Nacional el anteproyecto que modifica la Ley 366-22 que aprueba el Presupuesto General del Estado para el 2023, el cual busca promover el dinamismo econ\u00f3mico mediante un incremento en el gasto p\u00fablico destinado a la inversi\u00f3n y a\u2026","rel":"","context":"En \u00abECONOM\u00cdA\u00bb","block_context":{"text":"ECONOM\u00cdA","link":"https:\/\/lasprimeras.com.do\/index.php\/category\/economia\/"},"img":{"alt_text":"Ministerio de Hacienda","src":"https:\/\/i0.wp.com\/lasprimeras.com.do\/wp-content\/uploads\/2023\/08\/Ministerio-de-Hacienda.jpg?resize=350%2C200&ssl=1","width":350,"height":200,"srcset":"https:\/\/i0.wp.com\/lasprimeras.com.do\/wp-content\/uploads\/2023\/08\/Ministerio-de-Hacienda.jpg?resize=350%2C200&ssl=1 1x, https:\/\/i0.wp.com\/lasprimeras.com.do\/wp-content\/uploads\/2023\/08\/Ministerio-de-Hacienda.jpg?resize=525%2C300&ssl=1 1.5x, https:\/\/i0.wp.com\/lasprimeras.com.do\/wp-content\/uploads\/2023\/08\/Ministerio-de-Hacienda.jpg?resize=700%2C400&ssl=1 2x"},"classes":[]}],"jetpack_sharing_enabled":true,"_links":{"self":[{"href":"https:\/\/lasprimeras.com.do\/index.php\/wp-json\/wp\/v2\/posts\/63329","targetHints":{"allow":["GET"]}}],"collection":[{"href":"https:\/\/lasprimeras.com.do\/index.php\/wp-json\/wp\/v2\/posts"}],"about":[{"href":"https:\/\/lasprimeras.com.do\/index.php\/wp-json\/wp\/v2\/types\/post"}],"author":[{"embeddable":true,"href":"https:\/\/lasprimeras.com.do\/index.php\/wp-json\/wp\/v2\/users\/2"}],"replies":[{"embeddable":true,"href":"https:\/\/lasprimeras.com.do\/index.php\/wp-json\/wp\/v2\/comments?post=63329"}],"version-history":[{"count":2,"href":"https:\/\/lasprimeras.com.do\/index.php\/wp-json\/wp\/v2\/posts\/63329\/revisions"}],"predecessor-version":[{"id":63333,"href":"https:\/\/lasprimeras.com.do\/index.php\/wp-json\/wp\/v2\/posts\/63329\/revisions\/63333"}],"wp:featuredmedia":[{"embeddable":true,"href":"https:\/\/lasprimeras.com.do\/index.php\/wp-json\/wp\/v2\/media\/63330"}],"wp:attachment":[{"href":"https:\/\/lasprimeras.com.do\/index.php\/wp-json\/wp\/v2\/media?parent=63329"}],"wp:term":[{"taxonomy":"category","embeddable":true,"href":"https:\/\/lasprimeras.com.do\/index.php\/wp-json\/wp\/v2\/categories?post=63329"},{"taxonomy":"post_tag","embeddable":true,"href":"https:\/\/lasprimeras.com.do\/index.php\/wp-json\/wp\/v2\/tags?post=63329"}],"curies":[{"name":"wp","href":"https:\/\/api.w.org\/{rel}","templated":true}]}}