{"id":63334,"date":"2023-10-11T22:18:02","date_gmt":"2023-10-12T02:18:02","guid":{"rendered":"https:\/\/lasprimeras.com.do\/?p=63334"},"modified":"2023-10-11T22:20:36","modified_gmt":"2023-10-12T02:20:36","slug":"prm-presenta-lista-de-senadores-y-diputados-que-no-volveran-a-competir-en-su-boleta","status":"publish","type":"post","link":"https:\/\/lasprimeras.com.do\/index.php\/2023\/10\/11\/prm-presenta-lista-de-senadores-y-diputados-que-no-volveran-a-competir-en-su-boleta\/","title":{"rendered":"PRM presenta lista de senadores y diputados que no volver\u00e1n a competir en su boleta"},"content":{"rendered":"\n<p><strong>Aunque a\u00fan no se ha dado a conocer algunas candidaturas, en declaraciones a la prensa, el presidente del Senado, Ricardo de los Santos, indic\u00f3 que en el caso de Lenin Valdez L\u00f3pez, de la provincia Monte Plata y Ram\u00f3n Antonio Pimentel (Moreno Arias), por Montecristi, tampoco hab\u00edan salido favorecidos.<\/strong><\/p>\n\n\n\n<p>El Partido Revolucionario Moderno (PRM) present\u00f3 algunos de los candidatos que, de acuerdo a la encuesta realizada por la Comisi\u00f3n Nacional de Elecciones Internas (CNEI), ser\u00e1n los aspirantes a ocupar puestos electivos a nivel congresual y municipal.<\/p>\n\n\n\n<p>Esta encuesta realizada por Gallup Dominicana, Centro Econ\u00f3mico del Cibao e Ipsos, deja fuera de las elecciones de 2024 a actuales senadores.<\/p>\n\n\n\n<p>A nivel senatorial, el PRM no reeligi\u00f3 a Mart\u00edn Ediberto Nolasco Vargas, de la provincia Valverde; Milciades Franjul de Peravia y Melania Salvador en Bahoruco.<\/p>\n\n\n\n<p>Aunque a\u00fan no se ha dado a conocer algunas candidaturas, en declaraciones a la prensa, este martes, el presidente del Senado, Ricardo de los Santos, indic\u00f3 que en el caso de Lenin Valdez L\u00f3pez, de la provincia Monte Plata y Ram\u00f3n Antonio Pimentel (Moreno Arias), por Montecristi, tampoco hab\u00edan salido favorecidos.<\/p>\n\n\n\n<p>Hasta el momento esa organizaci\u00f3n pol\u00edtica ha informado que el Distrito Nacional, Santiago, La Vega, La Romana, La Altagracia y Barahona tienen las candidaturas reservadas.<\/p>\n\n\n\n<p>Quedan pendientes, H\u00e9ctor Acosta de Monse\u00f1or Nouel y Carlos Manuel G\u00f3mez Ure\u00f1a de la provincia Espaillat.<\/p>\n\n\n\n<p>DIPUTADOS<\/p>\n\n\n\n<p>De igual forma, dentro de los diputados que no repetir\u00e1n est\u00e1n Betty Ger\u00f3nimo, que pasa a ser candidata a alcaldesa por Santo Domingo Norte; Jos\u00e9 Andujar y Manuel Jim\u00e9nez, quienes perdieron en las elecciones internas del PRM.<\/p>\n\n\n\n<p>En la Circunscripci\u00f3n 5 de la provincia Santo Domingo hay una candidatura reservada, que por las declaraciones del actual diputado Jes\u00fas Manuel S\u00e1nchez Mart\u00ednez, conocido como &#8220;Sandro&#8221;, en sus redes sociales, todo indica que ese partido lo ha elegido.<\/p>\n\n\n\n<p>Mientras no repetir\u00e1n en esa demarcaci\u00f3n Alex\u00e1nder Javier Cuevas y C\u00e9sar Santiago Rutinel Dom\u00ednguez.<\/p>\n\n\n\n<p>Asimismo, aunque ya se inform\u00f3 las personas que aspirar\u00e1n a los distintos puestos electivos, es bueno recordar que el PRM se reserv\u00f3 38 diputaciones; 1 en Barahona; 5 Distrito Nacional; 1 en Hato Mayor; 2 en La Altagracia; 2 en La Romana; 2 La Vega; 2 Monse\u00f1or Nouel; 1 en Puerto Plata, 3 San Crist\u00f3bal; 2 en San Pedro de Macor\u00eds, 5 en Santiago y 9 en Santo Domingo.<\/p>\n\n\n\n<p>Fuente Listin Diario<\/p>\n","protected":false},"excerpt":{"rendered":"<p>Aunque a\u00fan no se ha dado a conocer algunas candidaturas, en declaraciones a la prensa, el presidente del Senado, Ricardo de los Santos, indic\u00f3 que en el caso de Lenin&hellip;<\/p>\n","protected":false},"author":2,"featured_media":56773,"comment_status":"open","ping_status":"open","sticky":false,"template":"","format":"standard","meta":{"content-type":"","jetpack_post_was_ever_published":false,"_jetpack_newsletter_access":"","_jetpack_dont_email_post_to_subs":false,"_jetpack_newsletter_tier_id":0,"_jetpack_memberships_contains_paywalled_content":false,"_jetpack_memberships_contains_paid_content":false,"footnotes":""},"categories":[25],"tags":[847,8452,8453,31,3300],"class_list":["post-63334","post","type-post","status-publish","format-standard","has-post-thumbnail","hentry","category-portada","tag-boleta","tag-competir","tag-diputados-no-volveran","tag-prm","tag-senadores"],"jetpack_featured_media_url":"https:\/\/lasprimeras.com.do\/wp-content\/uploads\/2023\/08\/PRM.jpg","jetpack-related-posts":[{"id":114182,"url":"https:\/\/lasprimeras.com.do\/index.php\/2025\/11\/11\/prm-impuso-a-jacqueline-fernandez-como-candidata-a-diputada-pese-a-sentencias-del-tc-y-el-tse\/","url_meta":{"origin":63334,"position":0},"title":"PRM impuso a Jacqueline Fern\u00e1ndez como candidata a diputada pese a sentencias del TC y el TSE","author":"Nelson Feliz","date":"11 de noviembre de 2025","format":false,"excerpt":"\u201cEste Tribunal llega a la conclusi\u00f3n de que la se\u00f1ora Jacqueline Fern\u00e1ndez inscribi\u00f3 originalmente su precandidatura para competir por el puesto de alcalde y produjo una serie de actos de precampa\u00f1a en dicho nivel de elecci\u00f3n. No obstante, al ser medida en los trabajos de campo realizados en el mes\u2026","rel":"","context":"En \u00abPOLITICA\u00bb","block_context":{"text":"POLITICA","link":"https:\/\/lasprimeras.com.do\/index.php\/category\/politica\/"},"img":{"alt_text":"","src":"https:\/\/i0.wp.com\/lasprimeras.com.do\/wp-content\/uploads\/2025\/11\/La-viceconsul-Dayna-Manzano-de-Los-Santos-y-la-diputada-Jacqueline-Fernandez-Brito.jpeg?resize=350%2C200&ssl=1","width":350,"height":200,"srcset":"https:\/\/i0.wp.com\/lasprimeras.com.do\/wp-content\/uploads\/2025\/11\/La-viceconsul-Dayna-Manzano-de-Los-Santos-y-la-diputada-Jacqueline-Fernandez-Brito.jpeg?resize=350%2C200&ssl=1 1x, https:\/\/i0.wp.com\/lasprimeras.com.do\/wp-content\/uploads\/2025\/11\/La-viceconsul-Dayna-Manzano-de-Los-Santos-y-la-diputada-Jacqueline-Fernandez-Brito.jpeg?resize=525%2C300&ssl=1 1.5x, https:\/\/i0.wp.com\/lasprimeras.com.do\/wp-content\/uploads\/2025\/11\/La-viceconsul-Dayna-Manzano-de-Los-Santos-y-la-diputada-Jacqueline-Fernandez-Brito.jpeg?resize=700%2C400&ssl=1 2x"},"classes":[]},{"id":63383,"url":"https:\/\/lasprimeras.com.do\/index.php\/2023\/10\/12\/prm-presenta-lista-de-candidatos-senatoriales-de-otras-9-provincias\/","url_meta":{"origin":63334,"position":1},"title":"PRM presenta lista de candidatos senatoriales de otras 9 provincias","author":"BIMARY DE JES\u00daS Matos","date":"12 de octubre de 2023","format":false,"excerpt":"SANTO DOMINGO.- El Partido Revolucionario Moderno (PRM) public\u00f3 la segunda parte de su listado de ganadores de las encuestas que realizaron para diferentes cargos electivos en las elecciones municipales y congresuales que se celebrar\u00e1n en el 2024. En el caso de las candidaturas senatoriales, en este segundo listado el partido\u2026","rel":"","context":"En \u00abSin categor\u00eda\u00bb","block_context":{"text":"Sin categor\u00eda","link":"https:\/\/lasprimeras.com.do\/index.php\/category\/sin-categoria\/"},"img":{"alt_text":"","src":"https:\/\/i0.wp.com\/lasprimeras.com.do\/wp-content\/uploads\/2023\/10\/WhatsApp-Image-2023-10-10-at-11.06.27-AM-2.jpeg?resize=350%2C200&ssl=1","width":350,"height":200,"srcset":"https:\/\/i0.wp.com\/lasprimeras.com.do\/wp-content\/uploads\/2023\/10\/WhatsApp-Image-2023-10-10-at-11.06.27-AM-2.jpeg?resize=350%2C200&ssl=1 1x, https:\/\/i0.wp.com\/lasprimeras.com.do\/wp-content\/uploads\/2023\/10\/WhatsApp-Image-2023-10-10-at-11.06.27-AM-2.jpeg?resize=525%2C300&ssl=1 1.5x"},"classes":[]},{"id":121305,"url":"https:\/\/lasprimeras.com.do\/index.php\/2026\/02\/03\/franklin-romero-unico-senador-del-prm-que-ostenta-una-presidencia-provincial\/","url_meta":{"origin":63334,"position":2},"title":"Franklin Romero \u00fanico senador del PRM que ostenta una presidencia provincial","author":"Nelson Feliz","date":"3 de febrero de 2026","format":false,"excerpt":"Franklin Romero","rel":"","context":"En \u00abPOLITICA\u00bb","block_context":{"text":"POLITICA","link":"https:\/\/lasprimeras.com.do\/index.php\/category\/politica\/"},"img":{"alt_text":"","src":"https:\/\/i0.wp.com\/lasprimeras.com.do\/wp-content\/uploads\/2026\/02\/IMG-20260203-WA0222.jpg?resize=350%2C200&ssl=1","width":350,"height":200,"srcset":"https:\/\/i0.wp.com\/lasprimeras.com.do\/wp-content\/uploads\/2026\/02\/IMG-20260203-WA0222.jpg?resize=350%2C200&ssl=1 1x, https:\/\/i0.wp.com\/lasprimeras.com.do\/wp-content\/uploads\/2026\/02\/IMG-20260203-WA0222.jpg?resize=525%2C300&ssl=1 1.5x, https:\/\/i0.wp.com\/lasprimeras.com.do\/wp-content\/uploads\/2026\/02\/IMG-20260203-WA0222.jpg?resize=700%2C400&ssl=1 2x"},"classes":[]},{"id":63386,"url":"https:\/\/lasprimeras.com.do\/index.php\/2023\/10\/12\/los-senadores-que-fallaron-en-encuestas-prm\/","url_meta":{"origin":63334,"position":3},"title":"Los senadores que fallaron en encuestas PRM","author":"BIMARY DE JES\u00daS Matos","date":"12 de octubre de 2023","format":false,"excerpt":"SANTO DOMINGO.\u2013 El Partido Revolucionario Moderno (PRM) sigui\u00f3 sumando nombres a la lista de candidatos que aparecer\u00e1n en sus boletas con la presentaci\u00f3n de una segunda parte de los resultados de las encuestas de popularidad realizada entre sus aspirantes. De los nombres presentados oficialmente este mi\u00e9rcoles, Andr\u00e9s Lama, Julito Furcal\u2026","rel":"","context":"En \u00abSin categor\u00eda\u00bb","block_context":{"text":"Sin categor\u00eda","link":"https:\/\/lasprimeras.com.do\/index.php\/category\/sin-categoria\/"},"img":{"alt_text":"","src":"https:\/\/i0.wp.com\/lasprimeras.com.do\/wp-content\/uploads\/2023\/10\/WhatsApp-Image-2023-10-10-at-11.06.27-AM-2.webp?resize=350%2C200&ssl=1","width":350,"height":200,"srcset":"https:\/\/i0.wp.com\/lasprimeras.com.do\/wp-content\/uploads\/2023\/10\/WhatsApp-Image-2023-10-10-at-11.06.27-AM-2.webp?resize=350%2C200&ssl=1 1x, https:\/\/i0.wp.com\/lasprimeras.com.do\/wp-content\/uploads\/2023\/10\/WhatsApp-Image-2023-10-10-at-11.06.27-AM-2.webp?resize=525%2C300&ssl=1 1.5x, https:\/\/i0.wp.com\/lasprimeras.com.do\/wp-content\/uploads\/2023\/10\/WhatsApp-Image-2023-10-10-at-11.06.27-AM-2.webp?resize=700%2C400&ssl=1 2x"},"classes":[]},{"id":63661,"url":"https:\/\/lasprimeras.com.do\/index.php\/2023\/10\/13\/exprecandidato-a-senador-del-prm-se-juramenta-en-el-pld\/","url_meta":{"origin":63334,"position":4},"title":"Exprecandidato a senador del PRM se juramenta en el PLD","author":"Nelson Feliz","date":"13 de octubre de 2023","format":false,"excerpt":"El exprecandidato a senador por la provincia de Hato Mayor del Partido Revolucionario Moderno (PRM) Mois\u00e9s Rodr\u00edguez pas\u00f3 a las filas del Partido de la Liberaci\u00f3n Dominicana (PLD), donde fue juramentado por el presidente de esa organizaci\u00f3n Danilo Medina. El PLD dijo, en un comunicado difundido este viernes, que Rodr\u00edguez\u2026","rel":"","context":"En \u00abPORTADA\u00bb","block_context":{"text":"PORTADA","link":"https:\/\/lasprimeras.com.do\/index.php\/category\/portada\/"},"img":{"alt_text":"Mois\u00e9s Rodr\u00edguez y Danilo Medina","src":"https:\/\/i0.wp.com\/lasprimeras.com.do\/wp-content\/uploads\/2023\/10\/Moises-Rodriguez-y-Danilo-Medina.jpg?resize=350%2C200&ssl=1","width":350,"height":200,"srcset":"https:\/\/i0.wp.com\/lasprimeras.com.do\/wp-content\/uploads\/2023\/10\/Moises-Rodriguez-y-Danilo-Medina.jpg?resize=350%2C200&ssl=1 1x, https:\/\/i0.wp.com\/lasprimeras.com.do\/wp-content\/uploads\/2023\/10\/Moises-Rodriguez-y-Danilo-Medina.jpg?resize=525%2C300&ssl=1 1.5x"},"classes":[]},{"id":64502,"url":"https:\/\/lasprimeras.com.do\/index.php\/2023\/10\/20\/aspirante-a-diputada-denuncia-supuestas-irregularidades-en-encuesta-prm\/","url_meta":{"origin":63334,"position":5},"title":"Aspirante a diputada denuncia supuestas irregularidades en encuesta PRM","author":"BIMARY DE JES\u00daS Matos","date":"20 de octubre de 2023","format":false,"excerpt":"SANTO DOMINGO.\u2013 La aspirante a diputada por La Romana Dayna Manzano De Los Santos, denunci\u00f3 este viernes las supuestas irregularidades en la encuesta en la que fueron escogidos los candidatos a senadores, diputados, alcaldes y directores de juntas municipales del PRM para las elecciones 2024. Al participar en la entrevista\u2026","rel":"","context":"En \u00abSin categor\u00eda\u00bb","block_context":{"text":"Sin categor\u00eda","link":"https:\/\/lasprimeras.com.do\/index.php\/category\/sin-categoria\/"},"img":{"alt_text":"","src":"","width":0,"height":0},"classes":[]}],"jetpack_sharing_enabled":true,"_links":{"self":[{"href":"https:\/\/lasprimeras.com.do\/index.php\/wp-json\/wp\/v2\/posts\/63334","targetHints":{"allow":["GET"]}}],"collection":[{"href":"https:\/\/lasprimeras.com.do\/index.php\/wp-json\/wp\/v2\/posts"}],"about":[{"href":"https:\/\/lasprimeras.com.do\/index.php\/wp-json\/wp\/v2\/types\/post"}],"author":[{"embeddable":true,"href":"https:\/\/lasprimeras.com.do\/index.php\/wp-json\/wp\/v2\/users\/2"}],"replies":[{"embeddable":true,"href":"https:\/\/lasprimeras.com.do\/index.php\/wp-json\/wp\/v2\/comments?post=63334"}],"version-history":[{"count":2,"href":"https:\/\/lasprimeras.com.do\/index.php\/wp-json\/wp\/v2\/posts\/63334\/revisions"}],"predecessor-version":[{"id":63336,"href":"https:\/\/lasprimeras.com.do\/index.php\/wp-json\/wp\/v2\/posts\/63334\/revisions\/63336"}],"wp:featuredmedia":[{"embeddable":true,"href":"https:\/\/lasprimeras.com.do\/index.php\/wp-json\/wp\/v2\/media\/56773"}],"wp:attachment":[{"href":"https:\/\/lasprimeras.com.do\/index.php\/wp-json\/wp\/v2\/media?parent=63334"}],"wp:term":[{"taxonomy":"category","embeddable":true,"href":"https:\/\/lasprimeras.com.do\/index.php\/wp-json\/wp\/v2\/categories?post=63334"},{"taxonomy":"post_tag","embeddable":true,"href":"https:\/\/lasprimeras.com.do\/index.php\/wp-json\/wp\/v2\/tags?post=63334"}],"curies":[{"name":"wp","href":"https:\/\/api.w.org\/{rel}","templated":true}]}}