{"id":63350,"date":"2023-10-11T23:14:56","date_gmt":"2023-10-12T03:14:56","guid":{"rendered":"https:\/\/lasprimeras.com.do\/?p=63350"},"modified":"2023-10-11T23:14:57","modified_gmt":"2023-10-12T03:14:57","slug":"eted-dara-mantenimiento-en-subestacion-de-sfm-y-apertura-linea-69-kv-cruce-de-ocoa","status":"publish","type":"post","link":"https:\/\/lasprimeras.com.do\/index.php\/2023\/10\/11\/eted-dara-mantenimiento-en-subestacion-de-sfm-y-apertura-linea-69-kv-cruce-de-ocoa\/","title":{"rendered":"ETED dar\u00e1 mantenimiento en subestaci\u00f3n de SFM y apertura l\u00ednea 69 kV Cruce de Ocoa"},"content":{"rendered":"\n<p>Por Martin Restituyo<\/p>\n\n\n\n<p>La Empresa de Transmisi\u00f3n El\u00e9ctrica Dominicana (ETED) informa que este jueves dar\u00e1 mantenimiento al Autotransformador de la subestaci\u00f3n 138\/69 kV San Francisco de Macor\u00eds, dar\u00e1 apertura a la l\u00ednea 69 kV Cruce de Ocoa &#8211; San Jos\u00e9 de Ocoa para facilitar que la Empresa Distribuidora de Electricidad del Sur (EDESUR) corrija unos puntos rojos provocados por las altas temperaturas.<\/p>\n\n\n\n<p>Las brigadas trabajar\u00e1n de 12:00 p.m. a 4:00 p.m., por lo que quedar\u00e1 interrumpido el servicio el\u00e9ctrico en San Francisco de Macor\u00eds y Villa Tapia, pertenecientes a la provincia Duarte y en San Jos\u00e9 de Ocoa ser\u00e1 en horario de 10:00 a.m. a 2:00 p.m.<\/p>\n\n\n\n<p>La ETED pide disculpas por los inconvenientes que pueda causar esta apertura de l\u00ednea, y apela a la comprensi\u00f3n de los ciudadanos en las zonas afectadas.<\/p>\n\n\n\n<p>Estas acciones son parte del compromiso de la empresa de garantizar un servicio de transporte de energ\u00eda en alta tensi\u00f3n estable, eficiente y de calidad que d\u00e9 respuesta a las necesidades de la ciudadan\u00eda, acorde a los mandatos del Gobierno.<\/p>\n\n\n\n<p>La Empresa de Transmisi\u00f3n El\u00e9ctrica Dominicana es una compa\u00f1\u00eda el\u00e9ctrica estatal descentralizada, cuyo objetivo es construir, expandir y operar el Sistema El\u00e9ctrico Nacional Interconectado (SENI), para proveer servicios de transporte de energ\u00eda el\u00e9ctrica en alta tensi\u00f3n y telecomunicaciones por fibra \u00f3ptica a todo el territorio nacional.<\/p>\n","protected":false},"excerpt":{"rendered":"<p>Por Martin Restituyo La Empresa de Transmisi\u00f3n El\u00e9ctrica Dominicana (ETED) informa que este jueves dar\u00e1 mantenimiento al Autotransformador de la subestaci\u00f3n 138\/69 kV San Francisco de Macor\u00eds, dar\u00e1 apertura a&hellip;<\/p>\n","protected":false},"author":2,"featured_media":63351,"comment_status":"open","ping_status":"open","sticky":false,"template":"","format":"standard","meta":{"content-type":"","jetpack_post_was_ever_published":false,"_jetpack_newsletter_access":"","_jetpack_dont_email_post_to_subs":false,"_jetpack_newsletter_tier_id":0,"_jetpack_memberships_contains_paywalled_content":false,"_jetpack_memberships_contains_paid_content":false,"footnotes":""},"categories":[35,25],"tags":[8459,5134,5135,59,5829],"class_list":["post-63350","post","type-post","status-publish","format-standard","has-post-thumbnail","hentry","category-nacionales","category-portada","tag-cruce-de-ocoa","tag-eted","tag-mantenimiento","tag-sfm","tag-subestacion"],"jetpack_featured_media_url":"https:\/\/lasprimeras.com.do\/wp-content\/uploads\/2023\/10\/ETED-1-1.jpg","jetpack-related-posts":[{"id":63282,"url":"https:\/\/lasprimeras.com.do\/index.php\/2023\/10\/11\/eted-dara-apertura-a-la-linea-69-kv-cruce-de-ocoa-san-jose-de-ocoa-para\/","url_meta":{"origin":63350,"position":0},"title":"ETED dar\u00e1 apertura a la l\u00ednea 69 kV Cruce de Ocoa &#8211; San Jos\u00e9 de Ocoa para","author":"Nelson Feliz","date":"11 de octubre de 2023","format":false,"excerpt":"ETED facilitar\u00e1 trabajos a EDESUR Por Mart\u00edn Restituyo La Empresa de Transmisi\u00f3n El\u00e9ctrica Dominicana (ETED) informa que, este jueves 12 de octubre, dar\u00e1 apertura a la l\u00ednea 69 kV Cruce de Ocoa - San Jos\u00e9 de Ocoa, para facilitar que la Empresa Distribuidora de Electricidad del Sur (EDESUR) corrija unos\u2026","rel":"","context":"En \u00abNACIONALES\u00bb","block_context":{"text":"NACIONALES","link":"https:\/\/lasprimeras.com.do\/index.php\/category\/nacionales\/"},"img":{"alt_text":"ETED","src":"https:\/\/i0.wp.com\/lasprimeras.com.do\/wp-content\/uploads\/2023\/10\/ETED-1.jpg?resize=350%2C200&ssl=1","width":350,"height":200,"srcset":"https:\/\/i0.wp.com\/lasprimeras.com.do\/wp-content\/uploads\/2023\/10\/ETED-1.jpg?resize=350%2C200&ssl=1 1x, https:\/\/i0.wp.com\/lasprimeras.com.do\/wp-content\/uploads\/2023\/10\/ETED-1.jpg?resize=525%2C300&ssl=1 1.5x"},"classes":[]},{"id":104113,"url":"https:\/\/lasprimeras.com.do\/index.php\/2025\/07\/21\/eted-dara-mantenimiento-este-martes-en-linea-de-transmision-y-subestacion-electrica\/","url_meta":{"origin":63350,"position":1},"title":"ETED dar\u00e1 mantenimiento este martes en l\u00ednea de transmisi\u00f3n y subestaci\u00f3n el\u00e9ctrica","author":"Nelson Feliz","date":"21 de julio de 2025","format":false,"excerpt":"La Empresa de Transmisi\u00f3n El\u00e9ctrica Dominicana (ETED) inform\u00f3 que este martes realizar\u00e1 trabajos programados de mantenimiento en la l\u00ednea de transmisi\u00f3n 69 kV Pimentel \u2013 San Francisco de Macor\u00eds y en la subestaci\u00f3n 69 kV Boca Chica \u2013 SPM, como parte de su compromiso con el fortalecimiento del servicio de\u2026","rel":"","context":"En \u00abNACIONALES\u00bb","block_context":{"text":"NACIONALES","link":"https:\/\/lasprimeras.com.do\/index.php\/category\/nacionales\/"},"img":{"alt_text":"ETED","src":"https:\/\/i0.wp.com\/lasprimeras.com.do\/wp-content\/uploads\/2023\/10\/ETED-4.jpg?resize=350%2C200&ssl=1","width":350,"height":200,"srcset":"https:\/\/i0.wp.com\/lasprimeras.com.do\/wp-content\/uploads\/2023\/10\/ETED-4.jpg?resize=350%2C200&ssl=1 1x, https:\/\/i0.wp.com\/lasprimeras.com.do\/wp-content\/uploads\/2023\/10\/ETED-4.jpg?resize=525%2C300&ssl=1 1.5x, https:\/\/i0.wp.com\/lasprimeras.com.do\/wp-content\/uploads\/2023\/10\/ETED-4.jpg?resize=700%2C400&ssl=1 2x"},"classes":[]},{"id":61040,"url":"https:\/\/lasprimeras.com.do\/index.php\/2023\/09\/21\/eted-realizara-trabajos-este-viernes-en-linea-69-kv-de-ocoa\/","url_meta":{"origin":63350,"position":2},"title":"ETED realizar\u00e1 trabajos este viernes en l\u00ednea 69 kV de Ocoa","author":"Nelson Feliz","date":"21 de septiembre de 2023","format":false,"excerpt":"Por Martin Restituyo La Empresa de Transmisi\u00f3n El\u00e9ctrica Dominicana (ETED) informa que, este viernes 22 de septiembre, dar\u00e1 mantenimiento preventivo a la l\u00ednea 69 kV Cruce de Ocoa \u2013 Ocoa, como parte de los trabajos para optimizar las infraestructuras el\u00e9ctricas en el pa\u00eds. Estos trabajos consistir\u00e1n en sustituir estructuras en\u2026","rel":"","context":"En \u00abNACIONALES\u00bb","block_context":{"text":"NACIONALES","link":"https:\/\/lasprimeras.com.do\/index.php\/category\/nacionales\/"},"img":{"alt_text":"Redes ETED","src":"https:\/\/i0.wp.com\/lasprimeras.com.do\/wp-content\/uploads\/2023\/09\/Redes-ETED.jpg?resize=350%2C200&ssl=1","width":350,"height":200,"srcset":"https:\/\/i0.wp.com\/lasprimeras.com.do\/wp-content\/uploads\/2023\/09\/Redes-ETED.jpg?resize=350%2C200&ssl=1 1x, https:\/\/i0.wp.com\/lasprimeras.com.do\/wp-content\/uploads\/2023\/09\/Redes-ETED.jpg?resize=525%2C300&ssl=1 1.5x, https:\/\/i0.wp.com\/lasprimeras.com.do\/wp-content\/uploads\/2023\/09\/Redes-ETED.jpg?resize=700%2C400&ssl=1 2x"},"classes":[]},{"id":60218,"url":"https:\/\/lasprimeras.com.do\/index.php\/2023\/09\/11\/eted-dara-mantenimiento-en-la-subestacion-69-kv-villa-duarte-invivienda-y-palamara-inca\/","url_meta":{"origin":63350,"position":3},"title":"ETED dar\u00e1 mantenimiento en la subestaci\u00f3n 69 kV Villa Duarte \u2013 Invivienda y Palamara \u2013 INCA","author":"Nelson Feliz","date":"11 de septiembre de 2023","format":false,"excerpt":"Por Martin Restituyo La Empresa de Transmisi\u00f3n El\u00e9ctrica Dominicana (ETED) informa que, este martes, 12 de septiembre, dar\u00e1 mantenimiento preventivo al campo de l\u00ednea en la subestaci\u00f3n 69 kV Villa Duarte \u2013 Invivienda, como parte de los trabajos programados esta semana para optimizar la calidad de las infraestructuras en el\u2026","rel":"","context":"En \u00abNACIONALES\u00bb","block_context":{"text":"NACIONALES","link":"https:\/\/lasprimeras.com.do\/index.php\/category\/nacionales\/"},"img":{"alt_text":"Redes El\u00e9ctrica","src":"https:\/\/i0.wp.com\/lasprimeras.com.do\/wp-content\/uploads\/2023\/09\/Redes-Electrica.jpg?resize=350%2C200&ssl=1","width":350,"height":200,"srcset":"https:\/\/i0.wp.com\/lasprimeras.com.do\/wp-content\/uploads\/2023\/09\/Redes-Electrica.jpg?resize=350%2C200&ssl=1 1x, https:\/\/i0.wp.com\/lasprimeras.com.do\/wp-content\/uploads\/2023\/09\/Redes-Electrica.jpg?resize=525%2C300&ssl=1 1.5x, https:\/\/i0.wp.com\/lasprimeras.com.do\/wp-content\/uploads\/2023\/09\/Redes-Electrica.jpg?resize=700%2C400&ssl=1 2x"},"classes":[]},{"id":63279,"url":"https:\/\/lasprimeras.com.do\/index.php\/2023\/10\/11\/eted-realizara-mantenimiento-en-subestacion-de-san-francisco-de-macoris\/","url_meta":{"origin":63350,"position":4},"title":"ETED realizar\u00e1 mantenimiento en subestaci\u00f3n de San Francisco de Macor\u00eds","author":"Nelson Feliz","date":"11 de octubre de 2023","format":false,"excerpt":"Por Mart\u00edn Restituyo La Empresa de Transmisi\u00f3n El\u00e9ctrica Dominicana (ETED) informa que, este jueves 12 de octubre, dar\u00e1 mantenimiento al Autotransformador de la subestaci\u00f3n 138\/69 kV San Francisco de Macor\u00eds, como parte de los trabajos programados esta semana para optimizar la calidad de las infraestructuras el\u00e9ctricas en el pa\u00eds. Las\u2026","rel":"","context":"En \u00abSin categor\u00eda\u00bb","block_context":{"text":"Sin categor\u00eda","link":"https:\/\/lasprimeras.com.do\/index.php\/category\/sin-categoria\/"},"img":{"alt_text":"ETED","src":"https:\/\/i0.wp.com\/lasprimeras.com.do\/wp-content\/uploads\/2023\/10\/ETED.jpg?resize=350%2C200&ssl=1","width":350,"height":200,"srcset":"https:\/\/i0.wp.com\/lasprimeras.com.do\/wp-content\/uploads\/2023\/10\/ETED.jpg?resize=350%2C200&ssl=1 1x, https:\/\/i0.wp.com\/lasprimeras.com.do\/wp-content\/uploads\/2023\/10\/ETED.jpg?resize=525%2C300&ssl=1 1.5x"},"classes":[]},{"id":57028,"url":"https:\/\/lasprimeras.com.do\/index.php\/2023\/08\/07\/brigadas-de-eted-trabajaran-este-martes-en-mantenimiento-de-subestaciones-y-lineas-de-distintas-zonas-del-pais\/","url_meta":{"origin":63350,"position":5},"title":"Brigadas de ETED trabajar\u00e1n este martes en mantenimiento de subestaciones y l\u00edneas de distintas zonas del pa\u00eds\u00a0","author":"Nelson Feliz","date":"7 de agosto de 2023","format":false,"excerpt":"Por Martin Restituyo La Empresa de Transmisi\u00f3n El\u00e9ctrica Dominicana (ETED) informa que, este martes, 08 de agosto, las brigadas de mantenimiento realizar\u00e1n trabajos en las subestaciones 138 kV R\u00edo San Juan \u2013 Barra, 69 kV Boca Chica - SPM I y, en la l\u00ednea 69 kV Duverg\u00e9 - Las Damas,\u2026","rel":"","context":"En \u00abNACIONALES\u00bb","block_context":{"text":"NACIONALES","link":"https:\/\/lasprimeras.com.do\/index.php\/category\/nacionales\/"},"img":{"alt_text":"l\u00ednea de la subestaci\u00f3n","src":"https:\/\/i0.wp.com\/lasprimeras.com.do\/wp-content\/uploads\/2023\/08\/Linea-de-Transmision-345-Kv-01.jpg?resize=350%2C200&ssl=1","width":350,"height":200,"srcset":"https:\/\/i0.wp.com\/lasprimeras.com.do\/wp-content\/uploads\/2023\/08\/Linea-de-Transmision-345-Kv-01.jpg?resize=350%2C200&ssl=1 1x, https:\/\/i0.wp.com\/lasprimeras.com.do\/wp-content\/uploads\/2023\/08\/Linea-de-Transmision-345-Kv-01.jpg?resize=525%2C300&ssl=1 1.5x, https:\/\/i0.wp.com\/lasprimeras.com.do\/wp-content\/uploads\/2023\/08\/Linea-de-Transmision-345-Kv-01.jpg?resize=700%2C400&ssl=1 2x"},"classes":[]}],"jetpack_sharing_enabled":true,"_links":{"self":[{"href":"https:\/\/lasprimeras.com.do\/index.php\/wp-json\/wp\/v2\/posts\/63350","targetHints":{"allow":["GET"]}}],"collection":[{"href":"https:\/\/lasprimeras.com.do\/index.php\/wp-json\/wp\/v2\/posts"}],"about":[{"href":"https:\/\/lasprimeras.com.do\/index.php\/wp-json\/wp\/v2\/types\/post"}],"author":[{"embeddable":true,"href":"https:\/\/lasprimeras.com.do\/index.php\/wp-json\/wp\/v2\/users\/2"}],"replies":[{"embeddable":true,"href":"https:\/\/lasprimeras.com.do\/index.php\/wp-json\/wp\/v2\/comments?post=63350"}],"version-history":[{"count":1,"href":"https:\/\/lasprimeras.com.do\/index.php\/wp-json\/wp\/v2\/posts\/63350\/revisions"}],"predecessor-version":[{"id":63352,"href":"https:\/\/lasprimeras.com.do\/index.php\/wp-json\/wp\/v2\/posts\/63350\/revisions\/63352"}],"wp:featuredmedia":[{"embeddable":true,"href":"https:\/\/lasprimeras.com.do\/index.php\/wp-json\/wp\/v2\/media\/63351"}],"wp:attachment":[{"href":"https:\/\/lasprimeras.com.do\/index.php\/wp-json\/wp\/v2\/media?parent=63350"}],"wp:term":[{"taxonomy":"category","embeddable":true,"href":"https:\/\/lasprimeras.com.do\/index.php\/wp-json\/wp\/v2\/categories?post=63350"},{"taxonomy":"post_tag","embeddable":true,"href":"https:\/\/lasprimeras.com.do\/index.php\/wp-json\/wp\/v2\/tags?post=63350"}],"curies":[{"name":"wp","href":"https:\/\/api.w.org\/{rel}","templated":true}]}}