{"id":63353,"date":"2023-10-11T23:23:25","date_gmt":"2023-10-12T03:23:25","guid":{"rendered":"https:\/\/lasprimeras.com.do\/?p=63353"},"modified":"2023-10-11T23:23:27","modified_gmt":"2023-10-12T03:23:27","slug":"abinader-insta-a-jovenes-convertirse-en-guardianes-de-la-transparencia-honestidad-e-integridad","status":"publish","type":"post","link":"https:\/\/lasprimeras.com.do\/index.php\/2023\/10\/11\/abinader-insta-a-jovenes-convertirse-en-guardianes-de-la-transparencia-honestidad-e-integridad\/","title":{"rendered":"Abinader insta a j\u00f3venes convertirse en guardianes de la transparencia, honestidad e integridad"},"content":{"rendered":"\n<p><strong>El ministro de la Juventud califica al presidente Abinader como \u201cun verdadero referente de \u00e9tica y transparencia.<\/strong><\/p>\n\n\n\n<p>El presiente Luis Abinader al encabezar el primer Congreso de \u00c9tica y Juventud, organizado por el Ministerio de la Juventud, hizo un llamado a los j\u00f3venes para que se conviertan en guardianes de la transparencia, honestidad e integridad y esto se convierta en una obsesi\u00f3n nacional.<\/p>\n\n\n\n<p>Al pronunciar sus palabras, el presidente Luis Abinader inst\u00f3 a los j\u00f3venes hacer un compromiso con la \u00e9tica sin importar las diferencias pol\u00edticas, ideol\u00f3gicas o religiosas.<\/p>\n\n\n\n<p>\u201cYo deseo que ustedes juventud de todas las \u00e1reas pol\u00edticas, de todos los sectores, de toda la sociedad se conviertan en guardianes de la transparencia, en guardianes de la integridad, eso es fundamental\u201d, manifest\u00f3 el jefe de Estado.<\/p>\n\n\n\n<p>A\u00f1adi\u00f3, que espera que este primer congreso se convierta en una tradici\u00f3n anual y que este a\u00f1o se forme una comisi\u00f3n representativa de todos los sectores, que supervise la transparencia, la \u00e9tica y la honestidad.<\/p>\n\n\n\n<p>El mandatario tambi\u00e9n destac\u00f3 que desde que asumieron el gobierno han buscado establecer esas l\u00edneas fundamentales no solamente para actuar con \u00e9tica e integridad, sino tambi\u00e9n para ser un gobierno eficiente.<\/p>\n\n\n\n<p>\u201cActuando con transparencia, actuando con \u00e9tica los recursos rinden mucho m\u00e1s y se puede solucionar mucho m\u00e1s problemas\u201d, asegur\u00f3 el jefe de Estado.<\/p>\n\n\n\n<p>La actividad se llev\u00f3 a cabo en las instalaciones del Ministerio de Relaciones Exteriores (MIREX) con la asistencia de alrededor de 400 j\u00f3venes de todo el pa\u00eds.<\/p>\n\n\n\n<p>De su lado el ministro e la Juventud, Rafael F\u00e9liz calific\u00f3 al presidente de la Rep\u00fablica Dominicana, Luis Abinader como un verdadero referente de \u00c9tica y Transparencia.<\/p>\n\n\n\n<p>\u201cDesde la cuna del hogar de muchos j\u00f3venes que nos encontramos aqu\u00ed, y desde la UASD, que me form\u00f3, so\u00f1amos con una era donde ser \u00e9tico, transparente y honesto sea reconocido, y usted es un verdadero s\u00edmbolo de \u00e9tica y transparencia\u201d, resalt\u00f3 Feliz Garc\u00eda.<\/p>\n\n\n\n<p>El funcionario adem\u00e1s reconoci\u00f3 la receptividad positiva, disposici\u00f3n e inter\u00e9s del presidente Luis Abinader, tras recibir la propuesta del Congreso de \u00c9tica y Juventud.<\/p>\n\n\n\n<p>Con relaci\u00f3n al objetivo del congreso, el ministro hizo un reencuentro de figuras de alto referente de la moral y \u00e9tica en el universo, pertenecientes a diferentes \u00e1mbitos de la sociedad.<\/p>\n\n\n\n<p>Asimismo invit\u00f3 a los j\u00f3venes a unirse en este emocionante viaje hacia el liderazgo, el empoderamiento y la democracia, \u201cteniendo como boleto de pasaje, la \u00e9tica, aquella que nos exige nuestro pueblo en estos tiempos que estamos viviendo\u201d, manifest\u00f3 F\u00e9liz.<\/p>\n\n\n\n<p>El congreso nace a trav\u00e9s de los datos ofrecidos en la Encuesta Nacional de Hogares de Prop\u00f3sitos M\u00faltiples ENHOGAR del a\u00f1o 2017, donde un 22.9% de los j\u00f3venes jefe de hogar consideraron la corrupci\u00f3n como unos de los principales problemas nacionales, entre otros resultados. Esto para el ministro, Rafael Jes\u00fas F\u00e9liz Garc\u00eda, fue un dato preocupante, por lo que se puso manos a la obra para la creaci\u00f3n del \u201cPrimer Congreso Nacional de \u00c9tica y Juventud\u201d.<\/p>\n\n\n\n<p>Estos datos son consecuencia de la falta de formaci\u00f3n en materia de \u00e9tica social o ciudadana que impera en la poblaci\u00f3n joven, que les permite olvidar la importancia de los valores y los principios \u00e9ticos que aportan los senos familiares, y esto no les permite hacerlo parte esencial en las familias que dirigen como cabeza de hogar.<\/p>\n\n\n\n<p>Estuvieron presentes, las directoras, de \u00c9tica e Integridad Gubernamental, Milagros Ortiz Bosch; de Sup\u00e9rate, Gloria Reyes; los viceministros de la Juventud, Henry Dominguez; Francisco Santiago; Carlos Valdez; Vicente Luis De Pe\u00f1a; Endry Gonz\u00e1lez y Noeliz De Jes\u00fas; el catedr\u00e1tico universitario, exvicerrector de Extensi\u00f3n de la UASD, Rafael &#8220;Nino&#8221; F\u00e9liz; as\u00ed como invitados especiales.<\/p>\n","protected":false},"excerpt":{"rendered":"<p>El ministro de la Juventud califica al presidente Abinader como \u201cun verdadero referente de \u00e9tica y transparencia. El presiente Luis Abinader al encabezar el primer Congreso de \u00c9tica y Juventud,&hellip;<\/p>\n","protected":false},"author":2,"featured_media":63354,"comment_status":"open","ping_status":"open","sticky":false,"template":"","format":"standard","meta":{"content-type":"","jetpack_post_was_ever_published":false,"_jetpack_newsletter_access":"","_jetpack_dont_email_post_to_subs":false,"_jetpack_newsletter_tier_id":0,"_jetpack_memberships_contains_paywalled_content":false,"_jetpack_memberships_contains_paid_content":false,"footnotes":""},"categories":[35,25],"tags":[5257,6703,2887,3899,67,898],"class_list":["post-63353","post","type-post","status-publish","format-standard","has-post-thumbnail","hentry","category-nacionales","category-portada","tag-guardianes","tag-honestidad","tag-integridad","tag-jovenes","tag-luis-abinader","tag-transparencia"],"jetpack_featured_media_url":"https:\/\/lasprimeras.com.do\/wp-content\/uploads\/2023\/10\/Luis-Abinader-8.jpg","jetpack-related-posts":[{"id":100168,"url":"https:\/\/lasprimeras.com.do\/index.php\/2025\/06\/02\/contraloria-destaca-la-capacidad-de-ahorro-del-presidente-abinader-para-crear-empleos\/","url_meta":{"origin":63353,"position":0},"title":"Contralor\u00eda destaca la capacidad de ahorro del presidente Abinader para crear empleos","author":"Nelson Feliz","date":"2 de junio de 2025","format":false,"excerpt":"El contralor general de la Rep\u00fablica puso de relieve la capacidad del presidente Luis Abinader para el control de las finanzas p\u00fablicas para el ahorro lo que, a su juicio, ha facilitado la creaci\u00f3n de nuevos empleos y el abastecimiento monetario para impulsar los proyectos de desarrollo. Al intervenir frente\u2026","rel":"","context":"En \u00abECONOM\u00cdA\u00bb","block_context":{"text":"ECONOM\u00cdA","link":"https:\/\/lasprimeras.com.do\/index.php\/category\/economia\/"},"img":{"alt_text":"F\u00e9lix Santana","src":"https:\/\/i0.wp.com\/lasprimeras.com.do\/wp-content\/uploads\/2025\/06\/Programa-Contralor-Estudiantil-1.jpg?resize=350%2C200&ssl=1","width":350,"height":200,"srcset":"https:\/\/i0.wp.com\/lasprimeras.com.do\/wp-content\/uploads\/2025\/06\/Programa-Contralor-Estudiantil-1.jpg?resize=350%2C200&ssl=1 1x, https:\/\/i0.wp.com\/lasprimeras.com.do\/wp-content\/uploads\/2025\/06\/Programa-Contralor-Estudiantil-1.jpg?resize=525%2C300&ssl=1 1.5x, https:\/\/i0.wp.com\/lasprimeras.com.do\/wp-content\/uploads\/2025\/06\/Programa-Contralor-Estudiantil-1.jpg?resize=700%2C400&ssl=1 2x"},"classes":[]},{"id":107480,"url":"https:\/\/lasprimeras.com.do\/index.php\/2025\/08\/27\/contraloria-transmite-mensaje-anticorrupcion-e-importancia-del-control-interno-a-estudiantes-de-uteco\/","url_meta":{"origin":63353,"position":1},"title":"Contralor\u00eda transmite mensaje anticorrupci\u00f3n e importancia del control interno a estudiantes de Uteco","author":"Nelson Feliz","date":"27 de agosto de 2025","format":false,"excerpt":"El contralor general de la Rep\u00fablica dict\u00f3 una conferencia a autoridades, docentes y estudiantes de la Universidad Tecnol\u00f3gica del Cibao Oriental (Uteco), a los que se\u00f1al\u00f3 la importancia de consolidar una cultura de control interno y el fomento de la \u00e9tica y la transparencia, como herramientas esenciales para combatir la\u2026","rel":"","context":"En \u00abNACIONALES\u00bb","block_context":{"text":"NACIONALES","link":"https:\/\/lasprimeras.com.do\/index.php\/category\/nacionales\/"},"img":{"alt_text":"","src":"https:\/\/i0.wp.com\/lasprimeras.com.do\/wp-content\/uploads\/2025\/08\/Contralor-Felix-Santana_-rectora-de-Uteco-Marilyn-Diaz-y-director-de-Mineria-Rolando-Munoz.jpg?resize=350%2C200&ssl=1","width":350,"height":200,"srcset":"https:\/\/i0.wp.com\/lasprimeras.com.do\/wp-content\/uploads\/2025\/08\/Contralor-Felix-Santana_-rectora-de-Uteco-Marilyn-Diaz-y-director-de-Mineria-Rolando-Munoz.jpg?resize=350%2C200&ssl=1 1x, https:\/\/i0.wp.com\/lasprimeras.com.do\/wp-content\/uploads\/2025\/08\/Contralor-Felix-Santana_-rectora-de-Uteco-Marilyn-Diaz-y-director-de-Mineria-Rolando-Munoz.jpg?resize=525%2C300&ssl=1 1.5x, https:\/\/i0.wp.com\/lasprimeras.com.do\/wp-content\/uploads\/2025\/08\/Contralor-Felix-Santana_-rectora-de-Uteco-Marilyn-Diaz-y-director-de-Mineria-Rolando-Munoz.jpg?resize=700%2C400&ssl=1 2x"},"classes":[]},{"id":59403,"url":"https:\/\/lasprimeras.com.do\/index.php\/2023\/09\/03\/abinader-llama-a-los-militantes-guardianes-del-triunfo-del-prm-en-el-2020\/","url_meta":{"origin":63353,"position":2},"title":"Abinader llama a los militantes del PRM guardianes del triunfo en el 2020","author":"Nelson Feliz","date":"3 de septiembre de 2023","format":false,"excerpt":"Llama a los perreme\u00edstas a ser guardianes de sus principios y recordar que el PRM es el garante de la transparencia y de la lucha contra la corrupci\u00f3n porque es el partido del cambio. Por Martin Restituyo El aspirante a la nominaci\u00f3n presidencial por el Partido Revolucionario Moderno (PRM), Luis\u2026","rel":"","context":"En \u00abPORTADA\u00bb","block_context":{"text":"PORTADA","link":"https:\/\/lasprimeras.com.do\/index.php\/category\/portada\/"},"img":{"alt_text":"Luis Abinader","src":"https:\/\/i0.wp.com\/lasprimeras.com.do\/wp-content\/uploads\/2023\/09\/Luis-Abinader-2.jpg?resize=350%2C200&ssl=1","width":350,"height":200,"srcset":"https:\/\/i0.wp.com\/lasprimeras.com.do\/wp-content\/uploads\/2023\/09\/Luis-Abinader-2.jpg?resize=350%2C200&ssl=1 1x, https:\/\/i0.wp.com\/lasprimeras.com.do\/wp-content\/uploads\/2023\/09\/Luis-Abinader-2.jpg?resize=525%2C300&ssl=1 1.5x, https:\/\/i0.wp.com\/lasprimeras.com.do\/wp-content\/uploads\/2023\/09\/Luis-Abinader-2.jpg?resize=700%2C400&ssl=1 2x"},"classes":[]},{"id":119800,"url":"https:\/\/lasprimeras.com.do\/index.php\/2026\/01\/17\/abinader-impulsa-a-estudiantes-de-neiba-a-aprovechar-las-becas-que-ofrece-el-gobierno-para-su-formacion-universitaria\/","url_meta":{"origin":63353,"position":3},"title":"Abinader impulsa a estudiantes de Neiba a aprovechar las becas que ofrece el gobierno para su formaci\u00f3n universitaria","author":"Nelson Feliz","date":"17 de enero de 2026","format":false,"excerpt":"Tambi\u00e9n sostiene mesa de trabajo con productores de uva locales de la provincia. El presidente Luis Abinader llam\u00f3 este s\u00e1bado a los j\u00f3venes estudiantes de esta provincia a acceder a la plataforma de becas del Ministerio de Educaci\u00f3n Superior, Ciencia y Tecnolog\u00eda (MESCYT), destacando que estas oportunidades acad\u00e9micas representan una\u2026","rel":"","context":"En \u00abNACIONALES\u00bb","block_context":{"text":"NACIONALES","link":"https:\/\/lasprimeras.com.do\/index.php\/category\/nacionales\/"},"img":{"alt_text":"","src":"https:\/\/i0.wp.com\/lasprimeras.com.do\/wp-content\/uploads\/2026\/01\/Luis-Abinader-1.jpg?resize=350%2C200&ssl=1","width":350,"height":200,"srcset":"https:\/\/i0.wp.com\/lasprimeras.com.do\/wp-content\/uploads\/2026\/01\/Luis-Abinader-1.jpg?resize=350%2C200&ssl=1 1x, https:\/\/i0.wp.com\/lasprimeras.com.do\/wp-content\/uploads\/2026\/01\/Luis-Abinader-1.jpg?resize=525%2C300&ssl=1 1.5x, https:\/\/i0.wp.com\/lasprimeras.com.do\/wp-content\/uploads\/2026\/01\/Luis-Abinader-1.jpg?resize=700%2C400&ssl=1 2x"},"classes":[]},{"id":124648,"url":"https:\/\/lasprimeras.com.do\/index.php\/2026\/03\/14\/abinader-dialoga-con-estudiantes-y-reafirma-compromiso-de-oportunidades-para-la-juventud\/","url_meta":{"origin":63353,"position":4},"title":"Abinader dialoga con estudiantes y reafirma compromiso de oportunidades para la juventud","author":"Nelson Feliz","date":"14 de marzo de 2026","format":false,"excerpt":"El mandatario escuch\u00f3 inquietudes de j\u00f3venes de Santo Domingo Este y destac\u00f3 acciones del Gobierno para fortalecer la educaci\u00f3n, la tecnolog\u00eda y el desarrollo estudiantil. El presidente Luis Abinader encabez\u00f3 este s\u00e1bado un encuentro conversatorio con m\u00e1s de 350 j\u00f3venes estudiantes de liceos p\u00fablicos y colegios privados del municipio Santo\u2026","rel":"","context":"En \u00abNACIONALES\u00bb","block_context":{"text":"NACIONALES","link":"https:\/\/lasprimeras.com.do\/index.php\/category\/nacionales\/"},"img":{"alt_text":"","src":"https:\/\/i0.wp.com\/lasprimeras.com.do\/wp-content\/uploads\/2026\/03\/Luis-Abinader-3-2.jpg?resize=350%2C200&ssl=1","width":350,"height":200,"srcset":"https:\/\/i0.wp.com\/lasprimeras.com.do\/wp-content\/uploads\/2026\/03\/Luis-Abinader-3-2.jpg?resize=350%2C200&ssl=1 1x, https:\/\/i0.wp.com\/lasprimeras.com.do\/wp-content\/uploads\/2026\/03\/Luis-Abinader-3-2.jpg?resize=525%2C300&ssl=1 1.5x, https:\/\/i0.wp.com\/lasprimeras.com.do\/wp-content\/uploads\/2026\/03\/Luis-Abinader-3-2.jpg?resize=700%2C400&ssl=1 2x"},"classes":[]},{"id":119535,"url":"https:\/\/lasprimeras.com.do\/index.php\/2026\/01\/14\/abinader-da-seguimiento-a-la-docencia-de-educacion-moral-civica-y-etica-ciudadana\/","url_meta":{"origin":63353,"position":5},"title":"Abinader da seguimiento a la docencia de Educaci\u00f3n Moral, C\u00edvica y \u00c9tica Ciudadana","author":"Nelson Feliz","date":"14 de enero de 2026","format":false,"excerpt":"_Tambi\u00e9n imparte clase de esta asignatura a estudiantes de 5to grado del Liceo Germ\u00e1n Mart\u00ednez y expresa su satisfacci\u00f3n por regresar al aula tras m\u00e1s de dos d\u00e9cadas sin ejercer la docencia._ El presidente de la Rep\u00fablica, Luis Abinader, fungi\u00f3 este martes como docente al impartir una clase de Moral,\u2026","rel":"","context":"En \u00abNACIONALES\u00bb","block_context":{"text":"NACIONALES","link":"https:\/\/lasprimeras.com.do\/index.php\/category\/nacionales\/"},"img":{"alt_text":"","src":"https:\/\/i0.wp.com\/lasprimeras.com.do\/wp-content\/uploads\/2026\/01\/IMG-20260113-WA0400-scaled.jpg?resize=350%2C200&ssl=1","width":350,"height":200,"srcset":"https:\/\/i0.wp.com\/lasprimeras.com.do\/wp-content\/uploads\/2026\/01\/IMG-20260113-WA0400-scaled.jpg?resize=350%2C200&ssl=1 1x, https:\/\/i0.wp.com\/lasprimeras.com.do\/wp-content\/uploads\/2026\/01\/IMG-20260113-WA0400-scaled.jpg?resize=525%2C300&ssl=1 1.5x, https:\/\/i0.wp.com\/lasprimeras.com.do\/wp-content\/uploads\/2026\/01\/IMG-20260113-WA0400-scaled.jpg?resize=700%2C400&ssl=1 2x, https:\/\/i0.wp.com\/lasprimeras.com.do\/wp-content\/uploads\/2026\/01\/IMG-20260113-WA0400-scaled.jpg?resize=1050%2C600&ssl=1 3x, https:\/\/i0.wp.com\/lasprimeras.com.do\/wp-content\/uploads\/2026\/01\/IMG-20260113-WA0400-scaled.jpg?resize=1400%2C800&ssl=1 4x"},"classes":[]}],"jetpack_sharing_enabled":true,"_links":{"self":[{"href":"https:\/\/lasprimeras.com.do\/index.php\/wp-json\/wp\/v2\/posts\/63353","targetHints":{"allow":["GET"]}}],"collection":[{"href":"https:\/\/lasprimeras.com.do\/index.php\/wp-json\/wp\/v2\/posts"}],"about":[{"href":"https:\/\/lasprimeras.com.do\/index.php\/wp-json\/wp\/v2\/types\/post"}],"author":[{"embeddable":true,"href":"https:\/\/lasprimeras.com.do\/index.php\/wp-json\/wp\/v2\/users\/2"}],"replies":[{"embeddable":true,"href":"https:\/\/lasprimeras.com.do\/index.php\/wp-json\/wp\/v2\/comments?post=63353"}],"version-history":[{"count":1,"href":"https:\/\/lasprimeras.com.do\/index.php\/wp-json\/wp\/v2\/posts\/63353\/revisions"}],"predecessor-version":[{"id":63355,"href":"https:\/\/lasprimeras.com.do\/index.php\/wp-json\/wp\/v2\/posts\/63353\/revisions\/63355"}],"wp:featuredmedia":[{"embeddable":true,"href":"https:\/\/lasprimeras.com.do\/index.php\/wp-json\/wp\/v2\/media\/63354"}],"wp:attachment":[{"href":"https:\/\/lasprimeras.com.do\/index.php\/wp-json\/wp\/v2\/media?parent=63353"}],"wp:term":[{"taxonomy":"category","embeddable":true,"href":"https:\/\/lasprimeras.com.do\/index.php\/wp-json\/wp\/v2\/categories?post=63353"},{"taxonomy":"post_tag","embeddable":true,"href":"https:\/\/lasprimeras.com.do\/index.php\/wp-json\/wp\/v2\/tags?post=63353"}],"curies":[{"name":"wp","href":"https:\/\/api.w.org\/{rel}","templated":true}]}}