{"id":63383,"date":"2023-10-12T06:59:20","date_gmt":"2023-10-12T10:59:20","guid":{"rendered":"https:\/\/lasprimeras.com.do\/?p=63383"},"modified":"2023-10-12T06:59:21","modified_gmt":"2023-10-12T10:59:21","slug":"prm-presenta-lista-de-candidatos-senatoriales-de-otras-9-provincias","status":"publish","type":"post","link":"https:\/\/lasprimeras.com.do\/index.php\/2023\/10\/12\/prm-presenta-lista-de-candidatos-senatoriales-de-otras-9-provincias\/","title":{"rendered":"PRM presenta lista de candidatos senatoriales de otras 9 provincias"},"content":{"rendered":"\n<p>SANTO DOMINGO.- El Partido Revolucionario Moderno (PRM) public\u00f3 la segunda parte de su listado de ganadores de las encuestas que realizaron para diferentes cargos electivos en las elecciones municipales y congresuales que se celebrar\u00e1n en el 2024.<\/p>\n\n\n\n<p>En el caso de las candidaturas senatoriales, en este segundo listado el partido oficial public\u00f3 en siete provincias: Santo Domingo, Peravia, Hermanas Mirabal, El Seibo, Bahoruco, Azua, Valverde, Mar\u00eda Trinidad S\u00e1nchez y Hato Mayor.<\/p>\n\n\n\n<p>En Santo Domingo el victorioso result\u00f3 ser el actual senador, Antonio Tav\u00e9ras Guzm\u00e1n, mientras que en Peravia el ganador fue el diputado y vocero de la bancada del PRM, Julito Fulcar, quien venci\u00f3 al actual representante, Milciades Franjul.<\/p>\n\n\n\n<p>Por la provincia Hermanas Mirabal result\u00f3 ganadora a la candidatura senatorial la actual alcaldesa de Salcedo, principal municipio de esa demarcaci\u00f3n, Mar\u00eda Mercedes Ort\u00edz Dilon\u00e9 (Mecho), mientras que por El Seibo el ganador result\u00f3 ser el actual senador, Santiago Zorrilla.<\/p>\n\n\n\n<p>En el caso de Bahoruco el ganador fue Andr\u00e9s Guillermo Lama P\u00e9rez, quien destrona as\u00ed a la actual senadora, Melania Salvador, quien pertenece al PRM y perdi\u00f3 en la encuesta.<\/p>\n\n\n\n<p>Por la provincia Azua la ganadora de la encuesta realizada por el PRM fue la actual senadora, Inocencia D\u00edaz Santana (L\u00eda), mientras que por la provincia Valverde el vencedor fue Odal\u00edas Rafael Rodr\u00edguez Rodr\u00edguez, quien le gan\u00f3 al actual senador, Eddy Nolasco.<\/p>\n\n\n\n<p>Por Mar\u00eda Trinidad S\u00e1nchez y Hato Mayor resultaron ganadores los actuales senadores de esas provincias, Alexis Victoria Yeb y Crist\u00f3bal Antonio Castillo.<\/p>\n","protected":false},"excerpt":{"rendered":"<p>SANTO DOMINGO.- El Partido Revolucionario Moderno (PRM) public\u00f3 la segunda parte de su listado de ganadores de las encuestas que realizaron para diferentes cargos electivos en las elecciones municipales y&hellip;<\/p>\n","protected":false},"author":3,"featured_media":63384,"comment_status":"open","ping_status":"open","sticky":false,"template":"","format":"standard","meta":{"content-type":"","jetpack_post_was_ever_published":false,"_jetpack_newsletter_access":"","_jetpack_dont_email_post_to_subs":false,"_jetpack_newsletter_tier_id":0,"_jetpack_memberships_contains_paywalled_content":false,"_jetpack_memberships_contains_paid_content":false,"footnotes":""},"categories":[1],"tags":[2621,31],"class_list":["post-63383","post","type-post","status-publish","format-standard","has-post-thumbnail","hentry","category-sin-categoria","tag-candidatos","tag-prm"],"jetpack_featured_media_url":"https:\/\/lasprimeras.com.do\/wp-content\/uploads\/2023\/10\/WhatsApp-Image-2023-10-10-at-11.06.27-AM-2.jpeg","jetpack-related-posts":[{"id":114182,"url":"https:\/\/lasprimeras.com.do\/index.php\/2025\/11\/11\/prm-impuso-a-jacqueline-fernandez-como-candidata-a-diputada-pese-a-sentencias-del-tc-y-el-tse\/","url_meta":{"origin":63383,"position":0},"title":"PRM impuso a Jacqueline Fern\u00e1ndez como candidata a diputada pese a sentencias del TC y el TSE","author":"Nelson Feliz","date":"11 de noviembre de 2025","format":false,"excerpt":"\u201cEste Tribunal llega a la conclusi\u00f3n de que la se\u00f1ora Jacqueline Fern\u00e1ndez inscribi\u00f3 originalmente su precandidatura para competir por el puesto de alcalde y produjo una serie de actos de precampa\u00f1a en dicho nivel de elecci\u00f3n. No obstante, al ser medida en los trabajos de campo realizados en el mes\u2026","rel":"","context":"En \u00abPOLITICA\u00bb","block_context":{"text":"POLITICA","link":"https:\/\/lasprimeras.com.do\/index.php\/category\/politica\/"},"img":{"alt_text":"","src":"https:\/\/i0.wp.com\/lasprimeras.com.do\/wp-content\/uploads\/2025\/11\/La-viceconsul-Dayna-Manzano-de-Los-Santos-y-la-diputada-Jacqueline-Fernandez-Brito.jpeg?resize=350%2C200&ssl=1","width":350,"height":200,"srcset":"https:\/\/i0.wp.com\/lasprimeras.com.do\/wp-content\/uploads\/2025\/11\/La-viceconsul-Dayna-Manzano-de-Los-Santos-y-la-diputada-Jacqueline-Fernandez-Brito.jpeg?resize=350%2C200&ssl=1 1x, https:\/\/i0.wp.com\/lasprimeras.com.do\/wp-content\/uploads\/2025\/11\/La-viceconsul-Dayna-Manzano-de-Los-Santos-y-la-diputada-Jacqueline-Fernandez-Brito.jpeg?resize=525%2C300&ssl=1 1.5x, https:\/\/i0.wp.com\/lasprimeras.com.do\/wp-content\/uploads\/2025\/11\/La-viceconsul-Dayna-Manzano-de-Los-Santos-y-la-diputada-Jacqueline-Fernandez-Brito.jpeg?resize=700%2C400&ssl=1 2x"},"classes":[]},{"id":63386,"url":"https:\/\/lasprimeras.com.do\/index.php\/2023\/10\/12\/los-senadores-que-fallaron-en-encuestas-prm\/","url_meta":{"origin":63383,"position":1},"title":"Los senadores que fallaron en encuestas PRM","author":"BIMARY DE JES\u00daS Matos","date":"12 de octubre de 2023","format":false,"excerpt":"SANTO DOMINGO.\u2013 El Partido Revolucionario Moderno (PRM) sigui\u00f3 sumando nombres a la lista de candidatos que aparecer\u00e1n en sus boletas con la presentaci\u00f3n de una segunda parte de los resultados de las encuestas de popularidad realizada entre sus aspirantes. De los nombres presentados oficialmente este mi\u00e9rcoles, Andr\u00e9s Lama, Julito Furcal\u2026","rel":"","context":"En \u00abSin categor\u00eda\u00bb","block_context":{"text":"Sin categor\u00eda","link":"https:\/\/lasprimeras.com.do\/index.php\/category\/sin-categoria\/"},"img":{"alt_text":"","src":"https:\/\/i0.wp.com\/lasprimeras.com.do\/wp-content\/uploads\/2023\/10\/WhatsApp-Image-2023-10-10-at-11.06.27-AM-2.webp?resize=350%2C200&ssl=1","width":350,"height":200,"srcset":"https:\/\/i0.wp.com\/lasprimeras.com.do\/wp-content\/uploads\/2023\/10\/WhatsApp-Image-2023-10-10-at-11.06.27-AM-2.webp?resize=350%2C200&ssl=1 1x, https:\/\/i0.wp.com\/lasprimeras.com.do\/wp-content\/uploads\/2023\/10\/WhatsApp-Image-2023-10-10-at-11.06.27-AM-2.webp?resize=525%2C300&ssl=1 1.5x, https:\/\/i0.wp.com\/lasprimeras.com.do\/wp-content\/uploads\/2023\/10\/WhatsApp-Image-2023-10-10-at-11.06.27-AM-2.webp?resize=700%2C400&ssl=1 2x"},"classes":[]},{"id":63334,"url":"https:\/\/lasprimeras.com.do\/index.php\/2023\/10\/11\/prm-presenta-lista-de-senadores-y-diputados-que-no-volveran-a-competir-en-su-boleta\/","url_meta":{"origin":63383,"position":2},"title":"PRM presenta lista de senadores y diputados que no volver\u00e1n a competir en su boleta","author":"Nelson Feliz","date":"11 de octubre de 2023","format":false,"excerpt":"Aunque a\u00fan no se ha dado a conocer algunas candidaturas, en declaraciones a la prensa, el presidente del Senado, Ricardo de los Santos, indic\u00f3 que en el caso de Lenin Valdez L\u00f3pez, de la provincia Monte Plata y Ram\u00f3n Antonio Pimentel (Moreno Arias), por Montecristi, tampoco hab\u00edan salido favorecidos. El\u2026","rel":"","context":"En \u00abPORTADA\u00bb","block_context":{"text":"PORTADA","link":"https:\/\/lasprimeras.com.do\/index.php\/category\/portada\/"},"img":{"alt_text":"PRM","src":"https:\/\/i0.wp.com\/lasprimeras.com.do\/wp-content\/uploads\/2023\/08\/PRM.jpg?resize=350%2C200&ssl=1","width":350,"height":200,"srcset":"https:\/\/i0.wp.com\/lasprimeras.com.do\/wp-content\/uploads\/2023\/08\/PRM.jpg?resize=350%2C200&ssl=1 1x, https:\/\/i0.wp.com\/lasprimeras.com.do\/wp-content\/uploads\/2023\/08\/PRM.jpg?resize=525%2C300&ssl=1 1.5x, https:\/\/i0.wp.com\/lasprimeras.com.do\/wp-content\/uploads\/2023\/08\/PRM.jpg?resize=700%2C400&ssl=1 2x"},"classes":[]},{"id":82849,"url":"https:\/\/lasprimeras.com.do\/index.php\/2024\/05\/08\/senador-milciades-franjul-llama-a-votar-masivamente-por-candidato-senatorial-julito-fulcar\/","url_meta":{"origin":63383,"position":3},"title":"Senador Milciades Franjul llama a votar masivamente por candidato senatorial Julito Fulcar","author":"BIMARY DE JES\u00daS Matos","date":"8 de mayo de 2024","format":false,"excerpt":"Santo Domingo.-El Senador Milciades Franjul llama a votar masivamente por candidato senatorial Julito Fulcar. Franjul sostiene \u201chay que apoyar a todos los candidatos del PRM\u201d En medio de un ameno compartir de caf\u00e9, el senador por Peravia, Milciades Franjul, extern\u00f3 su completo apoyo al candidato senatorial y compa\u00f1ero de partido\u2026","rel":"","context":"En \u00abNACIONALES\u00bb","block_context":{"text":"NACIONALES","link":"https:\/\/lasprimeras.com.do\/index.php\/category\/nacionales\/"},"img":{"alt_text":"","src":"https:\/\/i0.wp.com\/lasprimeras.com.do\/wp-content\/uploads\/2024\/05\/IMG-20240508-WA0062.jpg?resize=350%2C200&ssl=1","width":350,"height":200,"srcset":"https:\/\/i0.wp.com\/lasprimeras.com.do\/wp-content\/uploads\/2024\/05\/IMG-20240508-WA0062.jpg?resize=350%2C200&ssl=1 1x, https:\/\/i0.wp.com\/lasprimeras.com.do\/wp-content\/uploads\/2024\/05\/IMG-20240508-WA0062.jpg?resize=525%2C300&ssl=1 1.5x, https:\/\/i0.wp.com\/lasprimeras.com.do\/wp-content\/uploads\/2024\/05\/IMG-20240508-WA0062.jpg?resize=700%2C400&ssl=1 2x, https:\/\/i0.wp.com\/lasprimeras.com.do\/wp-content\/uploads\/2024\/05\/IMG-20240508-WA0062.jpg?resize=1050%2C600&ssl=1 3x, https:\/\/i0.wp.com\/lasprimeras.com.do\/wp-content\/uploads\/2024\/05\/IMG-20240508-WA0062.jpg?resize=1400%2C800&ssl=1 4x"},"classes":[]},{"id":112009,"url":"https:\/\/lasprimeras.com.do\/index.php\/2025\/10\/16\/dps-peravia-y-oficina-senatorial-realizan-acto-conmemorativo-del-mes-de-la-prevencion-del-cancer-de-mama\/","url_meta":{"origin":63383,"position":4},"title":"DPS Peravia y Oficina Senatorial realizan acto conmemorativo del mes de la prevenci\u00f3n del c\u00e1ncer de mama","author":"Nelson Feliz","date":"16 de octubre de 2025","format":false,"excerpt":"La Direcci\u00f3n Provincial de Salud Peravia y la Oficina Senatorial de Julito Fulcar realizaron hoy un emotivo acto en conmemoraci\u00f3n del mes de la lucha contra el c\u00e1ncer de mama, reafirmando su compromiso con la prevenci\u00f3n y la concientizaci\u00f3n de esta enfermedad. El mismo inici\u00f3 con una caminata en silencio\u2026","rel":"","context":"En \u00abNACIONALES\u00bb","block_context":{"text":"NACIONALES","link":"https:\/\/lasprimeras.com.do\/index.php\/category\/nacionales\/"},"img":{"alt_text":"Julito Fulcar","src":"https:\/\/i0.wp.com\/lasprimeras.com.do\/wp-content\/uploads\/2025\/10\/Julito-Fulcar.jpg?resize=350%2C200&ssl=1","width":350,"height":200,"srcset":"https:\/\/i0.wp.com\/lasprimeras.com.do\/wp-content\/uploads\/2025\/10\/Julito-Fulcar.jpg?resize=350%2C200&ssl=1 1x, https:\/\/i0.wp.com\/lasprimeras.com.do\/wp-content\/uploads\/2025\/10\/Julito-Fulcar.jpg?resize=525%2C300&ssl=1 1.5x, https:\/\/i0.wp.com\/lasprimeras.com.do\/wp-content\/uploads\/2025\/10\/Julito-Fulcar.jpg?resize=700%2C400&ssl=1 2x"},"classes":[]},{"id":73011,"url":"https:\/\/lasprimeras.com.do\/index.php\/2024\/01\/04\/prm-dice-que-gana-con-cualquier-candidato-a-senador-en-el-dn\/","url_meta":{"origin":63383,"position":5},"title":"PRM dice que gana con cualquier candidato a senador en el DN","author":"Nelson Feliz","date":"4 de enero de 2024","format":false,"excerpt":"Dirigentes de la direcci\u00f3n ejecutiva consultados aseguran que quien sea que pongan como candidato ser\u00e1 el ganador frente a Omar Fern\u00e1ndez. El pasado 22 de diciembre la actual senadora del Distrito Nacional, Faride Raful, anunci\u00f3 en sus redes sociales que por decisi\u00f3n estrat\u00e9gica del Partido Revolucionario Moderno (PRM) no aspirar\u00e1\u2026","rel":"","context":"En \u00abSin categor\u00eda\u00bb","block_context":{"text":"Sin categor\u00eda","link":"https:\/\/lasprimeras.com.do\/index.php\/category\/sin-categoria\/"},"img":{"alt_text":"El PRM anunci\u00f3 que a partir del pr\u00f3ximo domingo iniciar\u00e1n con las caravanas y los bandereos pol\u00edticos","src":"https:\/\/i0.wp.com\/lasprimeras.com.do\/wp-content\/uploads\/2024\/01\/PRM.jpeg?resize=350%2C200&ssl=1","width":350,"height":200,"srcset":"https:\/\/i0.wp.com\/lasprimeras.com.do\/wp-content\/uploads\/2024\/01\/PRM.jpeg?resize=350%2C200&ssl=1 1x, https:\/\/i0.wp.com\/lasprimeras.com.do\/wp-content\/uploads\/2024\/01\/PRM.jpeg?resize=525%2C300&ssl=1 1.5x, https:\/\/i0.wp.com\/lasprimeras.com.do\/wp-content\/uploads\/2024\/01\/PRM.jpeg?resize=700%2C400&ssl=1 2x"},"classes":[]}],"jetpack_sharing_enabled":true,"_links":{"self":[{"href":"https:\/\/lasprimeras.com.do\/index.php\/wp-json\/wp\/v2\/posts\/63383","targetHints":{"allow":["GET"]}}],"collection":[{"href":"https:\/\/lasprimeras.com.do\/index.php\/wp-json\/wp\/v2\/posts"}],"about":[{"href":"https:\/\/lasprimeras.com.do\/index.php\/wp-json\/wp\/v2\/types\/post"}],"author":[{"embeddable":true,"href":"https:\/\/lasprimeras.com.do\/index.php\/wp-json\/wp\/v2\/users\/3"}],"replies":[{"embeddable":true,"href":"https:\/\/lasprimeras.com.do\/index.php\/wp-json\/wp\/v2\/comments?post=63383"}],"version-history":[{"count":1,"href":"https:\/\/lasprimeras.com.do\/index.php\/wp-json\/wp\/v2\/posts\/63383\/revisions"}],"predecessor-version":[{"id":63385,"href":"https:\/\/lasprimeras.com.do\/index.php\/wp-json\/wp\/v2\/posts\/63383\/revisions\/63385"}],"wp:featuredmedia":[{"embeddable":true,"href":"https:\/\/lasprimeras.com.do\/index.php\/wp-json\/wp\/v2\/media\/63384"}],"wp:attachment":[{"href":"https:\/\/lasprimeras.com.do\/index.php\/wp-json\/wp\/v2\/media?parent=63383"}],"wp:term":[{"taxonomy":"category","embeddable":true,"href":"https:\/\/lasprimeras.com.do\/index.php\/wp-json\/wp\/v2\/categories?post=63383"},{"taxonomy":"post_tag","embeddable":true,"href":"https:\/\/lasprimeras.com.do\/index.php\/wp-json\/wp\/v2\/tags?post=63383"}],"curies":[{"name":"wp","href":"https:\/\/api.w.org\/{rel}","templated":true}]}}