{"id":63386,"date":"2023-10-12T07:00:41","date_gmt":"2023-10-12T11:00:41","guid":{"rendered":"https:\/\/lasprimeras.com.do\/?p=63386"},"modified":"2023-10-12T07:00:42","modified_gmt":"2023-10-12T11:00:42","slug":"los-senadores-que-fallaron-en-encuestas-prm","status":"publish","type":"post","link":"https:\/\/lasprimeras.com.do\/index.php\/2023\/10\/12\/los-senadores-que-fallaron-en-encuestas-prm\/","title":{"rendered":"Los senadores que fallaron en encuestas PRM"},"content":{"rendered":"\n<p>SANTO DOMINGO.\u2013 El Partido Revolucionario Moderno (PRM) sigui\u00f3 sumando nombres a la lista de candidatos que aparecer\u00e1n en sus boletas con la presentaci\u00f3n de una segunda parte de los resultados de las encuestas de popularidad realizada entre sus aspirantes.<\/p>\n\n\n\n<p>De los nombres presentados oficialmente este mi\u00e9rcoles, Andr\u00e9s Lama, Julito Furcal y Odalis Rodr\u00edguez, quienes ocupar\u00e1n las posiciones de los actuales senadores Melania Salvador de la provincia Bahoruco, Milciades Franjul de Peravia y Mart\u00edn Nolasco de Valverde.<\/p>\n\n\n\n<p>Antonio Taveras repetir\u00e1 como candidato en la provincia de Santo Domingo, Santiago Jos\u00e9 Zorrilla por El Seibo, L\u00eda D\u00edaz por Azua, Alexis Victoria Yeb por Mar\u00eda Trinidad S\u00e1nchez y Crist\u00f3bal Venerado por Hato Mayor.<\/p>\n\n\n\n<p>En la provincia Hermanas Mirabal el PRM presentar\u00e1 a Mar\u00eda Ortiz como candidata a senadora.<br>Los previos<br>Igualmente repetir\u00e1n en la boleta del oficialismo los actuales senadores Franklin Romero (Duarte), Pedro Catrain (Saman\u00e1), Ginette Bournigal (Puerto Plata) y Ricardo de los Santos (S\u00e1nchez Ram\u00edrez).<\/p>\n\n\n\n<p>Tambi\u00e9n result\u00f3 electo en base a popularidad el se\u00f1or Jonhson Encarnaci\u00f3n quien representar\u00e1 a la organizaci\u00f3n por la provincia de El\u00edas Pi\u00f1a y Gustavo Lara Salazar quien ser\u00e1 el candidato por San Crist\u00f3bal y Aracelis Villanueva en San Pedro de Macor\u00eds.<\/p>\n\n\n\n<p>La entidad hab\u00eda previamente notificado las reservas del Distrito Nacional y de las provincias de Barahona (en manos del PLD), La Altagracia (Fuerza del Pueblo), La Romana (PRD), La Vega (PRSC) y Santiago (DXC).<\/p>\n\n\n\n<p>Este listado a\u00fan no ha sido dado a conocer aunque de todos, el m\u00e1s esperado es el del Distrito Nacional pues es una plaza en poder de la organizaci\u00f3n y no han faltado rumores no desmentidos de que se pretende hacer cambios en la misma.<\/p>\n","protected":false},"excerpt":{"rendered":"<p>SANTO DOMINGO.\u2013 El Partido Revolucionario Moderno (PRM) sigui\u00f3 sumando nombres a la lista de candidatos que aparecer\u00e1n en sus boletas con la presentaci\u00f3n de una segunda parte de los resultados&hellip;<\/p>\n","protected":false},"author":3,"featured_media":63387,"comment_status":"open","ping_status":"open","sticky":false,"template":"","format":"standard","meta":{"content-type":"","jetpack_post_was_ever_published":false,"_jetpack_newsletter_access":"","_jetpack_dont_email_post_to_subs":false,"_jetpack_newsletter_tier_id":0,"_jetpack_memberships_contains_paywalled_content":false,"_jetpack_memberships_contains_paid_content":false,"footnotes":""},"categories":[1],"tags":[2544,31],"class_list":["post-63386","post","type-post","status-publish","format-standard","has-post-thumbnail","hentry","category-sin-categoria","tag-encuestas","tag-prm"],"jetpack_featured_media_url":"https:\/\/lasprimeras.com.do\/wp-content\/uploads\/2023\/10\/WhatsApp-Image-2023-10-10-at-11.06.27-AM-2.webp","jetpack-related-posts":[{"id":63383,"url":"https:\/\/lasprimeras.com.do\/index.php\/2023\/10\/12\/prm-presenta-lista-de-candidatos-senatoriales-de-otras-9-provincias\/","url_meta":{"origin":63386,"position":0},"title":"PRM presenta lista de candidatos senatoriales de otras 9 provincias","author":"BIMARY DE JES\u00daS Matos","date":"12 de octubre de 2023","format":false,"excerpt":"SANTO DOMINGO.- El Partido Revolucionario Moderno (PRM) public\u00f3 la segunda parte de su listado de ganadores de las encuestas que realizaron para diferentes cargos electivos en las elecciones municipales y congresuales que se celebrar\u00e1n en el 2024. En el caso de las candidaturas senatoriales, en este segundo listado el partido\u2026","rel":"","context":"En \u00abSin categor\u00eda\u00bb","block_context":{"text":"Sin categor\u00eda","link":"https:\/\/lasprimeras.com.do\/index.php\/category\/sin-categoria\/"},"img":{"alt_text":"","src":"https:\/\/i0.wp.com\/lasprimeras.com.do\/wp-content\/uploads\/2023\/10\/WhatsApp-Image-2023-10-10-at-11.06.27-AM-2.jpeg?resize=350%2C200&ssl=1","width":350,"height":200,"srcset":"https:\/\/i0.wp.com\/lasprimeras.com.do\/wp-content\/uploads\/2023\/10\/WhatsApp-Image-2023-10-10-at-11.06.27-AM-2.jpeg?resize=350%2C200&ssl=1 1x, https:\/\/i0.wp.com\/lasprimeras.com.do\/wp-content\/uploads\/2023\/10\/WhatsApp-Image-2023-10-10-at-11.06.27-AM-2.jpeg?resize=525%2C300&ssl=1 1.5x"},"classes":[]},{"id":114182,"url":"https:\/\/lasprimeras.com.do\/index.php\/2025\/11\/11\/prm-impuso-a-jacqueline-fernandez-como-candidata-a-diputada-pese-a-sentencias-del-tc-y-el-tse\/","url_meta":{"origin":63386,"position":1},"title":"PRM impuso a Jacqueline Fern\u00e1ndez como candidata a diputada pese a sentencias del TC y el TSE","author":"Nelson Feliz","date":"11 de noviembre de 2025","format":false,"excerpt":"\u201cEste Tribunal llega a la conclusi\u00f3n de que la se\u00f1ora Jacqueline Fern\u00e1ndez inscribi\u00f3 originalmente su precandidatura para competir por el puesto de alcalde y produjo una serie de actos de precampa\u00f1a en dicho nivel de elecci\u00f3n. No obstante, al ser medida en los trabajos de campo realizados en el mes\u2026","rel":"","context":"En \u00abPOLITICA\u00bb","block_context":{"text":"POLITICA","link":"https:\/\/lasprimeras.com.do\/index.php\/category\/politica\/"},"img":{"alt_text":"","src":"https:\/\/i0.wp.com\/lasprimeras.com.do\/wp-content\/uploads\/2025\/11\/La-viceconsul-Dayna-Manzano-de-Los-Santos-y-la-diputada-Jacqueline-Fernandez-Brito.jpeg?resize=350%2C200&ssl=1","width":350,"height":200,"srcset":"https:\/\/i0.wp.com\/lasprimeras.com.do\/wp-content\/uploads\/2025\/11\/La-viceconsul-Dayna-Manzano-de-Los-Santos-y-la-diputada-Jacqueline-Fernandez-Brito.jpeg?resize=350%2C200&ssl=1 1x, https:\/\/i0.wp.com\/lasprimeras.com.do\/wp-content\/uploads\/2025\/11\/La-viceconsul-Dayna-Manzano-de-Los-Santos-y-la-diputada-Jacqueline-Fernandez-Brito.jpeg?resize=525%2C300&ssl=1 1.5x, https:\/\/i0.wp.com\/lasprimeras.com.do\/wp-content\/uploads\/2025\/11\/La-viceconsul-Dayna-Manzano-de-Los-Santos-y-la-diputada-Jacqueline-Fernandez-Brito.jpeg?resize=700%2C400&ssl=1 2x"},"classes":[]},{"id":81157,"url":"https:\/\/lasprimeras.com.do\/index.php\/2024\/04\/17\/ricardo-de-los-santos-el-escenario-politico-esta-marcado-con-resultados-de-las-encuestas-que-arrojan-luis-abinader-ganaria-con-un-70\/","url_meta":{"origin":63386,"position":2},"title":"Ricardo De los Santos: el escenario pol\u00edtico est\u00e1 marcado con resultados de las encuestas que arrojan Luis Abinader ganar\u00eda con un 70%","author":"BIMARY DE JES\u00daS Matos","date":"17 de abril de 2024","format":false,"excerpt":"SANTO DOMINGO, RD. -El senador y candidato a la misma posici\u00f3n del Partido Revolucionario Moderno (PRM), por la provincia S\u00e1nchez Ram\u00edrez, Ricardo De los Santos, asegur\u00f3 este mi\u00e9rcoles que el escenario pol\u00edtico est\u00e1 marcado por las mediciones que hacen las encuestas, que indican que Luis Abinader ganar\u00eda nuevamente las elecciones\u2026","rel":"","context":"En \u00abSin categor\u00eda\u00bb","block_context":{"text":"Sin categor\u00eda","link":"https:\/\/lasprimeras.com.do\/index.php\/category\/sin-categoria\/"},"img":{"alt_text":"","src":"https:\/\/i0.wp.com\/lasprimeras.com.do\/wp-content\/uploads\/2024\/04\/IMG-20240417-WA0027.jpg?resize=350%2C200&ssl=1","width":350,"height":200,"srcset":"https:\/\/i0.wp.com\/lasprimeras.com.do\/wp-content\/uploads\/2024\/04\/IMG-20240417-WA0027.jpg?resize=350%2C200&ssl=1 1x, https:\/\/i0.wp.com\/lasprimeras.com.do\/wp-content\/uploads\/2024\/04\/IMG-20240417-WA0027.jpg?resize=525%2C300&ssl=1 1.5x, https:\/\/i0.wp.com\/lasprimeras.com.do\/wp-content\/uploads\/2024\/04\/IMG-20240417-WA0027.jpg?resize=700%2C400&ssl=1 2x, https:\/\/i0.wp.com\/lasprimeras.com.do\/wp-content\/uploads\/2024\/04\/IMG-20240417-WA0027.jpg?resize=1050%2C600&ssl=1 3x"},"classes":[]},{"id":63487,"url":"https:\/\/lasprimeras.com.do\/index.php\/2023\/10\/12\/prm-selecciona-a-stalin-vasquez-como-candidato-a-diputado-por-la-provincia-maria-trinidad-sanchez\/","url_meta":{"origin":63386,"position":3},"title":"PRM selecciona a Stalin V\u00e1squez como candidato a diputado por la provincia Mar\u00eda Trinidad S\u00e1nchez","author":"BIMARY DE JES\u00daS Matos","date":"12 de octubre de 2023","format":false,"excerpt":"Santo Domingo.- El Partido Revolucionario Moderno (PRM), escogi\u00f3 como candidato a diputado por la provincia Mar\u00eda Trinidad S\u00e1nchez al joven profesional Stalin V\u00e1squez con miras a las pr\u00f3ximas elecciones congresuales de mayo 2024. Al tiempo de agradecer su elecci\u00f3n a trav\u00e9s del m\u00e9todo de encuestas, V\u00e1squez adelant\u00f3 que tiene en\u2026","rel":"","context":"En \u00abSin categor\u00eda\u00bb","block_context":{"text":"Sin categor\u00eda","link":"https:\/\/lasprimeras.com.do\/index.php\/category\/sin-categoria\/"},"img":{"alt_text":"","src":"https:\/\/i0.wp.com\/lasprimeras.com.do\/wp-content\/uploads\/2023\/10\/WhatsApp-Image-2023-10-12-at-2.44.32-PM-2.jpeg?resize=350%2C200&ssl=1","width":350,"height":200,"srcset":"https:\/\/i0.wp.com\/lasprimeras.com.do\/wp-content\/uploads\/2023\/10\/WhatsApp-Image-2023-10-12-at-2.44.32-PM-2.jpeg?resize=350%2C200&ssl=1 1x, https:\/\/i0.wp.com\/lasprimeras.com.do\/wp-content\/uploads\/2023\/10\/WhatsApp-Image-2023-10-12-at-2.44.32-PM-2.jpeg?resize=525%2C300&ssl=1 1.5x"},"classes":[]},{"id":52441,"url":"https:\/\/lasprimeras.com.do\/index.php\/2023\/06\/10\/prm-escogera-candidato-a-alcalde-de-santo-domingo-este-por-encuesta\/","url_meta":{"origin":63386,"position":4},"title":"PRM escoger\u00e1 candidato a alcalde de Santo Domingo Este por encuesta","author":"prenxa100","date":"10 de junio de 2023","format":false,"excerpt":"EL MISMO M\u00c9TODO SE USAR\u00c1 PARA ELEGIR CANDIDATOS A\u00a0 DIPUTADOS. La Comisi\u00f3n Nacional para los procesos internos de elecci\u00f3n del Partido Revolucionario Moderno (PRM) anunci\u00f3 que el pr\u00f3ximo candidato a alcalde de Santo Domingo Este ser\u00e1 escogido mediante encuesta.\u00a0 La informaci\u00f3n ante la asamblea fue servida por el comisionado por\u2026","rel":"","context":"En \u00abSin categor\u00eda\u00bb","block_context":{"text":"Sin categor\u00eda","link":"https:\/\/lasprimeras.com.do\/index.php\/category\/sin-categoria\/"},"img":{"alt_text":"","src":"","width":0,"height":0},"classes":[]},{"id":81202,"url":"https:\/\/lasprimeras.com.do\/index.php\/2024\/04\/18\/ricardo-de-los-santos-el-escenario-politico-esta-marcado-con-resultados-de-las-encuestas-que-arrojan-luis-abinader-ganaria-con-un-70-2\/","url_meta":{"origin":63386,"position":5},"title":"Presidente del Senado dice encuestas arrojan que Abinader ganar\u00e1 con un 70%","author":"BIMARY DE JES\u00daS Matos","date":"18 de abril de 2024","format":false,"excerpt":"Por Martin Restituyo El senador y candidato a la misma posici\u00f3n del Partido Revolucionario Moderno (PRM), por la provincia S\u00e1nchez Ram\u00edrez, Ricardo De los Santos, asegur\u00f3 que el escenario pol\u00edtico est\u00e1 marcado por las mediciones que hacen las encuestas, que indican que Luis Abinader ganar\u00eda nuevamente las elecciones presidenciales con\u2026","rel":"","context":"En \u00abPORTADA\u00bb","block_context":{"text":"PORTADA","link":"https:\/\/lasprimeras.com.do\/index.php\/category\/portada\/"},"img":{"alt_text":"","src":"https:\/\/i0.wp.com\/lasprimeras.com.do\/wp-content\/uploads\/2024\/04\/WhatsApp-Image-2024-04-18-at-10.07.37-AM.jpeg?resize=350%2C200&ssl=1","width":350,"height":200,"srcset":"https:\/\/i0.wp.com\/lasprimeras.com.do\/wp-content\/uploads\/2024\/04\/WhatsApp-Image-2024-04-18-at-10.07.37-AM.jpeg?resize=350%2C200&ssl=1 1x, https:\/\/i0.wp.com\/lasprimeras.com.do\/wp-content\/uploads\/2024\/04\/WhatsApp-Image-2024-04-18-at-10.07.37-AM.jpeg?resize=525%2C300&ssl=1 1.5x, https:\/\/i0.wp.com\/lasprimeras.com.do\/wp-content\/uploads\/2024\/04\/WhatsApp-Image-2024-04-18-at-10.07.37-AM.jpeg?resize=700%2C400&ssl=1 2x, https:\/\/i0.wp.com\/lasprimeras.com.do\/wp-content\/uploads\/2024\/04\/WhatsApp-Image-2024-04-18-at-10.07.37-AM.jpeg?resize=1050%2C600&ssl=1 3x"},"classes":[]}],"jetpack_sharing_enabled":true,"_links":{"self":[{"href":"https:\/\/lasprimeras.com.do\/index.php\/wp-json\/wp\/v2\/posts\/63386","targetHints":{"allow":["GET"]}}],"collection":[{"href":"https:\/\/lasprimeras.com.do\/index.php\/wp-json\/wp\/v2\/posts"}],"about":[{"href":"https:\/\/lasprimeras.com.do\/index.php\/wp-json\/wp\/v2\/types\/post"}],"author":[{"embeddable":true,"href":"https:\/\/lasprimeras.com.do\/index.php\/wp-json\/wp\/v2\/users\/3"}],"replies":[{"embeddable":true,"href":"https:\/\/lasprimeras.com.do\/index.php\/wp-json\/wp\/v2\/comments?post=63386"}],"version-history":[{"count":1,"href":"https:\/\/lasprimeras.com.do\/index.php\/wp-json\/wp\/v2\/posts\/63386\/revisions"}],"predecessor-version":[{"id":63388,"href":"https:\/\/lasprimeras.com.do\/index.php\/wp-json\/wp\/v2\/posts\/63386\/revisions\/63388"}],"wp:featuredmedia":[{"embeddable":true,"href":"https:\/\/lasprimeras.com.do\/index.php\/wp-json\/wp\/v2\/media\/63387"}],"wp:attachment":[{"href":"https:\/\/lasprimeras.com.do\/index.php\/wp-json\/wp\/v2\/media?parent=63386"}],"wp:term":[{"taxonomy":"category","embeddable":true,"href":"https:\/\/lasprimeras.com.do\/index.php\/wp-json\/wp\/v2\/categories?post=63386"},{"taxonomy":"post_tag","embeddable":true,"href":"https:\/\/lasprimeras.com.do\/index.php\/wp-json\/wp\/v2\/tags?post=63386"}],"curies":[{"name":"wp","href":"https:\/\/api.w.org\/{rel}","templated":true}]}}