{"id":63454,"date":"2023-10-12T13:13:37","date_gmt":"2023-10-12T17:13:37","guid":{"rendered":"https:\/\/lasprimeras.com.do\/?p=63454"},"modified":"2023-10-12T13:13:39","modified_gmt":"2023-10-12T17:13:39","slug":"luis-el-gallo-considera-jovenes-y-madres-solteras-daran-el-triunfo-electoral","status":"publish","type":"post","link":"https:\/\/lasprimeras.com.do\/index.php\/2023\/10\/12\/luis-el-gallo-considera-jovenes-y-madres-solteras-daran-el-triunfo-electoral\/","title":{"rendered":"Luis \u201cEl Gallo\u201d considera j\u00f3venes y madres solteras dar\u00e1n el triunfo electoral"},"content":{"rendered":"\n<p>El presidente de la Uni\u00f3n Dem\u00f3crata Cristiana -UDC-, Luis Acosta Moreta, Luis \u201cEl Gallo&gt;\u201d, asegur\u00f3 hoy que los j\u00f3venes y las madres solteras ser\u00e1n un factor decisivo en las venideras elecciones.<\/p>\n\n\n\n<p>Apunt\u00f3 que la gran mayor\u00eda de la poblaci\u00f3n entre 18 y 31 a\u00f1os se puede considerar marginada o excluida, por lo que hay que trabajar a tiempo completo en una pol\u00edtica de suministro de alimentos, seguridad social y el primer empleo.<\/p>\n\n\n\n<p>A\u00f1adi\u00f3 que con el poder que tienen de inclinar la balanza electoral, ese segmento de poblaci\u00f3n podr\u00eda ser blanco de la demagogia de l\u00edderes pol\u00edticos, por lo que desde ahora hay que ir a solucionar los problemas.<\/p>\n\n\n\n<p>Afirm\u00f3 que el presidente Luis Abinader tiene una ruta de marcha bien definida en favor de los grupos m\u00e1s necesitados de la poblaci\u00f3n, trabajando a tiempo completo para mejorar sus condiciones de vida.<\/p>\n\n\n\n<p>El presidente Abinader, destac\u00f3, ha hecho grandes esfuerzos para que se mejoren las condiciones educativas en el pa\u00eds, fortaleciendo el desayuno y el almuerzo escolar, y la entrega de libros.<\/p>\n\n\n\n<p>Asimismo, el reajuste de los salarios de los maestros, y construir planteles en el territorio nacional, para que todos los ni\u00f1os y adolescentes dominicanos puedan ir a las escuelas.<\/p>\n\n\n\n<p>A\u00f1adi\u00f3 que los planes sociales del gobierno llevan a diario alimentos obsequiados o a bajos precios, para atender las necesidades de los de menores recursos econ\u00f3micos, mientras se mejoran las condiciones f\u00edsicas de los hospitales.<\/p>\n\n\n\n<p>Dijo que la segura forma de enfrentar y controlar la delincuencia es mejorando las condiciones de vida de aquellos sectores que viven abandonados y en la marginalidad extrema. Resalt\u00f3 el trabajo que est\u00e1 haciendo el presidente Abinader.<\/p>\n\n\n\n<p>Destac\u00f3 que la UDC ejecuta un amplio programa social en el territorio nacional para mejorar las condiciones de vida de todos los dominicanos, y que puedan llevar una vida digna.<\/p>\n\n\n\n<p>Enfatiz\u00f3 que de acuerdo con los datos de la Junta Central Electoral los j\u00f3venes de entre 18 y 30 a\u00f1os constituyen el 27 por ciento del padr\u00f3n a utilizar en las venideras elecciones, por lo que hay que redoblar los esfuerzos para mejorar sus condiciones de vida.<\/p>\n\n\n\n<p>Sobre todo, argument\u00f3, hay que tomar en cuenta que el 51.28 por ciento de los electores son mujeres, la mayor\u00eda madres solteras, de acuerdo con las estad\u00edsticas&nbsp;de&nbsp;la&nbsp;JCE.<\/p>\n","protected":false},"excerpt":{"rendered":"<p>El presidente de la Uni\u00f3n Dem\u00f3crata Cristiana -UDC-, Luis Acosta Moreta, Luis \u201cEl Gallo&gt;\u201d, asegur\u00f3 hoy que los j\u00f3venes y las madres solteras ser\u00e1n un factor decisivo en las venideras&hellip;<\/p>\n","protected":false},"author":2,"featured_media":63455,"comment_status":"open","ping_status":"open","sticky":false,"template":"","format":"standard","meta":{"content-type":"","jetpack_post_was_ever_published":false,"_jetpack_newsletter_access":"","_jetpack_dont_email_post_to_subs":false,"_jetpack_newsletter_tier_id":0,"_jetpack_memberships_contains_paywalled_content":false,"_jetpack_memberships_contains_paid_content":false,"footnotes":""},"categories":[25],"tags":[731,3899,561,3188,1413],"class_list":["post-63454","post","type-post","status-publish","format-standard","has-post-thumbnail","hentry","category-portada","tag-electoral","tag-jovenes","tag-luis-acosta-moreta","tag-madres-solteras","tag-triunfo"],"jetpack_featured_media_url":"https:\/\/lasprimeras.com.do\/wp-content\/uploads\/2023\/10\/Luis-Acosta-Moreta-3.jpg","jetpack-related-posts":[{"id":50248,"url":"https:\/\/lasprimeras.com.do\/index.php\/2023\/05\/18\/luis-el-gallo-propone-empleo-solidario-para-madres-solteras-y-jovenes-desocupados\/","url_meta":{"origin":63454,"position":0},"title":"Luis \u201cEl Gallo\u201d propone empleo solidario para madres solteras y j\u00f3venes desocupados","author":"prenxa100","date":"18 de mayo de 2023","format":false,"excerpt":"Santo Domingo. - El presidente de la Uni\u00f3n Dem\u00f3crata Cristiana, Luis Acosta Moreta, Luis \u201cEl Gallo\u201d, consider\u00f3 hoy necesario una pol\u00edtica de creaci\u00f3n de empleos solidarios, para favorecer a las madres solteras y a los j\u00f3venes que buscan su primer trabajo. Acosta Moreta, afirm\u00f3 que esa pol\u00edtica del empleo solidario\u2026","rel":"","context":"En \u00abPORTADA\u00bb","block_context":{"text":"PORTADA","link":"https:\/\/lasprimeras.com.do\/index.php\/category\/portada\/"},"img":{"alt_text":"","src":"","width":0,"height":0},"classes":[]},{"id":126950,"url":"https:\/\/lasprimeras.com.do\/index.php\/2026\/04\/07\/luis-el-gallo-respalda-propuesta-presidente-abinader-de-un-gran-acuerdo-nacional\/","url_meta":{"origin":63454,"position":1},"title":"Luis \u201cEl Gallo\u201d respalda propuesta presidente Abinader de un gran acuerdo nacional","author":"Nelson Feliz","date":"7 de abril de 2026","format":false,"excerpt":"El l\u00edder de la Uni\u00f3n Dem\u00f3crata Cristiana \u2013UDC-, Luis Acosta Moreta, Luis \u201cEl Gallo\u201d, apoy\u00f3 hoy la propuesta del presidente Luis Abinader de propiciar un gran acuerdo nacional para prevenir una crisis econ\u00f3mica, impulsada por problemas internacionales. Felicit\u00f3 y se adhiri\u00f3 a la propuesta del presidente Abinader, e hizo un\u2026","rel":"","context":"En \u00abPOLITICA\u00bb","block_context":{"text":"POLITICA","link":"https:\/\/lasprimeras.com.do\/index.php\/category\/politica\/"},"img":{"alt_text":"Luis Acosta Moreta","src":"https:\/\/i0.wp.com\/lasprimeras.com.do\/wp-content\/uploads\/2025\/07\/Luis-Acosta-Moreta.png?resize=350%2C200&ssl=1","width":350,"height":200},"classes":[]},{"id":120393,"url":"https:\/\/lasprimeras.com.do\/index.php\/2026\/01\/23\/luis-el-gallo-destaca-presidente-abinader-trabaja-para-acabar-con-la-miseria-y-la-corrupcion\/","url_meta":{"origin":63454,"position":2},"title":"Luis \u201cEl Gallo\u201d destaca presidente Abinader trabaja para acabar con la miseria y la corrupci\u00f3n","author":"Nelson Feliz","date":"23 de enero de 2026","format":false,"excerpt":"El l\u00edder de la Uni\u00f3n Dem\u00f3crata Cristiana \u2013UDC-, Luis Acosta Moreta, Luis \u201cEl Gallo\u201d, consider\u00f3 hoy que el presidente Luis Abinader est\u00e1 trabajando a tiempo completo para acabar con la marginalidad social, y mejorar los niveles de vida de la poblaci\u00f3n. Asimismo, se\u00f1al\u00f3 que el mandatario ha dicho en varias\u2026","rel":"","context":"En \u00abPOLITICA\u00bb","block_context":{"text":"POLITICA","link":"https:\/\/lasprimeras.com.do\/index.php\/category\/politica\/"},"img":{"alt_text":"Luis Acosta Moreta","src":"https:\/\/i0.wp.com\/lasprimeras.com.do\/wp-content\/uploads\/2025\/06\/Luis-Acosta-Moreta-1.jpg?resize=350%2C200&ssl=1","width":350,"height":200,"srcset":"https:\/\/i0.wp.com\/lasprimeras.com.do\/wp-content\/uploads\/2025\/06\/Luis-Acosta-Moreta-1.jpg?resize=350%2C200&ssl=1 1x, https:\/\/i0.wp.com\/lasprimeras.com.do\/wp-content\/uploads\/2025\/06\/Luis-Acosta-Moreta-1.jpg?resize=525%2C300&ssl=1 1.5x, https:\/\/i0.wp.com\/lasprimeras.com.do\/wp-content\/uploads\/2025\/06\/Luis-Acosta-Moreta-1.jpg?resize=700%2C400&ssl=1 2x"},"classes":[]},{"id":102447,"url":"https:\/\/lasprimeras.com.do\/index.php\/2025\/07\/04\/luis-el-gallo-pide-se-suspenda-campana-de-los-precandidatos-y-se-le-de-un-respiro-al-pueblo-dominicano\/","url_meta":{"origin":63454,"position":3},"title":"Luis \u201cEl Gallo\u201d pide se suspenda campa\u00f1a de los precandidatos y se le d\u00e9 un respiro al pueblo dominicano","author":"Nelson Feliz","date":"4 de julio de 2025","format":false,"excerpt":"El presidente de la Uni\u00f3n Dem\u00f3crata Cristiana \u2013UDC-, Luis Acosta Moreta, Luis \u201cEl Gallo\u201d, pidi\u00f3 hoy que se suspenda la campa\u00f1a electoral a destiempo, porque est\u00e1 sirviendo de estancamiento a los programas de desarrollo y la tranquilidad ciudadana. Pidi\u00f3 a los llamados partidos mayoritarios para que controlen a sus dirigentes,\u2026","rel":"","context":"En \u00abPOLITICA\u00bb","block_context":{"text":"POLITICA","link":"https:\/\/lasprimeras.com.do\/index.php\/category\/politica\/"},"img":{"alt_text":"Luis Acosta Moreta","src":"https:\/\/i0.wp.com\/lasprimeras.com.do\/wp-content\/uploads\/2025\/07\/Luis-Acosta-Moreta.png?resize=350%2C200&ssl=1","width":350,"height":200},"classes":[]},{"id":94040,"url":"https:\/\/lasprimeras.com.do\/index.php\/2025\/02\/24\/luis-el-gallo-considera-no-es-el-momento-de-candidaturas-a-destiempo-si-no-de-trabajar-por-el-pais\/","url_meta":{"origin":63454,"position":4},"title":"Luis \u201cEl Gallo\u201d considera no es el momento de candidaturas a destiempo, si no de trabajar por el pa\u00eds","author":"Nelson Feliz","date":"24 de febrero de 2025","format":false,"excerpt":"El presidente de la Uni\u00f3n Dem\u00f3crata Cristiana -UDC-, Luis Acosta Moreta, Luis \u201cEl Gallo\u201d, respald\u00f3 hoy pronunciamientos de la Junta Central Electoral, en torno a la campa\u00f1a a destiempo, y pidi\u00f3 que se respete la ley electoral. Indic\u00f3 que no es el momento de estar haciendo labores proselitistas, porque se\u2026","rel":"","context":"En \u00abPOLITICA\u00bb","block_context":{"text":"POLITICA","link":"https:\/\/lasprimeras.com.do\/index.php\/category\/politica\/"},"img":{"alt_text":"Luis Acosta Moreta","src":"https:\/\/i0.wp.com\/lasprimeras.com.do\/wp-content\/uploads\/2025\/02\/WhatsApp-Image-2025-02-14-at-7.13.23-AM.jpeg?resize=350%2C200&ssl=1","width":350,"height":200,"srcset":"https:\/\/i0.wp.com\/lasprimeras.com.do\/wp-content\/uploads\/2025\/02\/WhatsApp-Image-2025-02-14-at-7.13.23-AM.jpeg?resize=350%2C200&ssl=1 1x, https:\/\/i0.wp.com\/lasprimeras.com.do\/wp-content\/uploads\/2025\/02\/WhatsApp-Image-2025-02-14-at-7.13.23-AM.jpeg?resize=525%2C300&ssl=1 1.5x, https:\/\/i0.wp.com\/lasprimeras.com.do\/wp-content\/uploads\/2025\/02\/WhatsApp-Image-2025-02-14-at-7.13.23-AM.jpeg?resize=700%2C400&ssl=1 2x, https:\/\/i0.wp.com\/lasprimeras.com.do\/wp-content\/uploads\/2025\/02\/WhatsApp-Image-2025-02-14-at-7.13.23-AM.jpeg?resize=1050%2C600&ssl=1 3x"},"classes":[]},{"id":101145,"url":"https:\/\/lasprimeras.com.do\/index.php\/2025\/06\/16\/acosta-moreta-proclama-a-maria-trinidad-sanchez-como-madre-de-la-patria-dominicana\/","url_meta":{"origin":63454,"position":5},"title":"Acosta Moreta proclama a Mar\u00eda Trinidad S\u00e1nchez como Madre de la Patria Dominicana","author":"Nelson Feliz","date":"16 de junio de 2025","format":false,"excerpt":"En ocasi\u00f3n del 231 aniversario del natalicio de la hero\u00edna nacional Mar\u00eda Trinidad S\u00e1nchez, el presidente del Partido Uni\u00f3n Dem\u00f3crata Cristiana (UDC) y coordinador general del movimiento Revoluci\u00f3n Duartiana, Luis Acosta Moreta \u201cEl Gallo\u201d, la proclam\u00f3 como Madre de la Patria Dominicana, en un acto de reconocimiento a su ejemplo\u2026","rel":"","context":"En \u00abPOLITICA\u00bb","block_context":{"text":"POLITICA","link":"https:\/\/lasprimeras.com.do\/index.php\/category\/politica\/"},"img":{"alt_text":"Mar\u00eda Trinidad S\u00e1nchez","src":"https:\/\/i0.wp.com\/lasprimeras.com.do\/wp-content\/uploads\/2025\/06\/Maria-Trinidad-Sanchez.jpg?resize=350%2C200&ssl=1","width":350,"height":200,"srcset":"https:\/\/i0.wp.com\/lasprimeras.com.do\/wp-content\/uploads\/2025\/06\/Maria-Trinidad-Sanchez.jpg?resize=350%2C200&ssl=1 1x, https:\/\/i0.wp.com\/lasprimeras.com.do\/wp-content\/uploads\/2025\/06\/Maria-Trinidad-Sanchez.jpg?resize=525%2C300&ssl=1 1.5x, https:\/\/i0.wp.com\/lasprimeras.com.do\/wp-content\/uploads\/2025\/06\/Maria-Trinidad-Sanchez.jpg?resize=700%2C400&ssl=1 2x"},"classes":[]}],"jetpack_sharing_enabled":true,"_links":{"self":[{"href":"https:\/\/lasprimeras.com.do\/index.php\/wp-json\/wp\/v2\/posts\/63454","targetHints":{"allow":["GET"]}}],"collection":[{"href":"https:\/\/lasprimeras.com.do\/index.php\/wp-json\/wp\/v2\/posts"}],"about":[{"href":"https:\/\/lasprimeras.com.do\/index.php\/wp-json\/wp\/v2\/types\/post"}],"author":[{"embeddable":true,"href":"https:\/\/lasprimeras.com.do\/index.php\/wp-json\/wp\/v2\/users\/2"}],"replies":[{"embeddable":true,"href":"https:\/\/lasprimeras.com.do\/index.php\/wp-json\/wp\/v2\/comments?post=63454"}],"version-history":[{"count":1,"href":"https:\/\/lasprimeras.com.do\/index.php\/wp-json\/wp\/v2\/posts\/63454\/revisions"}],"predecessor-version":[{"id":63456,"href":"https:\/\/lasprimeras.com.do\/index.php\/wp-json\/wp\/v2\/posts\/63454\/revisions\/63456"}],"wp:featuredmedia":[{"embeddable":true,"href":"https:\/\/lasprimeras.com.do\/index.php\/wp-json\/wp\/v2\/media\/63455"}],"wp:attachment":[{"href":"https:\/\/lasprimeras.com.do\/index.php\/wp-json\/wp\/v2\/media?parent=63454"}],"wp:term":[{"taxonomy":"category","embeddable":true,"href":"https:\/\/lasprimeras.com.do\/index.php\/wp-json\/wp\/v2\/categories?post=63454"},{"taxonomy":"post_tag","embeddable":true,"href":"https:\/\/lasprimeras.com.do\/index.php\/wp-json\/wp\/v2\/tags?post=63454"}],"curies":[{"name":"wp","href":"https:\/\/api.w.org\/{rel}","templated":true}]}}