{"id":63460,"date":"2023-10-12T13:44:43","date_gmt":"2023-10-12T17:44:43","guid":{"rendered":"https:\/\/lasprimeras.com.do\/?p=63460"},"modified":"2023-10-12T13:44:44","modified_gmt":"2023-10-12T17:44:44","slug":"unapec-realiza-130-jornada-de-colocacion-laboral","status":"publish","type":"post","link":"https:\/\/lasprimeras.com.do\/index.php\/2023\/10\/12\/unapec-realiza-130-jornada-de-colocacion-laboral\/","title":{"rendered":"Unapec realiza 130 Jornada de Colocaci\u00f3n Laboral"},"content":{"rendered":"\n<p>Con el objetivo de contribuir al incremento de la tasa de empleo en el pa\u00eds, brind\u00e1ndoles a los estudiantes y allegados la oportunidad de postular a puestos de trabajos en prestigiosas empresas, la Universidad APEC (Unapec), lleva a cabo desde este mi\u00e9rcoles 11 de los corrientes, la d\u00e9cimo tercera edici\u00f3n de la Jornada de Colocaci\u00f3n Laboral.<\/p>\n\n\n\n<p>La iniciativa, que se realiza desde el a\u00f1o 2009, procura, asimismo, dar respuesta a la demanda de personal calificado del sector productivo nacional e internacional, al tiempo que fortalece esa vinculaci\u00f3n tan relevante y necesaria entre la academia y el sector productivo local.<\/p>\n\n\n\n<p>La Jornada de Colocaci\u00f3n Laboral se articula a trav\u00e9s de la Direcci\u00f3n de Vinculaci\u00f3n con Egresados y Colocaci\u00f3n Laboral de Unapec, y en la misma participan cerca de 20 prestigiosas empresas representativas de diversos sectores productivos nacionales, que buscan captar j\u00f3venes talentos, estudiantes y egresados de la instituci\u00f3n.<\/p>\n\n\n\n<p>El acto de apertura estuvo encabezado por el Dr. Franklyn Holgu\u00edn Hach\u00e9, rector de la Universidad APEC y la Licda. Ros\u00e1ngela S\u00e1nchez Valdez, vicerrectora administrativa y Financiera, junto a otras autoridades del centro de estudios superiores.<\/p>\n\n\n\n<p>Las palabras centrales fueron pronunciadas por el decano de la Facultad de Ciencias Econ\u00f3micas y Empresariales, Jos\u00e9 Antonio Gil, quien reafirm\u00f3, como parte de la misi\u00f3n \u2013 visi\u00f3n de Unapec, el compromiso acad\u00e9mico de formar profesionales de primer orden para que sean emprendedores, y para que, mediante su incursi\u00f3n laboral en los diversos sectores nacionales o internacionales, apoyen el desarrollo sostenible dominicano.<\/p>\n\n\n\n<p>&lt;&lt; Como Universidad APEC, nuestra misi\u00f3n es la de formar l\u00edderes creativos, cr\u00edticos, \u00e9ticos y emprendedores, para una econom\u00eda global, con \u00e9nfasis en los negocios, los servicios, las artes, las ingenier\u00edas &gt;&gt;, apuntal\u00f3.<\/p>\n\n\n\n<p>Entre tanto, Mar\u00eda Isabel S\u00e1nchez, directora de Vinculaci\u00f3n con Egresados y Colocaci\u00f3n Laboral, resalt\u00f3 la importancia de una relaci\u00f3n simbi\u00f3tica entre empresas y academia, en t\u00e9rminos de alcanzar mejores y mayores resultados.<\/p>\n\n\n\n<p>Entre las empresas que participan en la muestra de oferta laboral, figuran Unika; F\u00e9lix Senci\u00f3n &amp; Asociados; BDO Dominicana; Banco Prom\u00e9rica; Read &amp; Compa\u00f1\u00eda; Seguros Universal; Cabicash Solutions; LM Mart\u00ednez Sosa Contadores &amp; Asociados y Centro Cuesta Nacional (CCN).<\/p>\n\n\n\n<p>Tambi\u00e9n Agua Crystal, CaribeTrans, PedidosYa, Quala Dominicana, Nestl\u00e9 Dominicana, Puerta del Cielo, Termo Envases, Alorica, Contact Center Dominicana, Polyplas Dominicana (Diesco Industries), V2A Dominicana, Rockwell Automation, Agencias Navieras Rannik, Brodway Support Services, Hire Horatio y Data Vimenca, entre otras de similar relevancia.<\/p>\n\n\n\n<p>La jornada estar\u00e1 abierta hasta el viernes 12 de octubre, en horario corrido de 9:00 a. m. a 8:00 de la noche, en el Sal\u00f3n APEC de la Cultura Jos\u00e9 Mar\u00eda Bonetti Burgos, campus principal, Dr. Nicol\u00e1s Pichardo.<\/p>\n\n\n\n<p>Estuvieron presentes, adem\u00e1s, la Licda. Raysa P\u00e9rez, decana de Estudiantes, el Ing. Em\u00edn Rivera, decano de la Facultad de Ciencias e Ingenier\u00eda, y la Licda. Lizi Belliard, coordinadora de Vinculaci\u00f3n con Egresados, acompa\u00f1ados por directivos acad\u00e9micos y administrativos, estudiantes, as\u00ed como ejecutivos y representantes de las diferentes empresas participantes.<\/p>\n\n\n\n<p>Sobre la Jornada de Colocaci\u00f3n Laboral de Unapec<\/p>\n\n\n\n<p>Desde su creaci\u00f3n, en 2009, han participado m\u00e1s de 50 empresas de prestigio a nivel nacional e internacional, con un promedio de 4,000 visitantes de Unapec.<\/p>\n","protected":false},"excerpt":{"rendered":"<p>Con el objetivo de contribuir al incremento de la tasa de empleo en el pa\u00eds, brind\u00e1ndoles a los estudiantes y allegados la oportunidad de postular a puestos de trabajos en&hellip;<\/p>\n","protected":false},"author":2,"featured_media":63461,"comment_status":"open","ping_status":"open","sticky":false,"template":"","format":"standard","meta":{"content-type":"","jetpack_post_was_ever_published":false,"_jetpack_newsletter_access":"","_jetpack_dont_email_post_to_subs":false,"_jetpack_newsletter_tier_id":0,"_jetpack_memberships_contains_paywalled_content":false,"_jetpack_memberships_contains_paid_content":false,"footnotes":""},"categories":[39,25],"tags":[5402],"class_list":["post-63460","post","type-post","status-publish","format-standard","has-post-thumbnail","hentry","category-economia","category-portada","tag-unapec"],"jetpack_featured_media_url":"https:\/\/lasprimeras.com.do\/wp-content\/uploads\/2023\/10\/Unapec-1.jpg","jetpack-related-posts":[{"id":123484,"url":"https:\/\/lasprimeras.com.do\/index.php\/2026\/03\/01\/prodominicana-y-unapec-nueva-alianza-por-el-comercio-exterior\/","url_meta":{"origin":63460,"position":0},"title":"ProDominicana y Unapec: Nueva alianza por el comercio exterior","author":"Nelson Feliz","date":"1 de marzo de 2026","format":false,"excerpt":"El Centro de Exportaci\u00f3n e Inversi\u00f3n de la Rep\u00fablica Dominicana (ProDominicana) y la Universidad Unapec, firmaron un acuerdo de colaboraci\u00f3n interinstitucional con el objetivo de continuar fortaleciendo la cooperaci\u00f3n acad\u00e9mica, la formaci\u00f3n de talento humano y el desarrollo de iniciativas conjuntas que contribuyan a la competitividad del pa\u00eds en los\u2026","rel":"","context":"En \u00abECONOM\u00cdA\u00bb","block_context":{"text":"ECONOM\u00cdA","link":"https:\/\/lasprimeras.com.do\/index.php\/category\/economia\/"},"img":{"alt_text":"\u00c1lvaro Sousa Sevilla, presidennte del Junta de Directores_ Biviana Riveiro Directora Ejecutiva de ProDominicana....","src":"https:\/\/i0.wp.com\/lasprimeras.com.do\/wp-content\/uploads\/2026\/03\/Alvaro-Sousa-Sevilla-presidennte-del-Junta-de-Directores_-Biviana-Riveiro-Directora-Ejecutiva-de-ProDominicana.jpg?resize=350%2C200&ssl=1","width":350,"height":200,"srcset":"https:\/\/i0.wp.com\/lasprimeras.com.do\/wp-content\/uploads\/2026\/03\/Alvaro-Sousa-Sevilla-presidennte-del-Junta-de-Directores_-Biviana-Riveiro-Directora-Ejecutiva-de-ProDominicana.jpg?resize=350%2C200&ssl=1 1x, https:\/\/i0.wp.com\/lasprimeras.com.do\/wp-content\/uploads\/2026\/03\/Alvaro-Sousa-Sevilla-presidennte-del-Junta-de-Directores_-Biviana-Riveiro-Directora-Ejecutiva-de-ProDominicana.jpg?resize=525%2C300&ssl=1 1.5x, https:\/\/i0.wp.com\/lasprimeras.com.do\/wp-content\/uploads\/2026\/03\/Alvaro-Sousa-Sevilla-presidennte-del-Junta-de-Directores_-Biviana-Riveiro-Directora-Ejecutiva-de-ProDominicana.jpg?resize=700%2C400&ssl=1 2x"},"classes":[]},{"id":59547,"url":"https:\/\/lasprimeras.com.do\/index.php\/2023\/09\/05\/cne-y-unapec-conforma-brigadas-de-atencion-a-emergencias\/","url_meta":{"origin":63460,"position":1},"title":"CNE y Unapec conforma \u201cBrigadas de Atenci\u00f3n a Emergencias\u201d","author":"Nelson Feliz","date":"5 de septiembre de 2023","format":false,"excerpt":"El presidente de la Comisi\u00f3n Nacional de Emergencias (CNE) y director ejecutivo de la Defensa Civil, Juan Salas, particip\u00f3 este lunes en el acto de conformaci\u00f3n de las brigadas de atenci\u00f3n a situaciones de emergencias y desastres, de la Universidad APEC (Unapec). Al ofrecer unas palabras, Salas aclar\u00f3 que estas\u2026","rel":"","context":"En \u00abNACIONALES\u00bb","block_context":{"text":"NACIONALES","link":"https:\/\/lasprimeras.com.do\/index.php\/category\/nacionales\/"},"img":{"alt_text":"CNE-UNAPEC","src":"https:\/\/i0.wp.com\/lasprimeras.com.do\/wp-content\/uploads\/2023\/09\/CNE-UNAPEC.jpg?resize=350%2C200&ssl=1","width":350,"height":200,"srcset":"https:\/\/i0.wp.com\/lasprimeras.com.do\/wp-content\/uploads\/2023\/09\/CNE-UNAPEC.jpg?resize=350%2C200&ssl=1 1x, https:\/\/i0.wp.com\/lasprimeras.com.do\/wp-content\/uploads\/2023\/09\/CNE-UNAPEC.jpg?resize=525%2C300&ssl=1 1.5x, https:\/\/i0.wp.com\/lasprimeras.com.do\/wp-content\/uploads\/2023\/09\/CNE-UNAPEC.jpg?resize=700%2C400&ssl=1 2x"},"classes":[]},{"id":61002,"url":"https:\/\/lasprimeras.com.do\/index.php\/2023\/09\/21\/unapec-reafirma-compromiso-con-el-desarrollo-de-capacidades-y-el-intercambio-de-conocimientos\/","url_meta":{"origin":63460,"position":2},"title":"Unapec reafirma compromiso con el desarrollo de capacidades y el intercambio de conocimientos","author":"Nelson Feliz","date":"21 de septiembre de 2023","format":false,"excerpt":"MESCyT, MEPyD, GA y Unapec lanzan iniciativa en favor de la implementaci\u00f3n de tecnolog\u00edas para la gesti\u00f3n sostenible del agua en el pa\u00eds. La Universidad APEC ratifica su compromiso institucional de unificar criterios en la b\u00fasqueda de soluciones para el abastecimiento y saneamiento del agua en nuestro pa\u00eds, mediante el\u2026","rel":"","context":"En \u00abNACIONALES\u00bb","block_context":{"text":"NACIONALES","link":"https:\/\/lasprimeras.com.do\/index.php\/category\/nacionales\/"},"img":{"alt_text":"Rector Unapec y Ministro Mescyt","src":"https:\/\/i0.wp.com\/lasprimeras.com.do\/wp-content\/uploads\/2023\/09\/Rector-Unapec-y-Ministro-Mescyt.png?resize=350%2C200&ssl=1","width":350,"height":200,"srcset":"https:\/\/i0.wp.com\/lasprimeras.com.do\/wp-content\/uploads\/2023\/09\/Rector-Unapec-y-Ministro-Mescyt.png?resize=350%2C200&ssl=1 1x, https:\/\/i0.wp.com\/lasprimeras.com.do\/wp-content\/uploads\/2023\/09\/Rector-Unapec-y-Ministro-Mescyt.png?resize=525%2C300&ssl=1 1.5x"},"classes":[]},{"id":99790,"url":"https:\/\/lasprimeras.com.do\/index.php\/2025\/05\/27\/ministerio-de-defensa-logra-avances-en-la-insercion-laboral-de-pensionados-de-las-ff-aa\/","url_meta":{"origin":63460,"position":3},"title":"Ministerio de Defensa logra avances en la inserci\u00f3n laboral de pensionados de las FF.AA.","author":"Nelson Feliz","date":"27 de mayo de 2025","format":false,"excerpt":"El Ministerio de Defensa, encabezado por el Teniente General Carlos Antonio Fern\u00e1ndez Onofre, a trav\u00e9s de la Junta de Retiro y Fondo de Pensiones de las Fuerzas Armadas, impulsa con \u00e9xito el Programa de Coordinaci\u00f3n de Gesti\u00f3n de Empleo, logrando con \u00e9xito la colocaci\u00f3n en puestos laborales de cientos de\u2026","rel":"","context":"En \u00abECONOM\u00cdA\u00bb","block_context":{"text":"ECONOM\u00cdA","link":"https:\/\/lasprimeras.com.do\/index.php\/category\/economia\/"},"img":{"alt_text":"","src":"https:\/\/i0.wp.com\/lasprimeras.com.do\/wp-content\/uploads\/2025\/05\/HOSPITAL.jpg?resize=350%2C200&ssl=1","width":350,"height":200,"srcset":"https:\/\/i0.wp.com\/lasprimeras.com.do\/wp-content\/uploads\/2025\/05\/HOSPITAL.jpg?resize=350%2C200&ssl=1 1x, https:\/\/i0.wp.com\/lasprimeras.com.do\/wp-content\/uploads\/2025\/05\/HOSPITAL.jpg?resize=525%2C300&ssl=1 1.5x, https:\/\/i0.wp.com\/lasprimeras.com.do\/wp-content\/uploads\/2025\/05\/HOSPITAL.jpg?resize=700%2C400&ssl=1 2x"},"classes":[]},{"id":67128,"url":"https:\/\/lasprimeras.com.do\/index.php\/2023\/11\/13\/unapec-anuncia-iniciativas-que-fomentan-la-innovacion-para-era-digital\/","url_meta":{"origin":63460,"position":4},"title":"Unapec anuncia iniciativas que fomentan la innovaci\u00f3n para era digital","author":"Nelson Feliz","date":"13 de noviembre de 2023","format":false,"excerpt":"Primer Congreso Internacional para Estudiantes: Innovaci\u00f3n y Oportunidades en la Era Digital, y el lanzamiento de Coursera, con titulaciones de universidades de prestigio internacional son de primac\u00eda relevante. Con el prop\u00f3sito de continuar fomentando las capacidades cognitivas y de innovaci\u00f3n de la colectividad estudiantil, a fin de encarar los desaf\u00edos\u2026","rel":"","context":"En \u00abNACIONALES\u00bb","block_context":{"text":"NACIONALES","link":"https:\/\/lasprimeras.com.do\/index.php\/category\/nacionales\/"},"img":{"alt_text":"Unapec","src":"https:\/\/i0.wp.com\/lasprimeras.com.do\/wp-content\/uploads\/2023\/11\/Unapec.jpg?resize=350%2C200&ssl=1","width":350,"height":200,"srcset":"https:\/\/i0.wp.com\/lasprimeras.com.do\/wp-content\/uploads\/2023\/11\/Unapec.jpg?resize=350%2C200&ssl=1 1x, https:\/\/i0.wp.com\/lasprimeras.com.do\/wp-content\/uploads\/2023\/11\/Unapec.jpg?resize=525%2C300&ssl=1 1.5x"},"classes":[]},{"id":61620,"url":"https:\/\/lasprimeras.com.do\/index.php\/2023\/09\/28\/mescyt-firma-convenio-con-mepyd-gsa-y-unapec-para-promover-uso-de-tecnologias-en-recurso-agua-de-rd\/","url_meta":{"origin":63460,"position":5},"title":"MESCYT firma convenio con MEPyD, GSA y UNAPEC para promover uso de tecnolog\u00edas en recurso agua de RD","author":"Nelson Feliz","date":"28 de septiembre de 2023","format":false,"excerpt":"Por Martin Restituyo Los ministerios de Educaci\u00f3n Superior, Ciencia y Tecnolog\u00eda (MESCyT), Econom\u00eda, Planificaci\u00f3n y Desarrollo, el Gabinete del Sector Agua (GSA) y la Universidad APEC (UNAPEC), suscribieron un convenio de colaboraci\u00f3n interinstitucional sobre el uso de las \u201cTecnolog\u00edas Innovadoras para la gesti\u00f3n Sostenible del Recurso Agua en la Rep\u00fablica\u2026","rel":"","context":"En \u00abNACIONALES\u00bb","block_context":{"text":"NACIONALES","link":"https:\/\/lasprimeras.com.do\/index.php\/category\/nacionales\/"},"img":{"alt_text":"","src":"https:\/\/i0.wp.com\/lasprimeras.com.do\/wp-content\/uploads\/2023\/09\/Acuerdo-1.jpg?resize=350%2C200&ssl=1","width":350,"height":200,"srcset":"https:\/\/i0.wp.com\/lasprimeras.com.do\/wp-content\/uploads\/2023\/09\/Acuerdo-1.jpg?resize=350%2C200&ssl=1 1x, https:\/\/i0.wp.com\/lasprimeras.com.do\/wp-content\/uploads\/2023\/09\/Acuerdo-1.jpg?resize=525%2C300&ssl=1 1.5x, https:\/\/i0.wp.com\/lasprimeras.com.do\/wp-content\/uploads\/2023\/09\/Acuerdo-1.jpg?resize=700%2C400&ssl=1 2x"},"classes":[]}],"jetpack_sharing_enabled":true,"_links":{"self":[{"href":"https:\/\/lasprimeras.com.do\/index.php\/wp-json\/wp\/v2\/posts\/63460","targetHints":{"allow":["GET"]}}],"collection":[{"href":"https:\/\/lasprimeras.com.do\/index.php\/wp-json\/wp\/v2\/posts"}],"about":[{"href":"https:\/\/lasprimeras.com.do\/index.php\/wp-json\/wp\/v2\/types\/post"}],"author":[{"embeddable":true,"href":"https:\/\/lasprimeras.com.do\/index.php\/wp-json\/wp\/v2\/users\/2"}],"replies":[{"embeddable":true,"href":"https:\/\/lasprimeras.com.do\/index.php\/wp-json\/wp\/v2\/comments?post=63460"}],"version-history":[{"count":1,"href":"https:\/\/lasprimeras.com.do\/index.php\/wp-json\/wp\/v2\/posts\/63460\/revisions"}],"predecessor-version":[{"id":63462,"href":"https:\/\/lasprimeras.com.do\/index.php\/wp-json\/wp\/v2\/posts\/63460\/revisions\/63462"}],"wp:featuredmedia":[{"embeddable":true,"href":"https:\/\/lasprimeras.com.do\/index.php\/wp-json\/wp\/v2\/media\/63461"}],"wp:attachment":[{"href":"https:\/\/lasprimeras.com.do\/index.php\/wp-json\/wp\/v2\/media?parent=63460"}],"wp:term":[{"taxonomy":"category","embeddable":true,"href":"https:\/\/lasprimeras.com.do\/index.php\/wp-json\/wp\/v2\/categories?post=63460"},{"taxonomy":"post_tag","embeddable":true,"href":"https:\/\/lasprimeras.com.do\/index.php\/wp-json\/wp\/v2\/tags?post=63460"}],"curies":[{"name":"wp","href":"https:\/\/api.w.org\/{rel}","templated":true}]}}