{"id":63484,"date":"2023-10-12T14:59:07","date_gmt":"2023-10-12T18:59:07","guid":{"rendered":"https:\/\/lasprimeras.com.do\/?p=63484"},"modified":"2023-10-12T14:59:09","modified_gmt":"2023-10-12T18:59:09","slug":"designan-a-hamlet-mota-portes-secretario-general-interino-de-comobis","status":"publish","type":"post","link":"https:\/\/lasprimeras.com.do\/index.php\/2023\/10\/12\/designan-a-hamlet-mota-portes-secretario-general-interino-de-comobis\/","title":{"rendered":"Designan a Hamlet Mota Portes secretario general interino de Comobis"},"content":{"rendered":"\n<p>Santo Domingo \u2013 La direcci\u00f3n ejecutiva ampliada de la Coalici\u00f3n de Movimientos y Organizaciones para el Bienestar Social (COMOBIS) celebr\u00f3 una reuni\u00f3n presidida por Teo Valerio, durante la cual se design\u00f3 a Hamlet Mota Portes como secretario general interino.<\/p>\n\n\n\n<p>Su rol principal ser\u00e1 coordinar y gestionar alianzas estrat\u00e9gicas de cara a las pr\u00f3ximas elecciones ordinarias generales a nivel municipal, presidencial, senatorial y de diputaciones.<\/p>\n\n\n\n<p>El presidente de la coalici\u00f3n, Valerio, dio apertura a la reuni\u00f3n con palabras de agradecimiento hacia los movimientos miembros por su participaci\u00f3n en las primarias del Partido Revolucionario Moderno (PRM), organizadas por la Junta Central Electoral, lo que consolid\u00f3 la participaci\u00f3n de COMOBIS en el escenario pol\u00edtico del pa\u00eds.<\/p>\n\n\n\n<p>\u00abEste proceso democr\u00e1tico ha sido fundamental para nuestra organizaci\u00f3n en la Rep\u00fablica Dominicana, ya que logramos influir en la selecci\u00f3n de candidatos para cargos como la Alcald\u00eda de Santo Domingo Este y Oeste, as\u00ed como los puestos de regidores en diversas demarcaciones, todos ellos dentro del marco del PRM\u00bb, se\u00f1al\u00f3.<\/p>\n\n\n\n<p>En la misma reuni\u00f3n, se nombr\u00f3 al dirigente del PRM en el municipio de Santo Domingo Este, Hamlet Mota Portes, como secretario general interino encargado de coordinar y gestionar alianzas estrat\u00e9gicas en beneficio de la organizaci\u00f3n.<\/p>\n\n\n\n<p>Mota Portes expres\u00f3 su gratitud por la designaci\u00f3n y se comprometi\u00f3 a trabajar incansablemente para destacar la participaci\u00f3n de COMOBIS en las pr\u00f3ximas elecciones y contribuir a la construcci\u00f3n de una democracia s\u00f3lida y representativa en la Rep\u00fablica Dominicana.<\/p>\n\n\n\n<p>\u00abTrabajaremos arduamente para respaldar a nuestros candidatos seleccionados y para impulsar una plataforma pol\u00edtica que refleje las aspiraciones y necesidades de la poblaci\u00f3n dominicana. Creemos firmemente en el liderazgo local, y que la participaci\u00f3n ciudadana y la elecci\u00f3n responsable de l\u00edderes son fundamentales para el progreso y el bienestar de nuestra naci\u00f3n\u00bb, afirm\u00f3 Mota.<\/p>\n\n\n\n<p>Uno de los puntos clave de la reuni\u00f3n fue la definici\u00f3n de la agenda a seguir, que incluy\u00f3 la creaci\u00f3n de los Frentes Sectoriales Profesionales y T\u00e9cnicos, as\u00ed como la especificaci\u00f3n de sus funciones. Adem\u00e1s, se logr\u00f3 la aprobaci\u00f3n del Plan Estrat\u00e9gico que guiar\u00e1 las acciones de COMOBIS de cara a las futuras elecciones, en particular las municipales, congresuales y presidenciales programadas para el a\u00f1o 2024.<\/p>\n\n\n\n<p>Este evento pol\u00edtico marca un paso importante en la preparaci\u00f3n de COMOBIS para las elecciones venideras y resalta el compromiso de la coalici\u00f3n en contribuir al proceso democr\u00e1tico en la Rep\u00fablica Dominicana. Con una agenda claramente definida y la selecci\u00f3n de candidatos en las primarias, COMOBIS se encuentra en una posici\u00f3n s\u00f3lida para enfrentar los desaf\u00edos pol\u00edticos que se avecinan y trabajar por el bienestar social de la poblaci\u00f3n dominicana.<\/p>\n","protected":false},"excerpt":{"rendered":"<p>Santo Domingo \u2013 La direcci\u00f3n ejecutiva ampliada de la Coalici\u00f3n de Movimientos y Organizaciones para el Bienestar Social (COMOBIS) celebr\u00f3 una reuni\u00f3n presidida por Teo Valerio, durante la cual se&hellip;<\/p>\n","protected":false},"author":3,"featured_media":63485,"comment_status":"open","ping_status":"open","sticky":false,"template":"","format":"standard","meta":{"content-type":"","jetpack_post_was_ever_published":false,"_jetpack_newsletter_access":"","_jetpack_dont_email_post_to_subs":false,"_jetpack_newsletter_tier_id":0,"_jetpack_memberships_contains_paywalled_content":false,"_jetpack_memberships_contains_paid_content":false,"footnotes":""},"categories":[1],"tags":[],"class_list":["post-63484","post","type-post","status-publish","format-standard","has-post-thumbnail","hentry","category-sin-categoria"],"jetpack_featured_media_url":"https:\/\/lasprimeras.com.do\/wp-content\/uploads\/2023\/10\/WhatsApp-Image-2023-10-12-at-2.44.32-PM-1.jpeg","jetpack-related-posts":[{"id":92492,"url":"https:\/\/lasprimeras.com.do\/index.php\/2025\/01\/05\/partido-popular-austriaco-nombra-a-christian-stocker-lider-interino-tras-renuncia-de-nehammer\/","url_meta":{"origin":63484,"position":0},"title":"Partido Popular Austr\u00edaco nombra a Christian Stocker l\u00edder interino tras renuncia de Nehammer","author":"Nelson Feliz","date":"5 de enero de 2025","format":false,"excerpt":"By STEPHANIE LIECHTENSTEIN VIENA (AP) \u2014 El Partido Popular austr\u00edaco nomin\u00f3 el domingo a su secretario general, Christian Stocker, como l\u00edder interino tras la esperada renuncia del canciller Karl Nehammer, inform\u00f3 la agencia de noticias austriaca APA. Nehammer anunci\u00f3 el s\u00e1bado que renunciar\u00eda en los pr\u00f3ximos d\u00edas despu\u00e9s de que\u2026","rel":"","context":"En \u00abINTERNACIONALES\u00bb","block_context":{"text":"INTERNACIONALES","link":"https:\/\/lasprimeras.com.do\/index.php\/category\/sin-categoria\/internacionales\/"},"img":{"alt_text":"Christian Stocker","src":"https:\/\/i0.wp.com\/lasprimeras.com.do\/wp-content\/uploads\/2025\/01\/Christian-Stocker.jpg?resize=350%2C200&ssl=1","width":350,"height":200,"srcset":"https:\/\/i0.wp.com\/lasprimeras.com.do\/wp-content\/uploads\/2025\/01\/Christian-Stocker.jpg?resize=350%2C200&ssl=1 1x, https:\/\/i0.wp.com\/lasprimeras.com.do\/wp-content\/uploads\/2025\/01\/Christian-Stocker.jpg?resize=525%2C300&ssl=1 1.5x, https:\/\/i0.wp.com\/lasprimeras.com.do\/wp-content\/uploads\/2025\/01\/Christian-Stocker.jpg?resize=700%2C400&ssl=1 2x"},"classes":[]},{"id":80596,"url":"https:\/\/lasprimeras.com.do\/index.php\/2024\/04\/10\/carela-nuevo-titular-interino-de-pgase\/","url_meta":{"origin":63484,"position":1},"title":"Carela, nuevo titular interino de PGASE","author":"BIMARY DE JES\u00daS Matos","date":"10 de abril de 2024","format":false,"excerpt":"SANTO DOMINGO.- La Procuradur\u00eda General designa al procurador general de corte de apelaci\u00f3n Jos\u00e9 An\u00edbal Carela, como nuevo titular interino de la Procuradur\u00eda General Adjunta para el Sistema El\u00e9ctrico (PGASE). La decisi\u00f3n fue adoptada luego de ser suspendido el titular de esa dependencia, Francisco Polanco, quien est\u00e1 siendo investigado por\u2026","rel":"","context":"En \u00abPORTADA\u00bb","block_context":{"text":"PORTADA","link":"https:\/\/lasprimeras.com.do\/index.php\/category\/portada\/"},"img":{"alt_text":"","src":"https:\/\/i0.wp.com\/lasprimeras.com.do\/wp-content\/uploads\/2024\/04\/6615e98a5d25f_nueva-portada-10-768x462.jpg-1.webp?resize=350%2C200&ssl=1","width":350,"height":200,"srcset":"https:\/\/i0.wp.com\/lasprimeras.com.do\/wp-content\/uploads\/2024\/04\/6615e98a5d25f_nueva-portada-10-768x462.jpg-1.webp?resize=350%2C200&ssl=1 1x, https:\/\/i0.wp.com\/lasprimeras.com.do\/wp-content\/uploads\/2024\/04\/6615e98a5d25f_nueva-portada-10-768x462.jpg-1.webp?resize=525%2C300&ssl=1 1.5x, https:\/\/i0.wp.com\/lasprimeras.com.do\/wp-content\/uploads\/2024\/04\/6615e98a5d25f_nueva-portada-10-768x462.jpg-1.webp?resize=700%2C400&ssl=1 2x, https:\/\/i0.wp.com\/lasprimeras.com.do\/wp-content\/uploads\/2024\/04\/6615e98a5d25f_nueva-portada-10-768x462.jpg-1.webp?resize=1050%2C600&ssl=1 3x, https:\/\/i0.wp.com\/lasprimeras.com.do\/wp-content\/uploads\/2024\/04\/6615e98a5d25f_nueva-portada-10-768x462.jpg-1.webp?resize=1400%2C800&ssl=1 4x"},"classes":[]},{"id":93498,"url":"https:\/\/lasprimeras.com.do\/index.php\/2025\/02\/12\/jce-otorga-plazo-y-fija-reunion-con-organizaciones-politicas\/","url_meta":{"origin":63484,"position":2},"title":"JCE otorga plazo y fija reuni\u00f3n con organizaciones pol\u00edticas","author":"Nelson Feliz","date":"12 de febrero de 2025","format":false,"excerpt":"Los miembros de la comisi\u00f3n designada por la Junta Central Electoral para elaborar una propuesta de proyecto de ley para regular las candidaturas independientes, a partir de la sentencia 0788\/24 que emiti\u00f3 el Tribunal Constitucional, aprobaron este lunes el cronograma de trabajo, el cual incluye otorgar un plazo a las\u2026","rel":"","context":"En \u00abNACIONALES\u00bb","block_context":{"text":"NACIONALES","link":"https:\/\/lasprimeras.com.do\/index.php\/category\/nacionales\/"},"img":{"alt_text":"","src":"https:\/\/i0.wp.com\/lasprimeras.com.do\/wp-content\/uploads\/2025\/02\/jce-otorga-plazo-y-fija-reunion-con-organizaciones-politicas.jpg?resize=350%2C200&ssl=1","width":350,"height":200,"srcset":"https:\/\/i0.wp.com\/lasprimeras.com.do\/wp-content\/uploads\/2025\/02\/jce-otorga-plazo-y-fija-reunion-con-organizaciones-politicas.jpg?resize=350%2C200&ssl=1 1x, https:\/\/i0.wp.com\/lasprimeras.com.do\/wp-content\/uploads\/2025\/02\/jce-otorga-plazo-y-fija-reunion-con-organizaciones-politicas.jpg?resize=525%2C300&ssl=1 1.5x, https:\/\/i0.wp.com\/lasprimeras.com.do\/wp-content\/uploads\/2025\/02\/jce-otorga-plazo-y-fija-reunion-con-organizaciones-politicas.jpg?resize=700%2C400&ssl=1 2x"},"classes":[]},{"id":125952,"url":"https:\/\/lasprimeras.com.do\/index.php\/2026\/03\/27\/fp-juramenta-su-direccion-ejecutiva-municipal-en-santiago\/","url_meta":{"origin":63484,"position":3},"title":"FP juramenta su Direcci\u00f3n Ejecutiva Municipal en Santiago","author":"Nelson Feliz","date":"27 de marzo de 2026","format":false,"excerpt":"La Fuerza del Pueblo (FP) dej\u00f3 juramentada su Direcci\u00f3n Ejecutiva Municipal en Santiago, como parte del proceso de reorganizaci\u00f3n y fortalecimiento de sus estructuras territoriales. La direcci\u00f3n municipal estar\u00e1 encabezada por Hamlet Ot\u00e1\u00f1ez, presidente municipal, junto a Jarizqui Izquierdo, secretario general, quienes asumir\u00e1n la conducci\u00f3n pol\u00edtica y organizativa del partido\u2026","rel":"","context":"En \u00abPOLITICA\u00bb","block_context":{"text":"POLITICA","link":"https:\/\/lasprimeras.com.do\/index.php\/category\/politica\/"},"img":{"alt_text":"","src":"https:\/\/i0.wp.com\/lasprimeras.com.do\/wp-content\/uploads\/2026\/03\/juramentacion.jpg?resize=350%2C200&ssl=1","width":350,"height":200,"srcset":"https:\/\/i0.wp.com\/lasprimeras.com.do\/wp-content\/uploads\/2026\/03\/juramentacion.jpg?resize=350%2C200&ssl=1 1x, https:\/\/i0.wp.com\/lasprimeras.com.do\/wp-content\/uploads\/2026\/03\/juramentacion.jpg?resize=525%2C300&ssl=1 1.5x, https:\/\/i0.wp.com\/lasprimeras.com.do\/wp-content\/uploads\/2026\/03\/juramentacion.jpg?resize=700%2C400&ssl=1 2x"},"classes":[]},{"id":128661,"url":"https:\/\/lasprimeras.com.do\/index.php\/2026\/04\/25\/fp-escucha-reclamos-de-abandono-del-agro-en-espaillat\/","url_meta":{"origin":63484,"position":4},"title":"FP escucha reclamos de abandono del agro en Espaillat","author":"Nelson Feliz","date":"25 de abril de 2026","format":false,"excerpt":"La Comisi\u00f3n de Estrategia de Vinculaci\u00f3n con la Sociedad Civil y Movimientos Sociales de la Direcci\u00f3n Pol\u00edtica del partido Fuerza del Pueblo (FP) sostuvo un importante encuentro con productores agropecuarios de la provincia Espaillat y empresarios del sector de zonas francas, quienes presentaron un sombr\u00edo panorama sobre la realidad que\u2026","rel":"","context":"En \u00abPOLITICA\u00bb","block_context":{"text":"POLITICA","link":"https:\/\/lasprimeras.com.do\/index.php\/category\/politica\/"},"img":{"alt_text":"","src":"https:\/\/i0.wp.com\/lasprimeras.com.do\/wp-content\/uploads\/2026\/04\/agro.jpg?resize=350%2C200&ssl=1","width":350,"height":200,"srcset":"https:\/\/i0.wp.com\/lasprimeras.com.do\/wp-content\/uploads\/2026\/04\/agro.jpg?resize=350%2C200&ssl=1 1x, https:\/\/i0.wp.com\/lasprimeras.com.do\/wp-content\/uploads\/2026\/04\/agro.jpg?resize=525%2C300&ssl=1 1.5x, https:\/\/i0.wp.com\/lasprimeras.com.do\/wp-content\/uploads\/2026\/04\/agro.jpg?resize=700%2C400&ssl=1 2x"},"classes":[]},{"id":66501,"url":"https:\/\/lasprimeras.com.do\/index.php\/2023\/11\/07\/dio-astacio-juramenta-movimientos-del-sector-externo-en-apoyo-a-su-candidatura\/","url_meta":{"origin":63484,"position":5},"title":"Dio Astacio juramenta movimientos del Sector Externo en apoyo a su candidatura","author":"BIMARY DE JES\u00daS Matos","date":"7 de noviembre de 2023","format":false,"excerpt":"SANTO DOMINGO ESTE.- M\u00e1s de 100 movimientos pol\u00edticos del sector externo brindaron apoyo al candidato alcalde en Santo Domingo Este por el Partido Revolucionario Moderno (PRM), el pastor D\u00edo Astacio, quienes se comprometieron a trabajar en conquistar el favor de los votantes que no militan en los partidos tradicionales del\u2026","rel":"","context":"En \u00abSin categor\u00eda\u00bb","block_context":{"text":"Sin categor\u00eda","link":"https:\/\/lasprimeras.com.do\/index.php\/category\/sin-categoria\/"},"img":{"alt_text":"","src":"https:\/\/i0.wp.com\/lasprimeras.com.do\/wp-content\/uploads\/2023\/11\/WhatsApp-Image-2023-11-07-at-12.24.50-PM.jpeg?resize=350%2C200&ssl=1","width":350,"height":200,"srcset":"https:\/\/i0.wp.com\/lasprimeras.com.do\/wp-content\/uploads\/2023\/11\/WhatsApp-Image-2023-11-07-at-12.24.50-PM.jpeg?resize=350%2C200&ssl=1 1x, https:\/\/i0.wp.com\/lasprimeras.com.do\/wp-content\/uploads\/2023\/11\/WhatsApp-Image-2023-11-07-at-12.24.50-PM.jpeg?resize=525%2C300&ssl=1 1.5x, https:\/\/i0.wp.com\/lasprimeras.com.do\/wp-content\/uploads\/2023\/11\/WhatsApp-Image-2023-11-07-at-12.24.50-PM.jpeg?resize=700%2C400&ssl=1 2x"},"classes":[]}],"jetpack_sharing_enabled":true,"_links":{"self":[{"href":"https:\/\/lasprimeras.com.do\/index.php\/wp-json\/wp\/v2\/posts\/63484","targetHints":{"allow":["GET"]}}],"collection":[{"href":"https:\/\/lasprimeras.com.do\/index.php\/wp-json\/wp\/v2\/posts"}],"about":[{"href":"https:\/\/lasprimeras.com.do\/index.php\/wp-json\/wp\/v2\/types\/post"}],"author":[{"embeddable":true,"href":"https:\/\/lasprimeras.com.do\/index.php\/wp-json\/wp\/v2\/users\/3"}],"replies":[{"embeddable":true,"href":"https:\/\/lasprimeras.com.do\/index.php\/wp-json\/wp\/v2\/comments?post=63484"}],"version-history":[{"count":1,"href":"https:\/\/lasprimeras.com.do\/index.php\/wp-json\/wp\/v2\/posts\/63484\/revisions"}],"predecessor-version":[{"id":63486,"href":"https:\/\/lasprimeras.com.do\/index.php\/wp-json\/wp\/v2\/posts\/63484\/revisions\/63486"}],"wp:featuredmedia":[{"embeddable":true,"href":"https:\/\/lasprimeras.com.do\/index.php\/wp-json\/wp\/v2\/media\/63485"}],"wp:attachment":[{"href":"https:\/\/lasprimeras.com.do\/index.php\/wp-json\/wp\/v2\/media?parent=63484"}],"wp:term":[{"taxonomy":"category","embeddable":true,"href":"https:\/\/lasprimeras.com.do\/index.php\/wp-json\/wp\/v2\/categories?post=63484"},{"taxonomy":"post_tag","embeddable":true,"href":"https:\/\/lasprimeras.com.do\/index.php\/wp-json\/wp\/v2\/tags?post=63484"}],"curies":[{"name":"wp","href":"https:\/\/api.w.org\/{rel}","templated":true}]}}