{"id":63487,"date":"2023-10-12T15:00:17","date_gmt":"2023-10-12T19:00:17","guid":{"rendered":"https:\/\/lasprimeras.com.do\/?p=63487"},"modified":"2023-10-12T15:00:18","modified_gmt":"2023-10-12T19:00:18","slug":"prm-selecciona-a-stalin-vasquez-como-candidato-a-diputado-por-la-provincia-maria-trinidad-sanchez","status":"publish","type":"post","link":"https:\/\/lasprimeras.com.do\/index.php\/2023\/10\/12\/prm-selecciona-a-stalin-vasquez-como-candidato-a-diputado-por-la-provincia-maria-trinidad-sanchez\/","title":{"rendered":"PRM selecciona a Stalin V\u00e1squez como candidato a diputado por la provincia Mar\u00eda Trinidad S\u00e1nchez"},"content":{"rendered":"\n<p>Santo Domingo.- El Partido Revolucionario Moderno (PRM), escogi\u00f3 como candidato a diputado por la provincia Mar\u00eda Trinidad S\u00e1nchez al joven profesional Stalin V\u00e1squez con miras a las pr\u00f3ximas elecciones congresuales de mayo 2024.<\/p>\n\n\n\n<p>Al tiempo de agradecer su elecci\u00f3n a trav\u00e9s del m\u00e9todo de encuestas, V\u00e1squez adelant\u00f3 que tiene en carpeta una serie de proyectos destinados a favorecer a los distintos sectores de la vida nacional, haciendo \u00e9nfasis en la juventud.<\/p>\n\n\n\n<p>\u201cGanamos la oportunidad de construir un nuevo comienzo para la provincia Mar\u00eda Trinidad S\u00e1nchez. Este trayecto hacia la C\u00e1mara de Diputados lo recorrer\u00e9 junto a Dios y a ustedes para encarnar las esperanzas y los sue\u00f1os de nuestra gente\u201d, declar\u00f3 V\u00e1squez al conocer el resultado de la encuesta que le dio el triunfo en la contienda interna de su partido.<\/p>\n\n\n\n<p>Las principales propuestas del candidato a diputado para los electores de la provincia Mar\u00eda Trinidad S\u00e1nchez giran en torno al desarrollo tur\u00edstico, el deporte y leyes sobre fomento de apoyo a los estudios t\u00e9cnicos profesionales, entre otros.<\/p>\n\n\n\n<p>Sobre el candidato<br>Stalin V\u00e1squez, de 32 a\u00f1os de edad, es licenciado en derecho, graduado en la Universidad Iberoamericana (UNIBE), cuenta con una maestr\u00eda en Alta Gerencia en Partidos Pol\u00edticos y diplomados en Derecho Energ\u00e9tico, Compras y Contrataciones.<\/p>\n\n\n\n<p>En el plano laboral, se ha desempe\u00f1ado por m\u00e1s de 10 a\u00f1os en diferentes instituciones p\u00fablicas, en las que ha demostrado liderazgo, amor al trabajo orientado a resultados y un gran compromiso social.<\/p>\n\n\n\n<p>El PRM a trav\u00e9s de su Comisi\u00f3n Nacional de Elecciones Internas (CNEI), public\u00f3 una segunda entrega con los ganadores de las encuestas realizadas en los niveles de alcald\u00edas, diputaciones y senadur\u00edas de algunas provincias del pa\u00eds.<\/p>\n\n\n\n<p>Las encuestas fueron realizadas por importantes firmas de investigaci\u00f3n como: Centro Econ\u00f3mico del Cibao, Ipsos y Gallup Dominicana y, se espera que en los pr\u00f3ximos d\u00edas el partido de gobierno contin\u00fae publicando sus candidatos para los pr\u00f3ximos comicios.<\/p>\n","protected":false},"excerpt":{"rendered":"<p>Santo Domingo.- El Partido Revolucionario Moderno (PRM), escogi\u00f3 como candidato a diputado por la provincia Mar\u00eda Trinidad S\u00e1nchez al joven profesional Stalin V\u00e1squez con miras a las pr\u00f3ximas elecciones congresuales&hellip;<\/p>\n","protected":false},"author":3,"featured_media":63488,"comment_status":"open","ping_status":"open","sticky":false,"template":"","format":"standard","meta":{"content-type":"","jetpack_post_was_ever_published":false,"_jetpack_newsletter_access":"","_jetpack_dont_email_post_to_subs":false,"_jetpack_newsletter_tier_id":0,"_jetpack_memberships_contains_paywalled_content":false,"_jetpack_memberships_contains_paid_content":false,"footnotes":""},"categories":[1],"tags":[31],"class_list":["post-63487","post","type-post","status-publish","format-standard","has-post-thumbnail","hentry","category-sin-categoria","tag-prm"],"jetpack_featured_media_url":"https:\/\/lasprimeras.com.do\/wp-content\/uploads\/2023\/10\/WhatsApp-Image-2023-10-12-at-2.44.32-PM-2.jpeg","jetpack-related-posts":[{"id":105190,"url":"https:\/\/lasprimeras.com.do\/index.php\/2025\/07\/31\/los-diputados-con-mas-proyectos-de-ley-depositados-en-esta-legislatura\/","url_meta":{"origin":63487,"position":0},"title":"Los Diputados con m\u00e1s proyectos de ley depositados en esta legislatura","author":"Nelson Feliz","date":"31 de julio de 2025","format":false,"excerpt":"Al menos nueve de los 190 diputados mostraron un destacado desempe\u00f1o tomando en consideraci\u00f3n la cantidad de iniciativas de ley que sometieron al pleno de la C\u00e1mara de Diputados desde el inicio de la legislatura el 27 de febrero de este a\u00f1o 2025 hasta su culminaci\u00f3n el 26 de julio,\u2026","rel":"","context":"En \u00abPOLITICA\u00bb","block_context":{"text":"POLITICA","link":"https:\/\/lasprimeras.com.do\/index.php\/category\/politica\/"},"img":{"alt_text":"","src":"https:\/\/i0.wp.com\/lasprimeras.com.do\/wp-content\/uploads\/2025\/07\/WhatsApp-Image-2025-07-30-at-3.37.16-PM.jpeg?resize=350%2C200&ssl=1","width":350,"height":200,"srcset":"https:\/\/i0.wp.com\/lasprimeras.com.do\/wp-content\/uploads\/2025\/07\/WhatsApp-Image-2025-07-30-at-3.37.16-PM.jpeg?resize=350%2C200&ssl=1 1x, https:\/\/i0.wp.com\/lasprimeras.com.do\/wp-content\/uploads\/2025\/07\/WhatsApp-Image-2025-07-30-at-3.37.16-PM.jpeg?resize=525%2C300&ssl=1 1.5x, https:\/\/i0.wp.com\/lasprimeras.com.do\/wp-content\/uploads\/2025\/07\/WhatsApp-Image-2025-07-30-at-3.37.16-PM.jpeg?resize=700%2C400&ssl=1 2x, https:\/\/i0.wp.com\/lasprimeras.com.do\/wp-content\/uploads\/2025\/07\/WhatsApp-Image-2025-07-30-at-3.37.16-PM.jpeg?resize=1050%2C600&ssl=1 3x"},"classes":[]},{"id":63383,"url":"https:\/\/lasprimeras.com.do\/index.php\/2023\/10\/12\/prm-presenta-lista-de-candidatos-senatoriales-de-otras-9-provincias\/","url_meta":{"origin":63487,"position":1},"title":"PRM presenta lista de candidatos senatoriales de otras 9 provincias","author":"BIMARY DE JES\u00daS Matos","date":"12 de octubre de 2023","format":false,"excerpt":"SANTO DOMINGO.- El Partido Revolucionario Moderno (PRM) public\u00f3 la segunda parte de su listado de ganadores de las encuestas que realizaron para diferentes cargos electivos en las elecciones municipales y congresuales que se celebrar\u00e1n en el 2024. En el caso de las candidaturas senatoriales, en este segundo listado el partido\u2026","rel":"","context":"En \u00abSin categor\u00eda\u00bb","block_context":{"text":"Sin categor\u00eda","link":"https:\/\/lasprimeras.com.do\/index.php\/category\/sin-categoria\/"},"img":{"alt_text":"","src":"https:\/\/i0.wp.com\/lasprimeras.com.do\/wp-content\/uploads\/2023\/10\/WhatsApp-Image-2023-10-10-at-11.06.27-AM-2.jpeg?resize=350%2C200&ssl=1","width":350,"height":200,"srcset":"https:\/\/i0.wp.com\/lasprimeras.com.do\/wp-content\/uploads\/2023\/10\/WhatsApp-Image-2023-10-10-at-11.06.27-AM-2.jpeg?resize=350%2C200&ssl=1 1x, https:\/\/i0.wp.com\/lasprimeras.com.do\/wp-content\/uploads\/2023\/10\/WhatsApp-Image-2023-10-10-at-11.06.27-AM-2.jpeg?resize=525%2C300&ssl=1 1.5x"},"classes":[]},{"id":114182,"url":"https:\/\/lasprimeras.com.do\/index.php\/2025\/11\/11\/prm-impuso-a-jacqueline-fernandez-como-candidata-a-diputada-pese-a-sentencias-del-tc-y-el-tse\/","url_meta":{"origin":63487,"position":2},"title":"PRM impuso a Jacqueline Fern\u00e1ndez como candidata a diputada pese a sentencias del TC y el TSE","author":"Nelson Feliz","date":"11 de noviembre de 2025","format":false,"excerpt":"\u201cEste Tribunal llega a la conclusi\u00f3n de que la se\u00f1ora Jacqueline Fern\u00e1ndez inscribi\u00f3 originalmente su precandidatura para competir por el puesto de alcalde y produjo una serie de actos de precampa\u00f1a en dicho nivel de elecci\u00f3n. No obstante, al ser medida en los trabajos de campo realizados en el mes\u2026","rel":"","context":"En \u00abPOLITICA\u00bb","block_context":{"text":"POLITICA","link":"https:\/\/lasprimeras.com.do\/index.php\/category\/politica\/"},"img":{"alt_text":"","src":"https:\/\/i0.wp.com\/lasprimeras.com.do\/wp-content\/uploads\/2025\/11\/La-viceconsul-Dayna-Manzano-de-Los-Santos-y-la-diputada-Jacqueline-Fernandez-Brito.jpeg?resize=350%2C200&ssl=1","width":350,"height":200,"srcset":"https:\/\/i0.wp.com\/lasprimeras.com.do\/wp-content\/uploads\/2025\/11\/La-viceconsul-Dayna-Manzano-de-Los-Santos-y-la-diputada-Jacqueline-Fernandez-Brito.jpeg?resize=350%2C200&ssl=1 1x, https:\/\/i0.wp.com\/lasprimeras.com.do\/wp-content\/uploads\/2025\/11\/La-viceconsul-Dayna-Manzano-de-Los-Santos-y-la-diputada-Jacqueline-Fernandez-Brito.jpeg?resize=525%2C300&ssl=1 1.5x, https:\/\/i0.wp.com\/lasprimeras.com.do\/wp-content\/uploads\/2025\/11\/La-viceconsul-Dayna-Manzano-de-Los-Santos-y-la-diputada-Jacqueline-Fernandez-Brito.jpeg?resize=700%2C400&ssl=1 2x"},"classes":[]},{"id":123172,"url":"https:\/\/lasprimeras.com.do\/index.php\/2026\/02\/26\/dasac-asiste-a-familias-afectadas-por-inundaciones-en-las-provincias-pp-maria-trinidad-sanchez-espaillat-y-samana\/","url_meta":{"origin":63487,"position":3},"title":"DASAC asiste a familias afectadas por inundaciones en las provincias PP, Mar\u00eda Trinidad S\u00e1nchez, Espaillat y Saman\u00e1","author":"Nelson Feliz","date":"26 de febrero de 2026","format":false,"excerpt":"El director general, Edgar Augusto Feliz Arbona, indic\u00f3 que la instituci\u00f3n se mantiene en sesi\u00f3n permanente, dando seguimiento a la situaci\u00f3n en coordinaci\u00f3n con el Centro de Operaciones de Emergencias (COE), a fin de continuar llevando asistencia oportuna a las familias afectadas. Equipos de la direcci\u00f3n de Asistencia Social y\u2026","rel":"","context":"En \u00abNACIONALES\u00bb","block_context":{"text":"NACIONALES","link":"https:\/\/lasprimeras.com.do\/index.php\/category\/nacionales\/"},"img":{"alt_text":"","src":"https:\/\/i0.wp.com\/lasprimeras.com.do\/wp-content\/uploads\/2026\/02\/dasac-1.jpg?resize=350%2C200&ssl=1","width":350,"height":200,"srcset":"https:\/\/i0.wp.com\/lasprimeras.com.do\/wp-content\/uploads\/2026\/02\/dasac-1.jpg?resize=350%2C200&ssl=1 1x, https:\/\/i0.wp.com\/lasprimeras.com.do\/wp-content\/uploads\/2026\/02\/dasac-1.jpg?resize=525%2C300&ssl=1 1.5x, https:\/\/i0.wp.com\/lasprimeras.com.do\/wp-content\/uploads\/2026\/02\/dasac-1.jpg?resize=700%2C400&ssl=1 2x"},"classes":[]},{"id":100763,"url":"https:\/\/lasprimeras.com.do\/index.php\/2025\/06\/11\/cabrerense-en-ny-valoran-reconocimientos-a-cruz-eduardo-y-a-gaton\/","url_meta":{"origin":63487,"position":4},"title":"Cabrerense en NY valoran reconocimientos a Cruz Eduardo y a Gat\u00f3n","author":"Nelson Feliz","date":"11 de junio de 2025","format":false,"excerpt":"Por Ram\u00f3n Mercedes NUEVA YORK.- Dominicanos residentes en esta ciudad, procedente del municipio de Cabrera, provincia Mar\u00eda Trinidad S\u00e1nchez, manifestaron valorar los reconocimientos por parte del Distrito Educativo 14-02 a dos grandes figuras cuyos trabajos ha impactado profundamente en el pueblo. El DE 14-02 es un espacio para la recopilaci\u00f3n\u2026","rel":"","context":"En \u00abINTERNACIONALES\u00bb","block_context":{"text":"INTERNACIONALES","link":"https:\/\/lasprimeras.com.do\/index.php\/category\/sin-categoria\/internacionales\/"},"img":{"alt_text":"","src":"https:\/\/i0.wp.com\/lasprimeras.com.do\/wp-content\/uploads\/2025\/06\/WhatsApp-Image-2025-06-11-at-6.12.00-AM.jpeg?resize=350%2C200&ssl=1","width":350,"height":200,"srcset":"https:\/\/i0.wp.com\/lasprimeras.com.do\/wp-content\/uploads\/2025\/06\/WhatsApp-Image-2025-06-11-at-6.12.00-AM.jpeg?resize=350%2C200&ssl=1 1x, https:\/\/i0.wp.com\/lasprimeras.com.do\/wp-content\/uploads\/2025\/06\/WhatsApp-Image-2025-06-11-at-6.12.00-AM.jpeg?resize=525%2C300&ssl=1 1.5x, https:\/\/i0.wp.com\/lasprimeras.com.do\/wp-content\/uploads\/2025\/06\/WhatsApp-Image-2025-06-11-at-6.12.00-AM.jpeg?resize=700%2C400&ssl=1 2x"},"classes":[]},{"id":101145,"url":"https:\/\/lasprimeras.com.do\/index.php\/2025\/06\/16\/acosta-moreta-proclama-a-maria-trinidad-sanchez-como-madre-de-la-patria-dominicana\/","url_meta":{"origin":63487,"position":5},"title":"Acosta Moreta proclama a Mar\u00eda Trinidad S\u00e1nchez como Madre de la Patria Dominicana","author":"Nelson Feliz","date":"16 de junio de 2025","format":false,"excerpt":"En ocasi\u00f3n del 231 aniversario del natalicio de la hero\u00edna nacional Mar\u00eda Trinidad S\u00e1nchez, el presidente del Partido Uni\u00f3n Dem\u00f3crata Cristiana (UDC) y coordinador general del movimiento Revoluci\u00f3n Duartiana, Luis Acosta Moreta \u201cEl Gallo\u201d, la proclam\u00f3 como Madre de la Patria Dominicana, en un acto de reconocimiento a su ejemplo\u2026","rel":"","context":"En \u00abPOLITICA\u00bb","block_context":{"text":"POLITICA","link":"https:\/\/lasprimeras.com.do\/index.php\/category\/politica\/"},"img":{"alt_text":"Mar\u00eda Trinidad S\u00e1nchez","src":"https:\/\/i0.wp.com\/lasprimeras.com.do\/wp-content\/uploads\/2025\/06\/Maria-Trinidad-Sanchez.jpg?resize=350%2C200&ssl=1","width":350,"height":200,"srcset":"https:\/\/i0.wp.com\/lasprimeras.com.do\/wp-content\/uploads\/2025\/06\/Maria-Trinidad-Sanchez.jpg?resize=350%2C200&ssl=1 1x, https:\/\/i0.wp.com\/lasprimeras.com.do\/wp-content\/uploads\/2025\/06\/Maria-Trinidad-Sanchez.jpg?resize=525%2C300&ssl=1 1.5x, https:\/\/i0.wp.com\/lasprimeras.com.do\/wp-content\/uploads\/2025\/06\/Maria-Trinidad-Sanchez.jpg?resize=700%2C400&ssl=1 2x"},"classes":[]}],"jetpack_sharing_enabled":true,"_links":{"self":[{"href":"https:\/\/lasprimeras.com.do\/index.php\/wp-json\/wp\/v2\/posts\/63487","targetHints":{"allow":["GET"]}}],"collection":[{"href":"https:\/\/lasprimeras.com.do\/index.php\/wp-json\/wp\/v2\/posts"}],"about":[{"href":"https:\/\/lasprimeras.com.do\/index.php\/wp-json\/wp\/v2\/types\/post"}],"author":[{"embeddable":true,"href":"https:\/\/lasprimeras.com.do\/index.php\/wp-json\/wp\/v2\/users\/3"}],"replies":[{"embeddable":true,"href":"https:\/\/lasprimeras.com.do\/index.php\/wp-json\/wp\/v2\/comments?post=63487"}],"version-history":[{"count":1,"href":"https:\/\/lasprimeras.com.do\/index.php\/wp-json\/wp\/v2\/posts\/63487\/revisions"}],"predecessor-version":[{"id":63489,"href":"https:\/\/lasprimeras.com.do\/index.php\/wp-json\/wp\/v2\/posts\/63487\/revisions\/63489"}],"wp:featuredmedia":[{"embeddable":true,"href":"https:\/\/lasprimeras.com.do\/index.php\/wp-json\/wp\/v2\/media\/63488"}],"wp:attachment":[{"href":"https:\/\/lasprimeras.com.do\/index.php\/wp-json\/wp\/v2\/media?parent=63487"}],"wp:term":[{"taxonomy":"category","embeddable":true,"href":"https:\/\/lasprimeras.com.do\/index.php\/wp-json\/wp\/v2\/categories?post=63487"},{"taxonomy":"post_tag","embeddable":true,"href":"https:\/\/lasprimeras.com.do\/index.php\/wp-json\/wp\/v2\/tags?post=63487"}],"curies":[{"name":"wp","href":"https:\/\/api.w.org\/{rel}","templated":true}]}}