{"id":63528,"date":"2023-10-13T06:40:01","date_gmt":"2023-10-13T10:40:01","guid":{"rendered":"https:\/\/lasprimeras.com.do\/?p=63528"},"modified":"2023-10-13T06:40:02","modified_gmt":"2023-10-13T10:40:02","slug":"agentes-femeninas-de-la-pn-son-orientadas-sobre-la-prevencion-del-cancer-de-mama","status":"publish","type":"post","link":"https:\/\/lasprimeras.com.do\/index.php\/2023\/10\/13\/agentes-femeninas-de-la-pn-son-orientadas-sobre-la-prevencion-del-cancer-de-mama\/","title":{"rendered":"Agentes femeninas de la PN son orientadas sobre la prevenci\u00f3n del C\u00e1ncer de Mama"},"content":{"rendered":"\n<p>Por Mart\u00edn Restituyo<\/p>\n\n\n\n<p>Alrededor de 150 mujeres polic\u00edas y asimiladas participaron este jueves de la oportuna y emotiva charla \u201cNo esperes: M\u00edrate, t\u00f3cate y cu\u00eddate\u201d, la cual va orientada a la prevenci\u00f3n del C\u00e1ncer de Mama, y dar un merecido reconocimiento a esas damas que han salido victoriosas en la lucha contra esta enfermedad.<\/p>\n\n\n\n<p>La actividad realizada en Club para Oficiales de la instituci\u00f3n del orden p\u00fablico inici\u00f3 con la oraci\u00f3n y bendici\u00f3n del evento, a cargo del padre Catalino Tejada, seguido de las palabras de bienvenida y exhortaci\u00f3n por la presidenta de la Asociaci\u00f3n de Esposas de Oficiales de la Polic\u00eda (ASEOPNA), coronel Belkis Asi\u00e1tico Almonte.<\/p>\n\n\n\n<p>\u201cEl c\u00e1ncer nos desaf\u00eda, pero tambi\u00e9n nos inspira a ser fuertes, solidarios y resilientes; en este d\u00eda tengamos claro una sola cosa: M\u00edrate, t\u00f3cate y cu\u00eddate, donde la Direcci\u00f3n General de la Polic\u00eda Nacional y la Asociaci\u00f3n de Esposas honra a quienes han luchado valientemente en contra de esta enfermedad, a quienes est\u00e1n en medio de su batalla y a aquellos que nos han dejado un legado de esperanza\u201d, expres\u00f3 la coronel Asi\u00e1tico Almonte.<\/p>\n\n\n\n<p>Asimismo, la presidenta de Aseopna record\u00f3 que la lucha contra el c\u00e1ncer es una responsabilidad compartida, y \u201ctodos podemos contribuir, educ\u00e1ndonos sobre la prevenci\u00f3n, apoyando a los que lo necesitan y promoviendo la investigaci\u00f3n para encontrar una cura, cada esfuerzo cuenta\u201d.<\/p>\n\n\n\n<p>Durante el desarrollo del acto, se produjo un momento de silencio en honor de aquellos que perdieron sus vidas aun luchando contra este enemigo silente y que dieron lo m\u00e1ximo para mostrar que todo es posible sin importar lo que suceda.<\/p>\n\n\n\n<p>El taller sobre la lucha y prevenci\u00f3n de c\u00e1ncer, fue impartido por los doctores, teniente coronel Ruth Madera, mayor Hamlet Parad\u00eds y Jorge B\u00e1ez.<\/p>\n\n\n\n<p>Mientras que el objetivo principal de esta charla es que todos podamos detectar a tiempo el c\u00e1ncer, a trav\u00e9s de la prevenci\u00f3n con la autoexploraci\u00f3n, con consultas m\u00e9dicas de orden diaria, diagn\u00f3stico temprano, tambi\u00e9n mediante preguntas y respuestas efectivas que podr\u00e1n ayudar a combatir el c\u00e1ncer mamario y de otros \u00f3rganos del cuerpo humano.<\/p>\n\n\n\n<p>La mesa de honor estuvo encabezada por la presidenta de Aseopna, coronel Belkis Asi\u00e1tico Almonte; la encargada del Departamento de Equidad de G\u00e9nero, teniente coronel Alexandra Familia Acevedo.<\/p>\n\n\n\n<p>Junto a ellas acompa\u00f1\u00e1ndolas, la coronel Griselda Guzm\u00e1n, teniente coronel Ruth Madera, mayor Hamlet Paradis y Jorge B\u00e1ez.<\/p>\n\n\n\n<p>La actividad culmin\u00f3 con la exhortaci\u00f3n a los presentes de hacerse un chequeo de rutina en las instalaciones del Hospital General Docente de la Polic\u00eda Nacional (Hosgedopol), tanto mujeres como hombres, al igual que adolescentes y j\u00f3venes, para una detecci\u00f3n y prevenci\u00f3n&nbsp;temprana.<\/p>\n","protected":false},"excerpt":{"rendered":"<p>Por Mart\u00edn Restituyo Alrededor de 150 mujeres polic\u00edas y asimiladas participaron este jueves de la oportuna y emotiva charla \u201cNo esperes: M\u00edrate, t\u00f3cate y cu\u00eddate\u201d, la cual va orientada a&hellip;<\/p>\n","protected":false},"author":2,"featured_media":63529,"comment_status":"open","ping_status":"open","sticky":false,"template":"","format":"standard","meta":{"content-type":"","jetpack_post_was_ever_published":false,"_jetpack_newsletter_access":"","_jetpack_dont_email_post_to_subs":false,"_jetpack_newsletter_tier_id":0,"_jetpack_memberships_contains_paywalled_content":false,"_jetpack_memberships_contains_paid_content":false,"footnotes":""},"categories":[1],"tags":[8500],"class_list":["post-63528","post","type-post","status-publish","format-standard","has-post-thumbnail","hentry","category-sin-categoria","tag-cancer-de-mama-2"],"jetpack_featured_media_url":"https:\/\/lasprimeras.com.do\/wp-content\/uploads\/2023\/10\/cancer-de-mama.jpg","jetpack-related-posts":[{"id":112386,"url":"https:\/\/lasprimeras.com.do\/index.php\/2025\/10\/21\/propeep-imparte-charla-a-sus-colaboradoras-sobre-concientizacion-y-prevencion-del-cancer-de-mama\/","url_meta":{"origin":63528,"position":0},"title":"Propeep imparte charla a sus colaboradoras sobre concientizaci\u00f3n y prevenci\u00f3n del c\u00e1ncer de mama","author":"Nelson Feliz","date":"21 de octubre de 2025","format":false,"excerpt":"En el marco del Mes de la Lucha contra el C\u00e1ncer de Mama, la Direcci\u00f3n de Proyectos Estrat\u00e9gicos y Especiales de la Presidencia (Propeep) imparti\u00f3 este martes una charla de concientizaci\u00f3n y prevenci\u00f3n del c\u00e1ncer de mama a sus colaboradoras, a fin de promover la detecci\u00f3n temprana y fomentar una\u2026","rel":"","context":"En \u00abNACIONALES\u00bb","block_context":{"text":"NACIONALES","link":"https:\/\/lasprimeras.com.do\/index.php\/category\/nacionales\/"},"img":{"alt_text":"","src":"https:\/\/i0.wp.com\/lasprimeras.com.do\/wp-content\/uploads\/2025\/10\/propeep-1.jpg?resize=350%2C200&ssl=1","width":350,"height":200,"srcset":"https:\/\/i0.wp.com\/lasprimeras.com.do\/wp-content\/uploads\/2025\/10\/propeep-1.jpg?resize=350%2C200&ssl=1 1x, https:\/\/i0.wp.com\/lasprimeras.com.do\/wp-content\/uploads\/2025\/10\/propeep-1.jpg?resize=525%2C300&ssl=1 1.5x, https:\/\/i0.wp.com\/lasprimeras.com.do\/wp-content\/uploads\/2025\/10\/propeep-1.jpg?resize=700%2C400&ssl=1 2x"},"classes":[]},{"id":89711,"url":"https:\/\/lasprimeras.com.do\/index.php\/2024\/10\/03\/presidente-del-senado-encabeza-charla-sobre-prevencion-de-cancer-de-mama-a-colaboradores\/","url_meta":{"origin":63528,"position":1},"title":"Presidente del Senado encabeza charla sobre prevenci\u00f3n de c\u00e1ncer de mama a colaboradores","author":"Paola Castillo","date":"3 de octubre de 2024","format":false,"excerpt":"SANTO DOMINGO.- El presidente del Senado, Ricardo de los Santos encabez\u00f3 la charla \u201cDetecci\u00f3n Temprana de C\u00e1ncer de Mama\u201d, impartida a los colaboradores de la C\u00e1mara Alta, en el marco del mes de la Sensibilizaci\u00f3n sobre la prevenci\u00f3n el C\u00e1ncer de Mama. Ricardo de los Santos, destac\u00f3 la importancia de\u2026","rel":"","context":"En \u00abPORTADA\u00bb","block_context":{"text":"PORTADA","link":"https:\/\/lasprimeras.com.do\/index.php\/category\/portada\/"},"img":{"alt_text":"","src":"https:\/\/i0.wp.com\/lasprimeras.com.do\/wp-content\/uploads\/2024\/10\/senado11.jpeg?resize=350%2C200&ssl=1","width":350,"height":200,"srcset":"https:\/\/i0.wp.com\/lasprimeras.com.do\/wp-content\/uploads\/2024\/10\/senado11.jpeg?resize=350%2C200&ssl=1 1x, https:\/\/i0.wp.com\/lasprimeras.com.do\/wp-content\/uploads\/2024\/10\/senado11.jpeg?resize=525%2C300&ssl=1 1.5x, https:\/\/i0.wp.com\/lasprimeras.com.do\/wp-content\/uploads\/2024\/10\/senado11.jpeg?resize=700%2C400&ssl=1 2x, https:\/\/i0.wp.com\/lasprimeras.com.do\/wp-content\/uploads\/2024\/10\/senado11.jpeg?resize=1050%2C600&ssl=1 3x, https:\/\/i0.wp.com\/lasprimeras.com.do\/wp-content\/uploads\/2024\/10\/senado11.jpeg?resize=1400%2C800&ssl=1 4x"},"classes":[]},{"id":64221,"url":"https:\/\/lasprimeras.com.do\/index.php\/2023\/10\/18\/digev-sensibiliza-colaboradores-sobre-la-prevencion-del-cancer-de-mama\/","url_meta":{"origin":63528,"position":2},"title":"DIGEV sensibiliza colaboradores sobre la prevenci\u00f3n del c\u00e1ncer de mama","author":"Nelson Feliz","date":"18 de octubre de 2023","format":false,"excerpt":"Por Martin Restituyo La Direcci\u00f3n General de las Escuelas Vocacionales de las Fuerzas Armadas y de la Polic\u00eda Nacional (DIGEV) celebr\u00f3 hoy la conferencia \u201cConcientizaci\u00f3n y Prevenci\u00f3n del C\u00e1ncer de Mama\u201d, con el fin de abordar la importancia de prevenir y detectar a tiempo esa enfermedad. La actividad docente estuvo\u2026","rel":"","context":"En \u00abMILITARES\u00bb","block_context":{"text":"MILITARES","link":"https:\/\/lasprimeras.com.do\/index.php\/category\/militares\/"},"img":{"alt_text":"DIGEV","src":"https:\/\/i0.wp.com\/lasprimeras.com.do\/wp-content\/uploads\/2023\/10\/DIGEV-1.jpg?resize=350%2C200&ssl=1","width":350,"height":200,"srcset":"https:\/\/i0.wp.com\/lasprimeras.com.do\/wp-content\/uploads\/2023\/10\/DIGEV-1.jpg?resize=350%2C200&ssl=1 1x, https:\/\/i0.wp.com\/lasprimeras.com.do\/wp-content\/uploads\/2023\/10\/DIGEV-1.jpg?resize=525%2C300&ssl=1 1.5x, https:\/\/i0.wp.com\/lasprimeras.com.do\/wp-content\/uploads\/2023\/10\/DIGEV-1.jpg?resize=700%2C400&ssl=1 2x"},"classes":[]},{"id":63337,"url":"https:\/\/lasprimeras.com.do\/index.php\/2023\/10\/11\/%c2%a8sambil-se-mueve%c2%a8-junto-a-tae-fighting-contra-el-cancer-de-mama\/","url_meta":{"origin":63528,"position":3},"title":"\u00a8Sambil se mueve\u00a8 junto a Tae Fighting contra el c\u00e1ncer de mama","author":"Nelson Feliz","date":"11 de octubre de 2023","format":false,"excerpt":"\"Sambil se mueve: Fitness por una causa rosa\", un evento organizado y auspiciado por Tae Fighting, es la campa\u00f1a que llenar\u00e1 de color y energ\u00eda el gran sal\u00f3n de eventos del centro comercial Sambil, este 28 de octubre a partir de las 9:00am con motivo del mes de la lucha\u2026","rel":"","context":"En \u00abSin categor\u00eda\u00bb","block_context":{"text":"Sin categor\u00eda","link":"https:\/\/lasprimeras.com.do\/index.php\/category\/sin-categoria\/"},"img":{"alt_text":"EGLEE HEREDIA- SANTIAGO MARTINEZ, Dra. NIURKA LOZANO","src":"https:\/\/i0.wp.com\/lasprimeras.com.do\/wp-content\/uploads\/2023\/10\/EGLEE-HEREDIA-SANTIAGO-MARTINEZ-Dra.-NIURKA-LOZANO.jpg?resize=350%2C200&ssl=1","width":350,"height":200,"srcset":"https:\/\/i0.wp.com\/lasprimeras.com.do\/wp-content\/uploads\/2023\/10\/EGLEE-HEREDIA-SANTIAGO-MARTINEZ-Dra.-NIURKA-LOZANO.jpg?resize=350%2C200&ssl=1 1x, https:\/\/i0.wp.com\/lasprimeras.com.do\/wp-content\/uploads\/2023\/10\/EGLEE-HEREDIA-SANTIAGO-MARTINEZ-Dra.-NIURKA-LOZANO.jpg?resize=525%2C300&ssl=1 1.5x, https:\/\/i0.wp.com\/lasprimeras.com.do\/wp-content\/uploads\/2023\/10\/EGLEE-HEREDIA-SANTIAGO-MARTINEZ-Dra.-NIURKA-LOZANO.jpg?resize=700%2C400&ssl=1 2x"},"classes":[]},{"id":64607,"url":"https:\/\/lasprimeras.com.do\/index.php\/2023\/10\/21\/fuerza-del-pueblo-aboga-seguir-lucha-contra-el-cancer-de-mamas\/","url_meta":{"origin":63528,"position":4},"title":"Fuerza del Pueblo aboga seguir lucha contra el c\u00e1ncer de mamas","author":"BIMARY DE JES\u00daS Matos","date":"21 de octubre de 2023","format":false,"excerpt":"SANTO DOMINGO.- La secretaria de la Mujer de la circunscripci\u00f3n uno de Fuerza del Pueblo en Santo Domingo Este dijo que octubre es una gran oportunidad para seguir librando la batalla contra el c\u00e1ncer de mamas. Belkis Ram\u00edrez se\u00f1al\u00f3 que es preocupante pensar en las miles de mujeres que son\u2026","rel":"","context":"En \u00abSin categor\u00eda\u00bb","block_context":{"text":"Sin categor\u00eda","link":"https:\/\/lasprimeras.com.do\/index.php\/category\/sin-categoria\/"},"img":{"alt_text":"","src":"https:\/\/i0.wp.com\/lasprimeras.com.do\/wp-content\/uploads\/2023\/10\/WhatsApp-Image-2023-10-21-at-12.51.33-PM.webp?resize=350%2C200&ssl=1","width":350,"height":200,"srcset":"https:\/\/i0.wp.com\/lasprimeras.com.do\/wp-content\/uploads\/2023\/10\/WhatsApp-Image-2023-10-21-at-12.51.33-PM.webp?resize=350%2C200&ssl=1 1x, https:\/\/i0.wp.com\/lasprimeras.com.do\/wp-content\/uploads\/2023\/10\/WhatsApp-Image-2023-10-21-at-12.51.33-PM.webp?resize=525%2C300&ssl=1 1.5x"},"classes":[]},{"id":64052,"url":"https:\/\/lasprimeras.com.do\/index.php\/2023\/10\/18\/senado-concluye-jornada-sobre-prevencion-cancer-de-mama\/","url_meta":{"origin":63528,"position":5},"title":"Senado concluye jornada sobre prevenci\u00f3n c\u00e1ncer de mama","author":"Nelson Feliz","date":"18 de octubre de 2023","format":false,"excerpt":"La actividad la encabez\u00f3 el presidente del Senado, Ricardo de los Santos, y estuvieron los senadores L\u00eda D\u00edaz Santana, Bautista Rojas G\u00f3mez, Virgilio Cedano, Franklin Pe\u00f1a y Antonio Marte. Por Martin Restituyo El presidente del Senado de la Rep\u00fablica, Ricardo de los Santos, implement\u00f3 jornadas de prevenci\u00f3n de c\u00e1ncer de\u2026","rel":"","context":"En \u00abPORTADA\u00bb","block_context":{"text":"PORTADA","link":"https:\/\/lasprimeras.com.do\/index.php\/category\/portada\/"},"img":{"alt_text":"Ricardo de los Santos","src":"https:\/\/i0.wp.com\/lasprimeras.com.do\/wp-content\/uploads\/2023\/10\/Ricardo-de-los-Santos-3.jpg?resize=350%2C200&ssl=1","width":350,"height":200,"srcset":"https:\/\/i0.wp.com\/lasprimeras.com.do\/wp-content\/uploads\/2023\/10\/Ricardo-de-los-Santos-3.jpg?resize=350%2C200&ssl=1 1x, https:\/\/i0.wp.com\/lasprimeras.com.do\/wp-content\/uploads\/2023\/10\/Ricardo-de-los-Santos-3.jpg?resize=525%2C300&ssl=1 1.5x, https:\/\/i0.wp.com\/lasprimeras.com.do\/wp-content\/uploads\/2023\/10\/Ricardo-de-los-Santos-3.jpg?resize=700%2C400&ssl=1 2x"},"classes":[]}],"jetpack_sharing_enabled":true,"_links":{"self":[{"href":"https:\/\/lasprimeras.com.do\/index.php\/wp-json\/wp\/v2\/posts\/63528","targetHints":{"allow":["GET"]}}],"collection":[{"href":"https:\/\/lasprimeras.com.do\/index.php\/wp-json\/wp\/v2\/posts"}],"about":[{"href":"https:\/\/lasprimeras.com.do\/index.php\/wp-json\/wp\/v2\/types\/post"}],"author":[{"embeddable":true,"href":"https:\/\/lasprimeras.com.do\/index.php\/wp-json\/wp\/v2\/users\/2"}],"replies":[{"embeddable":true,"href":"https:\/\/lasprimeras.com.do\/index.php\/wp-json\/wp\/v2\/comments?post=63528"}],"version-history":[{"count":1,"href":"https:\/\/lasprimeras.com.do\/index.php\/wp-json\/wp\/v2\/posts\/63528\/revisions"}],"predecessor-version":[{"id":63530,"href":"https:\/\/lasprimeras.com.do\/index.php\/wp-json\/wp\/v2\/posts\/63528\/revisions\/63530"}],"wp:featuredmedia":[{"embeddable":true,"href":"https:\/\/lasprimeras.com.do\/index.php\/wp-json\/wp\/v2\/media\/63529"}],"wp:attachment":[{"href":"https:\/\/lasprimeras.com.do\/index.php\/wp-json\/wp\/v2\/media?parent=63528"}],"wp:term":[{"taxonomy":"category","embeddable":true,"href":"https:\/\/lasprimeras.com.do\/index.php\/wp-json\/wp\/v2\/categories?post=63528"},{"taxonomy":"post_tag","embeddable":true,"href":"https:\/\/lasprimeras.com.do\/index.php\/wp-json\/wp\/v2\/tags?post=63528"}],"curies":[{"name":"wp","href":"https:\/\/api.w.org\/{rel}","templated":true}]}}