{"id":63537,"date":"2023-10-13T06:46:24","date_gmt":"2023-10-13T10:46:24","guid":{"rendered":"https:\/\/lasprimeras.com.do\/?p=63537"},"modified":"2023-10-13T06:46:25","modified_gmt":"2023-10-13T10:46:25","slug":"lidom-aprueba-reglas-para-la-aplicacion-del-reloj-de-picheo","status":"publish","type":"post","link":"https:\/\/lasprimeras.com.do\/index.php\/2023\/10\/13\/lidom-aprueba-reglas-para-la-aplicacion-del-reloj-de-picheo\/","title":{"rendered":"Lidom aprueba reglas para la aplicaci\u00f3n del reloj de picheo"},"content":{"rendered":"\n<p>Santo Domingo.- La Liga de B\u00e9isbol Profesional de la Rep\u00fablica Dominicana (Lidom) aprob\u00f3 las reglas para la aplicaci\u00f3n del reloj de picheo y la modificaci\u00f3n de su calendario para ajustarlo a la celebraci\u00f3n de la serie de exhibici\u00f3n entre los Tigres del Licey y \u00c1guilas Cibae\u00f1as en Nueva York.<\/p>\n\n\n\n<p>El consejo de directores de Lidom aprob\u00f3 la entrada en vigor del reloj de picheo, que fue implementado esta campa\u00f1a en las Grandes Ligas, con el objetivo de disminuir la duraci\u00f3n de los partidos.<\/p>\n\n\n\n<p>Entre las reglas a ser aplicadas se encuentra el establecimiento de un l\u00edmite de 3:00 minutos entre cambios de entradas y de lanzadores.<\/p>\n\n\n\n<p>Los equipos tambi\u00e9n tendr\u00e1n un l\u00edmite de 30 segundos para que sus bateadores se presenten al plato a tomar sus turnos al bate.<\/p>\n\n\n\n<p>En cuanto a los lanzadores, que en las Grandes Ligas cuentan con un l\u00edmite de 15 segundos para realizar sus lanzamientos cuando no hay gente en las bases y 20 segundos cuando hay corredores en las almohadillas, Lidom decidi\u00f3 otorgar a los serpentineros 20 segundos en ambas situaciones.<\/p>\n\n\n\n<p>Los bateadores tendr\u00e1n ocho segundos para estar listos para batear, de lo contrario se les marcar\u00e1 un \u2018strike\u2019 en contra y tendr\u00e1n una oportunidad de pedir tiempo y los lanzadores que no realicen sus picheos antes de que concluyan los 20 segundos, ser\u00e1n castigados con una bola en su contra en el conteo de ante los bateadores.<\/p>\n\n\n\n<p>Los lanzadores podr\u00e1n virarse a las bases en dos ocasiones, de no lograr retirar al corredor en esas oportunidades.<\/p>\n\n\n\n<p>Otros de los puntos aprobados por Lidom, fue extender un d\u00eda m\u00e1s, su calendario de su serie regular que inicia el pr\u00f3ximo 19 del presente mes, hasta el 22 de diciembre, esto para permitir ajustar su calendario a la serie de tres partidos que disputar\u00e1n las \u00c1guilas y los Tigres en el Citi Field de la ciudad de Nueva York, los d\u00edas 10, 11 y 12 de noviembre.<\/p>\n\n\n\n<p>As\u00ed, la Lidom aprob\u00f3 el uso de la tecnolog\u00eda que permite el manejo electr\u00f3nico de las se\u00f1as entre el receptor y el lanzador.<\/p>\n","protected":false},"excerpt":{"rendered":"<p>Santo Domingo.- La Liga de B\u00e9isbol Profesional de la Rep\u00fablica Dominicana (Lidom) aprob\u00f3 las reglas para la aplicaci\u00f3n del reloj de picheo y la modificaci\u00f3n de su calendario para ajustarlo&hellip;<\/p>\n","protected":false},"author":3,"featured_media":63538,"comment_status":"open","ping_status":"open","sticky":false,"template":"","format":"standard","meta":{"content-type":"","jetpack_post_was_ever_published":false,"_jetpack_newsletter_access":"","_jetpack_dont_email_post_to_subs":false,"_jetpack_newsletter_tier_id":0,"_jetpack_memberships_contains_paywalled_content":false,"_jetpack_memberships_contains_paid_content":false,"footnotes":""},"categories":[1],"tags":[],"class_list":["post-63537","post","type-post","status-publish","format-standard","has-post-thumbnail","hentry","category-sin-categoria"],"jetpack_featured_media_url":"https:\/\/lasprimeras.com.do\/wp-content\/uploads\/2023\/10\/WhatsApp-Image-2023-10-11-at-8.43.54-PM-2.jpeg","jetpack-related-posts":[{"id":66312,"url":"https:\/\/lasprimeras.com.do\/index.php\/2023\/11\/06\/aguilas-despiden-a-su-asistente-pitcheo-darwin-marrero\/","url_meta":{"origin":63537,"position":0},"title":"\u00c1guilas despiden a su asistente pitcheo, Darwin Marrero","author":"BIMARY DE JES\u00daS Matos","date":"6 de noviembre de 2023","format":false,"excerpt":"Santo Domingo.- Las \u00c1guilas Cibae\u00f1as anunciaron el despido del venezolano Darwin Marrero, quien se desempe\u00f1aba como coach de picheo del conjunto que acciona en el campeonato de b\u00e9isbol invernal dominicano. El despido de Marrero fue hecho p\u00fablico por el gerente general del conjunto \u00c1ngel Ovalles durante la transmisi\u00f3n del partido\u2026","rel":"","context":"En \u00abSin categor\u00eda\u00bb","block_context":{"text":"Sin categor\u00eda","link":"https:\/\/lasprimeras.com.do\/index.php\/category\/sin-categoria\/"},"img":{"alt_text":"","src":"https:\/\/i0.wp.com\/lasprimeras.com.do\/wp-content\/uploads\/2023\/11\/WhatsApp-Image-2023-11-04-at-7.05.43-PM-5.jpeg?resize=350%2C200&ssl=1","width":350,"height":200,"srcset":"https:\/\/i0.wp.com\/lasprimeras.com.do\/wp-content\/uploads\/2023\/11\/WhatsApp-Image-2023-11-04-at-7.05.43-PM-5.jpeg?resize=350%2C200&ssl=1 1x, https:\/\/i0.wp.com\/lasprimeras.com.do\/wp-content\/uploads\/2023\/11\/WhatsApp-Image-2023-11-04-at-7.05.43-PM-5.jpeg?resize=525%2C300&ssl=1 1.5x, https:\/\/i0.wp.com\/lasprimeras.com.do\/wp-content\/uploads\/2023\/11\/WhatsApp-Image-2023-11-04-at-7.05.43-PM-5.jpeg?resize=700%2C400&ssl=1 2x, https:\/\/i0.wp.com\/lasprimeras.com.do\/wp-content\/uploads\/2023\/11\/WhatsApp-Image-2023-11-04-at-7.05.43-PM-5.jpeg?resize=1050%2C600&ssl=1 3x"},"classes":[]},{"id":61798,"url":"https:\/\/lasprimeras.com.do\/index.php\/2023\/10\/01\/tigres-del-licey-contratan-a-lanzadores-estadounidenses-feigl-y-lehman-para-proximo-torneo\/","url_meta":{"origin":63537,"position":1},"title":"Tigres del Licey contratan a lanzadores estadounidenses Feigl y Lehman para pr\u00f3ximo torneo","author":"BIMARY DE JES\u00daS Matos","date":"1 de octubre de 2023","format":false,"excerpt":"SANTO DOMINGO. \u2013 Los Tigres del Licey anunciaron este s\u00e1bado la contrataci\u00f3n de los zurdos estadounidenses Brady Feigl y Taylor Lehman, quienes est\u00e1n llamados a fortalecer el cuerpo de relevistas de los campeones defensores de la Liga de B\u00e9isbol Profesional de la Rep\u00fablica Dominicana (Lidom). Al realizar el anuncio, el\u2026","rel":"","context":"En \u00abSin categor\u00eda\u00bb","block_context":{"text":"Sin categor\u00eda","link":"https:\/\/lasprimeras.com.do\/index.php\/category\/sin-categoria\/"},"img":{"alt_text":"","src":"https:\/\/i0.wp.com\/lasprimeras.com.do\/wp-content\/uploads\/2023\/10\/WhatsApp-Image-2023-09-25-at-1.05.22-PM-7.jpeg?resize=350%2C200&ssl=1","width":350,"height":200,"srcset":"https:\/\/i0.wp.com\/lasprimeras.com.do\/wp-content\/uploads\/2023\/10\/WhatsApp-Image-2023-09-25-at-1.05.22-PM-7.jpeg?resize=350%2C200&ssl=1 1x, https:\/\/i0.wp.com\/lasprimeras.com.do\/wp-content\/uploads\/2023\/10\/WhatsApp-Image-2023-09-25-at-1.05.22-PM-7.jpeg?resize=525%2C300&ssl=1 1.5x, https:\/\/i0.wp.com\/lasprimeras.com.do\/wp-content\/uploads\/2023\/10\/WhatsApp-Image-2023-09-25-at-1.05.22-PM-7.jpeg?resize=700%2C400&ssl=1 2x, https:\/\/i0.wp.com\/lasprimeras.com.do\/wp-content\/uploads\/2023\/10\/WhatsApp-Image-2023-09-25-at-1.05.22-PM-7.jpeg?resize=1050%2C600&ssl=1 3x, https:\/\/i0.wp.com\/lasprimeras.com.do\/wp-content\/uploads\/2023\/10\/WhatsApp-Image-2023-09-25-at-1.05.22-PM-7.jpeg?resize=1400%2C800&ssl=1 4x"},"classes":[]},{"id":120808,"url":"https:\/\/lasprimeras.com.do\/index.php\/2026\/01\/28\/banreservas-entrega-copa-a-los-leones-del-escogido-campeones-de-la-serie-final-de-lidom-25-26\/","url_meta":{"origin":63537,"position":2},"title":"Banreservas entrega copa a los Leones del Escogido, campeones de la Serie Final de LIDOM 25-26","author":"Nelson Feliz","date":"28 de enero de 2026","format":false,"excerpt":"La instituci\u00f3n financiera reafirma su compromiso con la Liga de B\u00e9isbol Profesional de la Rep\u00fablica Dominicana y el deporte nacional. El Banco de Reservas entreg\u00f3 la copa de campeones a los Leones del Escogido, ganadores de la Serie Final del Torneo de B\u00e9isbol Oto\u00f1o-Invierno Dominicano (LIDOM) 2025-2026, reafirmando as\u00ed su\u2026","rel":"","context":"En \u00abDEPORTES\u00bb","block_context":{"text":"DEPORTES","link":"https:\/\/lasprimeras.com.do\/index.php\/category\/deportes\/"},"img":{"alt_text":"","src":"https:\/\/i0.wp.com\/lasprimeras.com.do\/wp-content\/uploads\/2026\/01\/IMG-20260127-WA0909.jpg?resize=350%2C200&ssl=1","width":350,"height":200,"srcset":"https:\/\/i0.wp.com\/lasprimeras.com.do\/wp-content\/uploads\/2026\/01\/IMG-20260127-WA0909.jpg?resize=350%2C200&ssl=1 1x, https:\/\/i0.wp.com\/lasprimeras.com.do\/wp-content\/uploads\/2026\/01\/IMG-20260127-WA0909.jpg?resize=525%2C300&ssl=1 1.5x, https:\/\/i0.wp.com\/lasprimeras.com.do\/wp-content\/uploads\/2026\/01\/IMG-20260127-WA0909.jpg?resize=700%2C400&ssl=1 2x, https:\/\/i0.wp.com\/lasprimeras.com.do\/wp-content\/uploads\/2026\/01\/IMG-20260127-WA0909.jpg?resize=1050%2C600&ssl=1 3x"},"classes":[]},{"id":112821,"url":"https:\/\/lasprimeras.com.do\/index.php\/2025\/10\/27\/lluvias-obligan-a-posponer-partido-entre-tigres-del-licey-y-toros-del-este\/","url_meta":{"origin":63537,"position":3},"title":"Lluvias obligan a posponer partido entre Tigres del Licey y Toros del Este","author":"Nelson Feliz","date":"27 de octubre de 2025","format":false,"excerpt":"El partido programado para la noche de este lunes entre los Toros del Este y los Tigres del Licey, que deb\u00eda celebrarse a las 7:00 en el Estadio Quisqueya Juan Marichal, fue pospuesto debido a las condiciones clim\u00e1ticas adversas provocadas por las intensas lluvias registradas en la capital. La Liga\u2026","rel":"","context":"En \u00abDEPORTES\u00bb","block_context":{"text":"DEPORTES","link":"https:\/\/lasprimeras.com.do\/index.php\/category\/deportes\/"},"img":{"alt_text":"","src":"https:\/\/i0.wp.com\/lasprimeras.com.do\/wp-content\/uploads\/2025\/10\/lidom-pospuesto.jpg?resize=350%2C200&ssl=1","width":350,"height":200,"srcset":"https:\/\/i0.wp.com\/lasprimeras.com.do\/wp-content\/uploads\/2025\/10\/lidom-pospuesto.jpg?resize=350%2C200&ssl=1 1x, https:\/\/i0.wp.com\/lasprimeras.com.do\/wp-content\/uploads\/2025\/10\/lidom-pospuesto.jpg?resize=525%2C300&ssl=1 1.5x, https:\/\/i0.wp.com\/lasprimeras.com.do\/wp-content\/uploads\/2025\/10\/lidom-pospuesto.jpg?resize=700%2C400&ssl=1 2x"},"classes":[]},{"id":114970,"url":"https:\/\/lasprimeras.com.do\/index.php\/2025\/11\/18\/senado-de-la-republica-y-la-lidom-suscriben-convenio-para-promover-el-deporte\/","url_meta":{"origin":63537,"position":4},"title":"Senado de la Rep\u00fablica y la LIDOM suscriben convenio para promover el deporte","author":"Nelson Feliz","date":"18 de noviembre de 2025","format":false,"excerpt":"Ricardo de los Santos tambi\u00e9n lanz\u00f3 la primera bola durante el partido entre Tigres del Licey y \u00c1guilas Cibae\u00f1as. El Senado de la Rep\u00fablica y la Liga Dominicana de B\u00e9isbol Profesional (LIDOM), suscribieron este lunes un acuerdo marco de colaboraci\u00f3n interinstitucional para fomentar el deporte, la educaci\u00f3n ciudadana, la identidad\u2026","rel":"","context":"En \u00abDEPORTES\u00bb","block_context":{"text":"DEPORTES","link":"https:\/\/lasprimeras.com.do\/index.php\/category\/deportes\/"},"img":{"alt_text":"","src":"https:\/\/i0.wp.com\/lasprimeras.com.do\/wp-content\/uploads\/2025\/11\/senado-a.jpg?resize=350%2C200&ssl=1","width":350,"height":200,"srcset":"https:\/\/i0.wp.com\/lasprimeras.com.do\/wp-content\/uploads\/2025\/11\/senado-a.jpg?resize=350%2C200&ssl=1 1x, https:\/\/i0.wp.com\/lasprimeras.com.do\/wp-content\/uploads\/2025\/11\/senado-a.jpg?resize=525%2C300&ssl=1 1.5x, https:\/\/i0.wp.com\/lasprimeras.com.do\/wp-content\/uploads\/2025\/11\/senado-a.jpg?resize=700%2C400&ssl=1 2x"},"classes":[]},{"id":70993,"url":"https:\/\/lasprimeras.com.do\/index.php\/2023\/12\/16\/los-gigantes-del-cibao-primeros-en-clasificar-al-round-robin\/","url_meta":{"origin":63537,"position":5},"title":"Los Gigantes del Cibao, primeros en clasificar al round robin","author":"BIMARY DE JES\u00daS Matos","date":"16 de diciembre de 2023","format":false,"excerpt":"SANTO DOMINGO.- Los Gigantes del Cibao recibieron una gran noticia a escasas horas del inicio de su partido del viernes por la noche al lograr convertirse en el primer equipo de la temporada 2023 de la Liga de B\u00e9isbol Profesional de la Rep\u00fablica Dominicana (LIDOM) en obtener su pase al\u2026","rel":"","context":"En \u00abSin categor\u00eda\u00bb","block_context":{"text":"Sin categor\u00eda","link":"https:\/\/lasprimeras.com.do\/index.php\/category\/sin-categoria\/"},"img":{"alt_text":"","src":"https:\/\/i0.wp.com\/lasprimeras.com.do\/wp-content\/uploads\/2023\/12\/WhatsApp-Image-2023-12-16-at-9.27.39-AM-3.jpeg?resize=350%2C200&ssl=1","width":350,"height":200,"srcset":"https:\/\/i0.wp.com\/lasprimeras.com.do\/wp-content\/uploads\/2023\/12\/WhatsApp-Image-2023-12-16-at-9.27.39-AM-3.jpeg?resize=350%2C200&ssl=1 1x, https:\/\/i0.wp.com\/lasprimeras.com.do\/wp-content\/uploads\/2023\/12\/WhatsApp-Image-2023-12-16-at-9.27.39-AM-3.jpeg?resize=525%2C300&ssl=1 1.5x"},"classes":[]}],"jetpack_sharing_enabled":true,"_links":{"self":[{"href":"https:\/\/lasprimeras.com.do\/index.php\/wp-json\/wp\/v2\/posts\/63537","targetHints":{"allow":["GET"]}}],"collection":[{"href":"https:\/\/lasprimeras.com.do\/index.php\/wp-json\/wp\/v2\/posts"}],"about":[{"href":"https:\/\/lasprimeras.com.do\/index.php\/wp-json\/wp\/v2\/types\/post"}],"author":[{"embeddable":true,"href":"https:\/\/lasprimeras.com.do\/index.php\/wp-json\/wp\/v2\/users\/3"}],"replies":[{"embeddable":true,"href":"https:\/\/lasprimeras.com.do\/index.php\/wp-json\/wp\/v2\/comments?post=63537"}],"version-history":[{"count":1,"href":"https:\/\/lasprimeras.com.do\/index.php\/wp-json\/wp\/v2\/posts\/63537\/revisions"}],"predecessor-version":[{"id":63539,"href":"https:\/\/lasprimeras.com.do\/index.php\/wp-json\/wp\/v2\/posts\/63537\/revisions\/63539"}],"wp:featuredmedia":[{"embeddable":true,"href":"https:\/\/lasprimeras.com.do\/index.php\/wp-json\/wp\/v2\/media\/63538"}],"wp:attachment":[{"href":"https:\/\/lasprimeras.com.do\/index.php\/wp-json\/wp\/v2\/media?parent=63537"}],"wp:term":[{"taxonomy":"category","embeddable":true,"href":"https:\/\/lasprimeras.com.do\/index.php\/wp-json\/wp\/v2\/categories?post=63537"},{"taxonomy":"post_tag","embeddable":true,"href":"https:\/\/lasprimeras.com.do\/index.php\/wp-json\/wp\/v2\/tags?post=63537"}],"curies":[{"name":"wp","href":"https:\/\/api.w.org\/{rel}","templated":true}]}}