{"id":63549,"date":"2023-10-13T07:05:43","date_gmt":"2023-10-13T11:05:43","guid":{"rendered":"https:\/\/lasprimeras.com.do\/?p=63549"},"modified":"2023-10-13T07:08:03","modified_gmt":"2023-10-13T11:08:03","slug":"miguel-queliz-conquista-titulo-mundial-juvenil-de-la-omb-y-kaipo-gallegos-se-queda-con-el-de-las-130-libras","status":"publish","type":"post","link":"https:\/\/lasprimeras.com.do\/index.php\/2023\/10\/13\/miguel-queliz-conquista-titulo-mundial-juvenil-de-la-omb-y-kaipo-gallegos-se-queda-con-el-de-las-130-libras\/","title":{"rendered":"Miguel Qu\u00e9liz conquista t\u00edtulo mundial juvenil de la OMB y Kaipo Gallegos se queda con el de las 130 libras"},"content":{"rendered":"\n<p><strong>Mientras que el cubano Ernesbadi Begue obtiene el supermediano latino.<\/strong><\/p>\n\n\n\n<p>Por Mart\u00edn Restituyo<\/p>\n\n\n\n<p>En un re\u00f1ido combate entre p\u00fagiles dominicanos que estaban invictos, Miguel Qu\u00e9liz venci\u00f3 por decisi\u00f3n un\u00e1nime a su compatriota Yermi Peralta para quedarse con el t\u00edtulo mundial juvenil de las 126 libras, en una cartelera que form\u00f3 parte de la agenda de la Organizaci\u00f3n Mundial de Boxeo (OMB), que desde el pasado lunes celebra su 36 Congreso en Punta Cana.<\/p>\n\n\n\n<p>Dos extranjeros radicados en Rep\u00fablica Dominicana tambi\u00e9n conquistaron t\u00edtulos de la OMB. Se trata del estadounidense Kaipo Gallegos, quien en la pelea estelar de la noche se convirti\u00f3 en el nuevo campe\u00f3n mundial juvenil en las 130 libras, al propinar un KO t\u00e9cnico al criollo Di\u00f3medes Ram\u00edrez; y el cubano Ernesbadi Begue, quien por decisi\u00f3n dividida muy discutida derrot\u00f3 al colombiano Juan Diego Ortiz.<\/p>\n\n\n\n<p>La decisi\u00f3n de los jueces que a unanimidad dio el triunfo a Qu\u00e9liz provoc\u00f3 un gran descontento en la esquina de Peralta, alegando que hubo mal criterio de los jueces, &#8220;los jueces lo volvieron a hacer, no cambian&#8221;.<\/p>\n\n\n\n<p>Qu\u00e9liz gan\u00f3 por decisi\u00f3n un\u00e1nime 77-75, 77-75 y 78-74.<\/p>\n\n\n\n<p>En la pelea estelar de la velada box\u00edstica presentada por Shuan Boxing Promotion que B\u00e9lgica Pe\u00f1a es la CEO, Gallegos se luci\u00f3 frente al dominicano Ram\u00edrez, quien no aguant\u00f3 la embestida del estadounidense y a los 2:47 del sexto round pidi\u00f3 parar la pelea pactada a ocho, para un nocaut t\u00e9cnico, que fue declarado por el \u00e1rbitro Erick Claudio.<\/p>\n\n\n\n<p>En tanto que el cubano Begue logr\u00f3 el t\u00edtulo supermediano latino mediante una decisi\u00f3n dividida muy cerrada 96-91 y 94-93 de dos jueces que lo favorecieron y 95-92 del otro juez que vio ganador a Ortiz.<\/p>\n\n\n\n<p>La Noche de Campeones cont\u00f3 con la presencia del ministro de Deportes y Recreaci\u00f3n, Francisco Camacho, quien comparti\u00f3 con el presidente de la OMB, Paquito Valc\u00e1rcel y su representante en el pa\u00eds, Georgie Herrera; el campe\u00f3n welter Terence Crawford y el medallista ol\u00edmpico dominicano, F\u00e9lix Disla, entre otras figuras.<\/p>\n\n\n\n<p>El combate por el t\u00edtulo femenino internacional en las 112 libras lo gan\u00f3 por decisi\u00f3n un\u00e1nime la colombiana Laura Wollenman en una pelea de mucha acci\u00f3n contra la venezolana D\u00e9bora Rengifo.<\/p>\n\n\n\n<p><strong>Ranking<\/strong><\/p>\n\n\n\n<p>Rep\u00fablica Dominicana cuenta con tres p\u00fagiles dentro del ranking de la Organizaci\u00f3n Mundial de Boxeo, Elvis Rodr\u00edguez en la posici\u00f3n n\u00famero 6 de los Welter Jr., Edwin de los Santos, en el puesto 12 de las 135 libras y V\u00edctor Santill\u00e1n en el 13 de las 118 lb.<\/p>\n\n\n\n<p>En el 36 Congreso de la OMB que se celebra en Punta Cana, los promotores de Rodr\u00edguez solicitaron que su protegido sea elevado a una posici\u00f3n m\u00e1s cercana al n\u00famero 1, en una divisi\u00f3n que est\u00e1 encabezada por el s\u00faper campe\u00f3n Te\u00f3fimo L\u00f3pez, de los Estados Unidos.<\/p>\n\n\n\n<p>El presidente del organismo, Francisco Valc\u00e1rcel, reconoci\u00f3 que el boxeador dominicano tiene condiciones y que sus n\u00fameros lo favorecen, por lo que la petici\u00f3n ser\u00e1 llevada a la consideraci\u00f3n del Comit\u00e9 Ejecutivo de la OMB.<\/p>\n\n\n\n<p>Asimismo, Paquito Valc\u00e1rcel dijo que los dominicanos tienen grandes oportunidades de ser incluidos en el ranking de la OMB, ya que tienen buena participaci\u00f3n en las carteleras por t\u00edtulos regionales organizadas por la promotora Shuan Boxing.<\/p>\n\n\n\n<p>Este jueves, la asamblea de la OMB estuvo reunida en Punta Cana con los representantes de las principales promotoras del mundo, a las que present\u00f3 el ranking actualizado, tanto en masculino como en femenino, y escuch\u00f3 sus inquietudes respecto al tema.<\/p>\n","protected":false},"excerpt":{"rendered":"<p>Mientras que el cubano Ernesbadi Begue obtiene el supermediano latino. Por Mart\u00edn Restituyo En un re\u00f1ido combate entre p\u00fagiles dominicanos que estaban invictos, Miguel Qu\u00e9liz venci\u00f3 por decisi\u00f3n un\u00e1nime a&hellip;<\/p>\n","protected":false},"author":2,"featured_media":63565,"comment_status":"open","ping_status":"open","sticky":false,"template":"","format":"standard","meta":{"content-type":"","jetpack_post_was_ever_published":false,"_jetpack_newsletter_access":"","_jetpack_dont_email_post_to_subs":false,"_jetpack_newsletter_tier_id":0,"_jetpack_memberships_contains_paywalled_content":false,"_jetpack_memberships_contains_paid_content":false,"footnotes":""},"categories":[1],"tags":[2339,6109,364,8503,5161,8504,1392,8501,8447,8502,6596],"class_list":["post-63549","post","type-post","status-publish","format-standard","has-post-thumbnail","hentry","category-sin-categoria","tag-conquista","tag-cubano","tag-dominicano","tag-ernesbadi-begue","tag-juvenil","tag-kaipo-gallegos","tag-latino","tag-miguel-queliz","tag-omb","tag-supermediano","tag-titulo-mundial"],"jetpack_featured_media_url":"https:\/\/lasprimeras.com.do\/wp-content\/uploads\/2023\/10\/boxeo-1.jpg","jetpack-related-posts":[{"id":63326,"url":"https:\/\/lasprimeras.com.do\/index.php\/2023\/10\/11\/omb-reconoce-en-punta-cana-al-super-campeon-mundial-emanuel-el-vaquero-navarrete\/","url_meta":{"origin":63549,"position":0},"title":"OMB reconoce en Punta Cana al S\u00faper Campe\u00f3n Mundial Emanuel &#8220;el Vaquero&#8221; Navarrete","author":"Nelson Feliz","date":"11 de octubre de 2023","format":false,"excerpt":"Le entregan cintur\u00f3n especial, placas de reconocimiento y una pintura con su imagen. Por Martin Restituyo El triple campe\u00f3n superpluma de la Organizaci\u00f3n Mundial de Boxeo (OMB) Emanuel \"el Vaquero\" Navarrete, recibi\u00f3 este mi\u00e9rcoles un reconocimiento especial como nuevo S\u00faper Campe\u00f3n Mundial, durante el 36 Congreso del organismo internacional que\u2026","rel":"","context":"En \u00abSin categor\u00eda\u00bb","block_context":{"text":"Sin categor\u00eda","link":"https:\/\/lasprimeras.com.do\/index.php\/category\/sin-categoria\/"},"img":{"alt_text":"El Vaquero","src":"https:\/\/i0.wp.com\/lasprimeras.com.do\/wp-content\/uploads\/2023\/10\/El-Vaquero.jpg?resize=350%2C200&ssl=1","width":350,"height":200,"srcset":"https:\/\/i0.wp.com\/lasprimeras.com.do\/wp-content\/uploads\/2023\/10\/El-Vaquero.jpg?resize=350%2C200&ssl=1 1x, https:\/\/i0.wp.com\/lasprimeras.com.do\/wp-content\/uploads\/2023\/10\/El-Vaquero.jpg?resize=525%2C300&ssl=1 1.5x, https:\/\/i0.wp.com\/lasprimeras.com.do\/wp-content\/uploads\/2023\/10\/El-Vaquero.jpg?resize=700%2C400&ssl=1 2x"},"classes":[]},{"id":86445,"url":"https:\/\/lasprimeras.com.do\/index.php\/2024\/07\/25\/canelo-alvarez-buscara-defender-cetros-supermedianos-ante-edgar-berlanga-el-14-de-septiembre\/","url_meta":{"origin":63549,"position":1},"title":"\u201cCanelo\u201d Alvarez buscar\u00e1 defender cetros supermedianos ante \u00c9dgar Berlanga el 14 de septiembre","author":"Nelson Feliz","date":"25 de julio de 2024","format":false,"excerpt":"LAS VEGAS (AP) \u2014 Sa\u00fal \u201cCanelo\u201d \u00c1lvarez buscar\u00e1 defender sus t\u00edtulos de los supermedianos frente al boricua \u00c9dgar Berlanga, el 14 de septiembre en Las Vegas, que ser\u00e1 escenario de otro combate del astro durante el fin de semana en que se festeja la Independencia de M\u00e9xico. \u00c1lvarez (61-2-2 con\u2026","rel":"","context":"En \u00abSin categor\u00eda\u00bb","block_context":{"text":"Sin categor\u00eda","link":"https:\/\/lasprimeras.com.do\/index.php\/category\/sin-categoria\/"},"img":{"alt_text":"Sa\u00fal \u201cCanelo\u201d \u00c1lvarez","src":"https:\/\/i0.wp.com\/lasprimeras.com.do\/wp-content\/uploads\/2024\/07\/Saul-Canelo-Alvarez.png?resize=350%2C200&ssl=1","width":350,"height":200,"srcset":"https:\/\/i0.wp.com\/lasprimeras.com.do\/wp-content\/uploads\/2024\/07\/Saul-Canelo-Alvarez.png?resize=350%2C200&ssl=1 1x, https:\/\/i0.wp.com\/lasprimeras.com.do\/wp-content\/uploads\/2024\/07\/Saul-Canelo-Alvarez.png?resize=525%2C300&ssl=1 1.5x, https:\/\/i0.wp.com\/lasprimeras.com.do\/wp-content\/uploads\/2024\/07\/Saul-Canelo-Alvarez.png?resize=700%2C400&ssl=1 2x"},"classes":[]},{"id":63652,"url":"https:\/\/lasprimeras.com.do\/index.php\/2023\/10\/13\/concluye-con-rotundo-exito-36-congreso-omb-en-punta-cana\/","url_meta":{"origin":63549,"position":2},"title":"Concluye con rotundo \u00e9xito 36 Congreso OMB en Punta Cana","author":"Nelson Feliz","date":"13 de octubre de 2023","format":false,"excerpt":"Gran participaci\u00f3n de ejecutivos, boxeadores, promotores, \u00e1rbitros y jueces. Entregan reconocimientos y cinturones especiales a los s\u00faper campeones mundiales Terrence Crawford y Amanda Serrano. Por Martin Restituyo Por todo lo alto, finaliz\u00f3 este viernes en Punta Cana, el 36 Congreso de la Organizaci\u00f3n Mundial de Boxeo (OMB), considerado uno de\u2026","rel":"","context":"En \u00abSin categor\u00eda\u00bb","block_context":{"text":"Sin categor\u00eda","link":"https:\/\/lasprimeras.com.do\/index.php\/category\/sin-categoria\/"},"img":{"alt_text":"Boxeo","src":"https:\/\/i0.wp.com\/lasprimeras.com.do\/wp-content\/uploads\/2023\/10\/Boxeo-1-1.jpg?resize=350%2C200&ssl=1","width":350,"height":200,"srcset":"https:\/\/i0.wp.com\/lasprimeras.com.do\/wp-content\/uploads\/2023\/10\/Boxeo-1-1.jpg?resize=350%2C200&ssl=1 1x, https:\/\/i0.wp.com\/lasprimeras.com.do\/wp-content\/uploads\/2023\/10\/Boxeo-1-1.jpg?resize=525%2C300&ssl=1 1.5x, https:\/\/i0.wp.com\/lasprimeras.com.do\/wp-content\/uploads\/2023\/10\/Boxeo-1-1.jpg?resize=700%2C400&ssl=1 2x"},"classes":[]},{"id":50924,"url":"https:\/\/lasprimeras.com.do\/index.php\/2023\/05\/25\/canelo-alvarez-confirma-pelea-en-septiembre-con-un-rival-por-anunciar\/","url_meta":{"origin":63549,"position":3},"title":"&#8216;Canelo&#8217; \u00c1lvarez confirma pelea en septiembre con un rival por anunciar","author":"prenxa100","date":"25 de mayo de 2023","format":false,"excerpt":"M\u00e9xico, EFE.-.El boxeador mexicano Sa\u00fal 'Canelo' \u00c1lvarez, campe\u00f3n indiscutible del peso supermediano, confirm\u00f3 este mi\u00e9rcoles que pelear\u00e1 el pr\u00f3ximo septiembre con un rival por anunciar. \"S\u00ed pelear\u00e9 en septiembre, pero todav\u00eda no s\u00e9 con qui\u00e9n ni nada. La pr\u00f3xima semana nos vamos a sentar para hablar de eso\", explic\u00f3 durante\u2026","rel":"","context":"En \u00abSin categor\u00eda\u00bb","block_context":{"text":"Sin categor\u00eda","link":"https:\/\/lasprimeras.com.do\/index.php\/category\/sin-categoria\/"},"img":{"alt_text":"","src":"","width":0,"height":0},"classes":[]},{"id":89044,"url":"https:\/\/lasprimeras.com.do\/index.php\/2024\/09\/15\/canelo-alvarez-defiende-sus-titulos-ante-puertorriqueno-berlanga-que-prometio-noquearlo\/","url_meta":{"origin":63549,"position":4},"title":"&#8216;Canelo&#8217; \u00c1lvarez defiende sus t\u00edtulos ante puertorrique\u00f1o Berlanga, que prometi\u00f3 noquearlo","author":"Nelson Feliz","date":"15 de septiembre de 2024","format":false,"excerpt":"Redacci\u00f3n Deportes,(EFE).- El mexicano Sa\u00fal \u2018Canelo\u2019 \u00c1lvarez defender\u00e1 este s\u00e1bado los t\u00edtulos supermedianos de la Asociaci\u00f3n Mundial, la Organizaci\u00f3n Mundial y el Consejo Mundial de Boxeo ante el puertorrique\u00f1o Edgar Berlanga, que prometi\u00f3 en ser el primero en noquear al campe\u00f3n mexicano. En una pelea que busca revivir la rivalidad\u2026","rel":"","context":"En \u00abSin categor\u00eda\u00bb","block_context":{"text":"Sin categor\u00eda","link":"https:\/\/lasprimeras.com.do\/index.php\/category\/sin-categoria\/"},"img":{"alt_text":"","src":"https:\/\/i0.wp.com\/lasprimeras.com.do\/wp-content\/uploads\/2024\/09\/Saul-Canelo-Alvarez.jpg?resize=350%2C200&ssl=1","width":350,"height":200,"srcset":"https:\/\/i0.wp.com\/lasprimeras.com.do\/wp-content\/uploads\/2024\/09\/Saul-Canelo-Alvarez.jpg?resize=350%2C200&ssl=1 1x, https:\/\/i0.wp.com\/lasprimeras.com.do\/wp-content\/uploads\/2024\/09\/Saul-Canelo-Alvarez.jpg?resize=525%2C300&ssl=1 1.5x"},"classes":[]},{"id":65380,"url":"https:\/\/lasprimeras.com.do\/index.php\/2023\/10\/27\/dominicano-ketel-marte-parte-como-referente-en-serie-mundial\/","url_meta":{"origin":63549,"position":5},"title":"Dominicano Ketel Marte parte como referente en Serie Mundial","author":"BIMARY DE JES\u00daS Matos","date":"27 de octubre de 2023","format":false,"excerpt":"Santo Domingo.-Los Rangers y los Diamondbacks parten este viernes en busca del t\u00edtulo de la Serie Mundial de b\u00e9isbol con un referente en sus filas que ya fue protagonista en la Serie de Campeonato: el cubano Adolis Garc\u00eda por la novena de Texas, y el dominicano Ketel Marte en el\u2026","rel":"","context":"En \u00abSin categor\u00eda\u00bb","block_context":{"text":"Sin categor\u00eda","link":"https:\/\/lasprimeras.com.do\/index.php\/category\/sin-categoria\/"},"img":{"alt_text":"","src":"https:\/\/i0.wp.com\/lasprimeras.com.do\/wp-content\/uploads\/2023\/10\/WhatsApp-Image-2023-10-27-at-10.33.57-AM-4.jpeg?resize=350%2C200&ssl=1","width":350,"height":200,"srcset":"https:\/\/i0.wp.com\/lasprimeras.com.do\/wp-content\/uploads\/2023\/10\/WhatsApp-Image-2023-10-27-at-10.33.57-AM-4.jpeg?resize=350%2C200&ssl=1 1x, https:\/\/i0.wp.com\/lasprimeras.com.do\/wp-content\/uploads\/2023\/10\/WhatsApp-Image-2023-10-27-at-10.33.57-AM-4.jpeg?resize=525%2C300&ssl=1 1.5x, https:\/\/i0.wp.com\/lasprimeras.com.do\/wp-content\/uploads\/2023\/10\/WhatsApp-Image-2023-10-27-at-10.33.57-AM-4.jpeg?resize=700%2C400&ssl=1 2x, https:\/\/i0.wp.com\/lasprimeras.com.do\/wp-content\/uploads\/2023\/10\/WhatsApp-Image-2023-10-27-at-10.33.57-AM-4.jpeg?resize=1050%2C600&ssl=1 3x, https:\/\/i0.wp.com\/lasprimeras.com.do\/wp-content\/uploads\/2023\/10\/WhatsApp-Image-2023-10-27-at-10.33.57-AM-4.jpeg?resize=1400%2C800&ssl=1 4x"},"classes":[]}],"jetpack_sharing_enabled":true,"_links":{"self":[{"href":"https:\/\/lasprimeras.com.do\/index.php\/wp-json\/wp\/v2\/posts\/63549","targetHints":{"allow":["GET"]}}],"collection":[{"href":"https:\/\/lasprimeras.com.do\/index.php\/wp-json\/wp\/v2\/posts"}],"about":[{"href":"https:\/\/lasprimeras.com.do\/index.php\/wp-json\/wp\/v2\/types\/post"}],"author":[{"embeddable":true,"href":"https:\/\/lasprimeras.com.do\/index.php\/wp-json\/wp\/v2\/users\/2"}],"replies":[{"embeddable":true,"href":"https:\/\/lasprimeras.com.do\/index.php\/wp-json\/wp\/v2\/comments?post=63549"}],"version-history":[{"count":2,"href":"https:\/\/lasprimeras.com.do\/index.php\/wp-json\/wp\/v2\/posts\/63549\/revisions"}],"predecessor-version":[{"id":63568,"href":"https:\/\/lasprimeras.com.do\/index.php\/wp-json\/wp\/v2\/posts\/63549\/revisions\/63568"}],"wp:featuredmedia":[{"embeddable":true,"href":"https:\/\/lasprimeras.com.do\/index.php\/wp-json\/wp\/v2\/media\/63565"}],"wp:attachment":[{"href":"https:\/\/lasprimeras.com.do\/index.php\/wp-json\/wp\/v2\/media?parent=63549"}],"wp:term":[{"taxonomy":"category","embeddable":true,"href":"https:\/\/lasprimeras.com.do\/index.php\/wp-json\/wp\/v2\/categories?post=63549"},{"taxonomy":"post_tag","embeddable":true,"href":"https:\/\/lasprimeras.com.do\/index.php\/wp-json\/wp\/v2\/tags?post=63549"}],"curies":[{"name":"wp","href":"https:\/\/api.w.org\/{rel}","templated":true}]}}