{"id":63550,"date":"2023-10-13T06:52:48","date_gmt":"2023-10-13T10:52:48","guid":{"rendered":"https:\/\/lasprimeras.com.do\/?p=63550"},"modified":"2023-10-13T06:52:50","modified_gmt":"2023-10-13T10:52:50","slug":"israel-da-plazo-de-24-horas-a-11-millones-palestinos-salir-de-gaza","status":"publish","type":"post","link":"https:\/\/lasprimeras.com.do\/index.php\/2023\/10\/13\/israel-da-plazo-de-24-horas-a-11-millones-palestinos-salir-de-gaza\/","title":{"rendered":"Israel da plazo de 24 horas a 1,1 millones palestinos salir de Gaza"},"content":{"rendered":"\n<p>JERUSALEN.- Naciones Unidas ha anunciado que el Ministerio de Defensa y el Ej\u00e9rcito de Israel han dado un plazo de 24 horas para evacuar a 1,1 millones de palestinos que se encuentran en la zona norte de la Franja de Gaza, controlada por el Movimiento de Resistencia Isl\u00e1mica (Ham\u00e1s).<\/p>\n\n\n\n<p>El portavoz de la ONU, St\u00e9phane Dujarric, ha explicado al portal de noticias Axios que la parte israel\u00ed hab\u00eda dado un aviso \u00abjusto antes de la medianoche (hora local)\u00bb por el que los palestinos deb\u00edan evacuar a la parte sur del enclave.<\/p>\n\n\n\n<p>\u00abEsto equivale a aproximadamente 1,1 millones de personas. La misma orden se ha aplicado a todo el personal de Naciones Unidas y a aquellos refugiados en instalaciones de la ONU, incluidas escuelas, centros de salud y cl\u00ednicas\u00bb, ha agregado.<\/p>\n\n\n\n<p>Dujarric, que ha manifestado que es \u00abimposible que tal movimiento tenga lugar sin consecuencias humanitarias devastadoras\u00bb, ha hecho un llamamiento para que \u00abcualquier orden de este tipo, si se confirma, sea rescindida evitando lo que podr\u00eda transformar lo que ya es una tragedia en una situaci\u00f3n calamitosa\u00bb.<\/p>\n\n\n\n<p>Este plazo tiene lugar cuando Israel, que tiene asediada por completo la Franja de Gaza, ha amenazado con lanzar una incursi\u00f3n terrestre en el territorio palestino. Desde que Ham\u00e1s lanz\u00f3 la ofensiva el pasado s\u00e1bado, han fallecido m\u00e1s de 1.300 personas en Israel y 1.500 en Gaza, a lo que se suman m\u00e1s de 35 muertos en operaciones y enfrentamientos con las fuerzas israel\u00edes en Cisjordania.<\/p>\n","protected":false},"excerpt":{"rendered":"<p>JERUSALEN.- Naciones Unidas ha anunciado que el Ministerio de Defensa y el Ej\u00e9rcito de Israel han dado un plazo de 24 horas para evacuar a 1,1 millones de palestinos que&hellip;<\/p>\n","protected":false},"author":3,"featured_media":63551,"comment_status":"open","ping_status":"open","sticky":false,"template":"","format":"standard","meta":{"content-type":"","jetpack_post_was_ever_published":false,"_jetpack_newsletter_access":"","_jetpack_dont_email_post_to_subs":false,"_jetpack_newsletter_tier_id":0,"_jetpack_memberships_contains_paywalled_content":false,"_jetpack_memberships_contains_paid_content":false,"footnotes":""},"categories":[1],"tags":[3499],"class_list":["post-63550","post","type-post","status-publish","format-standard","has-post-thumbnail","hentry","category-sin-categoria","tag-israel"],"jetpack_featured_media_url":"https:\/\/lasprimeras.com.do\/wp-content\/uploads\/2023\/10\/WhatsApp-Image-2023-10-11-at-8.43.54-PM-6.jpeg","jetpack-related-posts":[{"id":96048,"url":"https:\/\/lasprimeras.com.do\/index.php\/2025\/03\/25\/naciones-unidas-reducira-personal-en-gaza-tras-culpar-a-israel-por-ataque-en-que-murio-un-empleado\/","url_meta":{"origin":63550,"position":0},"title":"Naciones Unidas reducir\u00e1 personal en Gaza tras culpar a Israel por ataque en que muri\u00f3 un empleado","author":"Nelson Feliz","date":"25 de marzo de 2025","format":false,"excerpt":"POR WAFAA SHURAFA, EDITH M. LEDERER and LEE KEATH DEIR AL BALAH, Franja de Gaza (AP) \u2014 Naciones Unidas \u201creducir\u00e1 su presencia\u201d en la Franja de Gaza despu\u00e9s de que el ataque de un tanque israel\u00ed impact\u00f3 uno de sus complejos la semana pasada, dejando un trabajador muerto y otros\u2026","rel":"","context":"En \u00abINTERNACIONALES\u00bb","block_context":{"text":"INTERNACIONALES","link":"https:\/\/lasprimeras.com.do\/index.php\/category\/sin-categoria\/internacionales\/"},"img":{"alt_text":"","src":"https:\/\/i0.wp.com\/lasprimeras.com.do\/wp-content\/uploads\/2025\/03\/herido.jpg?resize=350%2C200&ssl=1","width":350,"height":200,"srcset":"https:\/\/i0.wp.com\/lasprimeras.com.do\/wp-content\/uploads\/2025\/03\/herido.jpg?resize=350%2C200&ssl=1 1x, https:\/\/i0.wp.com\/lasprimeras.com.do\/wp-content\/uploads\/2025\/03\/herido.jpg?resize=525%2C300&ssl=1 1.5x, https:\/\/i0.wp.com\/lasprimeras.com.do\/wp-content\/uploads\/2025\/03\/herido.jpg?resize=700%2C400&ssl=1 2x"},"classes":[]},{"id":63110,"url":"https:\/\/lasprimeras.com.do\/index.php\/2023\/10\/10\/onu-cifra-en-mas-1500-muertos-en-la-guerra-entre-israel-y-hamas\/","url_meta":{"origin":63550,"position":1},"title":"ONU cifra en m\u00e1s 1,500 muertos en la guerra entre Israel y Ham\u00e1s","author":"BIMARY DE JES\u00daS Matos","date":"10 de octubre de 2023","format":false,"excerpt":"GINEBRA.- M\u00e1s de 1.500 personas han muerto ya en la guerra entre Israel y las milicias de Ham\u00e1s, con unos 6.400 heridos en total, dijo un portavoz de la Oficina de Coordinaci\u00f3n de Ayuda Humanitaria de Naciones Unidas (OCHA). Informes de Israel indican que m\u00e1s de 900 nacionales de este\u2026","rel":"","context":"En \u00abSin categor\u00eda\u00bb","block_context":{"text":"Sin categor\u00eda","link":"https:\/\/lasprimeras.com.do\/index.php\/category\/sin-categoria\/"},"img":{"alt_text":"","src":"https:\/\/i0.wp.com\/lasprimeras.com.do\/wp-content\/uploads\/2023\/10\/WhatsApp-Image-2023-10-09-at-6.14.13-PM-2-4.jpeg?resize=350%2C200&ssl=1","width":350,"height":200,"srcset":"https:\/\/i0.wp.com\/lasprimeras.com.do\/wp-content\/uploads\/2023\/10\/WhatsApp-Image-2023-10-09-at-6.14.13-PM-2-4.jpeg?resize=350%2C200&ssl=1 1x, https:\/\/i0.wp.com\/lasprimeras.com.do\/wp-content\/uploads\/2023\/10\/WhatsApp-Image-2023-10-09-at-6.14.13-PM-2-4.jpeg?resize=525%2C300&ssl=1 1.5x, https:\/\/i0.wp.com\/lasprimeras.com.do\/wp-content\/uploads\/2023\/10\/WhatsApp-Image-2023-10-09-at-6.14.13-PM-2-4.jpeg?resize=700%2C400&ssl=1 2x, https:\/\/i0.wp.com\/lasprimeras.com.do\/wp-content\/uploads\/2023\/10\/WhatsApp-Image-2023-10-09-at-6.14.13-PM-2-4.jpeg?resize=1050%2C600&ssl=1 3x, https:\/\/i0.wp.com\/lasprimeras.com.do\/wp-content\/uploads\/2023\/10\/WhatsApp-Image-2023-10-09-at-6.14.13-PM-2-4.jpeg?resize=1400%2C800&ssl=1 4x"},"classes":[]},{"id":99471,"url":"https:\/\/lasprimeras.com.do\/index.php\/2025\/05\/22\/la-onu-dice-que-ninguna-ayuda-que-ha-entrado-a-gaza-esta-semana-ha-llegado-a-manos-de-palestinos\/","url_meta":{"origin":63550,"position":2},"title":"La ONU dice que ninguna ayuda que ha entrado a Gaza esta semana ha llegado a manos de palestinos","author":"Nelson Feliz","date":"22 de mayo de 2025","format":false,"excerpt":"POR WAFAA SHURAFA, SAMY MAGDY and MELANIE LIDMAN DEIR AL-BALAH, Franja de Gaza (AP) \u2014 Los ataques israel\u00edes continuaron azotando la Franja de Gaza el mi\u00e9rcoles, matando a por lo menos 86 personas, seg\u00fan el Ministerio de Salud del enclave, a pesar de un aumento en la indignaci\u00f3n internacional por\u2026","rel":"","context":"En \u00abINTERNACIONALES\u00bb","block_context":{"text":"INTERNACIONALES","link":"https:\/\/lasprimeras.com.do\/index.php\/category\/sin-categoria\/internacionales\/"},"img":{"alt_text":"","src":"https:\/\/i0.wp.com\/lasprimeras.com.do\/wp-content\/uploads\/2025\/05\/palestinos-1.jpg?resize=350%2C200&ssl=1","width":350,"height":200,"srcset":"https:\/\/i0.wp.com\/lasprimeras.com.do\/wp-content\/uploads\/2025\/05\/palestinos-1.jpg?resize=350%2C200&ssl=1 1x, https:\/\/i0.wp.com\/lasprimeras.com.do\/wp-content\/uploads\/2025\/05\/palestinos-1.jpg?resize=525%2C300&ssl=1 1.5x, https:\/\/i0.wp.com\/lasprimeras.com.do\/wp-content\/uploads\/2025\/05\/palestinos-1.jpg?resize=700%2C400&ssl=1 2x"},"classes":[]},{"id":71858,"url":"https:\/\/lasprimeras.com.do\/index.php\/2023\/12\/24\/israel-intensifica-ataques-en-gaza-onu-denuncia-obstaculos-para-entregar-la-ayuda\/","url_meta":{"origin":63550,"position":3},"title":"Israel intensifica ataques en Gaza; ONU denuncia obst\u00e1culos para entregar la ayuda","author":"Nelson Feliz","date":"24 de diciembre de 2023","format":false,"excerpt":"Por FRANCE 24 JERUSALEN.- Ni el llamado global para que exista el ingreso sostenido de ayuda humanitaria en la Franja de Gaza ni las resoluciones del Consejo de Seguridad de la ONU, enfocadas en la misma l\u00ednea, han frenado los ataques de Israel sobre el enclave palestino. Una ofensiva, sin\u2026","rel":"","context":"En \u00abSin categor\u00eda\u00bb","block_context":{"text":"Sin categor\u00eda","link":"https:\/\/lasprimeras.com.do\/index.php\/category\/sin-categoria\/"},"img":{"alt_text":"ataques","src":"https:\/\/i0.wp.com\/lasprimeras.com.do\/wp-content\/uploads\/2023\/12\/ataques.jpg?resize=350%2C200&ssl=1","width":350,"height":200,"srcset":"https:\/\/i0.wp.com\/lasprimeras.com.do\/wp-content\/uploads\/2023\/12\/ataques.jpg?resize=350%2C200&ssl=1 1x, https:\/\/i0.wp.com\/lasprimeras.com.do\/wp-content\/uploads\/2023\/12\/ataques.jpg?resize=525%2C300&ssl=1 1.5x, https:\/\/i0.wp.com\/lasprimeras.com.do\/wp-content\/uploads\/2023\/12\/ataques.jpg?resize=700%2C400&ssl=1 2x"},"classes":[]},{"id":66608,"url":"https:\/\/lasprimeras.com.do\/index.php\/2023\/11\/08\/palestinos-huyen-a-pie-mientras-israel-dice-que-sus-tropas-estan-luchando-dentro-de-gaza\/","url_meta":{"origin":63550,"position":4},"title":"Palestinos huyen a pie mientras Israel dice que sus tropas est\u00e1n luchando dentro de Gaza.","author":"Nelson Feliz","date":"8 de noviembre de 2023","format":false,"excerpt":"POR NAJIB JOBAIN Y SAMY MAGDY KHAN YOUNIS, Franja de Gaza (AP) \u2014 Miles de palestinos est\u00e1n huyendo hacia el sur a pie con s\u00f3lo lo que pueden llevar despu\u00e9s de quedarse sin alimentos y agua en el norte, dijo una agencia de las Naciones Unidas el mi\u00e9rcoles, mientras Israel\u2026","rel":"","context":"En \u00abSin categor\u00eda\u00bb","block_context":{"text":"Sin categor\u00eda","link":"https:\/\/lasprimeras.com.do\/index.php\/category\/sin-categoria\/"},"img":{"alt_text":"Palestinos","src":"https:\/\/i0.wp.com\/lasprimeras.com.do\/wp-content\/uploads\/2023\/11\/Palestinos.jpg?resize=350%2C200&ssl=1","width":350,"height":200,"srcset":"https:\/\/i0.wp.com\/lasprimeras.com.do\/wp-content\/uploads\/2023\/11\/Palestinos.jpg?resize=350%2C200&ssl=1 1x, https:\/\/i0.wp.com\/lasprimeras.com.do\/wp-content\/uploads\/2023\/11\/Palestinos.jpg?resize=525%2C300&ssl=1 1.5x, https:\/\/i0.wp.com\/lasprimeras.com.do\/wp-content\/uploads\/2023\/11\/Palestinos.jpg?resize=700%2C400&ssl=1 2x"},"classes":[]},{"id":69416,"url":"https:\/\/lasprimeras.com.do\/index.php\/2023\/12\/02\/israel-deja-200-muertos-en-24-horas-tras-reanudar-su-ofensiva-en-gaza-despues-de-la-tregua\/","url_meta":{"origin":63550,"position":5},"title":"Israel deja 200 muertos en 24 horas tras reanudar su ofensiva en Gaza despu\u00e9s de la tregua","author":"BIMARY DE JES\u00daS Matos","date":"2 de diciembre de 2023","format":false,"excerpt":"Jerusal\u00e9n.- El Ej\u00e9rcito de Israel contin\u00faa este s\u00e1bado su ofensiva militar contra el grupo islamista Ham\u00e1s en la Franja de Gaza por segundo d\u00eda consecutivo desde que se rompi\u00f3 la tregua, dejando m\u00e1s de 200 muertos y 600 heridos en el enclave palestino en solo 24 horas. \u00abDurante el \u00faltimo\u2026","rel":"","context":"En \u00abSin categor\u00eda\u00bb","block_context":{"text":"Sin categor\u00eda","link":"https:\/\/lasprimeras.com.do\/index.php\/category\/sin-categoria\/"},"img":{"alt_text":"","src":"https:\/\/i0.wp.com\/lasprimeras.com.do\/wp-content\/uploads\/2023\/12\/WhatsApp-Image-2023-12-02-at-2.43.01-PM-1.jpeg?resize=350%2C200&ssl=1","width":350,"height":200,"srcset":"https:\/\/i0.wp.com\/lasprimeras.com.do\/wp-content\/uploads\/2023\/12\/WhatsApp-Image-2023-12-02-at-2.43.01-PM-1.jpeg?resize=350%2C200&ssl=1 1x, https:\/\/i0.wp.com\/lasprimeras.com.do\/wp-content\/uploads\/2023\/12\/WhatsApp-Image-2023-12-02-at-2.43.01-PM-1.jpeg?resize=525%2C300&ssl=1 1.5x"},"classes":[]}],"jetpack_sharing_enabled":true,"_links":{"self":[{"href":"https:\/\/lasprimeras.com.do\/index.php\/wp-json\/wp\/v2\/posts\/63550","targetHints":{"allow":["GET"]}}],"collection":[{"href":"https:\/\/lasprimeras.com.do\/index.php\/wp-json\/wp\/v2\/posts"}],"about":[{"href":"https:\/\/lasprimeras.com.do\/index.php\/wp-json\/wp\/v2\/types\/post"}],"author":[{"embeddable":true,"href":"https:\/\/lasprimeras.com.do\/index.php\/wp-json\/wp\/v2\/users\/3"}],"replies":[{"embeddable":true,"href":"https:\/\/lasprimeras.com.do\/index.php\/wp-json\/wp\/v2\/comments?post=63550"}],"version-history":[{"count":1,"href":"https:\/\/lasprimeras.com.do\/index.php\/wp-json\/wp\/v2\/posts\/63550\/revisions"}],"predecessor-version":[{"id":63552,"href":"https:\/\/lasprimeras.com.do\/index.php\/wp-json\/wp\/v2\/posts\/63550\/revisions\/63552"}],"wp:featuredmedia":[{"embeddable":true,"href":"https:\/\/lasprimeras.com.do\/index.php\/wp-json\/wp\/v2\/media\/63551"}],"wp:attachment":[{"href":"https:\/\/lasprimeras.com.do\/index.php\/wp-json\/wp\/v2\/media?parent=63550"}],"wp:term":[{"taxonomy":"category","embeddable":true,"href":"https:\/\/lasprimeras.com.do\/index.php\/wp-json\/wp\/v2\/categories?post=63550"},{"taxonomy":"post_tag","embeddable":true,"href":"https:\/\/lasprimeras.com.do\/index.php\/wp-json\/wp\/v2\/tags?post=63550"}],"curies":[{"name":"wp","href":"https:\/\/api.w.org\/{rel}","templated":true}]}}