{"id":63556,"date":"2023-10-13T06:55:58","date_gmt":"2023-10-13T10:55:58","guid":{"rendered":"https:\/\/lasprimeras.com.do\/?p=63556"},"modified":"2023-10-13T06:55:59","modified_gmt":"2023-10-13T10:55:59","slug":"pld-politica-economica-gobierno-basada-en-promesas-incumplidas","status":"publish","type":"post","link":"https:\/\/lasprimeras.com.do\/index.php\/2023\/10\/13\/pld-politica-economica-gobierno-basada-en-promesas-incumplidas\/","title":{"rendered":"PLD: Pol\u00edtica econ\u00f3mica gobierno basada en promesas incumplidas"},"content":{"rendered":"\n<p>SANTO DOMINGO.- El Partido de la Liberaci\u00f3n Dominicana (PLD) declar\u00f3 este jueves que la pol\u00edtica econ\u00f3mica del actual Gobierno est\u00e1 basada en promesas incumplidas, lo que evidencia alta inflaci\u00f3n, endeudamiento acelerado y baja inversi\u00f3n p\u00fablica.<\/p>\n\n\n\n<p>El secretario de Asuntos Econ\u00f3micos del PLD, Guarocuya F\u00e9lix, dijo que Rep\u00fablica Dominicana necesita pol\u00edticas que fomenten un crecimiento sostenible y la creaci\u00f3n de empleos formales.<\/p>\n\n\n\n<p>F\u00e9lix expres\u00f3 que algunos indicadores de esa forma \u201cdesacertada de conducci\u00f3n\u201d se evidencian en la inflaci\u00f3n, pol\u00edtica de endeudamiento acelerado, baja inversi\u00f3n p\u00fablica, en la pol\u00edtica de arancel cero para las importaciones de alimentos y la err\u00e1tica pol\u00edtica de Hait\u00ed, entre otros.<\/p>\n\n\n\n<p>El economista y dirigente pol\u00edtico destac\u00f3 que la inflaci\u00f3n, es el grupo de mayor incidencia en el crecimiento del \u00edndice de precios fue alimento y bebidas no alcoh\u00f3licas aportando aproximadamente el 75% de la inflaci\u00f3n general en el mes de septiembre.<\/p>\n\n\n\n<p>\u201cLa canasta b\u00e1sica para los m\u00e1s pobres, el quintil 1, est\u00e1 en RD$26,215, la clase media, el quintil 3, en RD$40,838.23, siendo el promedio nacional de RD$44,356. Dicho de otra manera, una familia que ten\u00eda un ingreso de RD$10,000 pesos en septiembre de 2019, en septiembre de 2023 ese ingreso equivale a RD$7,600, con una disminuci\u00f3n de RD$2,400\u201d, dijo.<\/p>\n\n\n\n<p>Agreg\u00f3 que para comprar la misma cantidad de alimentos y servicios en septiembre de 2023 necesita RD$2,400 pesos m\u00e1s, es decir RD$12,400.<\/p>\n\n\n\n<p>\u00abEn vista de la p\u00e9rdida de la capacidad de compra de los ingresos de las personas, el PLD demanda al gobierno la indexaci\u00f3n de los salarios, como establece el C\u00f3digo Tributario, indexaci\u00f3n que puede hacerse de forma gradual para mantenerse en torno a la meta de inflaci\u00f3n objetivo\u201d, se\u00f1al\u00f3.<\/p>\n\n\n\n<p>Sobre la pol\u00edtica de endeudamiento acelerado, el ex director de la Direcci\u00f3n General de Impuestos Internos (DGII) se\u00f1al\u00f3 que la deuda p\u00fablica consolidada de diciembre de 2019 al 31 de agosto de 2023 ha tenido un incremento neto de un 53.8%, equivalentes a US$25,746.5 millones.<\/p>\n","protected":false},"excerpt":{"rendered":"<p>SANTO DOMINGO.- El Partido de la Liberaci\u00f3n Dominicana (PLD) declar\u00f3 este jueves que la pol\u00edtica econ\u00f3mica del actual Gobierno est\u00e1 basada en promesas incumplidas, lo que evidencia alta inflaci\u00f3n, endeudamiento&hellip;<\/p>\n","protected":false},"author":3,"featured_media":63557,"comment_status":"open","ping_status":"open","sticky":false,"template":"","format":"standard","meta":{"content-type":"","jetpack_post_was_ever_published":false,"_jetpack_newsletter_access":"","_jetpack_dont_email_post_to_subs":false,"_jetpack_newsletter_tier_id":0,"_jetpack_memberships_contains_paywalled_content":false,"_jetpack_memberships_contains_paid_content":false,"footnotes":""},"categories":[1],"tags":[],"class_list":["post-63556","post","type-post","status-publish","format-standard","has-post-thumbnail","hentry","category-sin-categoria"],"jetpack_featured_media_url":"https:\/\/lasprimeras.com.do\/wp-content\/uploads\/2023\/10\/WhatsApp-Image-2023-10-11-at-8.43.54-PM-8.jpeg","jetpack-related-posts":[{"id":63521,"url":"https:\/\/lasprimeras.com.do\/index.php\/2023\/10\/12\/enfoque-del-pld-sobre-la-politica-economica-del-gobierno-del-prm\/","url_meta":{"origin":63556,"position":0},"title":"Enfoque del PLD sobre la pol\u00edtica econ\u00f3mica del gobierno del PRM","author":"Nelson Feliz","date":"12 de octubre de 2023","format":false,"excerpt":"El pa\u00eds necesita pol\u00edticas que fomenten un crecimiento sostenible y la creaci\u00f3n de empleos formales. La pol\u00edtica econ\u00f3mica de la actual administraci\u00f3n, basada en un conjunto de promesas incumplidas, no ha sido la m\u00e1s acertada para navegar adecuadamente en un entorno con m\u00faltiples incertidumbres. Al ofrecer un enfoque sobre la\u2026","rel":"","context":"En \u00abECONOM\u00cdA\u00bb","block_context":{"text":"ECONOM\u00cdA","link":"https:\/\/lasprimeras.com.do\/index.php\/category\/economia\/"},"img":{"alt_text":"Guarocuya Felix","src":"https:\/\/i0.wp.com\/lasprimeras.com.do\/wp-content\/uploads\/2023\/10\/Guarocuya-Felix.jpg?resize=350%2C200&ssl=1","width":350,"height":200,"srcset":"https:\/\/i0.wp.com\/lasprimeras.com.do\/wp-content\/uploads\/2023\/10\/Guarocuya-Felix.jpg?resize=350%2C200&ssl=1 1x, https:\/\/i0.wp.com\/lasprimeras.com.do\/wp-content\/uploads\/2023\/10\/Guarocuya-Felix.jpg?resize=525%2C300&ssl=1 1.5x"},"classes":[]},{"id":112192,"url":"https:\/\/lasprimeras.com.do\/index.php\/2025\/10\/19\/pld-reitera-pedimento-de-restablecer-indexacion-de-salarios-en-2026\/","url_meta":{"origin":63556,"position":1},"title":"PLD reitera pedimento de restablecer indexaci\u00f3n de salarios en 2026","author":"Nelson Feliz","date":"19 de octubre de 2025","format":false,"excerpt":"El cambio de contexto tras la pandemia hace necesario proteger el ingreso real de los trabajadores asalariados. El miembro del Comit\u00e9 Pol\u00edtico del Partido de la Liberaci\u00f3n Dominicana (PLD) y exdirector de Impuestos Internos, Guarocuya F\u00e9lix, reitera su demanda al Gobierno de restablecer la indexaci\u00f3n salarial establecida en el art\u00edculo\u2026","rel":"","context":"En \u00abECONOM\u00cdA\u00bb","block_context":{"text":"ECONOM\u00cdA","link":"https:\/\/lasprimeras.com.do\/index.php\/category\/economia\/"},"img":{"alt_text":"","src":"https:\/\/i0.wp.com\/lasprimeras.com.do\/wp-content\/uploads\/2025\/10\/guaro.jpg?resize=350%2C200&ssl=1","width":350,"height":200,"srcset":"https:\/\/i0.wp.com\/lasprimeras.com.do\/wp-content\/uploads\/2025\/10\/guaro.jpg?resize=350%2C200&ssl=1 1x, https:\/\/i0.wp.com\/lasprimeras.com.do\/wp-content\/uploads\/2025\/10\/guaro.jpg?resize=525%2C300&ssl=1 1.5x, https:\/\/i0.wp.com\/lasprimeras.com.do\/wp-content\/uploads\/2025\/10\/guaro.jpg?resize=700%2C400&ssl=1 2x"},"classes":[]},{"id":105735,"url":"https:\/\/lasprimeras.com.do\/index.php\/2025\/08\/06\/economista-luis-reyes-denuncia-el-deficiente-gasto-de-inversion-del-gobierno\/","url_meta":{"origin":63556,"position":2},"title":"Economista Luis Reyes denuncia el deficiente gasto de inversi\u00f3n del Gobierno","author":"Nelson Feliz","date":"6 de agosto de 2025","format":false,"excerpt":"Economista Luis Reyes denuncia que Gobierno del PRM ha comprometido el gasto corriente y eso se refleja en el aumento la n\u00f3mina, y el endeudamiento. El secretario de Asuntos Econ\u00f3micos del Partido de la Liberaci\u00f3n Dominicana (PLD), Luis Reyes, afirma que el gobierno no utiliz\u00f3 los 775 millones de d\u00f3lares\u2026","rel":"","context":"En \u00abECONOM\u00cdA\u00bb","block_context":{"text":"ECONOM\u00cdA","link":"https:\/\/lasprimeras.com.do\/index.php\/category\/economia\/"},"img":{"alt_text":"","src":"https:\/\/i0.wp.com\/lasprimeras.com.do\/wp-content\/uploads\/2025\/05\/Luis-Reyes.png?resize=350%2C200&ssl=1","width":350,"height":200},"classes":[]},{"id":108462,"url":"https:\/\/lasprimeras.com.do\/index.php\/2025\/09\/07\/luis-alberto-francisco-javier-garcia-garantiza-el-retorno-del-pld-al-poder\/","url_meta":{"origin":63556,"position":3},"title":"Luis Alberto: \u201cFrancisco Javier Garc\u00eda garantiza el retorno del PLD al poder\u201d","author":"Nelson Feliz","date":"7 de septiembre de 2025","format":false,"excerpt":"El miembro del Comit\u00e9 Pol\u00edtico del Partido de la Liberaci\u00f3n Dominicana (PLD), Luis Alberto Tejeda, afirm\u00f3 que el aspirante presidencial Francisco Javier Garc\u00eda es la garant\u00eda de que el PLD retornar\u00e1 al poder para enfrentar los graves problemas sociales y econ\u00f3micos que afectan al pa\u00eds bajo el actual gobierno. \u201cEl\u2026","rel":"","context":"En \u00abPOLITICA\u00bb","block_context":{"text":"POLITICA","link":"https:\/\/lasprimeras.com.do\/index.php\/category\/politica\/"},"img":{"alt_text":"Luis Alberto Tejeda","src":"https:\/\/i0.wp.com\/lasprimeras.com.do\/wp-content\/uploads\/2024\/02\/Luis-Alberto-Tejeda-4.jpg?resize=350%2C200&ssl=1","width":350,"height":200,"srcset":"https:\/\/i0.wp.com\/lasprimeras.com.do\/wp-content\/uploads\/2024\/02\/Luis-Alberto-Tejeda-4.jpg?resize=350%2C200&ssl=1 1x, https:\/\/i0.wp.com\/lasprimeras.com.do\/wp-content\/uploads\/2024\/02\/Luis-Alberto-Tejeda-4.jpg?resize=525%2C300&ssl=1 1.5x"},"classes":[]},{"id":115127,"url":"https:\/\/lasprimeras.com.do\/index.php\/2025\/11\/19\/melanio-paredes-rd-paso-de-ser-lider-en-crecimiento-economico-a-ocupar-el-ultimo-lugar\/","url_meta":{"origin":63556,"position":4},"title":"Melanio Paredes: \u201cRD pas\u00f3 de ser l\u00edder en crecimiento econ\u00f3mico a ocupar el \u00faltimo lugar\u201d","author":"Nelson Feliz","date":"19 de noviembre de 2025","format":false,"excerpt":"La Rep\u00fablica Dominicana pas\u00f3 de ser l\u00edder en crecimiento econ\u00f3mico durante todas las gestiones del Partido de la Liberaci\u00f3n Dominicana, a ocupar en esta ocasi\u00f3n los \u00faltimos lugares en la gesti\u00f3n del PRM. La referencia fue hecha por Melanio Paredes, miembro del Comit\u00e9 Pol\u00edtico del PLD, rechazando el alegato del\u2026","rel":"","context":"En \u00abPOLITICA\u00bb","block_context":{"text":"POLITICA","link":"https:\/\/lasprimeras.com.do\/index.php\/category\/politica\/"},"img":{"alt_text":"Melanio Paredes","src":"https:\/\/i0.wp.com\/lasprimeras.com.do\/wp-content\/uploads\/2025\/11\/Melanio-Paredes.jpg?resize=350%2C200&ssl=1","width":350,"height":200,"srcset":"https:\/\/i0.wp.com\/lasprimeras.com.do\/wp-content\/uploads\/2025\/11\/Melanio-Paredes.jpg?resize=350%2C200&ssl=1 1x, https:\/\/i0.wp.com\/lasprimeras.com.do\/wp-content\/uploads\/2025\/11\/Melanio-Paredes.jpg?resize=525%2C300&ssl=1 1.5x, https:\/\/i0.wp.com\/lasprimeras.com.do\/wp-content\/uploads\/2025\/11\/Melanio-Paredes.jpg?resize=700%2C400&ssl=1 2x"},"classes":[]},{"id":51866,"url":"https:\/\/lasprimeras.com.do\/index.php\/2023\/06\/04\/amchamdr-considera-medidas-recientes-del-bcrd-dinamizaran-crecimiento-economico-del-pais\/","url_meta":{"origin":63556,"position":5},"title":"AMCHAMDR considera medidas recientes del BCRD dinamizar\u00e1n crecimiento econ\u00f3mico del pa\u00eds","author":"prenxa100","date":"4 de junio de 2023","format":false,"excerpt":"La Camara Americana de Comercio ponder\u00f3 que las recientes medidas de pol\u00edtica econ\u00f3mica incentivar\u00e1n los sectores productivos para alcanzar las metas de crecimiento del BCRD. La C\u00e1mara Americana de Comercio de la Republica Dominicana celebra las medidas anunciadas por el Banco Central el pasado 31 de mayo, las cuales contribuir\u00e1n\u2026","rel":"","context":"En \u00abECONOM\u00cdA\u00bb","block_context":{"text":"ECONOM\u00cdA","link":"https:\/\/lasprimeras.com.do\/index.php\/category\/economia\/"},"img":{"alt_text":"","src":"","width":0,"height":0},"classes":[]}],"jetpack_sharing_enabled":true,"_links":{"self":[{"href":"https:\/\/lasprimeras.com.do\/index.php\/wp-json\/wp\/v2\/posts\/63556","targetHints":{"allow":["GET"]}}],"collection":[{"href":"https:\/\/lasprimeras.com.do\/index.php\/wp-json\/wp\/v2\/posts"}],"about":[{"href":"https:\/\/lasprimeras.com.do\/index.php\/wp-json\/wp\/v2\/types\/post"}],"author":[{"embeddable":true,"href":"https:\/\/lasprimeras.com.do\/index.php\/wp-json\/wp\/v2\/users\/3"}],"replies":[{"embeddable":true,"href":"https:\/\/lasprimeras.com.do\/index.php\/wp-json\/wp\/v2\/comments?post=63556"}],"version-history":[{"count":1,"href":"https:\/\/lasprimeras.com.do\/index.php\/wp-json\/wp\/v2\/posts\/63556\/revisions"}],"predecessor-version":[{"id":63558,"href":"https:\/\/lasprimeras.com.do\/index.php\/wp-json\/wp\/v2\/posts\/63556\/revisions\/63558"}],"wp:featuredmedia":[{"embeddable":true,"href":"https:\/\/lasprimeras.com.do\/index.php\/wp-json\/wp\/v2\/media\/63557"}],"wp:attachment":[{"href":"https:\/\/lasprimeras.com.do\/index.php\/wp-json\/wp\/v2\/media?parent=63556"}],"wp:term":[{"taxonomy":"category","embeddable":true,"href":"https:\/\/lasprimeras.com.do\/index.php\/wp-json\/wp\/v2\/categories?post=63556"},{"taxonomy":"post_tag","embeddable":true,"href":"https:\/\/lasprimeras.com.do\/index.php\/wp-json\/wp\/v2\/tags?post=63556"}],"curies":[{"name":"wp","href":"https:\/\/api.w.org\/{rel}","templated":true}]}}