{"id":63589,"date":"2023-10-13T12:49:47","date_gmt":"2023-10-13T16:49:47","guid":{"rendered":"https:\/\/lasprimeras.com.do\/?p=63589"},"modified":"2023-10-13T12:49:48","modified_gmt":"2023-10-13T16:49:48","slug":"oea-propone-vias-de-solucion-al-conflicto-rd-haiti","status":"publish","type":"post","link":"https:\/\/lasprimeras.com.do\/index.php\/2023\/10\/13\/oea-propone-vias-de-solucion-al-conflicto-rd-haiti\/","title":{"rendered":"OEA propone v\u00edas de soluci\u00f3n al conflicto RD-Hait\u00ed"},"content":{"rendered":"\n<p><strong>Almagro solicita que el Caricom se integre a misi\u00f3n t\u00e9cnica para evaluar aspectos h\u00eddricos y legales del conflicto.<\/strong><\/p>\n\n\n\n<p>El secretario general de la Organizaci\u00f3n de los Estados Americanos (OEA) propuso este jueves 12 de octubre una reuni\u00f3n entre las delegaciones de la Rep\u00fablica Dominicana y Hait\u00ed para fomentar las discusiones sobre la construcci\u00f3n del canal sobre el r\u00edo Dajab\u00f3n, as\u00ed como el env\u00edo de una misi\u00f3n t\u00e9cnica para evaluar la obra.<\/p>\n\n\n\n<p>Luis Almagro hizo la propuesta durante la sesi\u00f3n extraordinaria del Consejo Permanente de la OEA solicitada por la Rep\u00fablica Dominicana para exponer el conflicto que enfrenta a ambos pa\u00edses y que provoc\u00f3 el cierre total de la frontera durante casi 30 d\u00edas.<\/p>\n\n\n\n<p>Tras la intervenci\u00f3n del canciller dominicano Roberto \u00c1lvarez y el embajador permanente de Hait\u00ed ante la OEA, L\u00e9on Charles, Almagro resalt\u00f3 la necesidad de resolver el conflicto al asegurar que este &#8220;no beneficia a ninguna de las dos partes&#8221;.<\/p>\n\n\n\n<p>&#8220;Estamos confiados en que las dos partes tienen las capacidades para asegurar a la otra la buena fe para resolver estos temas, y eso conforme al derecho internacional y tratados vigentes&#8221;, dijo el secretario que particip\u00f3 en la sesi\u00f3n de forma virtual.<\/p>\n\n\n\n<p>Subray\u00f3 la &#8220;buena voluntad&#8221; de ambos pa\u00edses a una soluci\u00f3n conveniente del impasse, al se\u00f1alar que tanto el Gobierno dominicano como el haitiano han aceptado la propuesta de la OEA de facilitar un entendimiento.<\/p>\n\n\n\n<p>Almagro intervino tras acalorados debates entre los representantes de la Rep\u00fablica Dominicana y Hait\u00ed.<\/p>\n\n\n\n<p><strong>RD pide informe de t\u00e9cnicos de OEA y el BID<\/strong><\/p>\n\n\n\n<p>El ministro de Relaciones Exteriores de la Rep\u00fablica Dominicana, Roberto \u00c1lvarez, en su intervenci\u00f3n ante este organismo habl\u00f3 de solucionar la &#8220;conflictiva situaci\u00f3n&#8221; que enfrenta al pa\u00eds con Hait\u00ed por la &#8220;construcci\u00f3n ilegal&#8221; de un canal que busca desviar el caudal del r\u00edo Masacre.<\/p>\n\n\n\n<p>&#8220;Le solicitamos a la Secretar\u00eda actuar con la celeridad que exige esta conflictiva situaci\u00f3n&#8221;, pidi\u00f3 el canciller \u00c1lvarez, tras presentar una cronolog\u00eda del impasse bilateral que ha escalado en las \u00faltimas semanas hasta provocar el cierre de la frontera. Dijo que la actitud de Hait\u00ed es &#8220;inaceptable&#8221;.<\/p>\n\n\n\n<p>&#8220;Secretario general, usted tiene la experiencia para emplear a fondo sus buenos oficios, asistido por los t\u00e9cnicos de la Secretar\u00eda, y ojal\u00e1 tambi\u00e9n por los expertos del Banco Interamericano de Desarrollo&#8221;, continu\u00f3 el canciller, en la petici\u00f3n a la OEA.<\/p>\n\n\n\n<p>\u00c1lvarez indic\u00f3 ante la sesi\u00f3n del organismo que todas las acciones que la Rep\u00fablica Dominicana ha tomado sobre la construcci\u00f3n de la obra sobre el r\u00edo Masacre o Dajab\u00f3n, incluyendo la presentaci\u00f3n que hizo este jueves, muestran la disposici\u00f3n &#8220;al di\u00e1logo y al uso de las v\u00edas diplom\u00e1ticas&#8221;.<\/p>\n\n\n\n<p>Adem\u00e1s, el canciller dijo que el pa\u00eds celebra la decisi\u00f3n de las autoridades haitianas de aceptar la propuesta de mediaci\u00f3n del secretario general de la OEA, Luis Almagro.<\/p>\n\n\n\n<p>&#8220;Reiteramos que el inter\u00e9s dominicano se centra en el aprovechamiento equitativo de las aguas fronterizas, en prevenir desastres naturales y en la conservaci\u00f3n de un ecosistema vital para un \u00e1rea agr\u00edcola importante&#8221;, manifest\u00f3 \u00c1lvarez durante su presentaci\u00f3n.<\/p>\n\n\n\n<p>El pasado 11 de octubre, la Rep\u00fablica Dominicana tom\u00f3 la decisi\u00f3n de reabrir parcialmente el paso fronterizo con Hait\u00ed para permitir el comercio binacional, luego ordenar el cierre total, hasta que se detuvieran los trabajos de construcci\u00f3n del citado canal.<\/p>\n\n\n\n<p>De acuerdo con el Gobierno dominicano, la obra, que involucra a particulares haitianos, inundar\u00e1 las comunidades de Juana M\u00e9ndez y Dajab\u00f3n, adem\u00e1s de producir un impacto ambiental.<\/p>\n\n\n\n<p><strong>Hait\u00ed refuta<\/strong><\/p>\n\n\n\n<p>La delegaci\u00f3n de Hait\u00ed ante el Consejo Permanente de la OEA defendi\u00f3 este jueves la construcci\u00f3n del canal sobre el r\u00edo Dajab\u00f3n (o Masacre) al tiempo que pidi\u00f3 una &#8220;soluci\u00f3n definitiva&#8221; que respete los aspectos legales internacionales sobre la materia.<\/p>\n\n\n\n<p>&#8220;La construcci\u00f3n del canal no va a detenerse&#8221;, expres\u00f3 L\u00e9on Charles, representante de Hait\u00ed en la OEA, tras la presentaci\u00f3n del conflicto que hizo el canciller de la Rep\u00fablica Dominicana, Roberto \u00c1lvarez.<\/p>\n\n\n\n<p>Para defender su posici\u00f3n de no detener la construcci\u00f3n del canal, la delegaci\u00f3n haitiana explic\u00f3 que desde la firma del Tratado de Paz entre Hait\u00ed y la Rep\u00fablica Dominicana en 1929, la parte dominicana ha construido 12 obras sobre el r\u00edo Dajab\u00f3n en las zonas de Loma de Cabrera y Dajab\u00f3n, las cuales asegur\u00f3, se han construido de manera &#8220;unilateral&#8221; y &#8220;sin consultar&#8221; a la parte haitiana.<\/p>\n\n\n\n<p><strong>Faruk: Claude Joseph impulsa canal para crear crisis<\/strong><\/p>\n\n\n\n<p>El embajador dominicano en Hait\u00ed, Faruk Miguel Castillo, afirm\u00f3 que el exprimer ministro de Hait\u00ed, Claude Joseph, es quien est\u00e1 a la cabeza de la construcci\u00f3n del canal para desviar el agua del r\u00edo Dajab\u00f3n (Masacre) y que su intenci\u00f3n es pol\u00edtica para generar conflictos en la frontera.<\/p>\n\n\n\n<p>Narr\u00f3 que cuando la obra fue reiniciada, tras la muerte del presidente Jovenel Mo\u00efse, fue informado sobre las intenciones reales que hab\u00eda detr\u00e1s.<\/p>\n\n\n\n<p>&#8220;Yo, como embajador, llam\u00e9 al Ministerio de Relaciones Exteriores y llam\u00e9 tambi\u00e9n a la primatura, como se le dice all\u00e1 a la oficina del primer ministro, me entrevist\u00e9 con las autoridades y ellas explicaron que se trataba de una obra particular y de una iniciativa que estaba desarrollando Claude Joseph para crear una crisis&#8221;, indic\u00f3.<\/p>\n\n\n\n<p>El diplom\u00e1tico dijo que en la reuni\u00f3n de la Comisi\u00f3n Mixta Bilateral que sostuvieron ambos pa\u00edses, cuando Mo\u00efse era presidente los haitianos, explicaron un poco en qu\u00e9 consist\u00eda el canal y qued\u00f3 establecido que no pod\u00eda hacerse un canal que desviara el r\u00edo.<\/p>\n\n\n\n<p>Pero la parte haitiana deb\u00eda enviar los documentos de la construcci\u00f3n, algo que nunca hicieron.<\/p>\n\n\n\n<p>Joseph respondi\u00f3 al embajador dominicano a trav\u00e9s de su red en X. Neg\u00f3 que est\u00e9 detr\u00e1s de la construcci\u00f3n del canal en el r\u00edo Masacre, con el plan de crear una crisis entre ambos pa\u00edses.<\/p>\n\n\n\n<p>El exfuncionario de Hait\u00ed exhort\u00f3 a Miguel que dejen de enga\u00f1ar a los dominicanos para &#8220;obtener ganancias pol\u00edticas&#8221;.<\/p>\n\n\n\n<p>En su cuenta de X, Joseph expres\u00f3: &#8220;Saben que ambos pa\u00edses firmaron voluntariamente una declaraci\u00f3n conjunta reconociendo que Hait\u00ed no desviar\u00e1 de ning\u00fan modo el agua del r\u00edo Masacre. Usted decidi\u00f3 mantenerlos en la oscuridad al no decirles que hab\u00eda firmado esta declaraci\u00f3n conjunta&#8221;.<\/p>\n\n\n\n<p>Neg\u00f3 ser un enemigo del pueblo dominicano, sino una persona que solo defiende los intereses de su pa\u00eds y que no quiere socavar las relaciones de ambos pueblos.<\/p>\n\n\n\n<p><strong>Posible fecha de reuni\u00f3n<\/strong><\/p>\n\n\n\n<p>El representante haitiano ofreci\u00f3 el 15 de noviembre como una posible fecha para que Hait\u00ed y Rep\u00fablica Dominicana retomen el di\u00e1logo sobre el conflicto.<\/p>\n\n\n\n<p>Fuente Diario Libre<\/p>\n","protected":false},"excerpt":{"rendered":"<p>Almagro solicita que el Caricom se integre a misi\u00f3n t\u00e9cnica para evaluar aspectos h\u00eddricos y legales del conflicto. El secretario general de la Organizaci\u00f3n de los Estados Americanos (OEA) propuso&hellip;<\/p>\n","protected":false},"author":2,"featured_media":63590,"comment_status":"open","ping_status":"open","sticky":false,"template":"","format":"standard","meta":{"content-type":"","jetpack_post_was_ever_published":false,"_jetpack_newsletter_access":"","_jetpack_dont_email_post_to_subs":false,"_jetpack_newsletter_tier_id":0,"_jetpack_memberships_contains_paywalled_content":false,"_jetpack_memberships_contains_paid_content":false,"footnotes":""},"categories":[1],"tags":[8511,3583,1848,8510],"class_list":["post-63589","post","type-post","status-publish","format-standard","has-post-thumbnail","hentry","category-sin-categoria","tag-conflicto-rd-haiti","tag-oea","tag-solucion","tag-vias"],"jetpack_featured_media_url":"https:\/\/lasprimeras.com.do\/wp-content\/uploads\/2023\/10\/oea.jpg","jetpack-related-posts":[{"id":63905,"url":"https:\/\/lasprimeras.com.do\/index.php\/2023\/10\/16\/mision-de-la-oea-llega-a-rd-para-levantar-informacion-sobre-canal-de-haiti-en-el-masacre\/","url_meta":{"origin":63589,"position":0},"title":"Misi\u00f3n de la OEA llega a RD para levantar informaci\u00f3n sobre canal de Hait\u00ed en el Masacre","author":"Nelson Feliz","date":"16 de octubre de 2023","format":false,"excerpt":"Se espera que tras visitar la frontera con Dajab\u00f3n, la misi\u00f3n emita un informe ante la OEA. Una misi\u00f3n de la Organizaci\u00f3n de los Estados Americanos (OEA) se encuentra de visita en la Rep\u00fablica Dominicana con el prop\u00f3sito de levantar informaci\u00f3n sobre el canal ilegal que construye Hait\u00ed en el\u2026","rel":"","context":"En \u00abNACIONALES\u00bb","block_context":{"text":"NACIONALES","link":"https:\/\/lasprimeras.com.do\/index.php\/category\/nacionales\/"},"img":{"alt_text":"Misi\u00f3n de la OEA llega a RD","src":"https:\/\/i0.wp.com\/lasprimeras.com.do\/wp-content\/uploads\/2023\/10\/Mision-de-la-OEA-llega-a-RD.jpg?resize=350%2C200&ssl=1","width":350,"height":200,"srcset":"https:\/\/i0.wp.com\/lasprimeras.com.do\/wp-content\/uploads\/2023\/10\/Mision-de-la-OEA-llega-a-RD.jpg?resize=350%2C200&ssl=1 1x, https:\/\/i0.wp.com\/lasprimeras.com.do\/wp-content\/uploads\/2023\/10\/Mision-de-la-OEA-llega-a-RD.jpg?resize=525%2C300&ssl=1 1.5x, https:\/\/i0.wp.com\/lasprimeras.com.do\/wp-content\/uploads\/2023\/10\/Mision-de-la-OEA-llega-a-RD.jpg?resize=700%2C400&ssl=1 2x"},"classes":[]},{"id":61600,"url":"https:\/\/lasprimeras.com.do\/index.php\/2023\/09\/28\/miguel-vargas-rd-debe-aprovechar-disposicion-de-la-oea-a-mediar-en-conflicto-con-haiti\/","url_meta":{"origin":63589,"position":1},"title":"Miguel Vargas: &#8220;RD debe aprovechar disposici\u00f3n de la OEA a mediar en conflicto con Hait\u00ed&#8221;","author":"Nelson Feliz","date":"28 de septiembre de 2023","format":false,"excerpt":"\u201cLa realidad en este asunto, ante la afrenta de Hait\u00ed y la construcci\u00f3n del canal que trasvasa el r\u00edo Dajab\u00f3n o Masacre, es que la negociaci\u00f3n diplom\u00e1tica es la v\u00eda soluci\u00f3n m\u00e1s expedita\u201d. El presidente del Partido Revolucionario Dominicano (PRD), Miguel Vargas Maldonado, llam\u00f3 a las autoridades dominicanas a atender\u2026","rel":"","context":"En \u00abPORTADA\u00bb","block_context":{"text":"PORTADA","link":"https:\/\/lasprimeras.com.do\/index.php\/category\/portada\/"},"img":{"alt_text":"Miguel Vargas Maldonado","src":"https:\/\/i0.wp.com\/lasprimeras.com.do\/wp-content\/uploads\/2023\/09\/Miguel-Vargas-Maldonado-2.jpg?resize=350%2C200&ssl=1","width":350,"height":200,"srcset":"https:\/\/i0.wp.com\/lasprimeras.com.do\/wp-content\/uploads\/2023\/09\/Miguel-Vargas-Maldonado-2.jpg?resize=350%2C200&ssl=1 1x, https:\/\/i0.wp.com\/lasprimeras.com.do\/wp-content\/uploads\/2023\/09\/Miguel-Vargas-Maldonado-2.jpg?resize=525%2C300&ssl=1 1.5x, https:\/\/i0.wp.com\/lasprimeras.com.do\/wp-content\/uploads\/2023\/09\/Miguel-Vargas-Maldonado-2.jpg?resize=700%2C400&ssl=1 2x"},"classes":[]},{"id":64101,"url":"https:\/\/lasprimeras.com.do\/index.php\/2023\/10\/18\/mision-de-la-oea-recorre-frontera-dominico-haitiana\/","url_meta":{"origin":63589,"position":2},"title":"Misi\u00f3n de la OEA recorre frontera dom\u00ednico-haitiana","author":"BIMARY DE JES\u00daS Matos","date":"18 de octubre de 2023","format":false,"excerpt":"Santo Domingo.-La misi\u00f3n de la Organizaci\u00f3n de Estados Americanos (OEA), que se encuentra en la Rep\u00fablica Dominicana, inspeccion\u00f3 el canal que construye Hait\u00ed en el r\u00edo Masacre, estructura que ha sido motivo de conflicto entre la Rep\u00fablica Dominicana y el vecino pa\u00eds. Luego de sobrevolar el r\u00edo Masacre o Dajab\u00f3n,\u2026","rel":"","context":"En \u00abPORTADA\u00bb","block_context":{"text":"PORTADA","link":"https:\/\/lasprimeras.com.do\/index.php\/category\/portada\/"},"img":{"alt_text":"","src":"https:\/\/i0.wp.com\/lasprimeras.com.do\/wp-content\/uploads\/2023\/10\/WhatsApp-Image-2023-09-16-at-4.14.02-PM-2-1.jpeg?resize=350%2C200&ssl=1","width":350,"height":200,"srcset":"https:\/\/i0.wp.com\/lasprimeras.com.do\/wp-content\/uploads\/2023\/10\/WhatsApp-Image-2023-09-16-at-4.14.02-PM-2-1.jpeg?resize=350%2C200&ssl=1 1x, https:\/\/i0.wp.com\/lasprimeras.com.do\/wp-content\/uploads\/2023\/10\/WhatsApp-Image-2023-09-16-at-4.14.02-PM-2-1.jpeg?resize=525%2C300&ssl=1 1.5x, https:\/\/i0.wp.com\/lasprimeras.com.do\/wp-content\/uploads\/2023\/10\/WhatsApp-Image-2023-09-16-at-4.14.02-PM-2-1.jpeg?resize=700%2C400&ssl=1 2x"},"classes":[]},{"id":78630,"url":"https:\/\/lasprimeras.com.do\/index.php\/2024\/03\/18\/designan-a-eduardo-frei-ruiz-como-jefe-de-la-mision-electoral-de-la-oea-en-rd\/","url_meta":{"origin":63589,"position":3},"title":"Designan a Eduardo Frei Ruiz como Jefe de la Misi\u00f3n Electoral de la OEA en RD","author":"BIMARY DE JES\u00daS Matos","date":"18 de marzo de 2024","format":false,"excerpt":"SANTO DOMINGO. \u2013 El expresidente de Chile Eduardo Frei Ruiz-Tagle, fue designado este lunes como Jefe de la Misi\u00f3n Electoral de la Organizaci\u00f3n de Estados Americanos (OEA) en Rep\u00fablica Dominicana. El secretario general de la OEA, Luis Almagro, confirm\u00f3 la informaci\u00f3n a trav\u00e9s de cuenta de la red social X.\u2026","rel":"","context":"En \u00abSin categor\u00eda\u00bb","block_context":{"text":"Sin categor\u00eda","link":"https:\/\/lasprimeras.com.do\/index.php\/category\/sin-categoria\/"},"img":{"alt_text":"","src":"https:\/\/i0.wp.com\/lasprimeras.com.do\/wp-content\/uploads\/2024\/03\/Diseno-sin-titulo-3-8.jpg?resize=350%2C200&ssl=1","width":350,"height":200,"srcset":"https:\/\/i0.wp.com\/lasprimeras.com.do\/wp-content\/uploads\/2024\/03\/Diseno-sin-titulo-3-8.jpg?resize=350%2C200&ssl=1 1x, https:\/\/i0.wp.com\/lasprimeras.com.do\/wp-content\/uploads\/2024\/03\/Diseno-sin-titulo-3-8.jpg?resize=525%2C300&ssl=1 1.5x"},"classes":[]},{"id":105423,"url":"https:\/\/lasprimeras.com.do\/index.php\/2025\/08\/03\/la-hoja-de-ruta-de-la-oea-sobre-haiti\/","url_meta":{"origin":63589,"position":4},"title":"La Hoja de Ruta de la OEA sobre Hait\u00ed","author":"Nelson Feliz","date":"3 de agosto de 2025","format":false,"excerpt":"Por: Luis Fern\u00e1ndez Como fruto de lo discutido en la asamblea general de la OEA celebrada en Antigua y Barbuda en el mes de Junio de este a\u00f1o, la Organizaci\u00f3n de los Estados Americanos, acord\u00f3 una hoja de ruta integral para abordar la grave crisis de Hait\u00ed, los desaf\u00edos en\u2026","rel":"","context":"En \u00abOPINI\u00d3N\u00bb","block_context":{"text":"OPINI\u00d3N","link":"https:\/\/lasprimeras.com.do\/index.php\/category\/opinion\/"},"img":{"alt_text":"Luis Fern\u00e1ndez","src":"https:\/\/i0.wp.com\/lasprimeras.com.do\/wp-content\/uploads\/2024\/03\/Luis-Fernandez.jpg?resize=350%2C200&ssl=1","width":350,"height":200,"srcset":"https:\/\/i0.wp.com\/lasprimeras.com.do\/wp-content\/uploads\/2024\/03\/Luis-Fernandez.jpg?resize=350%2C200&ssl=1 1x, https:\/\/i0.wp.com\/lasprimeras.com.do\/wp-content\/uploads\/2024\/03\/Luis-Fernandez.jpg?resize=525%2C300&ssl=1 1.5x"},"classes":[]},{"id":61530,"url":"https:\/\/lasprimeras.com.do\/index.php\/2023\/09\/28\/gobierno-dominicano-responde-al-comunicado-enviado-por-la-oea\/","url_meta":{"origin":63589,"position":5},"title":"Gobierno dominicano responde al comunicado enviado por la OEA","author":"Nelson Feliz","date":"28 de septiembre de 2023","format":false,"excerpt":"El gobierno dominicano agradece al Secretario General de la OEA, Luis Almagro, por su llamado al di\u00e1logo frente al diferendo que se ha suscitado con Hait\u00ed por la construcci\u00f3n unilateral e ilegal de un canal de trasvase en el R\u00edo Dajab\u00f3n. Rep\u00fablica Dominicana reconoce que el di\u00e1logo es el mecanismo\u2026","rel":"","context":"En \u00abNACIONALES\u00bb","block_context":{"text":"NACIONALES","link":"https:\/\/lasprimeras.com.do\/index.php\/category\/nacionales\/"},"img":{"alt_text":"Ministerio Administrativo de la Presidencia","src":"https:\/\/i0.wp.com\/lasprimeras.com.do\/wp-content\/uploads\/2023\/06\/Presidencia-1.jpg?resize=350%2C200&ssl=1","width":350,"height":200,"srcset":"https:\/\/i0.wp.com\/lasprimeras.com.do\/wp-content\/uploads\/2023\/06\/Presidencia-1.jpg?resize=350%2C200&ssl=1 1x, https:\/\/i0.wp.com\/lasprimeras.com.do\/wp-content\/uploads\/2023\/06\/Presidencia-1.jpg?resize=525%2C300&ssl=1 1.5x, https:\/\/i0.wp.com\/lasprimeras.com.do\/wp-content\/uploads\/2023\/06\/Presidencia-1.jpg?resize=700%2C400&ssl=1 2x"},"classes":[]}],"jetpack_sharing_enabled":true,"_links":{"self":[{"href":"https:\/\/lasprimeras.com.do\/index.php\/wp-json\/wp\/v2\/posts\/63589","targetHints":{"allow":["GET"]}}],"collection":[{"href":"https:\/\/lasprimeras.com.do\/index.php\/wp-json\/wp\/v2\/posts"}],"about":[{"href":"https:\/\/lasprimeras.com.do\/index.php\/wp-json\/wp\/v2\/types\/post"}],"author":[{"embeddable":true,"href":"https:\/\/lasprimeras.com.do\/index.php\/wp-json\/wp\/v2\/users\/2"}],"replies":[{"embeddable":true,"href":"https:\/\/lasprimeras.com.do\/index.php\/wp-json\/wp\/v2\/comments?post=63589"}],"version-history":[{"count":1,"href":"https:\/\/lasprimeras.com.do\/index.php\/wp-json\/wp\/v2\/posts\/63589\/revisions"}],"predecessor-version":[{"id":63591,"href":"https:\/\/lasprimeras.com.do\/index.php\/wp-json\/wp\/v2\/posts\/63589\/revisions\/63591"}],"wp:featuredmedia":[{"embeddable":true,"href":"https:\/\/lasprimeras.com.do\/index.php\/wp-json\/wp\/v2\/media\/63590"}],"wp:attachment":[{"href":"https:\/\/lasprimeras.com.do\/index.php\/wp-json\/wp\/v2\/media?parent=63589"}],"wp:term":[{"taxonomy":"category","embeddable":true,"href":"https:\/\/lasprimeras.com.do\/index.php\/wp-json\/wp\/v2\/categories?post=63589"},{"taxonomy":"post_tag","embeddable":true,"href":"https:\/\/lasprimeras.com.do\/index.php\/wp-json\/wp\/v2\/tags?post=63589"}],"curies":[{"name":"wp","href":"https:\/\/api.w.org\/{rel}","templated":true}]}}