{"id":63598,"date":"2023-10-13T14:05:14","date_gmt":"2023-10-13T18:05:14","guid":{"rendered":"https:\/\/lasprimeras.com.do\/?p=63598"},"modified":"2023-10-13T14:05:16","modified_gmt":"2023-10-13T18:05:16","slug":"cuba-y-honduras-empatan-sin-goles-en-republica-dominicana-2","status":"publish","type":"post","link":"https:\/\/lasprimeras.com.do\/index.php\/2023\/10\/13\/cuba-y-honduras-empatan-sin-goles-en-republica-dominicana-2\/","title":{"rendered":"Cuba y Honduras empatan sin goles en Rep\u00fablica Dominicana"},"content":{"rendered":"\n<p>Santo Domingo.- Las selecciones de Cuba y Honduras terminaron en empate y sin goles el partido correspondiente a la tercera jornada de la Liga de Naciones de la Concacaf, trascendi\u00f3 hoy aqu\u00ed.<\/p>\n\n\n\n<p>Comentaristas deportivos calificaron de crucial este choque, al coincidir en que est\u00e1n en juego los boletos para la ronda de Cuartos de Final en busca del pase a la Copa Am\u00e9rica, que tendr\u00e1 lugar en Estados Unidos en 2024.<\/p>\n\n\n\n<p>El equipo de Honduras lleg\u00f3 a este esperado encuentro, que transcurri\u00f3 en el estadio ol\u00edmpico F\u00e9lix S\u00e1nchez, en el tercer puesto del grupo B con tres puntos, detr\u00e1s de Cuba y Jamaica, con cuatro puntos cada uno.<\/p>\n\n\n\n<p>Con el empate de esta noche ninguno de los dos avanza por el momento a cuartos de final. En el caso de Cuba se mantiene en el segundo lugar del grupo, ahora con cuatro unidades, y su rival sigue en la tercera posici\u00f3n, con cuatro puntos, en tanto Jamaica lidera, con siete.<\/p>\n\n\n\n<p>Los dos primeros de este grupo pasar\u00e1n a la ronda de los ocho mejores, junto a los primeros del grupo A y a los cuatro preclasificados por el r\u00e1nking de la FIFA: Canad\u00e1, Estados Unidos, M\u00e9xico y Costa Rica.<\/p>\n\n\n\n<p>Para ello habr\u00e1 que esperar al pr\u00f3ximo domingo, cuando ambos conjuntos se enfrenten nuevamente, esta vez en Tegucigalpa.<\/p>\n\n\n\n<p>A Honduras lo siguen en el B Hait\u00ed, con tres puntos; Surinam con dos y Granada, con un punto.<\/p>\n\n\n\n<p>El grupo A lo lidera Trinidad con seis puntos, seguido por Panam\u00e1 y Guatemala con cuatro cada uno, Martinica (tres) y en las dos \u00faltimas posiciones Curazao y El Salvador sin ninguna posibilidad, con cero tantos.<\/p>\n","protected":false},"excerpt":{"rendered":"<p>Santo Domingo.- Las selecciones de Cuba y Honduras terminaron en empate y sin goles el partido correspondiente a la tercera jornada de la Liga de Naciones de la Concacaf, trascendi\u00f3&hellip;<\/p>\n","protected":false},"author":3,"featured_media":63599,"comment_status":"open","ping_status":"open","sticky":false,"template":"","format":"standard","meta":{"content-type":"","jetpack_post_was_ever_published":false,"_jetpack_newsletter_access":"","_jetpack_dont_email_post_to_subs":false,"_jetpack_newsletter_tier_id":0,"_jetpack_memberships_contains_paywalled_content":false,"_jetpack_memberships_contains_paid_content":false,"footnotes":""},"categories":[1],"tags":[],"class_list":["post-63598","post","type-post","status-publish","format-standard","has-post-thumbnail","hentry","category-sin-categoria"],"jetpack_featured_media_url":"https:\/\/lasprimeras.com.do\/wp-content\/uploads\/2023\/10\/WhatsApp-Image-2023-10-13-at-11.03.05-AM.jpeg","jetpack-related-posts":[{"id":63540,"url":"https:\/\/lasprimeras.com.do\/index.php\/2023\/10\/13\/cuba-y-honduras-empatan-sin-goles-en-republica-dominicana\/","url_meta":{"origin":63598,"position":0},"title":"Cuba y Honduras empatan sin goles en Rep\u00fablica Dominicana","author":"BIMARY DE JES\u00daS Matos","date":"13 de octubre de 2023","format":false,"excerpt":"Santo Domingo.- Las selecciones de Cuba y Honduras terminaron en empate y sin goles el partido correspondiente a la tercera jornada de la Liga de Naciones de la Concacaf, trascendi\u00f3 hoy aqu\u00ed. Comentaristas deportivos calificaron de crucial este choque, al coincidir en que est\u00e1n en juego los boletos para la\u2026","rel":"","context":"En \u00abSin categor\u00eda\u00bb","block_context":{"text":"Sin categor\u00eda","link":"https:\/\/lasprimeras.com.do\/index.php\/category\/sin-categoria\/"},"img":{"alt_text":"","src":"","width":0,"height":0},"classes":[]},{"id":115080,"url":"https:\/\/lasprimeras.com.do\/index.php\/2025\/11\/19\/panama-curazao-y-haiti-se-clasifican-directamente-al-mundial\/","url_meta":{"origin":63598,"position":1},"title":"Panam\u00e1, Curazao y Hait\u00ed se clasifican directamente al Mundial","author":"Nelson Feliz","date":"19 de noviembre de 2025","format":false,"excerpt":". Jamaica y Surinam van al repechaje POR JUAN ZAMORANO CIUDAD DE PANAM\u00c1 (AP) \u2014 Panam\u00e1 se vali\u00f3 de goles de C\u00e9sar Blackman, Eric Davis y Jos\u00e9 Luis Rodr\u00edguez para arrollar el martes 3-0 a El Salvador y clasificarse a la segunda Copa del Mundo en su historia. En un\u2026","rel":"","context":"En \u00abDEPORTES\u00bb","block_context":{"text":"DEPORTES","link":"https:\/\/lasprimeras.com.do\/index.php\/category\/deportes\/"},"img":{"alt_text":"","src":"https:\/\/i0.wp.com\/lasprimeras.com.do\/wp-content\/uploads\/2025\/11\/Mundial.jpg?resize=350%2C200&ssl=1","width":350,"height":200,"srcset":"https:\/\/i0.wp.com\/lasprimeras.com.do\/wp-content\/uploads\/2025\/11\/Mundial.jpg?resize=350%2C200&ssl=1 1x, https:\/\/i0.wp.com\/lasprimeras.com.do\/wp-content\/uploads\/2025\/11\/Mundial.jpg?resize=525%2C300&ssl=1 1.5x, https:\/\/i0.wp.com\/lasprimeras.com.do\/wp-content\/uploads\/2025\/11\/Mundial.jpg?resize=700%2C400&ssl=1 2x"},"classes":[]},{"id":96646,"url":"https:\/\/lasprimeras.com.do\/index.php\/2025\/04\/05\/marcus-thuram-anota-gol-extrano-mientras-inter-de-milan-empata-con-parma\/","url_meta":{"origin":63598,"position":2},"title":"Marcus Thuram anota gol extra\u00f1o mientras Inter de Mil\u00e1n empata con Parma","author":"Nelson Feliz","date":"5 de abril de 2025","format":false,"excerpt":"POR DANIELLA MATAR MIL\u00c1N (AP) \u2014 Marcus Thuram volvi\u00f3 a la ciudad en la que naci\u00f3, pero su retorno fue agridulce despu\u00e9s de que anot\u00f3 un gol extra\u00f1o que incluso hizo que su famoso padre moviera la cabeza. Su gol ampli\u00f3 la ventaja del Inter de Mil\u00e1n a 2-0 al\u2026","rel":"","context":"En \u00abDEPORTES\u00bb","block_context":{"text":"DEPORTES","link":"https:\/\/lasprimeras.com.do\/index.php\/category\/deportes\/"},"img":{"alt_text":"","src":"https:\/\/i0.wp.com\/lasprimeras.com.do\/wp-content\/uploads\/2025\/04\/Marcus-Thuram.jpg?resize=350%2C200&ssl=1","width":350,"height":200,"srcset":"https:\/\/i0.wp.com\/lasprimeras.com.do\/wp-content\/uploads\/2025\/04\/Marcus-Thuram.jpg?resize=350%2C200&ssl=1 1x, https:\/\/i0.wp.com\/lasprimeras.com.do\/wp-content\/uploads\/2025\/04\/Marcus-Thuram.jpg?resize=525%2C300&ssl=1 1.5x, https:\/\/i0.wp.com\/lasprimeras.com.do\/wp-content\/uploads\/2025\/04\/Marcus-Thuram.jpg?resize=700%2C400&ssl=1 2x"},"classes":[]},{"id":124396,"url":"https:\/\/lasprimeras.com.do\/index.php\/2026\/03\/11\/canada-vence-a-cuba-y-gana-grupo-a-avanza-a-cuartos-de-final-por-primera-vez\/","url_meta":{"origin":63598,"position":3},"title":"Canad\u00e1 vence a Cuba y gana Grupo A, avanza a cuartos de final por primera vez","author":"Nelson Feliz","date":"11 de marzo de 2026","format":false,"excerpt":"Panorama Deportivo.- Por primera vez en la historia del Cl\u00e1sico Mundial de B\u00e9isbol, Canad\u00e1 avanza. Canad\u00e1 asegur\u00f3 su primera plaza en los cuartos de final del Cl\u00e1sico Mundial de B\u00e9isbol con una victoria de 7-2 sobre Cuba en un duelo decisivo en el Estadio Hiram Bithorn el mi\u00e9rcoles por la\u2026","rel":"","context":"En \u00abDEPORTES\u00bb","block_context":{"text":"DEPORTES","link":"https:\/\/lasprimeras.com.do\/index.php\/category\/deportes\/"},"img":{"alt_text":"","src":"https:\/\/i0.wp.com\/lasprimeras.com.do\/wp-content\/uploads\/2026\/03\/canada.jpg?resize=350%2C200&ssl=1","width":350,"height":200,"srcset":"https:\/\/i0.wp.com\/lasprimeras.com.do\/wp-content\/uploads\/2026\/03\/canada.jpg?resize=350%2C200&ssl=1 1x, https:\/\/i0.wp.com\/lasprimeras.com.do\/wp-content\/uploads\/2026\/03\/canada.jpg?resize=525%2C300&ssl=1 1.5x, https:\/\/i0.wp.com\/lasprimeras.com.do\/wp-content\/uploads\/2026\/03\/canada.jpg?resize=700%2C400&ssl=1 2x"},"classes":[]},{"id":101518,"url":"https:\/\/lasprimeras.com.do\/index.php\/2025\/06\/23\/mexico-gana-su-grupo-de-la-copa-oro-de-concacaf-tras-empate-0-0-contra-costa-rica\/","url_meta":{"origin":63598,"position":4},"title":"M\u00e9xico gana su grupo de la Copa Oro de CONCACAF tras empate 0-0 contra Costa Rica","author":"Nelson Feliz","date":"23 de junio de 2025","format":false,"excerpt":"LAS VEGAS (AP) \u2014 M\u00e9xico empat\u00f3 0-0 con Costa Rica el domingo por la noche para ganar el Grupo A de la Copa Oro de la CONCACAF y jugar\u00e1 contra Arabia Saud\u00ed en los cuartos de final. Santiago Gim\u00e9nez de M\u00e9xico pareci\u00f3 anotar con una chilena en el cuarto minuto\u2026","rel":"","context":"En \u00abDEPORTES\u00bb","block_context":{"text":"DEPORTES","link":"https:\/\/lasprimeras.com.do\/index.php\/category\/deportes\/"},"img":{"alt_text":"","src":"https:\/\/i0.wp.com\/lasprimeras.com.do\/wp-content\/uploads\/2025\/06\/Mexico-gana-su-grupo-de-la-Copa-Oro-de-CONCACAF.jpg?resize=350%2C200&ssl=1","width":350,"height":200,"srcset":"https:\/\/i0.wp.com\/lasprimeras.com.do\/wp-content\/uploads\/2025\/06\/Mexico-gana-su-grupo-de-la-Copa-Oro-de-CONCACAF.jpg?resize=350%2C200&ssl=1 1x, https:\/\/i0.wp.com\/lasprimeras.com.do\/wp-content\/uploads\/2025\/06\/Mexico-gana-su-grupo-de-la-Copa-Oro-de-CONCACAF.jpg?resize=525%2C300&ssl=1 1.5x, https:\/\/i0.wp.com\/lasprimeras.com.do\/wp-content\/uploads\/2025\/06\/Mexico-gana-su-grupo-de-la-Copa-Oro-de-CONCACAF.jpg?resize=700%2C400&ssl=1 2x"},"classes":[]},{"id":55471,"url":"https:\/\/lasprimeras.com.do\/index.php\/2023\/07\/21\/seleccion-dominicana-sub-23-avanza-a-semifinales-en-copa-panamericana\/","url_meta":{"origin":63598,"position":5},"title":"Selecci\u00f3n dominicana sub-23 avanza a semifinales en Copa Panamericana","author":"Nelson Feliz","date":"21 de julio de 2023","format":false,"excerpt":"El equipo femenino descansa este viernes y jugar\u00e1 la semi el s\u00e1bado. Las campeonas defensoras Rep\u00fablica Dominicana derrotaron a Cuba 3-0 (25-20, 25-16, 25-23) para avanzar a las semifinales de la Copa Panamericana Sub-23 Femenina que se juega en la Arena Sonora de Hermosillo, M\u00e9xico. Rep\u00fablica Dominicana gan\u00f3 el Grupo\u2026","rel":"","context":"En \u00abSin categor\u00eda\u00bb","block_context":{"text":"Sin categor\u00eda","link":"https:\/\/lasprimeras.com.do\/index.php\/category\/sin-categoria\/"},"img":{"alt_text":"","src":"https:\/\/i0.wp.com\/lasprimeras.com.do\/wp-content\/uploads\/2023\/07\/seleccion-sub-23.jpg?resize=350%2C200&ssl=1","width":350,"height":200,"srcset":"https:\/\/i0.wp.com\/lasprimeras.com.do\/wp-content\/uploads\/2023\/07\/seleccion-sub-23.jpg?resize=350%2C200&ssl=1 1x, https:\/\/i0.wp.com\/lasprimeras.com.do\/wp-content\/uploads\/2023\/07\/seleccion-sub-23.jpg?resize=525%2C300&ssl=1 1.5x, https:\/\/i0.wp.com\/lasprimeras.com.do\/wp-content\/uploads\/2023\/07\/seleccion-sub-23.jpg?resize=700%2C400&ssl=1 2x"},"classes":[]}],"jetpack_sharing_enabled":true,"_links":{"self":[{"href":"https:\/\/lasprimeras.com.do\/index.php\/wp-json\/wp\/v2\/posts\/63598","targetHints":{"allow":["GET"]}}],"collection":[{"href":"https:\/\/lasprimeras.com.do\/index.php\/wp-json\/wp\/v2\/posts"}],"about":[{"href":"https:\/\/lasprimeras.com.do\/index.php\/wp-json\/wp\/v2\/types\/post"}],"author":[{"embeddable":true,"href":"https:\/\/lasprimeras.com.do\/index.php\/wp-json\/wp\/v2\/users\/3"}],"replies":[{"embeddable":true,"href":"https:\/\/lasprimeras.com.do\/index.php\/wp-json\/wp\/v2\/comments?post=63598"}],"version-history":[{"count":1,"href":"https:\/\/lasprimeras.com.do\/index.php\/wp-json\/wp\/v2\/posts\/63598\/revisions"}],"predecessor-version":[{"id":63600,"href":"https:\/\/lasprimeras.com.do\/index.php\/wp-json\/wp\/v2\/posts\/63598\/revisions\/63600"}],"wp:featuredmedia":[{"embeddable":true,"href":"https:\/\/lasprimeras.com.do\/index.php\/wp-json\/wp\/v2\/media\/63599"}],"wp:attachment":[{"href":"https:\/\/lasprimeras.com.do\/index.php\/wp-json\/wp\/v2\/media?parent=63598"}],"wp:term":[{"taxonomy":"category","embeddable":true,"href":"https:\/\/lasprimeras.com.do\/index.php\/wp-json\/wp\/v2\/categories?post=63598"},{"taxonomy":"post_tag","embeddable":true,"href":"https:\/\/lasprimeras.com.do\/index.php\/wp-json\/wp\/v2\/tags?post=63598"}],"curies":[{"name":"wp","href":"https:\/\/api.w.org\/{rel}","templated":true}]}}