{"id":63669,"date":"2023-10-13T23:32:57","date_gmt":"2023-10-14T03:32:57","guid":{"rendered":"https:\/\/lasprimeras.com.do\/?p=63669"},"modified":"2023-10-13T23:32:58","modified_gmt":"2023-10-14T03:32:58","slug":"exdirector-del-invi-mayobanex-escoto-seria-el-sustituto-de-rafael-hidalgo-en-cp-del-pld","status":"publish","type":"post","link":"https:\/\/lasprimeras.com.do\/index.php\/2023\/10\/13\/exdirector-del-invi-mayobanex-escoto-seria-el-sustituto-de-rafael-hidalgo-en-cp-del-pld\/","title":{"rendered":"Exdirector del INVI: Mayobanex Escoto ser\u00eda el sustituto de Rafael Hidalgo en CP del PLD"},"content":{"rendered":"\n<p><strong>Escoto, quien ese momento ocup\u00f3 el lugar 46 de 43 que entraron en ese proceso, culmin\u00f3 justo debajo de la exdirectora del Plan Social, Iris Guaba, quien ingres\u00f3 tras la salida del exsenador de Santiago, Julio C\u00e9sar Valent\u00edn.<\/strong><\/p>\n\n\n\n<p>El exalcalde de Azua y miembro del Comit\u00e9 Pol\u00edtico del Partido de la Liberaci\u00f3n Dominicana (PLD), Rafael Hidalgo, renunci\u00f3 de esa organizaci\u00f3n asegurando que dentro de esa entidad pol\u00edtica predominan la \u201cdiscriminaci\u00f3n\u201d y \u201cfalta de respeto\u201d en lo personal, en lo pol\u00edtico y en el desconocimiento de los espacios bien ganados\u201d y que pasaron a un \u201cprimer plano\u201d las decisiones individuales.<\/p>\n\n\n\n<p>La salida de Hidalgo del expartido oficialista deja una vacante en el m\u00e1ximo organismo del PLD, la cual de acuerdo a sus estatutos, la persona que haya quedado m\u00e1s cerca en el \u00faltimo proceso electivo es quien debe de ocupar esa vacante.<\/p>\n\n\n\n<p>\u201cA falta de miembros del Comit\u00e9 Central o del Comit\u00e9 Pol\u00edtico por renuncia, fallecimiento, expulsi\u00f3n o cualquier otra raz\u00f3n, ser\u00e1 reemplazados por aquellos miembros que hayan participado en procesos anteriores para ser elegidos al Comit\u00e9 Central o Comit\u00e9 Pol\u00edtico de acuerdo con el orden de votaci\u00f3n en el proceso democr\u00e1tico en que participaron\u201d, reza el p\u00e1rrafo II de art\u00edculo 17 de los estatutos del PLD y seg\u00fan ese par\u00e1metro, el \u00faltimo proceso electivo en cuesti\u00f3n ser\u00eda el realizado el pasado mes marzo del 2021.<\/p>\n\n\n\n<p>De acuerdo a los resultados de ese proceso competitivo, el exdirector del entonces Instituto Nacional de la Vivienda (INVI) Mayobanex Escoto, quien ese momento ocup\u00f3 el lugar 46 de 43 que entraron en ese proceso, es quien estar\u00eda reemplazando al exalcalde de Azua en el comit\u00e9 pol\u00edtico.<\/p>\n\n\n\n<p>Escoto culmin\u00f3 justo debajo de la exdirectora del Plan Social, Iris Guaba, quien ingres\u00f3 tras la salida del exsenador de Santiago, Julio C\u00e9sar Valent\u00edn, quien sali\u00f3 para fundar el partido Justicia Social.<\/p>\n\n\n\n<p><strong>FUNCIONARIO DE DANILO<\/strong><\/p>\n\n\n\n<p>Durante los Gobiernos del expresidente y presidente del PLD, Danilo Medina, Escoto ocup\u00f3 varias posiciones dentro del tren gubernamental.<\/p>\n\n\n\n<p>El mismo fue viceministro del Ministerio de Obras P\u00fablicas y Comunicaciones y luego fue director de Autoridad Portuaria, antes de ocupar la titularidad en el INVI, en donde se mantuvo hasta el 2020.<\/p>\n\n\n\n<p>Escoto actualmente es el secretario de organizaci\u00f3n del PLD.<\/p>\n\n\n\n<p><strong>SU JURAMENTACI\u00d3N<\/strong><\/p>\n\n\n\n<p>Escoto ser\u00eda juramentado en la pr\u00f3xima reuni\u00f3n del comit\u00e9 pol\u00edtico, la cual hasta el momento, no ha sido convocada.<\/p>\n","protected":false},"excerpt":{"rendered":"<p>Escoto, quien ese momento ocup\u00f3 el lugar 46 de 43 que entraron en ese proceso, culmin\u00f3 justo debajo de la exdirectora del Plan Social, Iris Guaba, quien ingres\u00f3 tras la&hellip;<\/p>\n","protected":false},"author":2,"featured_media":63670,"comment_status":"open","ping_status":"open","sticky":false,"template":"","format":"standard","meta":{"content-type":"","jetpack_post_was_ever_published":false,"_jetpack_newsletter_access":"","_jetpack_dont_email_post_to_subs":false,"_jetpack_newsletter_tier_id":0,"_jetpack_memberships_contains_paywalled_content":false,"_jetpack_memberships_contains_paid_content":false,"footnotes":""},"categories":[1],"tags":[5408,7447,8530,2989,269,8532,8531],"class_list":["post-63669","post","type-post","status-publish","format-standard","has-post-thumbnail","hentry","category-sin-categoria","tag-cp","tag-exdirector","tag-invi","tag-mayobanex-escoto","tag-pld","tag-rafael-hidalgo","tag-sustituto"],"jetpack_featured_media_url":"https:\/\/lasprimeras.com.do\/wp-content\/uploads\/2023\/10\/Mayobanex-Escoto-Vasquez.jpeg","jetpack-related-posts":[{"id":65778,"url":"https:\/\/lasprimeras.com.do\/index.php\/2023\/10\/31\/pld-juramenta-a-mayobanex-escoto-como-candidato-a-senador-por-montecristi\/","url_meta":{"origin":63669,"position":0},"title":"PLD juramenta a Mayobanex Escoto como candidato a senador por Montecristi","author":"BIMARY DE JES\u00daS Matos","date":"31 de octubre de 2023","format":false,"excerpt":"Santo Domingo.- El exdirector del Instituto Nacional de la Vivienda, Mayobanex Escoto, fue juramentado por el Partido de la Liberaci\u00f3n Dominicana (PLD) como candidato a senador por la provincia Montecristi. Escoto, quien es miembro del Comit\u00e9 Pol\u00edtico y actual Secretario de Organizaci\u00f3n del partido, manifest\u00f3 sentirse profundamente agradecido por la\u2026","rel":"","context":"En \u00abSin categor\u00eda\u00bb","block_context":{"text":"Sin categor\u00eda","link":"https:\/\/lasprimeras.com.do\/index.php\/category\/sin-categoria\/"},"img":{"alt_text":"","src":"https:\/\/i0.wp.com\/lasprimeras.com.do\/wp-content\/uploads\/2023\/10\/WhatsApp-Image-2023-10-30-at-2.58.48-PM.jpeg?resize=350%2C200&ssl=1","width":350,"height":200,"srcset":"https:\/\/i0.wp.com\/lasprimeras.com.do\/wp-content\/uploads\/2023\/10\/WhatsApp-Image-2023-10-30-at-2.58.48-PM.jpeg?resize=350%2C200&ssl=1 1x, https:\/\/i0.wp.com\/lasprimeras.com.do\/wp-content\/uploads\/2023\/10\/WhatsApp-Image-2023-10-30-at-2.58.48-PM.jpeg?resize=525%2C300&ssl=1 1.5x"},"classes":[]},{"id":104387,"url":"https:\/\/lasprimeras.com.do\/index.php\/2025\/07\/23\/mayobanex-escoto-resalta-pld-implementa-nueva-linea-organizativa-electoral\/","url_meta":{"origin":63669,"position":1},"title":"Mayobanex Escoto resalta PLD implementa nueva l\u00ednea organizativa-electoral","author":"Nelson Feliz","date":"23 de julio de 2025","format":false,"excerpt":"La Secretar\u00eda de Organizaci\u00f3n del Partido de la Liberaci\u00f3n Dominicana (PLD) celebr\u00f3 este mi\u00e9rcoles la reuni\u00f3n ordinaria correspondiente al mes de julio pasando balance a los informes de sus integrantes sobre la implementaci\u00f3n de la L\u00ednea Organizativa y Electoral, en la que ese \u00f3rgano de trabajo tiene un rol fundamental,\u2026","rel":"","context":"En \u00abPOLITICA\u00bb","block_context":{"text":"POLITICA","link":"https:\/\/lasprimeras.com.do\/index.php\/category\/politica\/"},"img":{"alt_text":"","src":"https:\/\/i0.wp.com\/lasprimeras.com.do\/wp-content\/uploads\/2025\/07\/ESCOTO.jpg?resize=350%2C200&ssl=1","width":350,"height":200,"srcset":"https:\/\/i0.wp.com\/lasprimeras.com.do\/wp-content\/uploads\/2025\/07\/ESCOTO.jpg?resize=350%2C200&ssl=1 1x, https:\/\/i0.wp.com\/lasprimeras.com.do\/wp-content\/uploads\/2025\/07\/ESCOTO.jpg?resize=525%2C300&ssl=1 1.5x, https:\/\/i0.wp.com\/lasprimeras.com.do\/wp-content\/uploads\/2025\/07\/ESCOTO.jpg?resize=700%2C400&ssl=1 2x"},"classes":[]},{"id":102349,"url":"https:\/\/lasprimeras.com.do\/index.php\/2025\/07\/03\/denuncian-abandono-de-la-cruz-de-manzanillo-campesinos-mueren-esperando-su-pension\/","url_meta":{"origin":63669,"position":2},"title":"Denuncian abandono de La Cruz de Manzanillo: campesinos mueren esperando su pensi\u00f3n","author":"Nelson Feliz","date":"3 de julio de 2025","format":false,"excerpt":"Mayobanex Escoto \u201cEn el PLD estamos trabajando en una reingenier\u00eda total de nuestra organizaci\u00f3n, enfoc\u00e1ndonos en los recintos electorales para fortalecer cada comit\u00e9 de base e intermedio\u201d. El miembro del Comit\u00e9 Pol\u00edtico y titular de la Secretar\u00eda de Organizaci\u00f3n del Partido de la Liberaci\u00f3n Dominicana (PLD), Mayobanex Escoto, denunci\u00f3 el\u2026","rel":"","context":"En \u00abPOLITICA\u00bb","block_context":{"text":"POLITICA","link":"https:\/\/lasprimeras.com.do\/index.php\/category\/politica\/"},"img":{"alt_text":"","src":"https:\/\/i0.wp.com\/lasprimeras.com.do\/wp-content\/uploads\/2025\/07\/Mayobanex-Escoto.jpg?resize=350%2C200&ssl=1","width":350,"height":200,"srcset":"https:\/\/i0.wp.com\/lasprimeras.com.do\/wp-content\/uploads\/2025\/07\/Mayobanex-Escoto.jpg?resize=350%2C200&ssl=1 1x, https:\/\/i0.wp.com\/lasprimeras.com.do\/wp-content\/uploads\/2025\/07\/Mayobanex-Escoto.jpg?resize=525%2C300&ssl=1 1.5x"},"classes":[]},{"id":100145,"url":"https:\/\/lasprimeras.com.do\/index.php\/2025\/06\/02\/implementacion-de-la-linea-organizativa-electoral-en-santiago-y-puerto-plata\/","url_meta":{"origin":63669,"position":3},"title":"Implementaci\u00f3n de la L\u00ednea Organizativa Electoral en Santiago y Puerto Plata","author":"Nelson Feliz","date":"2 de junio de 2025","format":false,"excerpt":"-Es prioridad en el PLD tener un Partido eficientemente organizado y electoralmente preparado. El miembro del Comit\u00e9 Pol\u00edtico del Partido de la Liberaci\u00f3n Dominicana (PLD) y de la Comisi\u00f3n de Implementaci\u00f3n de la L\u00ednea Organizativa y Electoral (LOE), Danilo D\u00edaz, precis\u00f3 que con el nuevo formato organizativo, vinculando las estructura\u2026","rel":"","context":"En \u00abPOLITICA\u00bb","block_context":{"text":"POLITICA","link":"https:\/\/lasprimeras.com.do\/index.php\/category\/politica\/"},"img":{"alt_text":"","src":"https:\/\/i0.wp.com\/lasprimeras.com.do\/wp-content\/uploads\/2025\/06\/Danilo-Diaz.jpg?resize=350%2C200&ssl=1","width":350,"height":200,"srcset":"https:\/\/i0.wp.com\/lasprimeras.com.do\/wp-content\/uploads\/2025\/06\/Danilo-Diaz.jpg?resize=350%2C200&ssl=1 1x, https:\/\/i0.wp.com\/lasprimeras.com.do\/wp-content\/uploads\/2025\/06\/Danilo-Diaz.jpg?resize=525%2C300&ssl=1 1.5x, https:\/\/i0.wp.com\/lasprimeras.com.do\/wp-content\/uploads\/2025\/06\/Danilo-Diaz.jpg?resize=700%2C400&ssl=1 2x"},"classes":[]},{"id":117964,"url":"https:\/\/lasprimeras.com.do\/index.php\/2025\/12\/18\/pld-inaugura-local-en-villa-vasquez\/","url_meta":{"origin":63669,"position":4},"title":"PLD inaugura local en Villa V\u00e1squez","author":"Nelson Feliz","date":"18 de diciembre de 2025","format":false,"excerpt":"Johnny Pujols encabeza recorrido por Montecristi y exhorta a fortalecer la organizaci\u00f3n rumbo a 2028 El Partido de la Liberaci\u00f3n Dominicana (PLD) est\u00e1 cerrando un a\u00f1o de avances y reposicionamiento con las actividades realizadas este diciembre al tiempo que advierte que la situaci\u00f3n del pa\u00eds es preocupante y demanda mayor\u2026","rel":"","context":"En \u00abPOLITICA\u00bb","block_context":{"text":"POLITICA","link":"https:\/\/lasprimeras.com.do\/index.php\/category\/politica\/"},"img":{"alt_text":"","src":"https:\/\/i0.wp.com\/lasprimeras.com.do\/wp-content\/uploads\/2025\/12\/Ruben-Bichara-y-Mayobanex-Escoto.jpg?resize=350%2C200&ssl=1","width":350,"height":200,"srcset":"https:\/\/i0.wp.com\/lasprimeras.com.do\/wp-content\/uploads\/2025\/12\/Ruben-Bichara-y-Mayobanex-Escoto.jpg?resize=350%2C200&ssl=1 1x, https:\/\/i0.wp.com\/lasprimeras.com.do\/wp-content\/uploads\/2025\/12\/Ruben-Bichara-y-Mayobanex-Escoto.jpg?resize=525%2C300&ssl=1 1.5x, https:\/\/i0.wp.com\/lasprimeras.com.do\/wp-content\/uploads\/2025\/12\/Ruben-Bichara-y-Mayobanex-Escoto.jpg?resize=700%2C400&ssl=1 2x"},"classes":[]},{"id":85600,"url":"https:\/\/lasprimeras.com.do\/index.php\/2024\/07\/03\/mayobanex-escoto-x-congreso-del-pld-marcara-nuevas-lineas-politicas\/","url_meta":{"origin":63669,"position":5},"title":"Mayobanex Escoto: X Congreso del PLD marcar\u00e1 nuevas l\u00edneas pol\u00edticas","author":"Nelson Feliz","date":"3 de julio de 2024","format":false,"excerpt":"La reestructuraci\u00f3n del PLD est\u00e1 marcada a realizarse en el X Congreso Reinaldo Pared Perez, afirma Mayobanex escoto, Secretario de Organizaci\u00f3n El secretario de Organizaci\u00f3n del Partido de la Liberaci\u00f3n Dominicana, Mayobanex Escoto, dijo que en la apertura del X Congreso Ordinario Reinaldo Pared P\u00e9rez, el pr\u00f3ximo domingo comenzar\u00e1 la\u2026","rel":"","context":"En \u00abPORTADA\u00bb","block_context":{"text":"PORTADA","link":"https:\/\/lasprimeras.com.do\/index.php\/category\/portada\/"},"img":{"alt_text":"","src":"https:\/\/i0.wp.com\/lasprimeras.com.do\/wp-content\/uploads\/2024\/07\/Mayo-escoto.jpeg?resize=350%2C200&ssl=1","width":350,"height":200},"classes":[]}],"jetpack_sharing_enabled":true,"_links":{"self":[{"href":"https:\/\/lasprimeras.com.do\/index.php\/wp-json\/wp\/v2\/posts\/63669","targetHints":{"allow":["GET"]}}],"collection":[{"href":"https:\/\/lasprimeras.com.do\/index.php\/wp-json\/wp\/v2\/posts"}],"about":[{"href":"https:\/\/lasprimeras.com.do\/index.php\/wp-json\/wp\/v2\/types\/post"}],"author":[{"embeddable":true,"href":"https:\/\/lasprimeras.com.do\/index.php\/wp-json\/wp\/v2\/users\/2"}],"replies":[{"embeddable":true,"href":"https:\/\/lasprimeras.com.do\/index.php\/wp-json\/wp\/v2\/comments?post=63669"}],"version-history":[{"count":1,"href":"https:\/\/lasprimeras.com.do\/index.php\/wp-json\/wp\/v2\/posts\/63669\/revisions"}],"predecessor-version":[{"id":63671,"href":"https:\/\/lasprimeras.com.do\/index.php\/wp-json\/wp\/v2\/posts\/63669\/revisions\/63671"}],"wp:featuredmedia":[{"embeddable":true,"href":"https:\/\/lasprimeras.com.do\/index.php\/wp-json\/wp\/v2\/media\/63670"}],"wp:attachment":[{"href":"https:\/\/lasprimeras.com.do\/index.php\/wp-json\/wp\/v2\/media?parent=63669"}],"wp:term":[{"taxonomy":"category","embeddable":true,"href":"https:\/\/lasprimeras.com.do\/index.php\/wp-json\/wp\/v2\/categories?post=63669"},{"taxonomy":"post_tag","embeddable":true,"href":"https:\/\/lasprimeras.com.do\/index.php\/wp-json\/wp\/v2\/tags?post=63669"}],"curies":[{"name":"wp","href":"https:\/\/api.w.org\/{rel}","templated":true}]}}