{"id":63672,"date":"2023-10-13T23:36:39","date_gmt":"2023-10-14T03:36:39","guid":{"rendered":"https:\/\/lasprimeras.com.do\/?p=63672"},"modified":"2023-10-13T23:36:39","modified_gmt":"2023-10-14T03:36:39","slug":"jce-continua-con-el-cronograma-para-convenciones-que-realizaran-las-organizaciones-politicas","status":"publish","type":"post","link":"https:\/\/lasprimeras.com.do\/index.php\/2023\/10\/13\/jce-continua-con-el-cronograma-para-convenciones-que-realizaran-las-organizaciones-politicas\/","title":{"rendered":"JCE contin\u00faa con el cronograma para convenciones que realizar\u00e1n las organizaciones pol\u00edticas"},"content":{"rendered":"\n<p>Por Martin Restituyo<\/p>\n\n\n\n<p>La Junta Central Electoral (JCE) contin\u00faa con el cronograma para las convenciones que realizar\u00e1n las organizaciones pol\u00edticas que no optaron por la modalidad de primarias, para la escogencia de sus candidatos y candidatas a cargos de elecci\u00f3n popular.<\/p>\n\n\n\n<p>Estas actividades deben realizarse a m\u00e1s tardar el \u00faltimo domingo de este mes de octubre, de acuerdo con lo establecido en el art\u00edculo 46 de la Ley 33-18 de cara a las pr\u00f3ximas elecciones de 2024.<\/p>\n\n\n\n<p>El \u00f3rgano electoral inform\u00f3 que las entidades pol\u00edticas realizar\u00e1n 55 asambleas a ser celebradas por 7 partidos y 1 movimiento pol\u00edtico: el Partido de la Liberaci\u00f3n Dominicana (PLD), Frente Amplio (FA), Partido Alianza Pa\u00eds (ALPA\u00cdS), Partido Humanista Dominicano (PHD), Partido Verde Dominicano (VERDE), Partido Democr\u00e1tico Alternativo (MODA), Partido Dem\u00f3crata Institucional (PDI) y el Movimiento Independiente del Municipio de Consuelo (MIMCO).<\/p>\n\n\n\n<p>E Partido de la Liberaci\u00f3n Dominicana (PLD) celebrar\u00e1 8 asambleas de delegados de manera simult\u00e1nea el s\u00e1bado 14 en el interior del pa\u00eds para seleccionar candidaturas en los niveles de regidur\u00edas, vocal\u00edas y directores\/as municipales, conforme al calendario suministrado por dicha organizaci\u00f3n pol\u00edtica que colocamos como anexo a la presente.<\/p>\n\n\n\n<p>En tanto que el Frente Amplio celebrar\u00e1 16 convenciones provinciales y municipales de delegados el s\u00e1bado 14 de octubre, seg\u00fan documento anexo y 1 Convenci\u00f3n Nacional de Delegados en fecha 15 de octubre a las 10:00 a. m. en PYHEX WORK, ubicado en la Av. John F. Kennedy No. 88, sector los Jardines, Distrito Nacional.<\/p>\n\n\n\n<p>En el caso del Partido Alianza Pa\u00eds (ALPA\u00cdS), la organizaci\u00f3n pol\u00edtica inform\u00f3 que ser\u00e1n realizadas 25 convenciones municipales de delegados de manera simult\u00e1nea el domingo 15 de octubre a las 9:00 a. m. en todos los municipios cabeceras de las provincias del pa\u00eds, exceptuando los de Pedernales, Monse\u00f1or Nouel, Independencia, Valverde, Azua, El\u00edas Pi\u00f1a y Mar\u00eda Trinidad S\u00e1nchez.<\/p>\n\n\n\n<p>De igual manera, el Partido Humanista Dominicano (PHD) llevar\u00e1 a cabo su Convenci\u00f3n Nacional Extraordinaria VII, el domingo 15 de octubre del a\u00f1o en curso a las 2:30 p. m. en el Sal\u00f3n Teatro La Fiesta del Hotel Jaragua, donde tambi\u00e9n tratar\u00e1n los temas relativos a elecci\u00f3n y proclamaci\u00f3n de candidaturas a nivel nacional, municipal, distrital y del exterior, as\u00ed como aprobaci\u00f3n de alianzas pol\u00edticas y rectificaci\u00f3n de modificaciones de logo y l\u00ednea gr\u00e1fica de esta organizaci\u00f3n pol\u00edtica.<\/p>\n\n\n\n<p>De acuerdo al calendario, el Partido Verde Dominicano (VERDE) celebrar\u00e1 su Convenci\u00f3n Nacional el domingo 15 de octubre del a\u00f1o en curso en el Sal\u00f3n Principal Ibiza del Hotel Catalonia, a las 8:00 a. m.<\/p>\n\n\n\n<p>Tambi\u00e9n el Partido Democr\u00e1tico Alternativo (MODA) celebrar\u00e1 su Quinto Pleno Nacional Ordinario de Dirigentes y Sexto Pleno Nacional Extraordinario el domingo 15 de octubre del a\u00f1o en curso en el Club San Carlos, a las 10:00 de la ma\u00f1ana.<\/p>\n\n\n\n<p>Mientras que el Partido Dem\u00f3crata Institucional (PDI) celebrar\u00e1 su VI Asamblea Nacional Ordinaria con sus delegados el domingo 15 de octubre del a\u00f1o en curso en la Asociaci\u00f3n de Mayoristas de Santo Domingo a las 9:00 de ma\u00f1ana.<\/p>\n\n\n\n<p>De igual forma, el Movimiento Independiente del Municipio de Consuelo (MIMCO) celebrar\u00e1 su Asamblea de delegados el domingo 15 de octubre del a\u00f1o en curso en la calle Juan Camilo No. 2, Barrio Hato Mayor, en el municipio de Consuelo, San Pedro de Macor\u00eds.<\/p>\n\n\n\n<p>La JCE informa que el s\u00e1bado 14 de octubre supervisara 24 asambleas, mientras que el domingo 15 ser\u00e1n supervisadas 31 asambleas. Para estos fines ser\u00e1n formados 31 equipos de trabajo a nivel nacional.<\/p>\n\n\n\n<p>Estos grupos estar\u00e1n conformados por una cantidad de abogados de la Direcci\u00f3n de Partidos Pol\u00edticos, abogados de Consultor\u00eda Jur\u00eddica, inspectores de la Direcci\u00f3n Nacional de Inspector\u00eda y choferes que ascienden a un estimado de 75 colaboradores de esta Junta Central Electoral.<\/p>\n","protected":false},"excerpt":{"rendered":"<p>Por Martin Restituyo La Junta Central Electoral (JCE) contin\u00faa con el cronograma para las convenciones que realizar\u00e1n las organizaciones pol\u00edticas que no optaron por la modalidad de primarias, para la&hellip;<\/p>\n","protected":false},"author":2,"featured_media":59036,"comment_status":"open","ping_status":"open","sticky":false,"template":"","format":"standard","meta":{"content-type":"","jetpack_post_was_ever_published":false,"_jetpack_newsletter_access":"","_jetpack_dont_email_post_to_subs":false,"_jetpack_newsletter_tier_id":0,"_jetpack_memberships_contains_paywalled_content":false,"_jetpack_memberships_contains_paid_content":false,"footnotes":""},"categories":[1],"tags":[8002,8533,183,986,1905],"class_list":["post-63672","post","type-post","status-publish","format-standard","has-post-thumbnail","hentry","category-sin-categoria","tag-convenciones","tag-cronograma","tag-jce","tag-organizaciones","tag-politicas"],"jetpack_featured_media_url":"https:\/\/lasprimeras.com.do\/wp-content\/uploads\/2023\/08\/jce-ratifica-sancionara-partidos-y-a-candidatos-violen-medida-legal.jpg","jetpack-related-posts":[{"id":62509,"url":"https:\/\/lasprimeras.com.do\/index.php\/2023\/10\/05\/jce-supervisara-y-fiscalizara-convenciones-de-organizaciones-politicas\/","url_meta":{"origin":63672,"position":0},"title":"JCE supervisar\u00e1 y fiscalizar\u00e1 convenciones de organizaciones pol\u00edticas","author":"Nelson Feliz","date":"5 de octubre de 2023","format":false,"excerpt":"La Junta Central Electoral (JCE), de conformidad con las disposiciones contenidas en la Ley 33-18 de Partidos, Agrupaciones y Movimientos Pol\u00edticos, supervisar\u00e1 y fiscalizar\u00e1 durante este mes de octubre las convenciones y asambleas de las organizaciones pol\u00edticas que escogieron esa modalidad para seleccionar sus candidatos a puestos de elecci\u00f3n popular.\u2026","rel":"","context":"En \u00abSin categor\u00eda\u00bb","block_context":{"text":"Sin categor\u00eda","link":"https:\/\/lasprimeras.com.do\/index.php\/category\/sin-categoria\/"},"img":{"alt_text":"JCE","src":"https:\/\/i0.wp.com\/lasprimeras.com.do\/wp-content\/uploads\/2023\/07\/JCE.jpg?resize=350%2C200&ssl=1","width":350,"height":200,"srcset":"https:\/\/i0.wp.com\/lasprimeras.com.do\/wp-content\/uploads\/2023\/07\/JCE.jpg?resize=350%2C200&ssl=1 1x, https:\/\/i0.wp.com\/lasprimeras.com.do\/wp-content\/uploads\/2023\/07\/JCE.jpg?resize=525%2C300&ssl=1 1.5x, https:\/\/i0.wp.com\/lasprimeras.com.do\/wp-content\/uploads\/2023\/07\/JCE.jpg?resize=700%2C400&ssl=1 2x"},"classes":[]},{"id":62721,"url":"https:\/\/lasprimeras.com.do\/index.php\/2023\/10\/06\/jce-supervisara-mas-de-centenar-de-asambleas-de-partidos-politicos\/","url_meta":{"origin":63672,"position":1},"title":"JCE supervisar\u00e1 mas de centenar de asambleas de partidos pol\u00edticos","author":"BIMARY DE JES\u00daS Matos","date":"6 de octubre de 2023","format":false,"excerpt":"Santo Domingo.- La Junta Central Electoral (JCE) inform\u00f3 este jueves de que supervisar\u00e1 y fiscalizar\u00e1 durante este mes de octubre las convenciones y asambleas de las organizaciones pol\u00edticas que escogieron esa modalidad para seleccionar sus candidatos a puestos de elecci\u00f3n popular. Este fin de semana la instituci\u00f3n supervisar\u00e1 117 asambleas\u2026","rel":"","context":"En \u00abSin categor\u00eda\u00bb","block_context":{"text":"Sin categor\u00eda","link":"https:\/\/lasprimeras.com.do\/index.php\/category\/sin-categoria\/"},"img":{"alt_text":"","src":"https:\/\/i0.wp.com\/lasprimeras.com.do\/wp-content\/uploads\/2023\/10\/WhatsApp-Image-2023-10-05-at-9.43.40-PM-14.jpeg?resize=350%2C200&ssl=1","width":350,"height":200},"classes":[]},{"id":65982,"url":"https:\/\/lasprimeras.com.do\/index.php\/2023\/11\/02\/jce-superviso-360-convenciones-de-39-organizaciones-politicas\/","url_meta":{"origin":63672,"position":2},"title":"JCE supervis\u00f3 360 convenciones de 39 organizaciones pol\u00edticas","author":"BIMARY DE JES\u00daS Matos","date":"2 de noviembre de 2023","format":false,"excerpt":"Santo Domingo.- La Junta Central Electoral (JCE) inform\u00f3 este mi\u00e9rcoles de que supervis\u00f3 y fiscaliz\u00f3 360 convenciones realizadas por 39 organizaciones pol\u00edticas de las 42 actualmente reconocidas. El organismo record\u00f3 en un comunicado que el 29 de octubre pasado concluy\u00f3 el plazo para que los partidos, movimientos y agrupaciones pol\u00edticas\u2026","rel":"","context":"En \u00abSin categor\u00eda\u00bb","block_context":{"text":"Sin categor\u00eda","link":"https:\/\/lasprimeras.com.do\/index.php\/category\/sin-categoria\/"},"img":{"alt_text":"","src":"https:\/\/i0.wp.com\/lasprimeras.com.do\/wp-content\/uploads\/2023\/11\/WhatsApp-Image-2023-10-31-at-11.41.17-AM-4.jpeg?resize=350%2C200&ssl=1","width":350,"height":200},"classes":[]},{"id":65907,"url":"https:\/\/lasprimeras.com.do\/index.php\/2023\/11\/01\/jce-superviso-360-convenciones-en-39-organizaciones-politicas\/","url_meta":{"origin":63672,"position":3},"title":"JCE supervis\u00f3 360 convenciones en 39 organizaciones pol\u00edticas","author":"BIMARY DE JES\u00daS Matos","date":"1 de noviembre de 2023","format":false,"excerpt":"Santo Domingo.\u2013 La Junta Central Electoral (JCE) inform\u00f3 que supervis\u00f3 y fiscaliz\u00f3 360 convenciones realizadas por 39 organizaciones pol\u00edticas, de las 42 actualmente reconocidas, al tiempo que record\u00f3 que el pasado 29 de octubre concluy\u00f3 el plazo para los partidos, movimiento y agrupaciones pol\u00edticas realizar asambleas y encuestas para escogencia\u2026","rel":"","context":"En \u00abSin categor\u00eda\u00bb","block_context":{"text":"Sin categor\u00eda","link":"https:\/\/lasprimeras.com.do\/index.php\/category\/sin-categoria\/"},"img":{"alt_text":"","src":"https:\/\/i0.wp.com\/lasprimeras.com.do\/wp-content\/uploads\/2023\/11\/WhatsApp-Image-2023-11-01-at-9.19.48-AM-2.webp?resize=350%2C200&ssl=1","width":350,"height":200,"srcset":"https:\/\/i0.wp.com\/lasprimeras.com.do\/wp-content\/uploads\/2023\/11\/WhatsApp-Image-2023-11-01-at-9.19.48-AM-2.webp?resize=350%2C200&ssl=1 1x, https:\/\/i0.wp.com\/lasprimeras.com.do\/wp-content\/uploads\/2023\/11\/WhatsApp-Image-2023-11-01-at-9.19.48-AM-2.webp?resize=525%2C300&ssl=1 1.5x"},"classes":[]},{"id":61654,"url":"https:\/\/lasprimeras.com.do\/index.php\/2023\/09\/29\/jce-informa-todo-esta-listo-para-primarias-y-convenciones-de-este-fin-de-semana\/","url_meta":{"origin":63672,"position":4},"title":"JCE informa todo est\u00e1 listo para primarias y convenciones de este fin de semana","author":"Nelson Feliz","date":"29 de septiembre de 2023","format":false,"excerpt":"Por Mart\u00edn Restituyo La Junta Central Electoral (JCE) inform\u00f3 que todo est\u00e1 listo para la celebraci\u00f3n de las primarias y la supervisi\u00f3n de convenciones de este fin de semana de las organizaciones pol\u00edticas que escogieran estas modalidades para elegir sus candidatos a puestos electivos. Este s\u00e1bado 29 de septiembre la\u2026","rel":"","context":"En \u00abNACIONALES\u00bb","block_context":{"text":"NACIONALES","link":"https:\/\/lasprimeras.com.do\/index.php\/category\/nacionales\/"},"img":{"alt_text":"Junta Central Electoral","src":"https:\/\/i0.wp.com\/lasprimeras.com.do\/wp-content\/uploads\/2023\/09\/Junta-Central-Electoral.jpg?resize=350%2C200&ssl=1","width":350,"height":200,"srcset":"https:\/\/i0.wp.com\/lasprimeras.com.do\/wp-content\/uploads\/2023\/09\/Junta-Central-Electoral.jpg?resize=350%2C200&ssl=1 1x, https:\/\/i0.wp.com\/lasprimeras.com.do\/wp-content\/uploads\/2023\/09\/Junta-Central-Electoral.jpg?resize=525%2C300&ssl=1 1.5x, https:\/\/i0.wp.com\/lasprimeras.com.do\/wp-content\/uploads\/2023\/09\/Junta-Central-Electoral.jpg?resize=700%2C400&ssl=1 2x"},"classes":[]},{"id":120360,"url":"https:\/\/lasprimeras.com.do\/index.php\/2026\/01\/22\/jce-presenta-avances-del-cambio-de-la-nueva-cedula-a-organizaciones-politicas\/","url_meta":{"origin":63672,"position":5},"title":"JCE presenta avances del cambio de la nueva c\u00e9dula a organizaciones pol\u00edticas","author":"Nelson Feliz","date":"22 de enero de 2026","format":false,"excerpt":"La Junta Central Electoral (JCE) realiz\u00f3 este jueves una sesi\u00f3n informativa y operativa dirigida a delegados de las organizaciones pol\u00edticas, con el objetivo de presentar los avances en el flujo del proceso de cambio de la c\u00e9dula de identidad y c\u00e9dula de identidad y electoral. La reuni\u00f3n fue encabezada por\u2026","rel":"","context":"En \u00abSin categor\u00eda\u00bb","block_context":{"text":"Sin categor\u00eda","link":"https:\/\/lasprimeras.com.do\/index.php\/category\/sin-categoria\/"},"img":{"alt_text":"","src":"https:\/\/i0.wp.com\/lasprimeras.com.do\/wp-content\/uploads\/2026\/01\/Avances-1.jpg?resize=350%2C200&ssl=1","width":350,"height":200,"srcset":"https:\/\/i0.wp.com\/lasprimeras.com.do\/wp-content\/uploads\/2026\/01\/Avances-1.jpg?resize=350%2C200&ssl=1 1x, https:\/\/i0.wp.com\/lasprimeras.com.do\/wp-content\/uploads\/2026\/01\/Avances-1.jpg?resize=525%2C300&ssl=1 1.5x, https:\/\/i0.wp.com\/lasprimeras.com.do\/wp-content\/uploads\/2026\/01\/Avances-1.jpg?resize=700%2C400&ssl=1 2x"},"classes":[]}],"jetpack_sharing_enabled":true,"_links":{"self":[{"href":"https:\/\/lasprimeras.com.do\/index.php\/wp-json\/wp\/v2\/posts\/63672","targetHints":{"allow":["GET"]}}],"collection":[{"href":"https:\/\/lasprimeras.com.do\/index.php\/wp-json\/wp\/v2\/posts"}],"about":[{"href":"https:\/\/lasprimeras.com.do\/index.php\/wp-json\/wp\/v2\/types\/post"}],"author":[{"embeddable":true,"href":"https:\/\/lasprimeras.com.do\/index.php\/wp-json\/wp\/v2\/users\/2"}],"replies":[{"embeddable":true,"href":"https:\/\/lasprimeras.com.do\/index.php\/wp-json\/wp\/v2\/comments?post=63672"}],"version-history":[{"count":1,"href":"https:\/\/lasprimeras.com.do\/index.php\/wp-json\/wp\/v2\/posts\/63672\/revisions"}],"predecessor-version":[{"id":63673,"href":"https:\/\/lasprimeras.com.do\/index.php\/wp-json\/wp\/v2\/posts\/63672\/revisions\/63673"}],"wp:featuredmedia":[{"embeddable":true,"href":"https:\/\/lasprimeras.com.do\/index.php\/wp-json\/wp\/v2\/media\/59036"}],"wp:attachment":[{"href":"https:\/\/lasprimeras.com.do\/index.php\/wp-json\/wp\/v2\/media?parent=63672"}],"wp:term":[{"taxonomy":"category","embeddable":true,"href":"https:\/\/lasprimeras.com.do\/index.php\/wp-json\/wp\/v2\/categories?post=63672"},{"taxonomy":"post_tag","embeddable":true,"href":"https:\/\/lasprimeras.com.do\/index.php\/wp-json\/wp\/v2\/tags?post=63672"}],"curies":[{"name":"wp","href":"https:\/\/api.w.org\/{rel}","templated":true}]}}