{"id":63681,"date":"2023-10-14T22:58:20","date_gmt":"2023-10-15T02:58:20","guid":{"rendered":"https:\/\/lasprimeras.com.do\/?p=63681"},"modified":"2023-10-14T22:58:21","modified_gmt":"2023-10-15T02:58:21","slug":"el-gobierno-entrega-bonos-de-emergencia-a-comerciantes-de-elias-pina","status":"publish","type":"post","link":"https:\/\/lasprimeras.com.do\/index.php\/2023\/10\/14\/el-gobierno-entrega-bonos-de-emergencia-a-comerciantes-de-elias-pina\/","title":{"rendered":"El Gobierno entrega bonos de emergencia a comerciantes de El\u00edas Pi\u00f1a"},"content":{"rendered":"\n<p><strong>Roberto \u00c1ngel, director general de Proyectos Especiales de la Presidencia, encabez\u00f3 la entrega junto a la subdirectora del programa SUP\u00c9RATE, Siria Fr\u00edas; 74 peque\u00f1os comerciantes fueron beneficiados.<\/strong><\/p>\n\n\n\n<p>El director general de Proyectos Estrat\u00e9gicos y Especiales de la Presidencia, Roberto \u00c1ngel Salcedo, encabez\u00f3 este s\u00e1bado la entrega de Bonos de Emergencia del Gobierno a 74 micros y&nbsp; peque\u00f1os comerciantes del mercado binacional que opera en Comendador, provincia El\u00edas Pi\u00f1a.<\/p>\n\n\n\n<p>Durante un acto en la sede de la Gobernaci\u00f3n provincial, Roberto \u00c1ngel hizo la entrega junto a la subdirectora del programa Sup\u00e9rate, Siria Fr\u00edas.<\/p>\n\n\n\n<p>Dijo que esta entrega fue autorizada por el presidente Luis Abinader, para mitigar el cese de sus operaciones por el cierre de los pasos fronterizos con Hait\u00ed, dispuesto para exigir de ese pa\u00eds la paralizaci\u00f3n de la construcci\u00f3n del canal que desviar\u00eda el cauce del r\u00edo Masacre y que afectar\u00eda a los productores dominicanos.<\/p>\n\n\n\n<p>Acompa\u00f1ado de la gobernadora provincial Millys Jhoanna Mart\u00ednez Morillo, el alcalde municipal, Julio Altagracia N\u00fa\u00f1ez P\u00e9rez, y de la subdirectora general del Programa Sup\u00e9rate, Siria Fr\u00edas, y de la alcaldesa de Banica, Yissel Santana.<\/p>\n\n\n\n<p>Salcedo expres\u00f3 que con el bono y otros planes de ayudas en los municipios con pasos fronterizos, se ha impactado a miles de familias afectadas por el conflicto con Hait\u00ed.<\/p>\n\n\n\n<p>Sostuvo que estas ayudas han sido partes de la m\u00edstica y las caracter\u00edsticas enarboladas por&nbsp; el presidente Luis Abinader desde el inicio de su gobierno, en agosto de 2020, basadas en&nbsp; el desarrollo de programas sociales en beneficio de las personas y familias m\u00e1s vulnerables del pa\u00eds.<\/p>\n\n\n\n<p>Record\u00f3 que desde el inicio de su gesti\u00f3n el presidente Luis Abinader ha tenido que enfrentar con eficiencia los efectos derivados de la pandemia de covid-19, las alzas en los combustibles y los precios de los art\u00edculos b\u00e1sicos por la guerra en Ucrania y por los fen\u00f3menos atmosf\u00e9ricos Fiona y Franklin, que han impactado al pa\u00eds, y especialmente a las familias que viven en extrema pobreza.<\/p>\n\n\n\n<p>Roberto \u00c1ngel destac\u00f3 que la mano del Gobierno ha dicho presente ante el cierre fronterizo y busca resarcir su impacto en el comercio y en las comunidades m\u00e1s pr\u00f3ximas.<\/p>\n\n\n\n<p>Enfatiz\u00f3 que el presidente Luis Abinader seguir\u00e1 realizando grandes&nbsp; esfuerzos para ayudarlos, por lo cual los exhort\u00f3 a mantener la confianza en su administraci\u00f3n y las autoridades locales.<\/p>\n\n\n\n<p><strong>Bonos de hasta RD$25 mil<\/strong><\/p>\n\n\n\n<p>De su lado, la subdirectora general del programa SUP\u00c9RATE, Siria Fr\u00edas, explic\u00f3 que los comerciantes favorecidos con el Bono&nbsp; de Emergencia recibir\u00e1n entre 15 mil a 25 mil pesos de manera temporal.<\/p>\n\n\n\n<p>Dijo esta ayuda ha sido ordenada por el presidente Luis Abinader a trav\u00e9s de los programas SUP\u00c9RATE, el Sistema \u00danico de Beneficiarios (SIUBEN)&nbsp; y la Administradora de Subsidios Sociales y Especiales (ADEES).<\/p>\n\n\n\n<p>Explic\u00f3 que este subsidio ser\u00e1 ampliado en los pr\u00f3ximos d\u00edas para extenderlo a otros sectores afectados por el cierre del mercado binacional de El\u00edas Pi\u00f1a y los dem\u00e1s que han dejado de operar en los pasos fronterizos.<\/p>\n\n\n\n<p><strong>Beneficiarios agradecen ayuda<\/strong><\/p>\n\n\n\n<p>Cristian Valdez Encarnaci\u00f3n, uno de los peque\u00f1os empresarios beneficiados, agradeci\u00f3 la ayuda y la calific\u00f3 positiva, porque entiende que servir\u00e1 para mitigar los efectos que ha generado el cierre del comercio fronterizo.<\/p>\n\n\n\n<p>&#8220;Este bono de emergencia es de mucha ayuda para nosotros y nuestras familias, porque con el podremos hacer una comprita y sostenernos mientras se abre la puerta de la frontera&#8221;, explic\u00f3 Valdez Encarnaci\u00f3n, comerciantes de ropas usadas.<\/p>\n\n\n\n<p>Tambi\u00e9n fue beneficiada la se\u00f1ora Celsa Garc\u00eda Cordero, comerciante de yuca, pl\u00e1tanos y guineos, quien agradeci\u00f3 al gobierno la ayuda, la que asegura da mucha paz y tranquilidad, no solo a ella sino a todos los afectados en el municipio Comendador y en toda la provincia.<\/p>\n\n\n\n<p>&#8220;Estamos muy agradecidos del presidente Abinader por enviarnos este bono que tanta falta nos hac\u00eda&#8221;, expres\u00f3.<\/p>\n\n\n\n<p><strong>Autoridades presentes<\/strong><\/p>\n\n\n\n<p>En la entrega del bono de emergencia estuvieron presentes adem\u00e1s, la gobernadora Milly Johanna Mart\u00ednez, el alcalde de Comendador, Julio N\u00fa\u00f1ez P\u00e9rez Siria Fr\u00edas, subdirectora de Sup\u00e9rate, entre otras autoridades provinciales y municipales.<\/p>\n\n\n\n<p><strong>Jornada Primero T\u00fa&nbsp; y Paseo de los Colores<\/strong><\/p>\n\n\n\n<p>Previo a la entrega de los Bonos de Emergencia, Roberto \u00c1ngel encabez\u00f3 la jornada de inclusi\u00f3n social Primero T\u00fa n\u00famero 126, realizada en el Liceo Secundario Gast\u00f3n Fernando Deligne, de Comendador.<\/p>\n\n\n\n<p>En \u00e9sta, miles de personas, incluidas mujeres embarazadas, adultos mayores y envejecientes recibieron asistencia m\u00e9dica y servicios que ofrecen unas 17 instituciones del Estado.<\/p>\n\n\n\n<p>Luego, junto a la gobernadora provincial, Millys Jhoanna Mart\u00ednez Castillo, y el alcalde Julio Altagracia N\u00fa\u00f1ez P\u00e9rez y otras autoridades municipales&nbsp; inauguraron el Paseo de los Colores en la pared perimetral de la Gobernaci\u00f3n provincial, en la calle Mar\u00eda Teresa de Jes\u00fas.<\/p>\n\n\n\n<p>Este es el Paseo de los Colores n\u00famero 28 del presente a\u00f1o creado por Propeep para el embellecimiento urban\u00edstico de las ciudades y municipios, dentro del programa Ciudad Cultural y Creativa.<\/p>\n\n\n\n<p>Posteriormente, asisti\u00f3 a la entrega de cestas alimenticias en el Centro Educativo de Nivel B\u00e1sico del distrito municipal Guanito, como parte del programa Cerca de Ti.<\/p>\n","protected":false},"excerpt":{"rendered":"<p>Roberto \u00c1ngel, director general de Proyectos Especiales de la Presidencia, encabez\u00f3 la entrega junto a la subdirectora del programa SUP\u00c9RATE, Siria Fr\u00edas; 74 peque\u00f1os comerciantes fueron beneficiados. El director general&hellip;<\/p>\n","protected":false},"author":2,"featured_media":63682,"comment_status":"open","ping_status":"open","sticky":false,"template":"","format":"standard","meta":{"content-type":"","jetpack_post_was_ever_published":false,"_jetpack_newsletter_access":"","_jetpack_dont_email_post_to_subs":false,"_jetpack_newsletter_tier_id":0,"_jetpack_memberships_contains_paywalled_content":false,"_jetpack_memberships_contains_paid_content":false,"footnotes":""},"categories":[35,25],"tags":[3177,1449,241,560,171],"class_list":["post-63681","post","type-post","status-publish","format-standard","has-post-thumbnail","hentry","category-nacionales","category-portada","tag-bonos","tag-comerciantes","tag-elias-pina","tag-emergencia","tag-gobierno"],"jetpack_featured_media_url":"https:\/\/lasprimeras.com.do\/wp-content\/uploads\/2023\/10\/Roberto-Angel-Salcedo-3.jpg","jetpack-related-posts":[{"id":67324,"url":"https:\/\/lasprimeras.com.do\/index.php\/2023\/11\/15\/gobierno-entregara-segundo-pago-del-bono-fronterizo\/","url_meta":{"origin":63681,"position":0},"title":"Gobierno entregar\u00e1 segundo pago del Bono Fronterizo","author":"BIMARY DE JES\u00daS Matos","date":"15 de noviembre de 2023","format":false,"excerpt":"Santo Domingo.-El Gobierno anunci\u00f3 ayer la entrega de la segunda cuota del Bono de Emergencia a m\u00e1s de 1,000 peque\u00f1os comerciantes de Dajab\u00f3n y El\u00edas Pi\u00f1a. Como hab\u00eda establecido el Comit\u00e9 de Emergencia Sup\u00e9rate (CES), bajo la direcci\u00f3n de Gloria Reyes, el Bono de Emergencia ser\u00eda entregado por espacio de\u2026","rel":"","context":"En \u00abPORTADA\u00bb","block_context":{"text":"PORTADA","link":"https:\/\/lasprimeras.com.do\/index.php\/category\/portada\/"},"img":{"alt_text":"","src":"https:\/\/i0.wp.com\/lasprimeras.com.do\/wp-content\/uploads\/2023\/11\/WhatsApp-Image-2023-11-14-at-10.40.46-PM-1.jpeg?resize=350%2C200&ssl=1","width":350,"height":200,"srcset":"https:\/\/i0.wp.com\/lasprimeras.com.do\/wp-content\/uploads\/2023\/11\/WhatsApp-Image-2023-11-14-at-10.40.46-PM-1.jpeg?resize=350%2C200&ssl=1 1x, https:\/\/i0.wp.com\/lasprimeras.com.do\/wp-content\/uploads\/2023\/11\/WhatsApp-Image-2023-11-14-at-10.40.46-PM-1.jpeg?resize=525%2C300&ssl=1 1.5x, https:\/\/i0.wp.com\/lasprimeras.com.do\/wp-content\/uploads\/2023\/11\/WhatsApp-Image-2023-11-14-at-10.40.46-PM-1.jpeg?resize=700%2C400&ssl=1 2x"},"classes":[]},{"id":60898,"url":"https:\/\/lasprimeras.com.do\/index.php\/2023\/09\/19\/roberto-angel-coordina-asistencia-social-a-familias-vulnerables-de-elias-pina\/","url_meta":{"origin":63681,"position":1},"title":"Roberto \u00c1ngel coordina asistencia social a familias vulnerables de El\u00edas Pi\u00f1a","author":"Nelson Feliz","date":"19 de septiembre de 2023","format":false,"excerpt":"Salcedo encabez\u00f3 la reuni\u00f3n junto a Rolfi Rojas, presidente de la Comisi\u00f3n Presidencial de Apoyo al Desarrollo Barrial El director de Proyectos Estrat\u00e9gicos y Especiales de la Presidencia, Roberto \u00c1ngel Salcedo, sostuvo un encuentro este martes con autoridades, comerciantes, presidentes de juntas de vecinos y otros l\u00edderes comunitarios y religiosos\u2026","rel":"","context":"En \u00abPORTADA\u00bb","block_context":{"text":"PORTADA","link":"https:\/\/lasprimeras.com.do\/index.php\/category\/portada\/"},"img":{"alt_text":"Roberto \u00c1ngel Salcedo","src":"https:\/\/i0.wp.com\/lasprimeras.com.do\/wp-content\/uploads\/2023\/09\/Roberto-Angel-Salcedo-5-1.jpg?resize=350%2C200&ssl=1","width":350,"height":200,"srcset":"https:\/\/i0.wp.com\/lasprimeras.com.do\/wp-content\/uploads\/2023\/09\/Roberto-Angel-Salcedo-5-1.jpg?resize=350%2C200&ssl=1 1x, https:\/\/i0.wp.com\/lasprimeras.com.do\/wp-content\/uploads\/2023\/09\/Roberto-Angel-Salcedo-5-1.jpg?resize=525%2C300&ssl=1 1.5x, https:\/\/i0.wp.com\/lasprimeras.com.do\/wp-content\/uploads\/2023\/09\/Roberto-Angel-Salcedo-5-1.jpg?resize=700%2C400&ssl=1 2x"},"classes":[]},{"id":109097,"url":"https:\/\/lasprimeras.com.do\/index.php\/2025\/09\/14\/pobladores-de-las-provincias-del-noroeste-valoran-cercania-del-gobierno-a-traves-de-propeep\/","url_meta":{"origin":63681,"position":2},"title":"Pobladores de las provincias del noroeste, valoran cercan\u00eda del Gobierno a trav\u00e9s de Propeep","author":"Nelson Feliz","date":"14 de septiembre de 2025","format":false,"excerpt":"Robert Polanco y Yenny Chaljub desarrollan desde el viernes una intensa agenda de trabajo que abarcaron los poblados: R\u00edo Limpio de El\u00edas Pi\u00f1a; El Pino de Dajab\u00f3n; Monci\u00f3n, Villa Los Alm\u00e1cigos de Santiago Rodr\u00edguez y Mao, Valverde. El director de los Proyectos Estrat\u00e9gicos y Especiales de la Presidencia (Propeep )\u2026","rel":"","context":"En \u00abNACIONALES\u00bb","block_context":{"text":"NACIONALES","link":"https:\/\/lasprimeras.com.do\/index.php\/category\/nacionales\/"},"img":{"alt_text":"","src":"https:\/\/i0.wp.com\/lasprimeras.com.do\/wp-content\/uploads\/2025\/09\/ROBERT-1.jpg?resize=350%2C200&ssl=1","width":350,"height":200,"srcset":"https:\/\/i0.wp.com\/lasprimeras.com.do\/wp-content\/uploads\/2025\/09\/ROBERT-1.jpg?resize=350%2C200&ssl=1 1x, https:\/\/i0.wp.com\/lasprimeras.com.do\/wp-content\/uploads\/2025\/09\/ROBERT-1.jpg?resize=525%2C300&ssl=1 1.5x, https:\/\/i0.wp.com\/lasprimeras.com.do\/wp-content\/uploads\/2025\/09\/ROBERT-1.jpg?resize=700%2C400&ssl=1 2x"},"classes":[]},{"id":61044,"url":"https:\/\/lasprimeras.com.do\/index.php\/2023\/09\/21\/roberto-angel-asegura-pueblos-fronterizos-son-prioridad-para-el-presidente-abinader\/","url_meta":{"origin":63681,"position":3},"title":"Roberto \u00c1ngel asegura pueblos fronterizos son prioridad para el presidente Abinader","author":"Nelson Feliz","date":"21 de septiembre de 2023","format":false,"excerpt":"En \u00faltimos tres d\u00edas miles de personas resultan beneficiadas con acciones sociales del Gobierno en comunidades vulnerables de Comendador, Hondo Valle y Juan Santiago en Elias Pi\u00f1a; El Cercado y La Rancha, en la provincia San Juan. El director de los proyectos Estrat\u00e9gicos y Especiales de la Presidencia, Roberto \u00c1ngel\u2026","rel":"","context":"En \u00abPORTADA\u00bb","block_context":{"text":"PORTADA","link":"https:\/\/lasprimeras.com.do\/index.php\/category\/portada\/"},"img":{"alt_text":"Roberto \u00c1ngel Salcedo","src":"https:\/\/i0.wp.com\/lasprimeras.com.do\/wp-content\/uploads\/2023\/09\/Roberto-Angel-Salcedo-6-1.jpg?resize=350%2C200&ssl=1","width":350,"height":200,"srcset":"https:\/\/i0.wp.com\/lasprimeras.com.do\/wp-content\/uploads\/2023\/09\/Roberto-Angel-Salcedo-6-1.jpg?resize=350%2C200&ssl=1 1x, https:\/\/i0.wp.com\/lasprimeras.com.do\/wp-content\/uploads\/2023\/09\/Roberto-Angel-Salcedo-6-1.jpg?resize=525%2C300&ssl=1 1.5x, https:\/\/i0.wp.com\/lasprimeras.com.do\/wp-content\/uploads\/2023\/09\/Roberto-Angel-Salcedo-6-1.jpg?resize=700%2C400&ssl=1 2x"},"classes":[]},{"id":90216,"url":"https:\/\/lasprimeras.com.do\/index.php\/2024\/10\/15\/roberto-angel-gobierno-profundiza-programas-para-reducir-pobreza-extrema-y-exclusion-social\/","url_meta":{"origin":63681,"position":4},"title":"Roberto \u00c1ngel: Gobierno profundiza programas para reducir pobreza extrema y exclusi\u00f3n social","author":"Nelson Feliz","date":"15 de octubre de 2024","format":false,"excerpt":"M\u00e1s de cinco mil personas recibieron servicios y asistencia social en los \u00faltimos d\u00edas en las provincias El\u00edas Pi\u00f1a y San Juan en el desarrollo de las jornadas \"Primero T\u00fa\" y\"Cerca de T\u00ed\" que lleva a cabo Propeep El presidente Luis Abinader en sus primeros cuatro a\u00f1os de gesti\u00f3n fortaleci\u00f3\u2026","rel":"","context":"En \u00abECONOM\u00cdA\u00bb","block_context":{"text":"ECONOM\u00cdA","link":"https:\/\/lasprimeras.com.do\/index.php\/category\/economia\/"},"img":{"alt_text":"Roberto \u00c1ngel Salcedo","src":"https:\/\/i0.wp.com\/lasprimeras.com.do\/wp-content\/uploads\/2024\/10\/Roberto-Angel-Salcedo-3.jpg?resize=350%2C200&ssl=1","width":350,"height":200,"srcset":"https:\/\/i0.wp.com\/lasprimeras.com.do\/wp-content\/uploads\/2024\/10\/Roberto-Angel-Salcedo-3.jpg?resize=350%2C200&ssl=1 1x, https:\/\/i0.wp.com\/lasprimeras.com.do\/wp-content\/uploads\/2024\/10\/Roberto-Angel-Salcedo-3.jpg?resize=525%2C300&ssl=1 1.5x, https:\/\/i0.wp.com\/lasprimeras.com.do\/wp-content\/uploads\/2024\/10\/Roberto-Angel-Salcedo-3.jpg?resize=700%2C400&ssl=1 2x"},"classes":[]},{"id":67920,"url":"https:\/\/lasprimeras.com.do\/index.php\/2023\/11\/20\/roberto-angel-encabeza-la-accion-social-del-gobierno-en-san-jose-de-ocoa\/","url_meta":{"origin":63681,"position":5},"title":"Roberto \u00c1ngel encabeza la acci\u00f3n social del Gobierno en San Jos\u00e9 de Ocoa","author":"Nelson Feliz","date":"20 de noviembre de 2023","format":false,"excerpt":"Anuncia Gobierno remozar\u00e1 casas da\u00f1adas por lluvias e inundaciones y supervisa entrega raciones alimenticias, colchones, otros suministros y servicios. El director de Proyectos Estrat\u00e9gicos y Especiales de la Presidencia, Roberto \u00c1ngel Salcedo, encabez\u00f3 este lunes las acciones sociales del Gobierno en esta provincia y por instrucciones del presidente Luis Abinader\u2026","rel":"","context":"En \u00abNACIONALES\u00bb","block_context":{"text":"NACIONALES","link":"https:\/\/lasprimeras.com.do\/index.php\/category\/nacionales\/"},"img":{"alt_text":"Roberto \u00c1ngel Salcedo","src":"https:\/\/i0.wp.com\/lasprimeras.com.do\/wp-content\/uploads\/2023\/11\/Roberto-Angel-Salcedo.jpg?resize=350%2C200&ssl=1","width":350,"height":200,"srcset":"https:\/\/i0.wp.com\/lasprimeras.com.do\/wp-content\/uploads\/2023\/11\/Roberto-Angel-Salcedo.jpg?resize=350%2C200&ssl=1 1x, https:\/\/i0.wp.com\/lasprimeras.com.do\/wp-content\/uploads\/2023\/11\/Roberto-Angel-Salcedo.jpg?resize=525%2C300&ssl=1 1.5x, https:\/\/i0.wp.com\/lasprimeras.com.do\/wp-content\/uploads\/2023\/11\/Roberto-Angel-Salcedo.jpg?resize=700%2C400&ssl=1 2x"},"classes":[]}],"jetpack_sharing_enabled":true,"_links":{"self":[{"href":"https:\/\/lasprimeras.com.do\/index.php\/wp-json\/wp\/v2\/posts\/63681","targetHints":{"allow":["GET"]}}],"collection":[{"href":"https:\/\/lasprimeras.com.do\/index.php\/wp-json\/wp\/v2\/posts"}],"about":[{"href":"https:\/\/lasprimeras.com.do\/index.php\/wp-json\/wp\/v2\/types\/post"}],"author":[{"embeddable":true,"href":"https:\/\/lasprimeras.com.do\/index.php\/wp-json\/wp\/v2\/users\/2"}],"replies":[{"embeddable":true,"href":"https:\/\/lasprimeras.com.do\/index.php\/wp-json\/wp\/v2\/comments?post=63681"}],"version-history":[{"count":1,"href":"https:\/\/lasprimeras.com.do\/index.php\/wp-json\/wp\/v2\/posts\/63681\/revisions"}],"predecessor-version":[{"id":63683,"href":"https:\/\/lasprimeras.com.do\/index.php\/wp-json\/wp\/v2\/posts\/63681\/revisions\/63683"}],"wp:featuredmedia":[{"embeddable":true,"href":"https:\/\/lasprimeras.com.do\/index.php\/wp-json\/wp\/v2\/media\/63682"}],"wp:attachment":[{"href":"https:\/\/lasprimeras.com.do\/index.php\/wp-json\/wp\/v2\/media?parent=63681"}],"wp:term":[{"taxonomy":"category","embeddable":true,"href":"https:\/\/lasprimeras.com.do\/index.php\/wp-json\/wp\/v2\/categories?post=63681"},{"taxonomy":"post_tag","embeddable":true,"href":"https:\/\/lasprimeras.com.do\/index.php\/wp-json\/wp\/v2\/tags?post=63681"}],"curies":[{"name":"wp","href":"https:\/\/api.w.org\/{rel}","templated":true}]}}