{"id":63684,"date":"2023-10-14T23:03:10","date_gmt":"2023-10-15T03:03:10","guid":{"rendered":"https:\/\/lasprimeras.com.do\/?p=63684"},"modified":"2023-10-14T23:03:11","modified_gmt":"2023-10-15T03:03:11","slug":"acusan-a-empresarios-de-pagar-por-aprobacion-de-vertedero","status":"publish","type":"post","link":"https:\/\/lasprimeras.com.do\/index.php\/2023\/10\/14\/acusan-a-empresarios-de-pagar-por-aprobacion-de-vertedero\/","title":{"rendered":"Acusan a empresarios de pagar por aprobaci\u00f3n de vertedero"},"content":{"rendered":"\n<p>Residentes en Mata Gorda, Santo Domingo Norte, advierten que est\u00e1n siendo provocados por personas ajenas a la comunidad pagadas supuestamente por los empresarios que quieren instalar un vertedero en la zona.<\/p>\n\n\n\n<p>Al realizar una reuni\u00f3n en comunidad, explicaron que estos impostores se hacen pasar como habitantes de esa barriada con el fin de decir que aprueban la construcci\u00f3n del relleno de desechos.<\/p>\n\n\n\n<p>Santo M\u00e9ndez Jim\u00e9nez, miembro de las Asociaciones de Juntas de Vecinos, se\u00f1al\u00f3 que los supuestos inversionistas quieren da\u00f1ar a como d\u00e9 lugar su zona, pero ellos no lo permitir\u00e1n.<\/p>\n\n\n\n<p>M\u00e9ndez Jim\u00e9nez manifest\u00f3 que, est\u00e1n invirtiendo dinero para pagar falsos propietarios de vivienda en Mata Gorda, pero agreg\u00f3 que toda la comunidad sabe qui\u00e9n es de ah\u00ed.<\/p>\n\n\n\n<p>Indic\u00f3 que, la vida de ellos est\u00e1 en juego, pero si es posible morir para defender el medio ambiente de la zona, los r\u00edos, bosques, fauna y flora, lo har\u00e1n sin ninguna contemplaci\u00f3n.<\/p>\n\n\n\n<p>Igualmente,&nbsp; acus\u00f3 al Ministro de Medio Ambiente de callar no se sabe con qu\u00e9 fines a los reclamos que hacen para que impida \u00e9l da\u00f1os medio ambiental.<\/p>\n","protected":false},"excerpt":{"rendered":"<p>Residentes en Mata Gorda, Santo Domingo Norte, advierten que est\u00e1n siendo provocados por personas ajenas a la comunidad pagadas supuestamente por los empresarios que quieren instalar un vertedero en la&hellip;<\/p>\n","protected":false},"author":2,"featured_media":63685,"comment_status":"open","ping_status":"open","sticky":false,"template":"","format":"standard","meta":{"content-type":"","jetpack_post_was_ever_published":false,"_jetpack_newsletter_access":"","_jetpack_dont_email_post_to_subs":false,"_jetpack_newsletter_tier_id":0,"_jetpack_memberships_contains_paywalled_content":false,"_jetpack_memberships_contains_paid_content":false,"footnotes":""},"categories":[35,25],"tags":[3274,6367,2908,134,4491],"class_list":["post-63684","post","type-post","status-publish","format-standard","has-post-thumbnail","hentry","category-nacionales","category-portada","tag-acusan","tag-aprobacion","tag-empresarios","tag-pagar","tag-vertedero"],"jetpack_featured_media_url":"https:\/\/lasprimeras.com.do\/wp-content\/uploads\/2023\/10\/Comunitarios-1.jpg","jetpack-related-posts":[{"id":67069,"url":"https:\/\/lasprimeras.com.do\/index.php\/2023\/11\/13\/comunitarios-rechazan-instalacion-vertedero-en-mata-gorda\/","url_meta":{"origin":63684,"position":0},"title":"Comunitarios rechazan instalaci\u00f3n vertedero en Mata Gorda","author":"Nelson Feliz","date":"13 de noviembre de 2023","format":false,"excerpt":"Denuncian Ministerio Medio Ambiente lo quiere imponer. De ser instalado dicho vertedero por la empresa espa\u00f1ola SAT se pondr\u00eda en peligro la capa vegetal de la zona.- La Comunidad de Mata Gorda, en el municipio Santo Domingo Norte, rechaz\u00f3 la instalaci\u00f3n de un vertedero, que amanaza con destruir la capa\u2026","rel":"","context":"En \u00abNACIONALES\u00bb","block_context":{"text":"NACIONALES","link":"https:\/\/lasprimeras.com.do\/index.php\/category\/nacionales\/"},"img":{"alt_text":"vertedero","src":"https:\/\/i0.wp.com\/lasprimeras.com.do\/wp-content\/uploads\/2023\/11\/vertedero.jpg?resize=350%2C200&ssl=1","width":350,"height":200,"srcset":"https:\/\/i0.wp.com\/lasprimeras.com.do\/wp-content\/uploads\/2023\/11\/vertedero.jpg?resize=350%2C200&ssl=1 1x, https:\/\/i0.wp.com\/lasprimeras.com.do\/wp-content\/uploads\/2023\/11\/vertedero.jpg?resize=525%2C300&ssl=1 1.5x, https:\/\/i0.wp.com\/lasprimeras.com.do\/wp-content\/uploads\/2023\/11\/vertedero.jpg?resize=700%2C400&ssl=1 2x"},"classes":[]},{"id":64322,"url":"https:\/\/lasprimeras.com.do\/index.php\/2023\/10\/19\/acusan-ejecutivos-ayuntamiento-sdn-de-aliarse-contra-comunidad\/","url_meta":{"origin":63684,"position":1},"title":"Acusan ejecutivos ayuntamiento SDN de aliarse contra comunidad","author":"Nelson Feliz","date":"19 de octubre de 2023","format":false,"excerpt":"Decenas de personas realizaron una protesta frente al Ayuntamiento de Santo Domingo Norte en demanda de que ese cabildo y sus autoridades desistan supuestamente de apoyar a un grupo de empresarios que buscan instalar un relleno sanitario en su sector Mata Gorda. Manifestaron que es un abuso que regidores y\u2026","rel":"","context":"En \u00abNACIONALES\u00bb","block_context":{"text":"NACIONALES","link":"https:\/\/lasprimeras.com.do\/index.php\/category\/nacionales\/"},"img":{"alt_text":"PROTESTA","src":"https:\/\/i0.wp.com\/lasprimeras.com.do\/wp-content\/uploads\/2023\/10\/PROTESTA-FOTO-2.jpg?resize=350%2C200&ssl=1","width":350,"height":200,"srcset":"https:\/\/i0.wp.com\/lasprimeras.com.do\/wp-content\/uploads\/2023\/10\/PROTESTA-FOTO-2.jpg?resize=350%2C200&ssl=1 1x, https:\/\/i0.wp.com\/lasprimeras.com.do\/wp-content\/uploads\/2023\/10\/PROTESTA-FOTO-2.jpg?resize=525%2C300&ssl=1 1.5x, https:\/\/i0.wp.com\/lasprimeras.com.do\/wp-content\/uploads\/2023\/10\/PROTESTA-FOTO-2.jpg?resize=700%2C400&ssl=1 2x"},"classes":[]},{"id":121794,"url":"https:\/\/lasprimeras.com.do\/index.php\/2026\/02\/10\/abinader-encabezara-el-acto-de-cierre-tecnico-del-vertedero-de-duquesa\/","url_meta":{"origin":63684,"position":2},"title":"Abinader encabezar\u00e1 el acto de cierre t\u00e9cnico del Vertedero de Duquesa","author":"Nelson Feliz","date":"10 de febrero de 2026","format":false,"excerpt":"El presidente Luis Abinader orden\u00f3 hoy el cierre t\u00e9cnico del Vertedero de Duquesa, un importante paso hacia la mejora de la gesti\u00f3n de residuos s\u00f3lidos en la provincia de Santo Domingo. El vertedero, est\u00e1 ubicado en el municipio Santo Domingo Norte, ha sido una fuente de contaminaci\u00f3n y problemas ambientales\u2026","rel":"","context":"En \u00abNACIONALES\u00bb","block_context":{"text":"NACIONALES","link":"https:\/\/lasprimeras.com.do\/index.php\/category\/nacionales\/"},"img":{"alt_text":"","src":"https:\/\/i0.wp.com\/lasprimeras.com.do\/wp-content\/uploads\/2025\/10\/Luis-Abinader-12.jpg?resize=350%2C200&ssl=1","width":350,"height":200,"srcset":"https:\/\/i0.wp.com\/lasprimeras.com.do\/wp-content\/uploads\/2025\/10\/Luis-Abinader-12.jpg?resize=350%2C200&ssl=1 1x, https:\/\/i0.wp.com\/lasprimeras.com.do\/wp-content\/uploads\/2025\/10\/Luis-Abinader-12.jpg?resize=525%2C300&ssl=1 1.5x, https:\/\/i0.wp.com\/lasprimeras.com.do\/wp-content\/uploads\/2025\/10\/Luis-Abinader-12.jpg?resize=700%2C400&ssl=1 2x"},"classes":[]},{"id":101416,"url":"https:\/\/lasprimeras.com.do\/index.php\/2025\/06\/20\/apresan-ocho-personas-vinculadas-a-estafa-millonaria-con-cheque-sin-fondo-en-higuey\/","url_meta":{"origin":63684,"position":3},"title":"Apresan ocho personas vinculadas a estafa millonaria con cheque sin fondo en Hig\u00fcey","author":"Nelson Feliz","date":"20 de junio de 2025","format":false,"excerpt":"Agentes del Departamento Operativo II de Investigaci\u00f3n de Falsificaciones de la Polic\u00eda Nacional apresaron a ocho personas mediante orden judicial, por su presunta participaci\u00f3n en una estafa millonaria cometida contra un empresario en Hig\u00fcey, provincia La Altagracia, a trav\u00e9s del uso de un cheque sin fondo como forma fraudulenta de\u2026","rel":"","context":"En \u00abMILITARES\u00bb","block_context":{"text":"MILITARES","link":"https:\/\/lasprimeras.com.do\/index.php\/category\/militares\/"},"img":{"alt_text":"","src":"https:\/\/i0.wp.com\/lasprimeras.com.do\/wp-content\/uploads\/2025\/06\/estafa.jpg?resize=350%2C200&ssl=1","width":350,"height":200,"srcset":"https:\/\/i0.wp.com\/lasprimeras.com.do\/wp-content\/uploads\/2025\/06\/estafa.jpg?resize=350%2C200&ssl=1 1x, https:\/\/i0.wp.com\/lasprimeras.com.do\/wp-content\/uploads\/2025\/06\/estafa.jpg?resize=525%2C300&ssl=1 1.5x, https:\/\/i0.wp.com\/lasprimeras.com.do\/wp-content\/uploads\/2025\/06\/estafa.jpg?resize=700%2C400&ssl=1 2x"},"classes":[]},{"id":62780,"url":"https:\/\/lasprimeras.com.do\/index.php\/2023\/10\/07\/estado-dominicano-debera-pagar-mas-de-43-millones-de-dolares-a-exadministradores-de-duquesa\/","url_meta":{"origin":63684,"position":4},"title":"Estado dominicano deber\u00e1 pagar m\u00e1s de 43 millones de d\u00f3lares a exadministradores de Duquesa","author":"Nelson Feliz","date":"7 de octubre de 2023","format":false,"excerpt":"El Estado dominicano deber\u00e1 pagar 43 millones 590 mil 090 d\u00f3lares a Michael Lee-Chin, accionista mayoritario de Lajun Corporation, S.R.L., empresa que administr\u00f3 de 2007 a 2017 el vertedero de Duquesa, cuyo manejo inadecuado de los residuos s\u00f3lidos fue centro de litis judicial que termin\u00f3 con el contrato tras una\u2026","rel":"","context":"En \u00abECONOM\u00cdA\u00bb","block_context":{"text":"ECONOM\u00cdA","link":"https:\/\/lasprimeras.com.do\/index.php\/category\/economia\/"},"img":{"alt_text":"duquesa","src":"https:\/\/i0.wp.com\/lasprimeras.com.do\/wp-content\/uploads\/2023\/10\/duquesa.jpg?resize=350%2C200&ssl=1","width":350,"height":200,"srcset":"https:\/\/i0.wp.com\/lasprimeras.com.do\/wp-content\/uploads\/2023\/10\/duquesa.jpg?resize=350%2C200&ssl=1 1x, https:\/\/i0.wp.com\/lasprimeras.com.do\/wp-content\/uploads\/2023\/10\/duquesa.jpg?resize=525%2C300&ssl=1 1.5x"},"classes":[]},{"id":121831,"url":"https:\/\/lasprimeras.com.do\/index.php\/2026\/02\/10\/abinader-da-inicio-a-la-transformacion-y-saneamiento-ambiental-del-vertedero-duquesa\/","url_meta":{"origin":63684,"position":5},"title":"Abinader da inicio a la transformaci\u00f3n y saneamiento ambiental del vertedero Duquesa","author":"Nelson Feliz","date":"10 de febrero de 2026","format":false,"excerpt":"Ministro de Medio Ambiente destaca que el proyecto contempla la construcci\u00f3n de canchas deportivas, parques, gazebos y un gimnasio al aire libre, en beneficio directo de las comunidades de El Casabe y Batey Duquesa. El presidente Luis Abinader dio inicio este martes a los trabajos de la primera fase de\u2026","rel":"","context":"En \u00abECONOM\u00cdA\u00bb","block_context":{"text":"ECONOM\u00cdA","link":"https:\/\/lasprimeras.com.do\/index.php\/category\/economia\/"},"img":{"alt_text":"","src":"https:\/\/i0.wp.com\/lasprimeras.com.do\/wp-content\/uploads\/2026\/02\/duquesa-1.jpg?resize=350%2C200&ssl=1","width":350,"height":200,"srcset":"https:\/\/i0.wp.com\/lasprimeras.com.do\/wp-content\/uploads\/2026\/02\/duquesa-1.jpg?resize=350%2C200&ssl=1 1x, https:\/\/i0.wp.com\/lasprimeras.com.do\/wp-content\/uploads\/2026\/02\/duquesa-1.jpg?resize=525%2C300&ssl=1 1.5x, https:\/\/i0.wp.com\/lasprimeras.com.do\/wp-content\/uploads\/2026\/02\/duquesa-1.jpg?resize=700%2C400&ssl=1 2x"},"classes":[]}],"jetpack_sharing_enabled":true,"_links":{"self":[{"href":"https:\/\/lasprimeras.com.do\/index.php\/wp-json\/wp\/v2\/posts\/63684","targetHints":{"allow":["GET"]}}],"collection":[{"href":"https:\/\/lasprimeras.com.do\/index.php\/wp-json\/wp\/v2\/posts"}],"about":[{"href":"https:\/\/lasprimeras.com.do\/index.php\/wp-json\/wp\/v2\/types\/post"}],"author":[{"embeddable":true,"href":"https:\/\/lasprimeras.com.do\/index.php\/wp-json\/wp\/v2\/users\/2"}],"replies":[{"embeddable":true,"href":"https:\/\/lasprimeras.com.do\/index.php\/wp-json\/wp\/v2\/comments?post=63684"}],"version-history":[{"count":1,"href":"https:\/\/lasprimeras.com.do\/index.php\/wp-json\/wp\/v2\/posts\/63684\/revisions"}],"predecessor-version":[{"id":63686,"href":"https:\/\/lasprimeras.com.do\/index.php\/wp-json\/wp\/v2\/posts\/63684\/revisions\/63686"}],"wp:featuredmedia":[{"embeddable":true,"href":"https:\/\/lasprimeras.com.do\/index.php\/wp-json\/wp\/v2\/media\/63685"}],"wp:attachment":[{"href":"https:\/\/lasprimeras.com.do\/index.php\/wp-json\/wp\/v2\/media?parent=63684"}],"wp:term":[{"taxonomy":"category","embeddable":true,"href":"https:\/\/lasprimeras.com.do\/index.php\/wp-json\/wp\/v2\/categories?post=63684"},{"taxonomy":"post_tag","embeddable":true,"href":"https:\/\/lasprimeras.com.do\/index.php\/wp-json\/wp\/v2\/tags?post=63684"}],"curies":[{"name":"wp","href":"https:\/\/api.w.org\/{rel}","templated":true}]}}