{"id":63689,"date":"2023-10-14T23:19:11","date_gmt":"2023-10-15T03:19:11","guid":{"rendered":"https:\/\/lasprimeras.com.do\/?p=63689"},"modified":"2023-10-14T23:19:13","modified_gmt":"2023-10-15T03:19:13","slug":"luis-alberto-sde-necesita-un-gerente-que-sepa-resolver-y-dar-soluciones-a-los-problemas","status":"publish","type":"post","link":"https:\/\/lasprimeras.com.do\/index.php\/2023\/10\/14\/luis-alberto-sde-necesita-un-gerente-que-sepa-resolver-y-dar-soluciones-a-los-problemas\/","title":{"rendered":"Luis Alberto:\u201d SDE necesita un gerente que sepa resolver y dar soluciones a los problemas\u201d"},"content":{"rendered":"\n<p><strong>Se defini\u00f3 como un emprendedor hijo de un colmadero con m\u00e1s de 40 a\u00f1os en el municipio.<\/strong><\/p>\n\n\n\n<p>El aspirante a alcalde por el municipio Santo Domingo Este, Luis Alberto Tejeda, fue proclamado este s\u00e1bado como el candidato del Partido de la Liberaci\u00f3n Dominicana (PLD) en esa demarcaci\u00f3n, en un nutrido acto encabezado por el candidato presidencial de esa organizaci\u00f3n Abel Mart\u00ednez.<\/p>\n\n\n\n<p>All\u00ed prometi\u00f3 rescatar a ese municipio abandono y la arrabalizacion en que se encuentra actualmente e impedir que la arrogancia del poder del PRM siga gobernando a los dominicanos.<\/p>\n\n\n\n<p>Asegur\u00f3 que en febrero ganar\u00e1 como alcalde de este municipio y que a partir de mayo los dominicanos tendr\u00e1n a un gerente probado como Abel Mart\u00ednez dirigiendo el pa\u00eds.<\/p>\n\n\n\n<p>\u201cLo hizo bien como presidente de la c\u00e1mara de diputados, lo hizo bien como fiscal, lo ha hecho bien como alcalde de Santiago y como pr\u00f3ximo presidente de la Rep\u00fablica Dominicana, usted compa\u00f1ero Abel Mart\u00ednez tambi\u00e9n lo har\u00e1 bien.&nbsp; Y tenemos la confianza que usted ser\u00e1 el garante de darle continuidad a todas las obras sociales y de infraestructura que han realizado todos los gobiernos del PLD, especialmente los 8 a\u00f1os que sembr\u00f3 de bienestar y progreso nuestro presidente Danilo Medina\u201d, exclam\u00f3 al hablar en el acto celebrado en el Club Calero de Villa Duarte el cual estuvo a toda capacidad dentro y fuera.<\/p>\n\n\n\n<p>Luis Alberto se defini\u00f3 como un emprendedor, hijo de un colmadero con m\u00e1s de 40 a\u00f1os en el municipio, la cual prometi\u00f3 trabajar por cada una de las metas de los mun\u00edcipes.<\/p>\n\n\n\n<p>Dijo que Santo Domingo Este tiene graves problemas de seguridad ciudadana, calles y espacios p\u00fablicos llenos de basura. Atribuy\u00e9ndole a esta \u00faltima problem\u00e1tica a alta incidencia que ha tenido el Dengue en esta demarcaci\u00f3n, enfermedad que ha dejado una gran cantidad de fallecidos en los \u00faltimos meses en las diferentes comunidades de esta ciudad.<\/p>\n\n\n\n<p>\u201cAprovecho para solidarizarme con cada una de las familias que han perdido un ser querido por esta causa\u201d, subray\u00f3, asegurando que estas situaciones demuestran que las autoridades del partido oficialista no saben gobernar.<\/p>\n\n\n\n<p>En tal sentido, apunt\u00f3 que Santo Domingo Este necesita un gerente que sepa resolver y dar soluciones a los problemas que afectan a los ciudadanos.<\/p>\n\n\n\n<p><strong>Luis Alberto: &#8220;Mi proyecto es una causa por el rescate de SDE\u201d<\/strong><\/p>\n\n\n\n<p>&nbsp;El candidato a alcalde por el municipio Santo Domingo Este, Luis Alberto Tejeda, prometi\u00f3 este s\u00e1bado rescatar el municipio del abandono y la arrabalizaci\u00f3n en que se encuentra.<\/p>\n\n\n\n<p>Manifest\u00f3 que su proyecto no es s\u00f3lo una candidatura \u201csino una causa por el rescate de Santo Domingo Este\u201d.<\/p>\n\n\n\n<p>Luis Alberto habl\u00f3 en el acto en el que fue proclamado de manera oficial como el candidato del Partido de la Liberaci\u00f3n Dominicana (PLD), por el candidato presidencial de esa organizaci\u00f3n pol\u00edtica, Abel Mart\u00ednez.<\/p>\n\n\n\n<p>El denominado &#8220;Gerente que resuelve&#8221;, destac\u00f3 como punto fundamental de su propuesta, la construcci\u00f3n de obras de infraestructura social, que sirvan para mejorar el bienestar y calidad de vida de los mun\u00edcipes.<\/p>\n\n\n\n<p>\u201cVamos a trabajar, con la sociedad civil, comunitarios, empresarios, emprendedores, por el rescate de Santo Domingo Este, vamos a gerencial desde la Alcald\u00eda, la gesti\u00f3n de residuos s\u00f3lidos y de servicios sociales, divididos por pol\u00edgonos, en una alianza con los mun\u00edcipes\u201d, declar\u00f3 el candidato pelede\u00edsta ante una multitud presente.<\/p>\n\n\n\n<p>Garantiz\u00f3 que cumplir\u00e1 cabalmente con el Presupuesto Participativo, para que sean las comunidades las que decidan qu\u00e9 tipo de obras se deben ejecutar en cada lugar, de acuerdo a sus necesidades.<\/p>\n\n\n\n<p>\u201cEsto estar\u00e1 acompa\u00f1ado sistema de alumbrado p\u00fablico, c\u00e1maras de vigilancia y una polic\u00eda municipal modernizada y capacitada al servicio de la seguridad de la gente\u201d, a\u00f1adi\u00f3.<\/p>\n\n\n\n<p>En el acto participaron miembros del equipo de campa\u00f1a, as\u00ed como de los comit\u00e9s Pol\u00edtico y Central del PLD, incluyendo la candidata a senadora de la provincia Santo Domingo, Cristina Lizardo.<\/p>\n\n\n\n<p>El colorido acto fue desarrollado en el Club Calero de Santo Domingo Este, y cont\u00f3 con la presencia de miembros del Comit\u00e9 Pol\u00edtico, Comit\u00e9 Central, presidentes de Intermedios y movimientos de apoyo, entre otras personalidades.<\/p>\n","protected":false},"excerpt":{"rendered":"<p>Se defini\u00f3 como un emprendedor hijo de un colmadero con m\u00e1s de 40 a\u00f1os en el municipio. El aspirante a alcalde por el municipio Santo Domingo Este, Luis Alberto Tejeda,&hellip;<\/p>\n","protected":false},"author":2,"featured_media":63690,"comment_status":"open","ping_status":"open","sticky":false,"template":"","format":"standard","meta":{"content-type":"","jetpack_post_was_ever_published":false,"_jetpack_newsletter_access":"","_jetpack_dont_email_post_to_subs":false,"_jetpack_newsletter_tier_id":0,"_jetpack_memberships_contains_paywalled_content":false,"_jetpack_memberships_contains_paid_content":false,"footnotes":""},"categories":[25],"tags":[1285,4694,1121,1570,2447],"class_list":["post-63689","post","type-post","status-publish","format-standard","has-post-thumbnail","hentry","category-portada","tag-gerente","tag-luis-alberto","tag-problemas","tag-santo-domingo-este","tag-soluciones"],"jetpack_featured_media_url":"https:\/\/lasprimeras.com.do\/wp-content\/uploads\/2023\/10\/Luis-Alberto-Tejeda-4.jpg","jetpack-related-posts":[{"id":74792,"url":"https:\/\/lasprimeras.com.do\/index.php\/2024\/01\/26\/abel-martinez-marcha-este-sabado-junto-a-luis-alberto-y-cristina-lizardo\/","url_meta":{"origin":63689,"position":0},"title":"Abel Mart\u00ednez marcha este s\u00e1bado junto a Luis Alberto y Cristina Lizardo","author":"Nelson Feliz","date":"26 de enero de 2024","format":false,"excerpt":"La actividad se realizar\u00e1 en la circunscripci\u00f3n Dos del Municipio Santo Domingo Este. El candidato presidencial por el Partido de la Liberaci\u00f3n Dominicana (PLD), Abel Martinez, marchar\u00e1 este sabado 27 de enero del a\u00f1o en curso junto a Luis Alberto Tejeda, candidato alcalde de SDE y Cristina Lizardo, candidata a\u2026","rel":"","context":"En \u00abPORTADA\u00bb","block_context":{"text":"PORTADA","link":"https:\/\/lasprimeras.com.do\/index.php\/category\/portada\/"},"img":{"alt_text":"Abel Martinez y Luis Alberto","src":"https:\/\/i0.wp.com\/lasprimeras.com.do\/wp-content\/uploads\/2024\/01\/Abel-Martinez-y-Luis-Alberto.jpg?resize=350%2C200&ssl=1","width":350,"height":200,"srcset":"https:\/\/i0.wp.com\/lasprimeras.com.do\/wp-content\/uploads\/2024\/01\/Abel-Martinez-y-Luis-Alberto.jpg?resize=350%2C200&ssl=1 1x, https:\/\/i0.wp.com\/lasprimeras.com.do\/wp-content\/uploads\/2024\/01\/Abel-Martinez-y-Luis-Alberto.jpg?resize=525%2C300&ssl=1 1.5x"},"classes":[]},{"id":66350,"url":"https:\/\/lasprimeras.com.do\/index.php\/2023\/11\/06\/luis-alberto-sde-necesita-es-un-gerente-como-yo-que-resuelvo\/","url_meta":{"origin":63689,"position":1},"title":"Luis Alberto: SDE necesita es un gerente como yo \u201cque resuelvo\u201d","author":"Nelson Feliz","date":"6 de noviembre de 2023","format":false,"excerpt":"Promete luego de ser juramentado como alcalde seguir realizando recorridos por barrios de SDE. El aspirante alcalde por el Partido de la Liberaci\u00f3n Dominicana (PLD) en el municipio Santo Domingo Este, Luis Alberto Tejeda, durante un amplio recorrido por el municipio, manifest\u00f3 que para que vuelva lo \u201cBueno a Santo\u2026","rel":"","context":"En \u00abPORTADA\u00bb","block_context":{"text":"PORTADA","link":"https:\/\/lasprimeras.com.do\/index.php\/category\/portada\/"},"img":{"alt_text":"Luis Alberto Tejeda","src":"https:\/\/i0.wp.com\/lasprimeras.com.do\/wp-content\/uploads\/2023\/10\/Luis-Alberto-Tejeda-2.jpg?resize=350%2C200&ssl=1","width":350,"height":200,"srcset":"https:\/\/i0.wp.com\/lasprimeras.com.do\/wp-content\/uploads\/2023\/10\/Luis-Alberto-Tejeda-2.jpg?resize=350%2C200&ssl=1 1x, https:\/\/i0.wp.com\/lasprimeras.com.do\/wp-content\/uploads\/2023\/10\/Luis-Alberto-Tejeda-2.jpg?resize=525%2C300&ssl=1 1.5x, https:\/\/i0.wp.com\/lasprimeras.com.do\/wp-content\/uploads\/2023\/10\/Luis-Alberto-Tejeda-2.jpg?resize=700%2C400&ssl=1 2x"},"classes":[]},{"id":56179,"url":"https:\/\/lasprimeras.com.do\/index.php\/2023\/07\/28\/luis-alberto-presenta-planes-de-su-gestion-en-sde-urge-el-rescate-del-municipio\/","url_meta":{"origin":63689,"position":2},"title":"Luis Alberto presenta planes de su gesti\u00f3n en SDE: \u201cUrge el rescate del municipio\u201d","author":"Nelson Feliz","date":"28 de julio de 2023","format":false,"excerpt":"El candidato a alcalde de Santo Domingo Este por el Partido de la Liberaci\u00f3n Dominicana (PLD), Luis Alberto Tejeda, adelant\u00f3 los planes de su futura gesti\u00f3n, en una actividad en la que plante\u00f3 la urgencia de rescatar el municipio del desorden. Luis Alberto identific\u00f3 como uno de los principales problemas\u2026","rel":"","context":"En \u00abPORTADA\u00bb","block_context":{"text":"PORTADA","link":"https:\/\/lasprimeras.com.do\/index.php\/category\/portada\/"},"img":{"alt_text":"Luis Alberto Tejada","src":"https:\/\/i0.wp.com\/lasprimeras.com.do\/wp-content\/uploads\/2023\/07\/Luis-Alberto-Tejada-1-1.jpg?resize=350%2C200&ssl=1","width":350,"height":200,"srcset":"https:\/\/i0.wp.com\/lasprimeras.com.do\/wp-content\/uploads\/2023\/07\/Luis-Alberto-Tejada-1-1.jpg?resize=350%2C200&ssl=1 1x, https:\/\/i0.wp.com\/lasprimeras.com.do\/wp-content\/uploads\/2023\/07\/Luis-Alberto-Tejada-1-1.jpg?resize=525%2C300&ssl=1 1.5x, https:\/\/i0.wp.com\/lasprimeras.com.do\/wp-content\/uploads\/2023\/07\/Luis-Alberto-Tejada-1-1.jpg?resize=700%2C400&ssl=1 2x"},"classes":[]},{"id":76155,"url":"https:\/\/lasprimeras.com.do\/index.php\/2024\/02\/07\/francisco-javier-asegura-luis-alberto-es-la-esperanza-solucion-problemas-de-sde\/","url_meta":{"origin":63689,"position":3},"title":"Francisco Javier asegura Luis Alberto es la esperanza soluci\u00f3n problemas de SDE","author":"Nelson Feliz","date":"7 de febrero de 2024","format":false,"excerpt":"Los ciudadanos y ciudadanas del municipio Santo Domingo Este votar\u00e1n masivamente por Luis Alberto para alcalde porque saben que no ir\u00e1 a \u201cmaquillar\u201d los problemas de la demarcaci\u00f3n, sino a resolverlos durante el pr\u00f3ximo cuatrienio. La afirmaci\u00f3n la hizo el miembro del Comit\u00e9 Pol\u00edtico del Partido de la Liberaci\u00f3n Dominicana\u2026","rel":"","context":"En \u00abPORTADA\u00bb","block_context":{"text":"PORTADA","link":"https:\/\/lasprimeras.com.do\/index.php\/category\/portada\/"},"img":{"alt_text":"Francisco Javier Garc\u00eda","src":"https:\/\/i0.wp.com\/lasprimeras.com.do\/wp-content\/uploads\/2024\/02\/Francisco-Javier-Garcia.jpg?resize=350%2C200&ssl=1","width":350,"height":200,"srcset":"https:\/\/i0.wp.com\/lasprimeras.com.do\/wp-content\/uploads\/2024\/02\/Francisco-Javier-Garcia.jpg?resize=350%2C200&ssl=1 1x, https:\/\/i0.wp.com\/lasprimeras.com.do\/wp-content\/uploads\/2024\/02\/Francisco-Javier-Garcia.jpg?resize=525%2C300&ssl=1 1.5x, https:\/\/i0.wp.com\/lasprimeras.com.do\/wp-content\/uploads\/2024\/02\/Francisco-Javier-Garcia.jpg?resize=700%2C400&ssl=1 2x"},"classes":[]},{"id":56533,"url":"https:\/\/lasprimeras.com.do\/index.php\/2023\/08\/02\/luis-alberto-desarrollara-alianza-publico-privadas-y-publico-social-desde-que-asuma-el-ayuntamiento\/","url_meta":{"origin":63689,"position":4},"title":"Luis Alberto desarrollar\u00e1 alianza p\u00fablico privadas y p\u00fablico social desde que asuma el ayuntamiento","author":"Nelson Feliz","date":"2 de agosto de 2023","format":false,"excerpt":"El candidato a alcalde de Santo Domingo Este por el Partido de la Liberaci\u00f3n Dominicana (PLD), Luis Alberto Tejeda, afirm\u00f3 tener una visi\u00f3n clara para organizar y rescatar ese municipio del abandono. En ese sentido, asegur\u00f3 tener un plan bien definido en el que se crear\u00e1n infraestructuras para mejorar las\u2026","rel":"","context":"En \u00abPORTADA\u00bb","block_context":{"text":"PORTADA","link":"https:\/\/lasprimeras.com.do\/index.php\/category\/portada\/"},"img":{"alt_text":"Luis Alberto Tejeda","src":"https:\/\/i0.wp.com\/lasprimeras.com.do\/wp-content\/uploads\/2023\/08\/Luis-Alberto-Tejeda.jpg?resize=350%2C200&ssl=1","width":350,"height":200,"srcset":"https:\/\/i0.wp.com\/lasprimeras.com.do\/wp-content\/uploads\/2023\/08\/Luis-Alberto-Tejeda.jpg?resize=350%2C200&ssl=1 1x, https:\/\/i0.wp.com\/lasprimeras.com.do\/wp-content\/uploads\/2023\/08\/Luis-Alberto-Tejeda.jpg?resize=525%2C300&ssl=1 1.5x, https:\/\/i0.wp.com\/lasprimeras.com.do\/wp-content\/uploads\/2023\/08\/Luis-Alberto-Tejeda.jpg?resize=700%2C400&ssl=1 2x"},"classes":[]},{"id":53299,"url":"https:\/\/lasprimeras.com.do\/index.php\/2023\/06\/25\/abel-martinez-liberaremos-a-republica-dominicana-de-este-mal-gobierno\/","url_meta":{"origin":63689,"position":5},"title":"Abel Mart\u00ednez: \u00abLiberaremos a Rep\u00fablica Dominicana de este mal gobierno\u00bb","author":"Nelson Feliz","date":"25 de junio de 2023","format":false,"excerpt":"El candidato presidencial por el Partido de la Liberaci\u00f3n Dominicana (PLD), Abel Mart\u00ednez, encabez\u00f3 una marcha en Santo Domingo Este junto al candidato a la alcald\u00eda de este municipio, Luis Alberto Tejeda. Desde los balcones, techos, aceras y calles; los vecinos de SDE vociferaban las penurias que a diario viven\u2026","rel":"","context":"En \u00abPORTADA\u00bb","block_context":{"text":"PORTADA","link":"https:\/\/lasprimeras.com.do\/index.php\/category\/portada\/"},"img":{"alt_text":"Abel Mart\u00ednez","src":"https:\/\/i0.wp.com\/lasprimeras.com.do\/wp-content\/uploads\/2023\/06\/Abel-Martinez.jpeg?resize=350%2C200&ssl=1","width":350,"height":200,"srcset":"https:\/\/i0.wp.com\/lasprimeras.com.do\/wp-content\/uploads\/2023\/06\/Abel-Martinez.jpeg?resize=350%2C200&ssl=1 1x, https:\/\/i0.wp.com\/lasprimeras.com.do\/wp-content\/uploads\/2023\/06\/Abel-Martinez.jpeg?resize=525%2C300&ssl=1 1.5x, https:\/\/i0.wp.com\/lasprimeras.com.do\/wp-content\/uploads\/2023\/06\/Abel-Martinez.jpeg?resize=700%2C400&ssl=1 2x, https:\/\/i0.wp.com\/lasprimeras.com.do\/wp-content\/uploads\/2023\/06\/Abel-Martinez.jpeg?resize=1050%2C600&ssl=1 3x"},"classes":[]}],"jetpack_sharing_enabled":true,"_links":{"self":[{"href":"https:\/\/lasprimeras.com.do\/index.php\/wp-json\/wp\/v2\/posts\/63689","targetHints":{"allow":["GET"]}}],"collection":[{"href":"https:\/\/lasprimeras.com.do\/index.php\/wp-json\/wp\/v2\/posts"}],"about":[{"href":"https:\/\/lasprimeras.com.do\/index.php\/wp-json\/wp\/v2\/types\/post"}],"author":[{"embeddable":true,"href":"https:\/\/lasprimeras.com.do\/index.php\/wp-json\/wp\/v2\/users\/2"}],"replies":[{"embeddable":true,"href":"https:\/\/lasprimeras.com.do\/index.php\/wp-json\/wp\/v2\/comments?post=63689"}],"version-history":[{"count":1,"href":"https:\/\/lasprimeras.com.do\/index.php\/wp-json\/wp\/v2\/posts\/63689\/revisions"}],"predecessor-version":[{"id":63691,"href":"https:\/\/lasprimeras.com.do\/index.php\/wp-json\/wp\/v2\/posts\/63689\/revisions\/63691"}],"wp:featuredmedia":[{"embeddable":true,"href":"https:\/\/lasprimeras.com.do\/index.php\/wp-json\/wp\/v2\/media\/63690"}],"wp:attachment":[{"href":"https:\/\/lasprimeras.com.do\/index.php\/wp-json\/wp\/v2\/media?parent=63689"}],"wp:term":[{"taxonomy":"category","embeddable":true,"href":"https:\/\/lasprimeras.com.do\/index.php\/wp-json\/wp\/v2\/categories?post=63689"},{"taxonomy":"post_tag","embeddable":true,"href":"https:\/\/lasprimeras.com.do\/index.php\/wp-json\/wp\/v2\/tags?post=63689"}],"curies":[{"name":"wp","href":"https:\/\/api.w.org\/{rel}","templated":true}]}}