{"id":63698,"date":"2023-10-15T08:35:27","date_gmt":"2023-10-15T12:35:27","guid":{"rendered":"https:\/\/lasprimeras.com.do\/?p=63698"},"modified":"2023-10-15T08:35:29","modified_gmt":"2023-10-15T12:35:29","slug":"prospecto-junior-caminero-dice-estar-preparado-ganar-con-leones","status":"publish","type":"post","link":"https:\/\/lasprimeras.com.do\/index.php\/2023\/10\/15\/prospecto-junior-caminero-dice-estar-preparado-ganar-con-leones\/","title":{"rendered":"Prospecto Junior Caminero dice estar preparado ganar con Leones"},"content":{"rendered":"\n<p>BOCA CHICA.- El principal prospecto de los Rays de Tampa Bay, Junior Caminero, est\u00e1 cumpliendo varios de sus sue\u00f1os de infancia como pelotero. El primero lo logr\u00f3 el pasado 23 de septiembre cuando debut\u00f3 en las Grandes Ligas y ahora se prepara para hacer realidad su segundo deseo dentro del b\u00e9isbol profesional.<\/p>\n\n\n\n<p>Caminero, quien se prepara para debutar en el campeonato oto\u00f1o-invernal dominicano, est\u00e1 m\u00e1s que deseoso de que inicie la campa\u00f1a para uniformarse oficialmente con los Leones del Escogido, equipo del que siempre ha simpatizado, y contribuir en la b\u00fasqueda de una nueva corona.<\/p>\n\n\n\n<p>\u201cEstoy feliz y contento de estar aqu\u00ed y ansioso de que llegue ese d\u00eda para ayudar al equipo\u201d, indic\u00f3 Caminero.<\/p>\n\n\n\n<p>El pelotero de 20 a\u00f1os expres\u00f3 su satisfacci\u00f3n de haber sido seleccionado por el Escogido con el primer pick general en el pasado Draft.<\/p>\n\n\n\n<p>\u201cMe siento agradecido con Dios de tener esta chaqueta y de recibir la oportunidad de formar parte de los Leones\u201d, destac\u00f3 el antesalista.<\/p>\n\n\n\n<p>Caminero, quien tiene permiso para accionar durante un mes, dijo tener altas expectativas sobre el torneo que se avecina y asegur\u00f3 que \u201cdar\u00e9 lo mejor de m\u00ed y ayudar\u00e9 al Escogido a ganar su corona 17\u201d.<\/p>\n\n\n\n<p>Tambi\u00e9n se\u00f1al\u00f3 que har\u00e1 lo posible para que los Rays le dejen jugar por m\u00e1s tiempo.<\/p>\n\n\n\n<p>Caminero, quien mont\u00f3 un espect\u00e1culo en su primera pr\u00e1ctica de bateo con el Escogido, se\u00f1al\u00f3 que trabajar\u00e1 durante este invierno en todos los aspectos de su juego, ya que no se conforma con lo que tiene: \u201cMientras m\u00e1s tengo, m\u00e1s quiero\u201d.<\/p>\n\n\n\n<p>Durante el verano, en las Ligas Menores entre Clase A y AA, tuvo una l\u00ednea ofensiva de .324\/.384\/.591, con 31 vuelacercas, 18 dobles, 6 triples, 94 impulsadas y 85 anotadas en 117 juegos. En el \u201cgran show\u201d con Tampa Bay particip\u00f3 en 7 partidos en los que peg\u00f3 ocho indiscutibles, incluyendo un jonr\u00f3n, un doble y siete producidas.<\/p>\n\n\n\n<p>Wendell Rijo bate\u00f3 de 2-2 con 2 anotadas, 1 jonr\u00f3n y 4 remolcadas, en la derrota de los Leones 9-8 ante las \u00c1guilas Cibae\u00f1as durante el partido de preparaci\u00f3n celebrado en la Academia de los Yankees de Nueva York.<\/p>\n\n\n\n<p>Rijo encontr\u00f3 las bases llenas en el cierre del cuarto episodios, atrap\u00f3 un env\u00edo de Rodrigo Benoit y deposit\u00f3 la pelota sobre la verja del jard\u00edn izquierdo, dando ventaja de 7-1 a los melenudos. Las \u00c1guilas marcaron 6 carreras contra Jenrry Mej\u00eda en la altura del quinto para empatar el juego y tomaron la ventaja definitiva con una anotaci\u00f3n en la altura del noveno, frente a Emmanuel Ram\u00edrez.<\/p>\n\n\n\n<p>Adem\u00e1s de Rijo, Junior Lake sobresali\u00f3 al batear de 3-2 con un doble y dos remolcadas. H\u00e9ctor Rodr\u00edguez tambi\u00e9n se fue de 3-2, pero con dos anotadas, mientras que Jes\u00fas Sucre contribuy\u00f3 de 3-1 con una empujada.<\/p>\n\n\n\n<p>Carlos Mart\u00ednez abri\u00f3 el encuentro por los melenudos y en dos episodios toler\u00f3 dos hits, una carrera limpia y ponch\u00f3 a uno. Jimmy Cordero, Gerson Bautista y Enoli Paredes lanzaron un inning de un ponche cada uno.<\/p>\n\n\n\n<p>Por las \u00c1guilas, Andretty Cordero se fue de 6-2 con 2 impulsadas y 1 anotada, Yadiel Hern\u00e1ndez de 3-1 con 1 anotada y 2 producidas, en tanto que Carlos Paulino de 2-1 con 1 empujada. Por los aguiluchos abri\u00f3 Conner Menez y en dos cap\u00edtulos concedi\u00f3 un hit, una anotaci\u00f3n y no ponch\u00f3.<\/p>\n\n\n\n<p>Diosmerky Taveras (0.2 entradas), Jhordany M\u00e9zquita (0.1), Leuris G\u00f3mez (1.0), Melvin Jim\u00e9nez (1.0) y Ra\u00fal Brito (1.0) silenciaron los bates rojos en los \u00faltimos cuatro actos.<\/p>\n","protected":false},"excerpt":{"rendered":"<p>BOCA CHICA.- El principal prospecto de los Rays de Tampa Bay, Junior Caminero, est\u00e1 cumpliendo varios de sus sue\u00f1os de infancia como pelotero. El primero lo logr\u00f3 el pasado 23&hellip;<\/p>\n","protected":false},"author":3,"featured_media":63699,"comment_status":"open","ping_status":"open","sticky":false,"template":"","format":"standard","meta":{"content-type":"","jetpack_post_was_ever_published":false,"_jetpack_newsletter_access":"","_jetpack_dont_email_post_to_subs":false,"_jetpack_newsletter_tier_id":0,"_jetpack_memberships_contains_paywalled_content":false,"_jetpack_memberships_contains_paid_content":false,"footnotes":""},"categories":[1],"tags":[],"class_list":["post-63698","post","type-post","status-publish","format-standard","has-post-thumbnail","hentry","category-sin-categoria"],"jetpack_featured_media_url":"https:\/\/lasprimeras.com.do\/wp-content\/uploads\/2023\/10\/WhatsApp-Image-2023-10-14-at-10.00.32-PM-1-1.jpeg","jetpack-related-posts":[{"id":59877,"url":"https:\/\/lasprimeras.com.do\/index.php\/2023\/09\/08\/junior-caminero-y-los-principales-jugadores-del-sorteo-de-novatos-de-lidom\/","url_meta":{"origin":63698,"position":0},"title":"Junior Caminero y los principales jugadores del sorteo de novatos de Lidom","author":"Nelson Feliz","date":"8 de septiembre de 2023","format":false,"excerpt":"El pr\u00f3ximo mi\u00e9rcoles 14 se efectuar\u00e1 el Sorteo de Novatos Lidom, presentando en orden de escogencia a Leones, Toros, Estrellas, Gigantes, \u00c1guilas y Licey. Es un secreto a voces que el s\u00faper prospecto Junior Caminero, n\u00famero 6 de MLB, ser\u00e1 el aclamado primer bolo de la loter\u00eda, por parte de\u2026","rel":"","context":"En \u00abSin categor\u00eda\u00bb","block_context":{"text":"Sin categor\u00eda","link":"https:\/\/lasprimeras.com.do\/index.php\/category\/sin-categoria\/"},"img":{"alt_text":"Junior Caminero","src":"https:\/\/i0.wp.com\/lasprimeras.com.do\/wp-content\/uploads\/2023\/09\/Junior-Caminero.jpeg?resize=350%2C200&ssl=1","width":350,"height":200,"srcset":"https:\/\/i0.wp.com\/lasprimeras.com.do\/wp-content\/uploads\/2023\/09\/Junior-Caminero.jpeg?resize=350%2C200&ssl=1 1x, https:\/\/i0.wp.com\/lasprimeras.com.do\/wp-content\/uploads\/2023\/09\/Junior-Caminero.jpeg?resize=525%2C300&ssl=1 1.5x, https:\/\/i0.wp.com\/lasprimeras.com.do\/wp-content\/uploads\/2023\/09\/Junior-Caminero.jpeg?resize=700%2C400&ssl=1 2x"},"classes":[]},{"id":110480,"url":"https:\/\/lasprimeras.com.do\/index.php\/2025\/09\/29\/junior-caminero-supero-todas-las-expectativas-en-el-2025\/","url_meta":{"origin":63698,"position":1},"title":"Junior Caminero super\u00f3 todas las expectativas en el 2025","author":"Nelson Feliz","date":"29 de septiembre de 2025","format":false,"excerpt":"TORONTO, MLB \u2014 Cuando Junior Caminero se present\u00f3 a los entrenamientos primaverales, la expectativa era inevitable. El dominicano hab\u00eda sido el mejor prospecto de MLB durante un tiempo en su temporada de novato, luego se convirti\u00f3 en h\u00e9roe en su ciudad natal y en una sensaci\u00f3n viral tras su jonr\u00f3n\u2026","rel":"","context":"En \u00abDEPORTES\u00bb","block_context":{"text":"DEPORTES","link":"https:\/\/lasprimeras.com.do\/index.php\/category\/deportes\/"},"img":{"alt_text":"","src":"https:\/\/i0.wp.com\/lasprimeras.com.do\/wp-content\/uploads\/2025\/06\/Junior-Caminero.jpg?resize=350%2C200&ssl=1","width":350,"height":200,"srcset":"https:\/\/i0.wp.com\/lasprimeras.com.do\/wp-content\/uploads\/2025\/06\/Junior-Caminero.jpg?resize=350%2C200&ssl=1 1x, https:\/\/i0.wp.com\/lasprimeras.com.do\/wp-content\/uploads\/2025\/06\/Junior-Caminero.jpg?resize=525%2C300&ssl=1 1.5x, https:\/\/i0.wp.com\/lasprimeras.com.do\/wp-content\/uploads\/2025\/06\/Junior-Caminero.jpg?resize=700%2C400&ssl=1 2x"},"classes":[]},{"id":93229,"url":"https:\/\/lasprimeras.com.do\/index.php\/2025\/01\/27\/leones-del-escogido-ganan-la-corona-17\/","url_meta":{"origin":63698,"position":2},"title":"Leones del Escogido ganan la corona 17","author":"Nelson Feliz","date":"27 de enero de 2025","format":false,"excerpt":"Junior Caminero decide con jonr\u00f3n por los 411. La bola dio a la altura del linescore de la pizarra, un palo solitario en el noveno episodio. Junior Caminero dispar\u00f3 un jonr\u00f3n al primer pitcheo a la altura del noveno episodio para darle una ventaja seis careras por cinco a los\u2026","rel":"","context":"En \u00abDEPORTES\u00bb","block_context":{"text":"DEPORTES","link":"https:\/\/lasprimeras.com.do\/index.php\/category\/deportes\/"},"img":{"alt_text":"Josh Lowe (15), de los Tampa Bay Rays, es felicitado por Junior Caminero, a la derecha, despu\u00e9s de su jonr\u00f3n solitario durante la segunda entrada contra los Medias Rojas de Boston en Fenway Park, el mi\u00e9rcoles 27 de septiembre de 2023, en Boston. (AP)","src":"https:\/\/i0.wp.com\/lasprimeras.com.do\/wp-content\/uploads\/2023\/10\/Junior-Caminero.jpg?resize=350%2C200&ssl=1","width":350,"height":200,"srcset":"https:\/\/i0.wp.com\/lasprimeras.com.do\/wp-content\/uploads\/2023\/10\/Junior-Caminero.jpg?resize=350%2C200&ssl=1 1x, https:\/\/i0.wp.com\/lasprimeras.com.do\/wp-content\/uploads\/2023\/10\/Junior-Caminero.jpg?resize=525%2C300&ssl=1 1.5x, https:\/\/i0.wp.com\/lasprimeras.com.do\/wp-content\/uploads\/2023\/10\/Junior-Caminero.jpg?resize=700%2C400&ssl=1 2x"},"classes":[]},{"id":68328,"url":"https:\/\/lasprimeras.com.do\/index.php\/2023\/11\/23\/ramirez-lopez-y-caminero-jonronean-leones-amplian-su-racha-a-base-de-palos-ante-estrellas\/","url_meta":{"origin":63698,"position":3},"title":"Ram\u00edrez, L\u00f3pez y Caminero jonronean; Leones ampl\u00edan su racha a base de palos ante Estrellas","author":"Nelson Feliz","date":"23 de noviembre de 2023","format":false,"excerpt":"Entre los tres empujaron 10 de las 12 carreras producidas por el equipo. V\u00edctor Santos lanz\u00f3 cinco entradas completas y la ofensiva roja mostr\u00f3 desde temprano lo que ser\u00eda la noche en ruta un triunfo de los Leones del Escogido 12 carreras por una sobre las Estrellas Orientales, en un\u2026","rel":"","context":"En \u00abSin categor\u00eda\u00bb","block_context":{"text":"Sin categor\u00eda","link":"https:\/\/lasprimeras.com.do\/index.php\/category\/sin-categoria\/"},"img":{"alt_text":"Jose Ramirez","src":"https:\/\/i0.wp.com\/lasprimeras.com.do\/wp-content\/uploads\/2023\/11\/Jose-Ramirez.jpg?resize=350%2C200&ssl=1","width":350,"height":200,"srcset":"https:\/\/i0.wp.com\/lasprimeras.com.do\/wp-content\/uploads\/2023\/11\/Jose-Ramirez.jpg?resize=350%2C200&ssl=1 1x, https:\/\/i0.wp.com\/lasprimeras.com.do\/wp-content\/uploads\/2023\/11\/Jose-Ramirez.jpg?resize=525%2C300&ssl=1 1.5x, https:\/\/i0.wp.com\/lasprimeras.com.do\/wp-content\/uploads\/2023\/11\/Jose-Ramirez.jpg?resize=700%2C400&ssl=1 2x"},"classes":[]},{"id":92575,"url":"https:\/\/lasprimeras.com.do\/index.php\/2025\/01\/07\/leones-dominan-a-tigres-8-1\/","url_meta":{"origin":63698,"position":4},"title":"Leones dominan a Tigres 8-1","author":"Nelson Feliz","date":"7 de enero de 2025","format":false,"excerpt":"Once imparables, siete de ellos extrabases, y otra excelente labor del bullpen condujeron a los Leones del Escogido a un triunfo por paliza este martes sobre los Tigres del Licey 8-1 en el estadio Quisqueya Juan Marichal. Los melenudos hicieron saltar temprano del mont\u00edculo al abridor azul C\u00e9sar Valdez a\u2026","rel":"","context":"En \u00abDEPORTES\u00bb","block_context":{"text":"DEPORTES","link":"https:\/\/lasprimeras.com.do\/index.php\/category\/deportes\/"},"img":{"alt_text":"Junior Caminero","src":"https:\/\/i0.wp.com\/lasprimeras.com.do\/wp-content\/uploads\/2025\/01\/Junior-Caminero.jpeg?resize=350%2C200&ssl=1","width":350,"height":200,"srcset":"https:\/\/i0.wp.com\/lasprimeras.com.do\/wp-content\/uploads\/2025\/01\/Junior-Caminero.jpeg?resize=350%2C200&ssl=1 1x, https:\/\/i0.wp.com\/lasprimeras.com.do\/wp-content\/uploads\/2025\/01\/Junior-Caminero.jpeg?resize=525%2C300&ssl=1 1.5x, https:\/\/i0.wp.com\/lasprimeras.com.do\/wp-content\/uploads\/2025\/01\/Junior-Caminero.jpeg?resize=700%2C400&ssl=1 2x"},"classes":[]},{"id":69551,"url":"https:\/\/lasprimeras.com.do\/index.php\/2023\/12\/04\/edwin-espinal-gana-el-festival-de-jonrones-fin-semana-de-leyendas\/","url_meta":{"origin":63698,"position":5},"title":"Edwin Espinal gana el Festival de Jonrones Fin Semana de Leyendas","author":"BIMARY DE JES\u00daS Matos","date":"4 de diciembre de 2023","format":false,"excerpt":"SANTO DOMINGO.- El inicialista y bateador designado Edwin Espinal mostr\u00f3 el poder de su bate este domingo en la final Junior Caminero para conquistar el Festival de Jonrones del Fin del Juego de Leyenda, celebrado en el estadio Cibao. Espinal, de los Gigantes del Cibao, super\u00f3 en la final a\u2026","rel":"","context":"En \u00abSin categor\u00eda\u00bb","block_context":{"text":"Sin categor\u00eda","link":"https:\/\/lasprimeras.com.do\/index.php\/category\/sin-categoria\/"},"img":{"alt_text":"","src":"https:\/\/i0.wp.com\/lasprimeras.com.do\/wp-content\/uploads\/2023\/12\/Nuestro-Mundo-8-6.jpg?resize=350%2C200&ssl=1","width":350,"height":200,"srcset":"https:\/\/i0.wp.com\/lasprimeras.com.do\/wp-content\/uploads\/2023\/12\/Nuestro-Mundo-8-6.jpg?resize=350%2C200&ssl=1 1x, https:\/\/i0.wp.com\/lasprimeras.com.do\/wp-content\/uploads\/2023\/12\/Nuestro-Mundo-8-6.jpg?resize=525%2C300&ssl=1 1.5x"},"classes":[]}],"jetpack_sharing_enabled":true,"_links":{"self":[{"href":"https:\/\/lasprimeras.com.do\/index.php\/wp-json\/wp\/v2\/posts\/63698","targetHints":{"allow":["GET"]}}],"collection":[{"href":"https:\/\/lasprimeras.com.do\/index.php\/wp-json\/wp\/v2\/posts"}],"about":[{"href":"https:\/\/lasprimeras.com.do\/index.php\/wp-json\/wp\/v2\/types\/post"}],"author":[{"embeddable":true,"href":"https:\/\/lasprimeras.com.do\/index.php\/wp-json\/wp\/v2\/users\/3"}],"replies":[{"embeddable":true,"href":"https:\/\/lasprimeras.com.do\/index.php\/wp-json\/wp\/v2\/comments?post=63698"}],"version-history":[{"count":1,"href":"https:\/\/lasprimeras.com.do\/index.php\/wp-json\/wp\/v2\/posts\/63698\/revisions"}],"predecessor-version":[{"id":63700,"href":"https:\/\/lasprimeras.com.do\/index.php\/wp-json\/wp\/v2\/posts\/63698\/revisions\/63700"}],"wp:featuredmedia":[{"embeddable":true,"href":"https:\/\/lasprimeras.com.do\/index.php\/wp-json\/wp\/v2\/media\/63699"}],"wp:attachment":[{"href":"https:\/\/lasprimeras.com.do\/index.php\/wp-json\/wp\/v2\/media?parent=63698"}],"wp:term":[{"taxonomy":"category","embeddable":true,"href":"https:\/\/lasprimeras.com.do\/index.php\/wp-json\/wp\/v2\/categories?post=63698"},{"taxonomy":"post_tag","embeddable":true,"href":"https:\/\/lasprimeras.com.do\/index.php\/wp-json\/wp\/v2\/tags?post=63698"}],"curies":[{"name":"wp","href":"https:\/\/api.w.org\/{rel}","templated":true}]}}