{"id":63717,"date":"2023-10-15T08:47:17","date_gmt":"2023-10-15T12:47:17","guid":{"rendered":"https:\/\/lasprimeras.com.do\/?p=63717"},"modified":"2023-10-15T08:47:19","modified_gmt":"2023-10-15T12:47:19","slug":"transportistas-piden-al-gobierno-tratar-en-mesa-crisis-carburantes","status":"publish","type":"post","link":"https:\/\/lasprimeras.com.do\/index.php\/2023\/10\/15\/transportistas-piden-al-gobierno-tratar-en-mesa-crisis-carburantes\/","title":{"rendered":"Transportistas piden al gobierno tratar en mesa crisis carburantes"},"content":{"rendered":"\n<p>SANTO DOMINGO, Rep\u00fablica Dominicana.- El dirigente sindical Mario D\u00edaz sugiri\u00f3 que el sector transporte se siente en una mesa de trabajo con el gobierno y se planteen medidas tendentes a contrarrestar las escaladas alcistas que se van produciendo en los precios internacionales del petr\u00f3leo y sus derivados.<\/p>\n\n\n\n<p>\u00abSugerimos que sea reducido el horario de trabajo de la enorme flota vehicular utilizada en el transporte de pasajeros y de cargas de nuestro pa\u00eds y que los transportistas dominicanos tomen conciencia de la necesidad de reducir los tapones en las principales v\u00edas\u201d, asegur\u00f3.<\/p>\n\n\n\n<p>\u201cLos tapones son el principal factor que hace que la flota vehicular consuma combustible de manera excesiva\u201d, agreg\u00f3.<\/p>\n\n\n\n<p>Para D\u00edaz, secretario general de la Federaci\u00f3n Nacional de Trabajadores del Transporte Social Cristianos (FENATTRANSC), se hace necesario buscar la manera de recortar las horas de transporte de mercanc\u00edas y con dichas medidas lograr reducir significativamente el consumo de combustibles en el pa\u00eds.<\/p>\n\n\n\n<p>En nota enviada a este medio, el empresario del transporte destaca que en los \u00faltimos meses se han disparado los precios de venta del barril de petr\u00f3leo y ahora con el desarrollo del conflicto \u00e1rabe- israel\u00ed, la econom\u00eda mundial est\u00e1 amenazada.<\/p>\n\n\n\n<p>Record\u00f3 que la econom\u00eda de los pa\u00edses no productores de petr\u00f3leo, que son casi el universo del mundo, dependen directamente del consumo de los combustibles derivados del crudo.<\/p>\n\n\n\n<p>\u00abLos transportistas tenemos el gran reto de asumir nuevamente sacrificios para amortizar los efectos negativos del consumo de combustibles y del alza de precios del petr\u00f3leo que pueden producirse a partir de este nuevo conflicto b\u00e9lico en oriente medio\u00bb, asever\u00f3.<\/p>\n","protected":false},"excerpt":{"rendered":"<p>SANTO DOMINGO, Rep\u00fablica Dominicana.- El dirigente sindical Mario D\u00edaz sugiri\u00f3 que el sector transporte se siente en una mesa de trabajo con el gobierno y se planteen medidas tendentes a&hellip;<\/p>\n","protected":false},"author":3,"featured_media":63718,"comment_status":"open","ping_status":"open","sticky":false,"template":"","format":"standard","meta":{"content-type":"","jetpack_post_was_ever_published":false,"_jetpack_newsletter_access":"","_jetpack_dont_email_post_to_subs":false,"_jetpack_newsletter_tier_id":0,"_jetpack_memberships_contains_paywalled_content":false,"_jetpack_memberships_contains_paid_content":false,"footnotes":""},"categories":[35],"tags":[],"class_list":["post-63717","post","type-post","status-publish","format-standard","has-post-thumbnail","hentry","category-nacionales"],"jetpack_featured_media_url":"https:\/\/lasprimeras.com.do\/wp-content\/uploads\/2023\/10\/WhatsApp-Image-2023-10-14-at-10.00.32-PM-1-7.jpeg","jetpack-related-posts":[{"id":63687,"url":"https:\/\/lasprimeras.com.do\/index.php\/2023\/10\/14\/dirigente-choferil-propone-dialogo-nacional-para-enfrentar-posibles-alzas-en-combustibles\/","url_meta":{"origin":63717,"position":0},"title":"Dirigente choferil propone di\u00e1logo nacional para enfrentar posibles alzas en combustibles","author":"Nelson Feliz","date":"14 de octubre de 2023","format":false,"excerpt":"El dirigente sindical, Mario D\u00edaz sugiri\u00f3 hoy que el sector y el Gobierno transporte se sienta en una mesa de trabajo y planteen medidas tendentes a contrarrestar las escaladas alcistas que de manera inevitable se van a seguir produciendo en los precios internacionales de venta del barril del petr\u00f3leo y\u2026","rel":"","context":"En \u00abECONOM\u00cdA\u00bb","block_context":{"text":"ECONOM\u00cdA","link":"https:\/\/lasprimeras.com.do\/index.php\/category\/economia\/"},"img":{"alt_text":"Mario Diaz","src":"https:\/\/i0.wp.com\/lasprimeras.com.do\/wp-content\/uploads\/2023\/08\/Mario-Diaz.jpg?resize=350%2C200&ssl=1","width":350,"height":200,"srcset":"https:\/\/i0.wp.com\/lasprimeras.com.do\/wp-content\/uploads\/2023\/08\/Mario-Diaz.jpg?resize=350%2C200&ssl=1 1x, https:\/\/i0.wp.com\/lasprimeras.com.do\/wp-content\/uploads\/2023\/08\/Mario-Diaz.jpg?resize=525%2C300&ssl=1 1.5x, https:\/\/i0.wp.com\/lasprimeras.com.do\/wp-content\/uploads\/2023\/08\/Mario-Diaz.jpg?resize=700%2C400&ssl=1 2x"},"classes":[]},{"id":87064,"url":"https:\/\/lasprimeras.com.do\/index.php\/2024\/08\/06\/fenattransc-sugiere-medidas-al-director-de-intrant\/","url_meta":{"origin":63717,"position":1},"title":"FENATTRANSC sugiere medidas al director de INTRANT","author":"Nelson Feliz","date":"6 de agosto de 2024","format":false,"excerpt":"Por Martin Restituyo El presidente de la Federaci\u00f3n Nacional de Trabajadores del Transporte Social Cristianos (FENATTRANSC), Mario D\u00edaz, sugiri\u00f3 al Director Ejecutivo del Instituto Nacional de Tr\u00e1nsito y Transporte Terrestre, (INTRANT), Milton Morrison, algunas medidas para que sean puestas en ejecuci\u00f3n al inicio de su gesti\u00f3n al frente de esa\u2026","rel":"","context":"En \u00abNACIONALES\u00bb","block_context":{"text":"NACIONALES","link":"https:\/\/lasprimeras.com.do\/index.php\/category\/nacionales\/"},"img":{"alt_text":"","src":"https:\/\/i0.wp.com\/lasprimeras.com.do\/wp-content\/uploads\/2024\/08\/md.jpg?resize=350%2C200&ssl=1","width":350,"height":200},"classes":[]},{"id":53501,"url":"https:\/\/lasprimeras.com.do\/index.php\/2023\/06\/27\/perez-figuereo-propone-creacion-de-la-mesa-de-trabajo-entre-gobierno-transportistas-y-empresarios\/","url_meta":{"origin":63717,"position":2},"title":"P\u00e9rez Figuereo propone creaci\u00f3n de la Mesa de Trabajo entre Gobierno, Transportistas y empresarios","author":"Nelson Feliz","date":"27 de junio de 2023","format":false,"excerpt":"El presidente de la Central Nacional de Transportistas Unificados (CNTU), William P\u00e9rez Figuereo, propuso hoy la creaci\u00f3n de una mesa de trabajo y que se involucren autoridades gubernamentales, empresarial y choferil, en contra de los accidentes de tr\u00e1nsitos. P\u00e9rez Figuereo, dijo que la situaci\u00f3n de los accidentes en la Rep\u00fablica\u2026","rel":"","context":"En \u00abNACIONALES\u00bb","block_context":{"text":"NACIONALES","link":"https:\/\/lasprimeras.com.do\/index.php\/category\/nacionales\/"},"img":{"alt_text":"William Perez Figuereo","src":"https:\/\/i0.wp.com\/lasprimeras.com.do\/wp-content\/uploads\/2023\/06\/William-Perez-Figuereo.jpg?resize=350%2C200&ssl=1","width":350,"height":200,"srcset":"https:\/\/i0.wp.com\/lasprimeras.com.do\/wp-content\/uploads\/2023\/06\/William-Perez-Figuereo.jpg?resize=350%2C200&ssl=1 1x, https:\/\/i0.wp.com\/lasprimeras.com.do\/wp-content\/uploads\/2023\/06\/William-Perez-Figuereo.jpg?resize=525%2C300&ssl=1 1.5x, https:\/\/i0.wp.com\/lasprimeras.com.do\/wp-content\/uploads\/2023\/06\/William-Perez-Figuereo.jpg?resize=700%2C400&ssl=1 2x, https:\/\/i0.wp.com\/lasprimeras.com.do\/wp-content\/uploads\/2023\/06\/William-Perez-Figuereo.jpg?resize=1050%2C600&ssl=1 3x, https:\/\/i0.wp.com\/lasprimeras.com.do\/wp-content\/uploads\/2023\/06\/William-Perez-Figuereo.jpg?resize=1400%2C800&ssl=1 4x"},"classes":[]},{"id":78331,"url":"https:\/\/lasprimeras.com.do\/index.php\/2024\/03\/15\/cntu-asegura-gobierno-trabaja-en-la-solucion-del-transito-del-pais\/","url_meta":{"origin":63717,"position":3},"title":"CNTU asegura Gobierno trabaja en la soluci\u00f3n del tr\u00e1nsito del pa\u00eds \u00a0\u00a0\u00a0\u00a0\u00a0\u00a0","author":"Nelson Feliz","date":"15 de marzo de 2024","format":false,"excerpt":"El presidente de la Central Nacional de Transportistas Unificados (CNTU), William P\u00e9rez Figuereo, pidi\u00f3 este jueves a la poblaci\u00f3n dominicana a no desesperarse ante los constantes y largos en taponamientos vehiculares que se registran cada d\u00eda en las calles y avenidas de nuestro pa\u00eds. Al conversar con este medio, P\u00e9rez\u2026","rel":"","context":"En \u00abNACIONALES\u00bb","block_context":{"text":"NACIONALES","link":"https:\/\/lasprimeras.com.do\/index.php\/category\/nacionales\/"},"img":{"alt_text":"Tapones","src":"https:\/\/i0.wp.com\/lasprimeras.com.do\/wp-content\/uploads\/2024\/03\/Tapones.jpg?resize=350%2C200&ssl=1","width":350,"height":200,"srcset":"https:\/\/i0.wp.com\/lasprimeras.com.do\/wp-content\/uploads\/2024\/03\/Tapones.jpg?resize=350%2C200&ssl=1 1x, https:\/\/i0.wp.com\/lasprimeras.com.do\/wp-content\/uploads\/2024\/03\/Tapones.jpg?resize=525%2C300&ssl=1 1.5x"},"classes":[]},{"id":67681,"url":"https:\/\/lasprimeras.com.do\/index.php\/2023\/11\/17\/conatra-celebra-el-dia-del-chofer-dominicano-y-reitera-apoyo-a-proyectos-del-gobierno\/","url_meta":{"origin":63717,"position":4},"title":"Conatra celebra el D\u00eda del Chofer Dominicano y reitera apoyo a proyectos del Gobierno","author":"Nelson Feliz","date":"17 de noviembre de 2023","format":false,"excerpt":"Por Martin Restituyo La Confederaci\u00f3n Nacional de Organizaciones del Transporte (Conatra) celebr\u00f3 este jueves el \u201cD\u00eda Nacional del Chofer Dominicano\u201d, con una misa solemne efectuada en la Bas\u00edlica de Hig\u00fcey, y aprovech\u00f3 la ocasi\u00f3n para reiterar su apoyo a los proyectos de transporte que ejecuta el Gobierno a trav\u00e9s del\u2026","rel":"","context":"En \u00abNACIONALES\u00bb","block_context":{"text":"NACIONALES","link":"https:\/\/lasprimeras.com.do\/index.php\/category\/nacionales\/"},"img":{"alt_text":"Antonio Marte","src":"https:\/\/i0.wp.com\/lasprimeras.com.do\/wp-content\/uploads\/2023\/11\/Antonio-Marte.jpg?resize=350%2C200&ssl=1","width":350,"height":200,"srcset":"https:\/\/i0.wp.com\/lasprimeras.com.do\/wp-content\/uploads\/2023\/11\/Antonio-Marte.jpg?resize=350%2C200&ssl=1 1x, https:\/\/i0.wp.com\/lasprimeras.com.do\/wp-content\/uploads\/2023\/11\/Antonio-Marte.jpg?resize=525%2C300&ssl=1 1.5x, https:\/\/i0.wp.com\/lasprimeras.com.do\/wp-content\/uploads\/2023\/11\/Antonio-Marte.jpg?resize=700%2C400&ssl=1 2x"},"classes":[]},{"id":98693,"url":"https:\/\/lasprimeras.com.do\/index.php\/2025\/05\/11\/cntu-propone-construir-via-expresa-que-atraviese-distrito-nacional\/","url_meta":{"origin":63717,"position":5},"title":"CNTU propone construir v\u00eda expresa que atraviese Distrito Nacional","author":"Nelson Feliz","date":"11 de mayo de 2025","format":false,"excerpt":"La Central Nacional de Transportista Unificados (CNTU), a trav\u00e9s de su presidente Williams P\u00e9rez Figuereo, hizo un llamado al presidente Luis Abinader para que junto al sector privado, nacional y extranjero, construya una v\u00eda de tr\u00e1nsito vehicular expresa, que atraviese el Distrito Nacional de este a norte\/ sur , en\u2026","rel":"","context":"En \u00abNACIONALES\u00bb","block_context":{"text":"NACIONALES","link":"https:\/\/lasprimeras.com.do\/index.php\/category\/nacionales\/"},"img":{"alt_text":"William P\u00e9rez Figuereo","src":"https:\/\/i0.wp.com\/lasprimeras.com.do\/wp-content\/uploads\/2024\/10\/William-Perez-Figuereo-1.jpg?resize=350%2C200&ssl=1","width":350,"height":200,"srcset":"https:\/\/i0.wp.com\/lasprimeras.com.do\/wp-content\/uploads\/2024\/10\/William-Perez-Figuereo-1.jpg?resize=350%2C200&ssl=1 1x, https:\/\/i0.wp.com\/lasprimeras.com.do\/wp-content\/uploads\/2024\/10\/William-Perez-Figuereo-1.jpg?resize=525%2C300&ssl=1 1.5x, https:\/\/i0.wp.com\/lasprimeras.com.do\/wp-content\/uploads\/2024\/10\/William-Perez-Figuereo-1.jpg?resize=700%2C400&ssl=1 2x"},"classes":[]}],"jetpack_sharing_enabled":true,"_links":{"self":[{"href":"https:\/\/lasprimeras.com.do\/index.php\/wp-json\/wp\/v2\/posts\/63717","targetHints":{"allow":["GET"]}}],"collection":[{"href":"https:\/\/lasprimeras.com.do\/index.php\/wp-json\/wp\/v2\/posts"}],"about":[{"href":"https:\/\/lasprimeras.com.do\/index.php\/wp-json\/wp\/v2\/types\/post"}],"author":[{"embeddable":true,"href":"https:\/\/lasprimeras.com.do\/index.php\/wp-json\/wp\/v2\/users\/3"}],"replies":[{"embeddable":true,"href":"https:\/\/lasprimeras.com.do\/index.php\/wp-json\/wp\/v2\/comments?post=63717"}],"version-history":[{"count":1,"href":"https:\/\/lasprimeras.com.do\/index.php\/wp-json\/wp\/v2\/posts\/63717\/revisions"}],"predecessor-version":[{"id":63719,"href":"https:\/\/lasprimeras.com.do\/index.php\/wp-json\/wp\/v2\/posts\/63717\/revisions\/63719"}],"wp:featuredmedia":[{"embeddable":true,"href":"https:\/\/lasprimeras.com.do\/index.php\/wp-json\/wp\/v2\/media\/63718"}],"wp:attachment":[{"href":"https:\/\/lasprimeras.com.do\/index.php\/wp-json\/wp\/v2\/media?parent=63717"}],"wp:term":[{"taxonomy":"category","embeddable":true,"href":"https:\/\/lasprimeras.com.do\/index.php\/wp-json\/wp\/v2\/categories?post=63717"},{"taxonomy":"post_tag","embeddable":true,"href":"https:\/\/lasprimeras.com.do\/index.php\/wp-json\/wp\/v2\/tags?post=63717"}],"curies":[{"name":"wp","href":"https:\/\/api.w.org\/{rel}","templated":true}]}}