{"id":63723,"date":"2023-10-15T08:53:05","date_gmt":"2023-10-15T12:53:05","guid":{"rendered":"https:\/\/lasprimeras.com.do\/?p=63723"},"modified":"2023-10-15T08:53:07","modified_gmt":"2023-10-15T12:53:07","slug":"techy-fatule-agradece-nominacion-al-grammy-con-un-concierto-cargado-de-comedia-en-vivo","status":"publish","type":"post","link":"https:\/\/lasprimeras.com.do\/index.php\/2023\/10\/15\/techy-fatule-agradece-nominacion-al-grammy-con-un-concierto-cargado-de-comedia-en-vivo\/","title":{"rendered":"Techy Fatule agradece nominaci\u00f3n al Grammy con un concierto cargado de comedia en vivo"},"content":{"rendered":"\n<p>Santo Domingo.-El sonido de una guitarra que pisaba fuerte el acorde de Sol, mientras Techy Fatule marcaba su entrada al escenario, cantando \u201cA mi me vale\u201c, fue el inicio del concierto, celebrado, este s\u00e1bado, en el Hard Rock Caf\u00e9 Santo Domingo, para agradecer su nominaci\u00f3n en los premios Lat\u00edn Grammy 2023.<\/p>\n\n\n\n<p>Esta artista multifac\u00e9tica, dividi\u00f3 su presentaci\u00f3n, de m\u00e1s de 22 canciones, en cuatro etapas: pop, baladas, baladas pop, y como ella mismo lo defini\u00f3 \u201cla etapa tropical\u201d, que contaba con composiciones a ritmo de salsa, bachata y merengue.<\/p>\n\n\n\n<p>El concierto no solo fue escenario para la m\u00fasica. Techy se marc\u00f3 varios momentos de Stand up comedy, que adem\u00e1s sirvieron para practicar el \u201cdiscurso que dar\u00e1\u201d si gana la nominaci\u00f3n \u201cMejor Canci\u00f3n Tropical\u201d con el tema \u201cQue me quedes t\u00fa\u201d.<\/p>\n\n\n\n<p>\u201cMi madre por darme la vida y apoyarme; mi padre por mostrarme a tocar instrumentos, mi nana, mi hermana Karla, mi hijo y mi esposo; mis abuelos, primos, amistades de toda la vida; Jumbo por la compra de mi casa, a todos los que fueron a AppleBee&#8217;s a verme en el 2015, a las tres pel\u00edculas que hice con Robertico que me ayudaron a pagar mi casa, a todos los que descargaron mi canci\u00f3n \u2018siento\u2019, a toda la gente que me ha hecho videos musicales de gratis, finalmente a disco 106 que dur\u00f3 a\u00f1os poniendo una canci\u00f3n m\u00eda pero no sab\u00edan que era yo, y yo sonaba en todas las caba\u00f1as del pa\u00eds\u201d, dijo entre las carcajadas de los presentes.<\/p>\n\n\n\n<p>Estos agradecimientos tambi\u00e9n fueron dados a aquellos que no han apoyado su carrera o no han cre\u00eddo en su talento.<\/p>\n\n\n\n<p>\u201cA los Due\u00f1os del Circo, a las 23 cuentas de Instagram que tengo bloqueadas, a todo Twitter, la periodista aquella que ella sabe qui\u00e9n es, el que siempre pregunta \u2018y qui\u00e9n es esa\u2019 en todas mis entrevistas; el que dijo que yo no llenaba este concierto y sabe qui\u00e9n es; el que siempre dice \u2018es que ella hace m\u00fasica de Popi\u2019, el que se invent\u00f3 el challenge \u2018nombra 5 canciones de Techy Fatule\u2019 y el que dijo que yo no iba para parte y voy para los Lat\u00edn Grammy\u201d, coment\u00f3 entre el aplauso y las carcajadas de los presentes.<\/p>\n\n\n\n<p>Las improvisaciones y momentos que hac\u00edan re\u00edr a los presentes, incluso a aquellos novios que se vieron forzados a levantar la mano para manifestar su presencia obligada, fue palpable durante toda la noche.<\/p>\n\n\n\n<p>\u201cM\u00e1s f\u00e1cil me gan\u00f3 el Grammy que el Soberano\u201d, dijo entre bromas en otro momento de agradecimiento y an\u00e9cdotas.<\/p>\n\n\n\n<p>Invitados<\/p>\n\n\n\n<p>El concierto, a casa llena, no solo cont\u00f3 con un p\u00fablico fiel que siente gran admiraci\u00f3n por Techy Fatule y dice presente en sus funciones, tambi\u00e9n con dos artistas invitados que la siguen y admiran su m\u00fasica, seg\u00fan manifestaron.<\/p>\n\n\n\n<p>El primero en salir al escenario fue Yohan Amparo, ganador de La Voz 2021, con quien cant\u00f3 \u201cd\u00e9jame entregarte todo\u201d y luego Diego Jaar con quien comparte el tema \u2018t\u00fa me quedas bien\u2019.<\/p>\n\n\n\n<p>A lo largo de todas sus interpretaciones, que recogieron canciones de sus cuatro discos como: \u201cVolver\u00e1s\u201d; \u201cNo me preguntes por \u00e9l\u201d, \u201cOtra vez\u201d, \u201cUn besito\u201d, esta joven artista mostr\u00f3 su registro vocal y su gran fuerza interpretativa.<\/p>\n\n\n\n<p>Adem\u00e1s se sus propias composiciones Techy aprovech\u00f3 el escenario para realizar covers de \u201cEvidencia\u201d de Ana Gabriel y \u201cAtada a tu volc\u00e1n\u201d de Ednita Nazario.<\/p>\n\n\n\n<p>Tras m\u00e1s de una hora de concierto, que inici\u00f3 con la joven Caroll Diaz como telonera, Techy Fatule le dijo adi\u00f3s a su p\u00fablico que durante todo el espect\u00e1culo bail\u00f3, cant\u00f3 sus composiciones y disfrut\u00f3 de todas sus ocurrencias.<\/p>\n\n\n\n<p>Latin Grammy<\/p>\n\n\n\n<p>En la entrega de los premios Lat\u00edn Grammy, este 16 de noviembre, Techy Fatule comparte la categor\u00eda \u201cMejor Canci\u00f3n Tropical\u201d, con Camilo y Camila Cabello; Pablo Milan\u00e9s &amp; Juanes; Marshmello &amp; Manuel Turizo; Maluma y Marc Anthony y Fonseca &amp; Juan Luis Guerra.<\/p>\n","protected":false},"excerpt":{"rendered":"<p>Santo Domingo.-El sonido de una guitarra que pisaba fuerte el acorde de Sol, mientras Techy Fatule marcaba su entrada al escenario, cantando \u201cA mi me vale\u201c, fue el inicio del&hellip;<\/p>\n","protected":false},"author":3,"featured_media":63724,"comment_status":"open","ping_status":"open","sticky":false,"template":"","format":"standard","meta":{"content-type":"","jetpack_post_was_ever_published":false,"_jetpack_newsletter_access":"","_jetpack_dont_email_post_to_subs":false,"_jetpack_newsletter_tier_id":0,"_jetpack_memberships_contains_paywalled_content":false,"_jetpack_memberships_contains_paid_content":false,"footnotes":""},"categories":[84],"tags":[],"class_list":["post-63723","post","type-post","status-publish","format-standard","has-post-thumbnail","hentry","category-entretenimiento"],"jetpack_featured_media_url":"https:\/\/lasprimeras.com.do\/wp-content\/uploads\/2023\/10\/WhatsApp-Image-2023-10-14-at-10.00.32-PM-1-9.jpeg","jetpack-related-posts":[{"id":76135,"url":"https:\/\/lasprimeras.com.do\/index.php\/2024\/02\/07\/techy-fatule-se-aferra-a-los-ritmos-tropicales\/","url_meta":{"origin":63723,"position":0},"title":"Techy Fatule se aferra a los ritmos tropicales","author":"BIMARY DE JES\u00daS Matos","date":"7 de febrero de 2024","format":false,"excerpt":"Santo Domingo.- La artista dominicana nominada a Latin Grammy Techy Fatule lanz\u00f3 su nuevo sencillo, \u00abTe voy a enamorar\u00bb, un cautivador merengue de su propia autor\u00eda con el que busca conquistar los corazones del p\u00fablico y seguir cant\u00e1ndole al amor. Con letras que inspiran a celebrar el romance, el reencuentro\u2026","rel":"","context":"En \u00abENTRETENIMIENTO\u00bb","block_context":{"text":"ENTRETENIMIENTO","link":"https:\/\/lasprimeras.com.do\/index.php\/category\/entretenimiento\/"},"img":{"alt_text":"","src":"https:\/\/i0.wp.com\/lasprimeras.com.do\/wp-content\/uploads\/2024\/02\/EE_2p011.jpg-2.webp?resize=350%2C200&ssl=1","width":350,"height":200,"srcset":"https:\/\/i0.wp.com\/lasprimeras.com.do\/wp-content\/uploads\/2024\/02\/EE_2p011.jpg-2.webp?resize=350%2C200&ssl=1 1x, https:\/\/i0.wp.com\/lasprimeras.com.do\/wp-content\/uploads\/2024\/02\/EE_2p011.jpg-2.webp?resize=525%2C300&ssl=1 1.5x, https:\/\/i0.wp.com\/lasprimeras.com.do\/wp-content\/uploads\/2024\/02\/EE_2p011.jpg-2.webp?resize=700%2C400&ssl=1 2x"},"classes":[]},{"id":70794,"url":"https:\/\/lasprimeras.com.do\/index.php\/2023\/12\/14\/badir-un-bohemio-dominicano-que-cerrara-gira-en-hard-rock-cafe\/","url_meta":{"origin":63723,"position":1},"title":"Badir: \u201cUn bohemio dominicano\u201d que cerrar\u00e1 gira en Hard Rock Caf\u00e9","author":"BIMARY DE JES\u00daS Matos","date":"14 de diciembre de 2023","format":false,"excerpt":"Santo Domingo.-El cantautor dominicano Badir cerrar\u00e1 su 2023 con un concierto pautado para este 20 de diciembre, a las 8:00 de la noche en Hard Rock Caf\u00e9. Como parte de su gira \u201cUn bohemio dominicano\u201d, la cual le ha permitido al artista recorrer diferentes escenarios en todo el pa\u00eds, cubriendo\u2026","rel":"","context":"En \u00abENTRETENIMIENTO\u00bb","block_context":{"text":"ENTRETENIMIENTO","link":"https:\/\/lasprimeras.com.do\/index.php\/category\/entretenimiento\/"},"img":{"alt_text":"","src":"https:\/\/i0.wp.com\/lasprimeras.com.do\/wp-content\/uploads\/2023\/12\/Paliza-juramenta-al-diputado-por-Independencia-y-al-alcalde-de-Duverge-abandonan-el-PLD-1-7.jpg?resize=350%2C200&ssl=1","width":350,"height":200,"srcset":"https:\/\/i0.wp.com\/lasprimeras.com.do\/wp-content\/uploads\/2023\/12\/Paliza-juramenta-al-diputado-por-Independencia-y-al-alcalde-de-Duverge-abandonan-el-PLD-1-7.jpg?resize=350%2C200&ssl=1 1x, https:\/\/i0.wp.com\/lasprimeras.com.do\/wp-content\/uploads\/2023\/12\/Paliza-juramenta-al-diputado-por-Independencia-y-al-alcalde-de-Duverge-abandonan-el-PLD-1-7.jpg?resize=525%2C300&ssl=1 1.5x"},"classes":[]},{"id":57334,"url":"https:\/\/lasprimeras.com.do\/index.php\/2023\/08\/11\/la-oreja-media-group-con-4-de-sus-artistas-en-the-best-of-dr-2023\/","url_meta":{"origin":63723,"position":2},"title":"La Oreja Media Group con 4 de sus artistas en The Best of DR 2023\u00a0","author":"Nelson Feliz","date":"11 de agosto de 2023","format":false,"excerpt":"De cara a su edici\u00f3n del 2023, Mercado celebr\u00f3 \"The Best of DR\",\u00a0una iniciativa que reconoce lo mejor en gastronom\u00eda, entretenimiento, arte y cultura,y en la cualincluy\u00f3 4 artistas de La Oreja Media Group.\u00a0 \"Estamos muy orgullosos por este reconocimiento al talento y trayectoria de nuestros artistas que representan lo\u2026","rel":"","context":"En \u00abENTRETENIMIENTO\u00bb","block_context":{"text":"ENTRETENIMIENTO","link":"https:\/\/lasprimeras.com.do\/index.php\/category\/entretenimiento\/"},"img":{"alt_text":"","src":"https:\/\/i0.wp.com\/lasprimeras.com.do\/wp-content\/uploads\/2023\/08\/TF.jpg?resize=350%2C200&ssl=1","width":350,"height":200,"srcset":"https:\/\/i0.wp.com\/lasprimeras.com.do\/wp-content\/uploads\/2023\/08\/TF.jpg?resize=350%2C200&ssl=1 1x, https:\/\/i0.wp.com\/lasprimeras.com.do\/wp-content\/uploads\/2023\/08\/TF.jpg?resize=525%2C300&ssl=1 1.5x, https:\/\/i0.wp.com\/lasprimeras.com.do\/wp-content\/uploads\/2023\/08\/TF.jpg?resize=700%2C400&ssl=1 2x"},"classes":[]},{"id":63595,"url":"https:\/\/lasprimeras.com.do\/index.php\/2023\/10\/13\/el-sol-de-mexico-regresa-a-republica-dominicana\/","url_meta":{"origin":63723,"position":3},"title":"El sol de M\u00e9xico regresa a Repu\u0301blica Dominicana","author":"BIMARY DE JES\u00daS Matos","date":"13 de octubre de 2023","format":false,"excerpt":"SANTO DOMINGO.- El esperado regreso de Luis Miguel a Repu\u0301blica Dominicana ya tiene fecha y lugar. La cita sera\u0301 el pro\u0301ximo 17 de enero en el Estadio Oli\u0301mpico. Un concierto en donde sus fans podra\u0301n disfrutar de todos los e\u0301xitos del cantante y una puesta en escena inolvidable. El mexicano\u2026","rel":"","context":"En \u00abENTRETENIMIENTO\u00bb","block_context":{"text":"ENTRETENIMIENTO","link":"https:\/\/lasprimeras.com.do\/index.php\/category\/entretenimiento\/"},"img":{"alt_text":"","src":"https:\/\/i0.wp.com\/lasprimeras.com.do\/wp-content\/uploads\/2023\/10\/WhatsApp-Image-2023-10-13-at-11.03.05-AM-1.webp?resize=350%2C200&ssl=1","width":350,"height":200,"srcset":"https:\/\/i0.wp.com\/lasprimeras.com.do\/wp-content\/uploads\/2023\/10\/WhatsApp-Image-2023-10-13-at-11.03.05-AM-1.webp?resize=350%2C200&ssl=1 1x, https:\/\/i0.wp.com\/lasprimeras.com.do\/wp-content\/uploads\/2023\/10\/WhatsApp-Image-2023-10-13-at-11.03.05-AM-1.webp?resize=525%2C300&ssl=1 1.5x, https:\/\/i0.wp.com\/lasprimeras.com.do\/wp-content\/uploads\/2023\/10\/WhatsApp-Image-2023-10-13-at-11.03.05-AM-1.webp?resize=700%2C400&ssl=1 2x, https:\/\/i0.wp.com\/lasprimeras.com.do\/wp-content\/uploads\/2023\/10\/WhatsApp-Image-2023-10-13-at-11.03.05-AM-1.webp?resize=1050%2C600&ssl=1 3x, https:\/\/i0.wp.com\/lasprimeras.com.do\/wp-content\/uploads\/2023\/10\/WhatsApp-Image-2023-10-13-at-11.03.05-AM-1.webp?resize=1400%2C800&ssl=1 4x"},"classes":[]},{"id":57604,"url":"https:\/\/lasprimeras.com.do\/index.php\/2023\/08\/14\/fernando-villalona-sigue-volando-alto-en-chavon\/","url_meta":{"origin":63723,"position":4},"title":"Fernando Villalona sigue volando alto en Chav\u00f3n","author":"Nelson Feliz","date":"14 de agosto de 2023","format":false,"excerpt":"En el a\u00f1o 1986, el ic\u00f3nico artista dominicano Fernando Villalona revent\u00f3 las piedras de un naciente anfiteatro de Altos de Chav\u00f3n que ya hab\u00eda recibido a grandes estrellas de fama mundial, como el insigne Frank Sinatra, Buddy Rich, Santana, Joan Jett y Heart. Treinta y siete a\u00f1os despu\u00e9s, \u201cEl Ni\u00f1o\u2026","rel":"","context":"En \u00abENTRETENIMIENTO\u00bb","block_context":{"text":"ENTRETENIMIENTO","link":"https:\/\/lasprimeras.com.do\/index.php\/category\/entretenimiento\/"},"img":{"alt_text":"Fernando Villalona","src":"https:\/\/i0.wp.com\/lasprimeras.com.do\/wp-content\/uploads\/2023\/08\/fernando-villalona.jpeg?resize=350%2C200&ssl=1","width":350,"height":200,"srcset":"https:\/\/i0.wp.com\/lasprimeras.com.do\/wp-content\/uploads\/2023\/08\/fernando-villalona.jpeg?resize=350%2C200&ssl=1 1x, https:\/\/i0.wp.com\/lasprimeras.com.do\/wp-content\/uploads\/2023\/08\/fernando-villalona.jpeg?resize=525%2C300&ssl=1 1.5x, https:\/\/i0.wp.com\/lasprimeras.com.do\/wp-content\/uploads\/2023\/08\/fernando-villalona.jpeg?resize=700%2C400&ssl=1 2x, https:\/\/i0.wp.com\/lasprimeras.com.do\/wp-content\/uploads\/2023\/08\/fernando-villalona.jpeg?resize=1050%2C600&ssl=1 3x"},"classes":[]},{"id":68319,"url":"https:\/\/lasprimeras.com.do\/index.php\/2023\/11\/23\/j-noa-trae-fuego-con-su-tema-spicy-y-confirma-su-primera-presentacion-en-el-festival-isle-of-light\/","url_meta":{"origin":63723,"position":5},"title":"J Noa trae fuego con su tema &#8220;Spicy&#8221; y confirma su primera presentaci\u00f3n en el festival Isle of Light","author":"BIMARY DE JES\u00daS Matos","date":"23 de noviembre de 2023","format":false,"excerpt":"Santo Domingo.-La nueva estrella del rap de 18 a\u00f1os nominada al Latin Grammy, J Noa, trae el fuego con su nuevo sencillo, \u201cSpicy\u201d, a trav\u00e9s de Sony Music CAC. El tema fue producido por el c\u00e9lebre productor y ganador del Grammy, Trooko (Residente, Bad Bunny), y forma parte de la\u2026","rel":"","context":"En \u00abENTRETENIMIENTO\u00bb","block_context":{"text":"ENTRETENIMIENTO","link":"https:\/\/lasprimeras.com.do\/index.php\/category\/entretenimiento\/"},"img":{"alt_text":"","src":"https:\/\/i0.wp.com\/lasprimeras.com.do\/wp-content\/uploads\/2023\/11\/Noticias-de-hidrocarburos-4.jpg?resize=350%2C200&ssl=1","width":350,"height":200,"srcset":"https:\/\/i0.wp.com\/lasprimeras.com.do\/wp-content\/uploads\/2023\/11\/Noticias-de-hidrocarburos-4.jpg?resize=350%2C200&ssl=1 1x, https:\/\/i0.wp.com\/lasprimeras.com.do\/wp-content\/uploads\/2023\/11\/Noticias-de-hidrocarburos-4.jpg?resize=525%2C300&ssl=1 1.5x, https:\/\/i0.wp.com\/lasprimeras.com.do\/wp-content\/uploads\/2023\/11\/Noticias-de-hidrocarburos-4.jpg?resize=700%2C400&ssl=1 2x"},"classes":[]}],"jetpack_sharing_enabled":true,"_links":{"self":[{"href":"https:\/\/lasprimeras.com.do\/index.php\/wp-json\/wp\/v2\/posts\/63723","targetHints":{"allow":["GET"]}}],"collection":[{"href":"https:\/\/lasprimeras.com.do\/index.php\/wp-json\/wp\/v2\/posts"}],"about":[{"href":"https:\/\/lasprimeras.com.do\/index.php\/wp-json\/wp\/v2\/types\/post"}],"author":[{"embeddable":true,"href":"https:\/\/lasprimeras.com.do\/index.php\/wp-json\/wp\/v2\/users\/3"}],"replies":[{"embeddable":true,"href":"https:\/\/lasprimeras.com.do\/index.php\/wp-json\/wp\/v2\/comments?post=63723"}],"version-history":[{"count":1,"href":"https:\/\/lasprimeras.com.do\/index.php\/wp-json\/wp\/v2\/posts\/63723\/revisions"}],"predecessor-version":[{"id":63725,"href":"https:\/\/lasprimeras.com.do\/index.php\/wp-json\/wp\/v2\/posts\/63723\/revisions\/63725"}],"wp:featuredmedia":[{"embeddable":true,"href":"https:\/\/lasprimeras.com.do\/index.php\/wp-json\/wp\/v2\/media\/63724"}],"wp:attachment":[{"href":"https:\/\/lasprimeras.com.do\/index.php\/wp-json\/wp\/v2\/media?parent=63723"}],"wp:term":[{"taxonomy":"category","embeddable":true,"href":"https:\/\/lasprimeras.com.do\/index.php\/wp-json\/wp\/v2\/categories?post=63723"},{"taxonomy":"post_tag","embeddable":true,"href":"https:\/\/lasprimeras.com.do\/index.php\/wp-json\/wp\/v2\/tags?post=63723"}],"curies":[{"name":"wp","href":"https:\/\/api.w.org\/{rel}","templated":true}]}}