{"id":63733,"date":"2023-10-15T13:40:27","date_gmt":"2023-10-15T17:40:27","guid":{"rendered":"https:\/\/lasprimeras.com.do\/?p=63733"},"modified":"2023-10-15T13:40:28","modified_gmt":"2023-10-15T17:40:28","slug":"comunitarios-de-santo-domingo-norte-recibiran-mas-agua-y-canadas-saneadas","status":"publish","type":"post","link":"https:\/\/lasprimeras.com.do\/index.php\/2023\/10\/15\/comunitarios-de-santo-domingo-norte-recibiran-mas-agua-y-canadas-saneadas\/","title":{"rendered":"Comunitarios de Santo Domingo Norte recibir\u00e1n m\u00e1s agua y ca\u00f1adas saneadas"},"content":{"rendered":"\n<p><strong>El director de la CAASD, Felipe Suberv\u00ed (Fellito), precis\u00f3 que la mayor\u00eda de las obras se encuentran en su fase final.<\/strong><\/p>\n\n\n\n<p>El director general de la Corporaci\u00f3n del Acueducto y Alcantarillado de Santo Domingo (CAASD), Felipe Suberv\u00ed (Fellito), inform\u00f3 que trabajan de manera acelerada para garantizar el servicio de agua potable a los residentes del municipio Santo Domingo.<\/p>\n\n\n\n<p>Suberv\u00ed explic\u00f3 que m\u00e1s de 400,000 habitantes de esa demarcaci\u00f3n de la provincia comenzar\u00e1n a recibir, muy pronto, m\u00e1s de 28 millones de galones de agua potable adicional por d\u00eda.<\/p>\n\n\n\n<p>Asimismo, anunci\u00f3 la entrega de las ca\u00f1adas completamente saneadas de Mara\u00f1\u00f3n, Altos de Sabana Perdida y Villa Emilia, fase II, las cuales puntualiz\u00f3 constitu\u00edan un foco de contaminaci\u00f3n e insalubridad para el entorno.<\/p>\n\n\n\n<p>Entre las obras en fase de ejecuci\u00f3n por la Corporaci\u00f3n, Fellito mencion\u00f3 la construcci\u00f3n del trasvase para llevar 28 millones de galones de agua a Santo Domingo Norte desde la zona oriental, adem\u00e1s de la habilitaci\u00f3n de tanques, y construcci\u00f3n de pozos que adicionaron 1.2 millones de galones m\u00e1s.<\/p>\n\n\n\n<p>Dijo que los componentes que utilizar\u00e1 la instituci\u00f3n ser\u00e1n a trav\u00e9s de la estaci\u00f3n de bombeo de El Tamarindo 1, l\u00edneas de impulsi\u00f3n, que abarca varios tramos entre la estaci\u00f3n El Tamarindo 2, la Charles de Gaulle, carretera Mella, La Victoria y Sabana Perdida. Tambi\u00e9n por una l\u00ednea matriz que va desde el Cruce La Virgen, Los Restauradores, La Victoria, Sabana Perdida y el puente La Barquita.<\/p>\n\n\n\n<p>Fellito Suberv\u00ed destac\u00f3 la rehabilitaci\u00f3n de cinco dep\u00f3sitos reguladores para el almacenamiento de agua potable, entre los que se destacan El Milloncito, Juan Pablo Duarte II, tanque Villa de los Milagros, Jard\u00edn Genoveva, y el tanque Bienaventuranza, proyectos que beneficiar\u00e1n a m\u00e1s de 25,000 personas, en las comunidades del mismo nombre.<\/p>\n\n\n\n<p>\u201cLa mayor\u00eda de estos trabajos est\u00e1n casi para entrega y mejorar\u00e1n en un cien por ciento las condiciones de funcionamiento de estos tanques met\u00e1licos para recuperar un volumen de almacenamiento de m\u00e1s de un 1.2 millones de galones de agua por d\u00eda\u201d, explic\u00f3 el titular de la CAASD.<\/p>\n\n\n\n<p>De igual modo, se refiri\u00f3 tambi\u00e9n a la habilitaci\u00f3n de los pozos I y II de Polvor\u00edn ya terminados, los cuales aportan unos 650 galones de agua por minuto, mientras que la ca\u00f1ada Altos de Sabana Perdida se encuentra en un 98% de terminaci\u00f3n.<\/p>\n\n\n\n<p>Adem\u00e1s, el funcionario indic\u00f3 que las labores de saneamiento de la ca\u00f1ada de Mara\u00f1\u00f3n superan el 50% de ejecuci\u00f3n, al tiempo de destacar que se trata de un afluente de 2.5 kil\u00f3metros de longitud, cuyas aguas residuales afectan el buen vivir y el entorno de los sectores Los Palmares, Libertad y el mismo sector de Mara\u00f1\u00f3n.<\/p>\n\n\n\n<p>Suberv\u00ed explic\u00f3 que el acondicionamiento de estas tres ca\u00f1adas beneficiar\u00e1 a m\u00e1s de 75 mil habitantes. Tambi\u00e9n record\u00f3 que los equipos de la Corporaci\u00f3n culminan la ampliaci\u00f3n de la red de distribuci\u00f3n de agua potable para el sector El Cristal de Sabana Perdida.<\/p>\n\n\n\n<p>Resalt\u00f3, que la gesti\u00f3n que dirige en la CAASD est\u00e1 enfocada en ampliar y mejorar la cobertura en la distribuci\u00f3n de agua potable, saneamiento de ca\u00f1adas y recuperaci\u00f3n de espacios para el entretenimiento en todo el Gran Santo Domingo.<\/p>\n\n\n\n<p>Agreg\u00f3, que actualmente, finalizan un pliego de obras que iniciaron entre 2021 y 2022 para fines de entrega antes de que concluya el cuatrienio.<\/p>\n","protected":false},"excerpt":{"rendered":"<p>El director de la CAASD, Felipe Suberv\u00ed (Fellito), precis\u00f3 que la mayor\u00eda de las obras se encuentran en su fase final. El director general de la Corporaci\u00f3n del Acueducto y&hellip;<\/p>\n","protected":false},"author":2,"featured_media":63734,"comment_status":"open","ping_status":"open","sticky":false,"template":"","format":"standard","meta":{"content-type":"","jetpack_post_was_ever_published":false,"_jetpack_newsletter_access":"","_jetpack_dont_email_post_to_subs":false,"_jetpack_newsletter_tier_id":0,"_jetpack_memberships_contains_paywalled_content":false,"_jetpack_memberships_contains_paid_content":false,"footnotes":""},"categories":[25],"tags":[537,8537,1013,2716],"class_list":["post-63733","post","type-post","status-publish","format-standard","has-post-thumbnail","hentry","category-portada","tag-agua","tag-canadas-saneadas","tag-comunitarios","tag-santo-domingo-norte"],"jetpack_featured_media_url":"https:\/\/lasprimeras.com.do\/wp-content\/uploads\/2023\/10\/caasd-3.jpg","jetpack-related-posts":[{"id":127476,"url":"https:\/\/lasprimeras.com.do\/index.php\/2026\/04\/12\/felipe-subervi-caasd-trabaja-optimizar-servicio-de-agua-potable-en-san-luis\/","url_meta":{"origin":63733,"position":0},"title":"Felipe Suberv\u00ed: CAASD trabaja optimizar servicio de agua potable en San Luis","author":"Nelson Feliz","date":"12 de abril de 2026","format":false,"excerpt":"En una nueva jornada del programa \u201cLa CAASD te Escucha\u201d, director de la entidad dijo que ese sector ser\u00e1 intervenido para mejorar el servicio de agua potable a trav\u00e9s de una l\u00ednea de conexi\u00f3n directa con el acueducto oriental Barrera de Salinidad y nuevas tuber\u00edas que sustituir\u00e1n las ya obsoletas.\u2026","rel":"","context":"En \u00abECONOM\u00cdA\u00bb","block_context":{"text":"ECONOM\u00cdA","link":"https:\/\/lasprimeras.com.do\/index.php\/category\/economia\/"},"img":{"alt_text":"Felipe Suberv\u00ed","src":"https:\/\/i0.wp.com\/lasprimeras.com.do\/wp-content\/uploads\/2026\/04\/Felipe-Subervi.jpg?resize=350%2C200&ssl=1","width":350,"height":200,"srcset":"https:\/\/i0.wp.com\/lasprimeras.com.do\/wp-content\/uploads\/2026\/04\/Felipe-Subervi.jpg?resize=350%2C200&ssl=1 1x, https:\/\/i0.wp.com\/lasprimeras.com.do\/wp-content\/uploads\/2026\/04\/Felipe-Subervi.jpg?resize=525%2C300&ssl=1 1.5x, https:\/\/i0.wp.com\/lasprimeras.com.do\/wp-content\/uploads\/2026\/04\/Felipe-Subervi.jpg?resize=700%2C400&ssl=1 2x"},"classes":[]},{"id":121754,"url":"https:\/\/lasprimeras.com.do\/index.php\/2026\/02\/09\/fellito-subervi-va-a-los-alcarrizos-con-solucion-de-4500-metros-de-canada\/","url_meta":{"origin":63733,"position":1},"title":"Fellito Suberv\u00ed va a Los Alcarrizos con soluci\u00f3n de 4,500 metros de ca\u00f1ada","author":"Nelson Feliz","date":"9 de febrero de 2026","format":false,"excerpt":"El director de la CAASD hizo el anuncio de esa obra y de cerca 10 peque\u00f1as y medianas intervenciones inmediatas durante un encuentro de trabajo con el Alcalde Junior Santos, diputados, regidores, autoridades eclesi\u00e1sticas y l\u00edderes comunitarios representantes de 28 Juntas de Vecinos. Frente a m\u00e1s de un centenar de\u2026","rel":"","context":"En \u00abNACIONALES\u00bb","block_context":{"text":"NACIONALES","link":"https:\/\/lasprimeras.com.do\/index.php\/category\/nacionales\/"},"img":{"alt_text":"","src":"https:\/\/i0.wp.com\/lasprimeras.com.do\/wp-content\/uploads\/2026\/02\/fellito.jpg?resize=350%2C200&ssl=1","width":350,"height":200,"srcset":"https:\/\/i0.wp.com\/lasprimeras.com.do\/wp-content\/uploads\/2026\/02\/fellito.jpg?resize=350%2C200&ssl=1 1x, https:\/\/i0.wp.com\/lasprimeras.com.do\/wp-content\/uploads\/2026\/02\/fellito.jpg?resize=525%2C300&ssl=1 1.5x, https:\/\/i0.wp.com\/lasprimeras.com.do\/wp-content\/uploads\/2026\/02\/fellito.jpg?resize=700%2C400&ssl=1 2x"},"classes":[]},{"id":122815,"url":"https:\/\/lasprimeras.com.do\/index.php\/2026\/02\/22\/abinader-y-fellito-subervi-ponen-en-servicio-acueducto-por-bombeo-mas-grande-del-pais\/","url_meta":{"origin":63733,"position":2},"title":"Abinader y Fellito Suberv\u00ed ponen en servicio acueducto por bombeo m\u00e1s grande del pa\u00eds","author":"Nelson Feliz","date":"22 de febrero de 2026","format":false,"excerpt":"Felipe -Fellito- Subervi destaca como un hito en la historia de la CAASD la puesta en funcionamiento de la Ampliaci\u00f3n del Acueducto Oriental Barrera de Salinidad recuperado y ampliado para llevar agua potable con mayor presi\u00f3n y continuidad a usuarios de los municipios Santo Domingo Este y Norte. El Presidente\u2026","rel":"","context":"En \u00abNACIONALES\u00bb","block_context":{"text":"NACIONALES","link":"https:\/\/lasprimeras.com.do\/index.php\/category\/nacionales\/"},"img":{"alt_text":"","src":"https:\/\/i0.wp.com\/lasprimeras.com.do\/wp-content\/uploads\/2026\/02\/acueducto.jpg?resize=350%2C200&ssl=1","width":350,"height":200,"srcset":"https:\/\/i0.wp.com\/lasprimeras.com.do\/wp-content\/uploads\/2026\/02\/acueducto.jpg?resize=350%2C200&ssl=1 1x, https:\/\/i0.wp.com\/lasprimeras.com.do\/wp-content\/uploads\/2026\/02\/acueducto.jpg?resize=525%2C300&ssl=1 1.5x, https:\/\/i0.wp.com\/lasprimeras.com.do\/wp-content\/uploads\/2026\/02\/acueducto.jpg?resize=700%2C400&ssl=1 2x"},"classes":[]},{"id":123313,"url":"https:\/\/lasprimeras.com.do\/index.php\/2026\/02\/27\/director-de-la-caasd-la-rendicion-de-cuentas-es-el-reflejo-de-una-gestion-eficiente-moderna-y-transparente\/","url_meta":{"origin":63733,"position":3},"title":"Director de la CAASD: La Rendici\u00f3n de Cuentas es el reflejo de una gesti\u00f3n eficiente, moderna y transparente","author":"Nelson Feliz","date":"27 de febrero de 2026","format":false,"excerpt":"Asegura CAASD mejor\u00f3 producci\u00f3n, distribuci\u00f3n y respuesta operativa durante 2025 Al valorar la Rendici\u00f3n de Cuentas del Presidente Luis Abinader como una pieza fundamentada en la verdad y la transparencia, el director general de la Corporaci\u00f3n del Acueducto y Alcantarillado de Santo Domingo (CAASD), ingeniero Felipe -Fellito- Suberv\u00ed, inform\u00f3 que\u2026","rel":"","context":"En \u00abNACIONALES\u00bb","block_context":{"text":"NACIONALES","link":"https:\/\/lasprimeras.com.do\/index.php\/category\/nacionales\/"},"img":{"alt_text":"Felipe -Fellito- Suberv\u00ed","src":"https:\/\/i0.wp.com\/lasprimeras.com.do\/wp-content\/uploads\/2026\/02\/Felipe-Fellito-Subervi.jpg?resize=350%2C200&ssl=1","width":350,"height":200,"srcset":"https:\/\/i0.wp.com\/lasprimeras.com.do\/wp-content\/uploads\/2026\/02\/Felipe-Fellito-Subervi.jpg?resize=350%2C200&ssl=1 1x, https:\/\/i0.wp.com\/lasprimeras.com.do\/wp-content\/uploads\/2026\/02\/Felipe-Fellito-Subervi.jpg?resize=525%2C300&ssl=1 1.5x, https:\/\/i0.wp.com\/lasprimeras.com.do\/wp-content\/uploads\/2026\/02\/Felipe-Fellito-Subervi.jpg?resize=700%2C400&ssl=1 2x"},"classes":[]},{"id":127905,"url":"https:\/\/lasprimeras.com.do\/index.php\/2026\/04\/17\/subervi-destaca-que-las-zonas-intervenidas-por-la-caasd-no-se-inundaron-con-las-ultimas-lluvias\/","url_meta":{"origin":63733,"position":4},"title":"Suberv\u00ed destaca que las zonas intervenidas por la CAASD no se inundaron con las \u00faltimas lluvias","author":"Nelson Feliz","date":"17 de abril de 2026","format":false,"excerpt":"En el marco de la celebraci\u00f3n del 53 aniversario de la Corporaci\u00f3n del Acueducto y Alcantarillado de Santo Domingo (CAASD), el ingeniero Felipe - =Fellito Suberv\u00ed= destac\u00f3 los avances logrados durante cinco a\u00f1os de gesti\u00f3n que han transformado ca\u00f1adas, mejorado drenajes y reforzado el sistema de agua potable en el\u2026","rel":"","context":"En \u00abNACIONALES\u00bb","block_context":{"text":"NACIONALES","link":"https:\/\/lasprimeras.com.do\/index.php\/category\/nacionales\/"},"img":{"alt_text":"","src":"https:\/\/i0.wp.com\/lasprimeras.com.do\/wp-content\/uploads\/2026\/04\/IMG-20260416-WA1146.jpg?resize=350%2C200&ssl=1","width":350,"height":200,"srcset":"https:\/\/i0.wp.com\/lasprimeras.com.do\/wp-content\/uploads\/2026\/04\/IMG-20260416-WA1146.jpg?resize=350%2C200&ssl=1 1x, https:\/\/i0.wp.com\/lasprimeras.com.do\/wp-content\/uploads\/2026\/04\/IMG-20260416-WA1146.jpg?resize=525%2C300&ssl=1 1.5x, https:\/\/i0.wp.com\/lasprimeras.com.do\/wp-content\/uploads\/2026\/04\/IMG-20260416-WA1146.jpg?resize=700%2C400&ssl=1 2x, https:\/\/i0.wp.com\/lasprimeras.com.do\/wp-content\/uploads\/2026\/04\/IMG-20260416-WA1146.jpg?resize=1050%2C600&ssl=1 3x, https:\/\/i0.wp.com\/lasprimeras.com.do\/wp-content\/uploads\/2026\/04\/IMG-20260416-WA1146.jpg?resize=1400%2C800&ssl=1 4x"},"classes":[]},{"id":124065,"url":"https:\/\/lasprimeras.com.do\/index.php\/2026\/03\/08\/caasd-asfalta-5000-metros-cuadrados-en-el-gran-santo-domingo-en-primeros-dos-meses-de-2026\/","url_meta":{"origin":63733,"position":5},"title":"CAASD asfalta 5,000 metros cuadrados en el Gran Santo Domingo en primeros dos meses de 2026","author":"Nelson Feliz","date":"8 de marzo de 2026","format":false,"excerpt":"Felipe -Fellito- Suberv\u00ed dice que adem\u00e1s de la instalaci\u00f3n de nuevas tuber\u00edas y correcci\u00f3n de aver\u00edas, la CAASD se ocupa de embellecer y, cuidar en ornato y la salud visual de los sectores intervenidos Durante los meses de enero y febrero de 2026, la Corporaci\u00f3n del Acueducto y Alcantarillado de\u2026","rel":"","context":"En \u00abNACIONALES\u00bb","block_context":{"text":"NACIONALES","link":"https:\/\/lasprimeras.com.do\/index.php\/category\/nacionales\/"},"img":{"alt_text":"","src":"https:\/\/i0.wp.com\/lasprimeras.com.do\/wp-content\/uploads\/2026\/03\/CAASD-3.jpg?resize=350%2C200&ssl=1","width":350,"height":200,"srcset":"https:\/\/i0.wp.com\/lasprimeras.com.do\/wp-content\/uploads\/2026\/03\/CAASD-3.jpg?resize=350%2C200&ssl=1 1x, https:\/\/i0.wp.com\/lasprimeras.com.do\/wp-content\/uploads\/2026\/03\/CAASD-3.jpg?resize=525%2C300&ssl=1 1.5x, https:\/\/i0.wp.com\/lasprimeras.com.do\/wp-content\/uploads\/2026\/03\/CAASD-3.jpg?resize=700%2C400&ssl=1 2x"},"classes":[]}],"jetpack_sharing_enabled":true,"_links":{"self":[{"href":"https:\/\/lasprimeras.com.do\/index.php\/wp-json\/wp\/v2\/posts\/63733","targetHints":{"allow":["GET"]}}],"collection":[{"href":"https:\/\/lasprimeras.com.do\/index.php\/wp-json\/wp\/v2\/posts"}],"about":[{"href":"https:\/\/lasprimeras.com.do\/index.php\/wp-json\/wp\/v2\/types\/post"}],"author":[{"embeddable":true,"href":"https:\/\/lasprimeras.com.do\/index.php\/wp-json\/wp\/v2\/users\/2"}],"replies":[{"embeddable":true,"href":"https:\/\/lasprimeras.com.do\/index.php\/wp-json\/wp\/v2\/comments?post=63733"}],"version-history":[{"count":1,"href":"https:\/\/lasprimeras.com.do\/index.php\/wp-json\/wp\/v2\/posts\/63733\/revisions"}],"predecessor-version":[{"id":63735,"href":"https:\/\/lasprimeras.com.do\/index.php\/wp-json\/wp\/v2\/posts\/63733\/revisions\/63735"}],"wp:featuredmedia":[{"embeddable":true,"href":"https:\/\/lasprimeras.com.do\/index.php\/wp-json\/wp\/v2\/media\/63734"}],"wp:attachment":[{"href":"https:\/\/lasprimeras.com.do\/index.php\/wp-json\/wp\/v2\/media?parent=63733"}],"wp:term":[{"taxonomy":"category","embeddable":true,"href":"https:\/\/lasprimeras.com.do\/index.php\/wp-json\/wp\/v2\/categories?post=63733"},{"taxonomy":"post_tag","embeddable":true,"href":"https:\/\/lasprimeras.com.do\/index.php\/wp-json\/wp\/v2\/tags?post=63733"}],"curies":[{"name":"wp","href":"https:\/\/api.w.org\/{rel}","templated":true}]}}