{"id":63745,"date":"2023-10-15T14:36:18","date_gmt":"2023-10-15T18:36:18","guid":{"rendered":"https:\/\/lasprimeras.com.do\/?p=63745"},"modified":"2023-10-15T14:36:20","modified_gmt":"2023-10-15T18:36:20","slug":"se-reactiva-el-mercado-fronterizo-en-dajabon","status":"publish","type":"post","link":"https:\/\/lasprimeras.com.do\/index.php\/2023\/10\/15\/se-reactiva-el-mercado-fronterizo-en-dajabon\/","title":{"rendered":"Se reactiva el mercado fronterizo en Dajab\u00f3n"},"content":{"rendered":"\n<p>DAJAB\u00d3N.- Cientos de haitianos entraron desde la ma\u00f1ana de este domingo al mercado binacional en Dajab\u00f3n, bajo el protocolo de seguridad biom\u00e9trico implementado por el Gobierno dominicano.<\/p>\n\n\n\n<p>Seg\u00fan el corresponsal C\u00e9sar Montesinos, los comerciantes de ambas naciones esperan que para ma\u00f1ana el flujo de comerciantes y consumidores aumente.<\/p>\n\n\n\n<p>El dinamismo comercial se produce tras pasarse un mes y 15 d\u00edas por el cierre de la frontera con Hait\u00ed, ante la construcci\u00f3n en la vecina naci\u00f3n de un canal para desviar las aguas del r\u00edo Masacre.<\/p>\n\n\n\n<p>Adem\u00e1s, los propietarios de los locales que fueron afectados por el fuerte incendio registrado esta semana en el mercado de Dajab\u00f3n, recibir\u00e1n ayuda del Gobierno dominicano para que puedan restablecer sus establecimientos.<\/p>\n","protected":false},"excerpt":{"rendered":"<p>DAJAB\u00d3N.- Cientos de haitianos entraron desde la ma\u00f1ana de este domingo al mercado binacional en Dajab\u00f3n, bajo el protocolo de seguridad biom\u00e9trico implementado por el Gobierno dominicano. Seg\u00fan el corresponsal&hellip;<\/p>\n","protected":false},"author":3,"featured_media":63746,"comment_status":"open","ping_status":"open","sticky":false,"template":"","format":"standard","meta":{"content-type":"","jetpack_post_was_ever_published":false,"_jetpack_newsletter_access":"","_jetpack_dont_email_post_to_subs":false,"_jetpack_newsletter_tier_id":0,"_jetpack_memberships_contains_paywalled_content":false,"_jetpack_memberships_contains_paid_content":false,"footnotes":""},"categories":[35],"tags":[1814,8433],"class_list":["post-63745","post","type-post","status-publish","format-standard","has-post-thumbnail","hentry","category-nacionales","tag-dajabon","tag-mercado-binacional"],"jetpack_featured_media_url":"https:\/\/lasprimeras.com.do\/wp-content\/uploads\/2023\/10\/parque-vehicular-focus-0-0-896-504-1.jpg","jetpack-related-posts":[{"id":63950,"url":"https:\/\/lasprimeras.com.do\/index.php\/2023\/10\/17\/mercado-binacional-de-dajabon-sigue-sin-actividad\/","url_meta":{"origin":63745,"position":0},"title":"Mercado binacional de Dajab\u00f3n sigue sin actividad","author":"BIMARY DE JES\u00daS Matos","date":"17 de octubre de 2023","format":false,"excerpt":"DAJAB\u00d3N.- Despu\u00e9s de que en el d\u00eda de ayer entraran cientos de haitianos y se abastecieran de mercanc\u00edas en el mercado fronterizo de Dajab\u00f3n, hoy las autoridades de Hait\u00ed volvieron y mantuvieron las puertas cerradas para que ning\u00fan haitiano pudiera llegar hasta el mercado de Dajab\u00f3n. Norma Sosa, comerciante de\u2026","rel":"","context":"En \u00abPORTADA\u00bb","block_context":{"text":"PORTADA","link":"https:\/\/lasprimeras.com.do\/index.php\/category\/portada\/"},"img":{"alt_text":"","src":"https:\/\/i0.wp.com\/lasprimeras.com.do\/wp-content\/uploads\/2023\/10\/Captura-de-pantalla-2023-10-16-172822-7.jpg?resize=350%2C200&ssl=1","width":350,"height":200,"srcset":"https:\/\/i0.wp.com\/lasprimeras.com.do\/wp-content\/uploads\/2023\/10\/Captura-de-pantalla-2023-10-16-172822-7.jpg?resize=350%2C200&ssl=1 1x, https:\/\/i0.wp.com\/lasprimeras.com.do\/wp-content\/uploads\/2023\/10\/Captura-de-pantalla-2023-10-16-172822-7.jpg?resize=525%2C300&ssl=1 1.5x, https:\/\/i0.wp.com\/lasprimeras.com.do\/wp-content\/uploads\/2023\/10\/Captura-de-pantalla-2023-10-16-172822-7.jpg?resize=700%2C400&ssl=1 2x, https:\/\/i0.wp.com\/lasprimeras.com.do\/wp-content\/uploads\/2023\/10\/Captura-de-pantalla-2023-10-16-172822-7.jpg?resize=1050%2C600&ssl=1 3x, https:\/\/i0.wp.com\/lasprimeras.com.do\/wp-content\/uploads\/2023\/10\/Captura-de-pantalla-2023-10-16-172822-7.jpg?resize=1400%2C800&ssl=1 4x"},"classes":[]},{"id":70434,"url":"https:\/\/lasprimeras.com.do\/index.php\/2023\/12\/11\/mercado-de-dajabon-se-desarrolla-este-lunes-con-pocos-compradores\/","url_meta":{"origin":63745,"position":1},"title":"Mercado de Dajab\u00f3n se desarrolla este lunes con pocos compradores","author":"BIMARY DE JES\u00daS Matos","date":"11 de diciembre de 2023","format":false,"excerpt":"Dajab\u00f3n.-Con una t\u00edmida afluencia de personas se desarrolla este lunes el mercado de Dajab\u00f3n, abierto a compradores dominicanos por las autoridades municipales para permitir que se dinamice la econom\u00eda. Los propietarios de los m\u00f3dulos esperan que la apertura de la plaza motive la integraci\u00f3n de los haitianos, sus principales socios,\u2026","rel":"","context":"En \u00abPORTADA\u00bb","block_context":{"text":"PORTADA","link":"https:\/\/lasprimeras.com.do\/index.php\/category\/portada\/"},"img":{"alt_text":"","src":"https:\/\/i0.wp.com\/lasprimeras.com.do\/wp-content\/uploads\/2023\/12\/Noticias-de-energia-90-1.jpg?resize=350%2C200&ssl=1","width":350,"height":200,"srcset":"https:\/\/i0.wp.com\/lasprimeras.com.do\/wp-content\/uploads\/2023\/12\/Noticias-de-energia-90-1.jpg?resize=350%2C200&ssl=1 1x, https:\/\/i0.wp.com\/lasprimeras.com.do\/wp-content\/uploads\/2023\/12\/Noticias-de-energia-90-1.jpg?resize=525%2C300&ssl=1 1.5x, https:\/\/i0.wp.com\/lasprimeras.com.do\/wp-content\/uploads\/2023\/12\/Noticias-de-energia-90-1.jpg?resize=700%2C400&ssl=1 2x"},"classes":[]},{"id":63270,"url":"https:\/\/lasprimeras.com.do\/index.php\/2023\/10\/11\/haitianos-no-abrieron-porton-fronterizo-de-juana-mendez\/","url_meta":{"origin":63745,"position":2},"title":"Haitianos no abrieron port\u00f3n fronterizo de Juana M\u00e9ndez","author":"Nelson Feliz","date":"11 de octubre de 2023","format":false,"excerpt":"La apertura de un comercio, pautado para las 8:00 de la ma\u00f1ana de hoy, se retras\u00f3 por casi dos horas debido a un fuego que afect\u00f3 las instalaciones de la plaza donde realizan la feria binacional. Las autoridades de la ciudad haitiana Juana M\u00e9ndez no abrieron este mi\u00e9rcoles el port\u00f3n\u2026","rel":"","context":"En \u00abECONOM\u00cdA\u00bb","block_context":{"text":"ECONOM\u00cdA","link":"https:\/\/lasprimeras.com.do\/index.php\/category\/economia\/"},"img":{"alt_text":"Port\u00f3n fronterizo de Juana M\u00e9ndez","src":"https:\/\/i0.wp.com\/lasprimeras.com.do\/wp-content\/uploads\/2023\/10\/Porton-fronterizo-de-Juana-Mendez.jpg?resize=350%2C200&ssl=1","width":350,"height":200,"srcset":"https:\/\/i0.wp.com\/lasprimeras.com.do\/wp-content\/uploads\/2023\/10\/Porton-fronterizo-de-Juana-Mendez.jpg?resize=350%2C200&ssl=1 1x, https:\/\/i0.wp.com\/lasprimeras.com.do\/wp-content\/uploads\/2023\/10\/Porton-fronterizo-de-Juana-Mendez.jpg?resize=525%2C300&ssl=1 1.5x, https:\/\/i0.wp.com\/lasprimeras.com.do\/wp-content\/uploads\/2023\/10\/Porton-fronterizo-de-Juana-Mendez.jpg?resize=700%2C400&ssl=1 2x"},"classes":[]},{"id":63620,"url":"https:\/\/lasprimeras.com.do\/index.php\/2023\/10\/13\/vendedores-de-frutas-del-mercado-de-dajabon-denuncian-perdidas-millonarias\/","url_meta":{"origin":63745,"position":3},"title":"Vendedores de frutas del mercado de Dajab\u00f3n denuncian p\u00e9rdidas millonarias","author":"BIMARY DE JES\u00daS Matos","date":"13 de octubre de 2023","format":false,"excerpt":"Dajab\u00f3n.- El presidente de la Asociaci\u00f3n de Frutas Caribe\u00f1as del Mercado Nuevo Binacional de Dajab\u00f3n, Marcos Est\u00e9vez denunci\u00f3 hoy que solo la primera semanada del cierre de la frontera dominico-haitiana les represent\u00f3 p\u00e9rdidas de medio mill\u00f3n de pesos. Mientras mostraban las frutas a los miembros de la prensa, explicaron en\u2026","rel":"","context":"En \u00abNACIONALES\u00bb","block_context":{"text":"NACIONALES","link":"https:\/\/lasprimeras.com.do\/index.php\/category\/nacionales\/"},"img":{"alt_text":"","src":"https:\/\/i0.wp.com\/lasprimeras.com.do\/wp-content\/uploads\/2023\/10\/WhatsApp-Image-2023-10-11-at-3.19.14-PM-1.webp?resize=350%2C200&ssl=1","width":350,"height":200,"srcset":"https:\/\/i0.wp.com\/lasprimeras.com.do\/wp-content\/uploads\/2023\/10\/WhatsApp-Image-2023-10-11-at-3.19.14-PM-1.webp?resize=350%2C200&ssl=1 1x, https:\/\/i0.wp.com\/lasprimeras.com.do\/wp-content\/uploads\/2023\/10\/WhatsApp-Image-2023-10-11-at-3.19.14-PM-1.webp?resize=525%2C300&ssl=1 1.5x, https:\/\/i0.wp.com\/lasprimeras.com.do\/wp-content\/uploads\/2023\/10\/WhatsApp-Image-2023-10-11-at-3.19.14-PM-1.webp?resize=700%2C400&ssl=1 2x"},"classes":[]},{"id":70088,"url":"https:\/\/lasprimeras.com.do\/index.php\/2023\/12\/08\/autoridades-haitianas-y-dominicanas-buscan-reabrir-el-mercado-binacional-en-dajabon\/","url_meta":{"origin":63745,"position":4},"title":"Autoridades haitianas y dominicanas buscan reabrir el mercado binacional en Dajab\u00f3n","author":"BIMARY DE JES\u00daS Matos","date":"8 de diciembre de 2023","format":false,"excerpt":"Santo Domingo.-En busca de que se reabra la frontera, autoridades civiles y militares as\u00ed como comerciantes dominicanos se reunieron en la Iglesia cat\u00f3lica con funcionarios de Juan M\u00e9ndez para tratar de que se reanude el comercio binacional. La gobernadora Rosalba Milagros Pe\u00f1a, quien encabez\u00f3 la reuni\u00f3n, sostuvo que los dem\u00e1s\u2026","rel":"","context":"En \u00abNACIONALES\u00bb","block_context":{"text":"NACIONALES","link":"https:\/\/lasprimeras.com.do\/index.php\/category\/nacionales\/"},"img":{"alt_text":"","src":"https:\/\/i0.wp.com\/lasprimeras.com.do\/wp-content\/uploads\/2023\/12\/MP-debera-entregar-a-Gonzalo-Castillo-pruebas-que-tienen-en-su-contra-por-caso-Calamar-8-7.jpg?resize=350%2C200&ssl=1","width":350,"height":200,"srcset":"https:\/\/i0.wp.com\/lasprimeras.com.do\/wp-content\/uploads\/2023\/12\/MP-debera-entregar-a-Gonzalo-Castillo-pruebas-que-tienen-en-su-contra-por-caso-Calamar-8-7.jpg?resize=350%2C200&ssl=1 1x, https:\/\/i0.wp.com\/lasprimeras.com.do\/wp-content\/uploads\/2023\/12\/MP-debera-entregar-a-Gonzalo-Castillo-pruebas-que-tienen-en-su-contra-por-caso-Calamar-8-7.jpg?resize=525%2C300&ssl=1 1.5x"},"classes":[]},{"id":66387,"url":"https:\/\/lasprimeras.com.do\/index.php\/2023\/11\/06\/el-mercado-dominico-haitiano-sigue-paralizado-en-dajabon\/","url_meta":{"origin":63745,"position":5},"title":"El mercado dominico-haitiano sigue paralizado en Dajab\u00f3n","author":"Nelson Feliz","date":"6 de noviembre de 2023","format":false,"excerpt":"Los ciudadanos del vecino pa\u00eds contin\u00faan saliendo con bultos y mochilas hacia su tierra. Este lunes el vecino pa\u00eds de Hait\u00ed tampoco no abri\u00f3 su frontera para el intercambio comercial, contrario a lo que esperaban los comerciantes de Dajab\u00f3n. En ese sentido, el mercado binacional contin\u00faa sin compradores. En un\u2026","rel":"","context":"En \u00abECONOM\u00cdA\u00bb","block_context":{"text":"ECONOM\u00cdA","link":"https:\/\/lasprimeras.com.do\/index.php\/category\/economia\/"},"img":{"alt_text":"frontera","src":"https:\/\/i0.wp.com\/lasprimeras.com.do\/wp-content\/uploads\/2023\/10\/frontera-24092018-ministerio-de-defensa-1024x576-1.jpg?resize=350%2C200&ssl=1","width":350,"height":200,"srcset":"https:\/\/i0.wp.com\/lasprimeras.com.do\/wp-content\/uploads\/2023\/10\/frontera-24092018-ministerio-de-defensa-1024x576-1.jpg?resize=350%2C200&ssl=1 1x, https:\/\/i0.wp.com\/lasprimeras.com.do\/wp-content\/uploads\/2023\/10\/frontera-24092018-ministerio-de-defensa-1024x576-1.jpg?resize=525%2C300&ssl=1 1.5x, https:\/\/i0.wp.com\/lasprimeras.com.do\/wp-content\/uploads\/2023\/10\/frontera-24092018-ministerio-de-defensa-1024x576-1.jpg?resize=700%2C400&ssl=1 2x"},"classes":[]}],"jetpack_sharing_enabled":true,"_links":{"self":[{"href":"https:\/\/lasprimeras.com.do\/index.php\/wp-json\/wp\/v2\/posts\/63745","targetHints":{"allow":["GET"]}}],"collection":[{"href":"https:\/\/lasprimeras.com.do\/index.php\/wp-json\/wp\/v2\/posts"}],"about":[{"href":"https:\/\/lasprimeras.com.do\/index.php\/wp-json\/wp\/v2\/types\/post"}],"author":[{"embeddable":true,"href":"https:\/\/lasprimeras.com.do\/index.php\/wp-json\/wp\/v2\/users\/3"}],"replies":[{"embeddable":true,"href":"https:\/\/lasprimeras.com.do\/index.php\/wp-json\/wp\/v2\/comments?post=63745"}],"version-history":[{"count":1,"href":"https:\/\/lasprimeras.com.do\/index.php\/wp-json\/wp\/v2\/posts\/63745\/revisions"}],"predecessor-version":[{"id":63747,"href":"https:\/\/lasprimeras.com.do\/index.php\/wp-json\/wp\/v2\/posts\/63745\/revisions\/63747"}],"wp:featuredmedia":[{"embeddable":true,"href":"https:\/\/lasprimeras.com.do\/index.php\/wp-json\/wp\/v2\/media\/63746"}],"wp:attachment":[{"href":"https:\/\/lasprimeras.com.do\/index.php\/wp-json\/wp\/v2\/media?parent=63745"}],"wp:term":[{"taxonomy":"category","embeddable":true,"href":"https:\/\/lasprimeras.com.do\/index.php\/wp-json\/wp\/v2\/categories?post=63745"},{"taxonomy":"post_tag","embeddable":true,"href":"https:\/\/lasprimeras.com.do\/index.php\/wp-json\/wp\/v2\/tags?post=63745"}],"curies":[{"name":"wp","href":"https:\/\/api.w.org\/{rel}","templated":true}]}}