{"id":63751,"date":"2023-10-15T14:40:55","date_gmt":"2023-10-15T18:40:55","guid":{"rendered":"https:\/\/lasprimeras.com.do\/?p=63751"},"modified":"2023-10-15T14:40:56","modified_gmt":"2023-10-15T18:40:56","slug":"lidom-y-banreservas-develan-copa-del-campeonato-2023-2024","status":"publish","type":"post","link":"https:\/\/lasprimeras.com.do\/index.php\/2023\/10\/15\/lidom-y-banreservas-develan-copa-del-campeonato-2023-2024\/","title":{"rendered":"LIDOM y Banreservas develan copa del campeonato 2023-2024"},"content":{"rendered":"\n<p>SANTO DOMINGO.- La Liga de B\u00e9isbol Profesional de Rep\u00fablica Dominicana (Lidom) y el Banco de Reservas develaron la Copa Banreservas que habr\u00e1 de ser discutida por los seis equipos en el campeonato 2023-2024 que arranca este pr\u00f3ximo d\u00eda 19, dedicado a la comentarista deportiva Onfalia Morrillo.<\/p>\n\n\n\n<p>La actividad, celebrada en el club de empleados del Banco de Reservas, fue encabezada por el presidente de Lidom, Vitelio Mej\u00eda Ortiz, el administrador general de la entidad bancaria, Samuel Pereyra, adem\u00e1s de Onfalia Morillo y Tommy Troncoso, hijo del fenecido Tom\u00e1s Troncoso Cuesta, a quien se le dedic\u00f3 el campeonato de 2022-2023.<\/p>\n\n\n\n<p>La hermosa copa fue presentada por Mej\u00eda Ortiz, Pereyra, y su se\u00f1ora esposa, Noelia Garc\u00eda, quienes tambi\u00e9n posaron junto a ella minutos despu\u00e9s de que las mascotas de los franquicias participantes tambi\u00e9n lo hicieran.<\/p>\n\n\n\n<p>Banreservas present\u00f3 la campa\u00f1a publicar\u00eda oficial a trav\u00e9s de un interesante comercial con el lema \u201cestamos hechos de b\u00e9isbol\u201d.<\/p>\n\n\n\n<p>Apoyado por una cadena de im\u00e1genes, Vitelio Mej\u00eda hizo una exposici\u00f3n para rendir cuentas de los trabajos llevados a cabo desde julio de 2017 cuando tom\u00f3 posesi\u00f3n como presidente de la liga, incluido el centro de revisi\u00f3n de jugada, el estudio de Lidom Play, y el sistema de reloj que se pondr\u00e1 en ejecuci\u00f3n a partir de esta campa\u00f1a. \u201cManejo una liga de j\u00f3venes con criterio empresarial que se respetan unos con otros\u201d, apunt\u00f3 Mej\u00eda Ortiz. \u201cSepan que lo de nosotros es pasi\u00f3n y es desvelo y vamos a seguir trabajando\u201d.<\/p>\n\n\n\n<p>Pereyra resalt\u00f3 la dedicatoria a Onfalia Morillo y revel\u00f3 que siempre ha sido un admirador de la carrera de la dama que se encuentra ya retirada.<\/p>\n\n\n\n<p>El funcionario no desaprovech\u00f3 la oportunidad de esbozar lo importante que ha sido la relaci\u00f3n del banco y la liga dominicana. \u201cEs un orgullo para nosotros ser el principal patrocinador del torneo\u201d, dijo Pereyra. \u201cPara Banreservas fue una negociaci\u00f3n f\u00e1cil. La liga ha dado al banco amplitud para posicionar la marca. Siempre digo que si la marca est\u00e1 muy cerca de la gente es gracias tambi\u00e9n al b\u00e9isbol\u201d, agreg\u00f3.<\/p>\n\n\n\n<p>Luego se proyect\u00f3 un audiovisual para recordar a los cronistas fallecidos recientemente, la mayor\u00eda de ellos ligados al b\u00e9isbol.<\/p>\n","protected":false},"excerpt":{"rendered":"<p>SANTO DOMINGO.- La Liga de B\u00e9isbol Profesional de Rep\u00fablica Dominicana (Lidom) y el Banco de Reservas develaron la Copa Banreservas que habr\u00e1 de ser discutida por los seis equipos en&hellip;<\/p>\n","protected":false},"author":3,"featured_media":63752,"comment_status":"open","ping_status":"open","sticky":false,"template":"","format":"standard","meta":{"content-type":"","jetpack_post_was_ever_published":false,"_jetpack_newsletter_access":"","_jetpack_dont_email_post_to_subs":false,"_jetpack_newsletter_tier_id":0,"_jetpack_memberships_contains_paywalled_content":false,"_jetpack_memberships_contains_paid_content":false,"footnotes":""},"categories":[1],"tags":[],"class_list":["post-63751","post","type-post","status-publish","format-standard","has-post-thumbnail","hentry","category-sin-categoria"],"jetpack_featured_media_url":"https:\/\/lasprimeras.com.do\/wp-content\/uploads\/2023\/10\/parque-vehicular-focus-0-0-896-504-3.jpg","jetpack-related-posts":[{"id":120808,"url":"https:\/\/lasprimeras.com.do\/index.php\/2026\/01\/28\/banreservas-entrega-copa-a-los-leones-del-escogido-campeones-de-la-serie-final-de-lidom-25-26\/","url_meta":{"origin":63751,"position":0},"title":"Banreservas entrega copa a los Leones del Escogido, campeones de la Serie Final de LIDOM 25-26","author":"Nelson Feliz","date":"28 de enero de 2026","format":false,"excerpt":"La instituci\u00f3n financiera reafirma su compromiso con la Liga de B\u00e9isbol Profesional de la Rep\u00fablica Dominicana y el deporte nacional. El Banco de Reservas entreg\u00f3 la copa de campeones a los Leones del Escogido, ganadores de la Serie Final del Torneo de B\u00e9isbol Oto\u00f1o-Invierno Dominicano (LIDOM) 2025-2026, reafirmando as\u00ed su\u2026","rel":"","context":"En \u00abDEPORTES\u00bb","block_context":{"text":"DEPORTES","link":"https:\/\/lasprimeras.com.do\/index.php\/category\/deportes\/"},"img":{"alt_text":"","src":"https:\/\/i0.wp.com\/lasprimeras.com.do\/wp-content\/uploads\/2026\/01\/IMG-20260127-WA0909.jpg?resize=350%2C200&ssl=1","width":350,"height":200,"srcset":"https:\/\/i0.wp.com\/lasprimeras.com.do\/wp-content\/uploads\/2026\/01\/IMG-20260127-WA0909.jpg?resize=350%2C200&ssl=1 1x, https:\/\/i0.wp.com\/lasprimeras.com.do\/wp-content\/uploads\/2026\/01\/IMG-20260127-WA0909.jpg?resize=525%2C300&ssl=1 1.5x, https:\/\/i0.wp.com\/lasprimeras.com.do\/wp-content\/uploads\/2026\/01\/IMG-20260127-WA0909.jpg?resize=700%2C400&ssl=1 2x, https:\/\/i0.wp.com\/lasprimeras.com.do\/wp-content\/uploads\/2026\/01\/IMG-20260127-WA0909.jpg?resize=1050%2C600&ssl=1 3x"},"classes":[]},{"id":78789,"url":"https:\/\/lasprimeras.com.do\/index.php\/2024\/03\/20\/lidom-dedica-campeonato-2024-2025-a-la-memoria-de-jose-leon\/","url_meta":{"origin":63751,"position":1},"title":"Lidom dedica campeonato 2024-2025 a la memoria de Jos\u00e9 Le\u00f3n","author":"BIMARY DE JES\u00daS Matos","date":"20 de marzo de 2024","format":false,"excerpt":"Santo Domingo.- La Liga de B\u00e9isbol Profesional de la Rep\u00fablica Dominicana (Lidom) anunci\u00f3 que ha decidido dedicar su pr\u00f3ximo campeonato a la memoria del empresario Jos\u00e9 Le\u00f3n Asensio. La decisi\u00f3n, anunciada en un comunicado, fue tomada de manera un\u00e1nime por la junta de directores de la Lidom, para reconocer el\u2026","rel":"","context":"En \u00abSin categor\u00eda\u00bb","block_context":{"text":"Sin categor\u00eda","link":"https:\/\/lasprimeras.com.do\/index.php\/category\/sin-categoria\/"},"img":{"alt_text":"","src":"","width":0,"height":0},"classes":[]},{"id":67890,"url":"https:\/\/lasprimeras.com.do\/index.php\/2023\/11\/20\/lluvias-y-tragedia-afectaron-la-celebracion-del-torneo-de-lidom\/","url_meta":{"origin":63751,"position":2},"title":"Lluvias y tragedia afectaron la celebraci\u00f3n del torneo de Lidom","author":"BIMARY DE JES\u00daS Matos","date":"20 de noviembre de 2023","format":false,"excerpt":"Santo Domingo.-La Liga Dominicana de B\u00e9isbol reasign\u00f3 para este lunes los partidos pospuestos este domingo, debido a los efectos del disturbio tropical acaecido el s\u00e1bado en todo el territorio dominicano. La cartelera de Lidom ser\u00e1 la siguiente, las Estrellas visitar\u00e1n al Licey en el estadio Quisqueya, las Aguilas recibir\u00e1n al\u2026","rel":"","context":"En \u00abSin categor\u00eda\u00bb","block_context":{"text":"Sin categor\u00eda","link":"https:\/\/lasprimeras.com.do\/index.php\/category\/sin-categoria\/"},"img":{"alt_text":"","src":"https:\/\/i0.wp.com\/lasprimeras.com.do\/wp-content\/uploads\/2023\/11\/WhatsApp-Image-2023-11-19-at-4.12.21-PM-6.jpeg?resize=350%2C200&ssl=1","width":350,"height":200,"srcset":"https:\/\/i0.wp.com\/lasprimeras.com.do\/wp-content\/uploads\/2023\/11\/WhatsApp-Image-2023-11-19-at-4.12.21-PM-6.jpeg?resize=350%2C200&ssl=1 1x, https:\/\/i0.wp.com\/lasprimeras.com.do\/wp-content\/uploads\/2023\/11\/WhatsApp-Image-2023-11-19-at-4.12.21-PM-6.jpeg?resize=525%2C300&ssl=1 1.5x"},"classes":[]},{"id":72906,"url":"https:\/\/lasprimeras.com.do\/index.php\/2024\/01\/04\/wellington-cepeda-es-escogido-como-dirigente-del-ano-en-lidom\/","url_meta":{"origin":63751,"position":3},"title":"Wellington Cepeda es escogido como Dirigente del A\u00f1o en Lidom","author":"BIMARY DE JES\u00daS Matos","date":"4 de enero de 2024","format":false,"excerpt":"Santo Domingo.-Con un total de 327 puntos, el estratega de los Gigantes del Cibao, Wellington Cepeda, fue seleccionado como el \u201cDirigente del A\u00f1o\u201d del campeonato 2023-2024, inform\u00f3 este mi\u00e9rcoles la Liga de B\u00e9isbol Profesional de Rep\u00fablica Dominicana (LIDOM). Cepeda apareci\u00f3 en las 69 boletas del sistema de valoraci\u00f3n ponderada que\u2026","rel":"","context":"En \u00abSin categor\u00eda\u00bb","block_context":{"text":"Sin categor\u00eda","link":"https:\/\/lasprimeras.com.do\/index.php\/category\/sin-categoria\/"},"img":{"alt_text":"","src":"https:\/\/i0.wp.com\/lasprimeras.com.do\/wp-content\/uploads\/2024\/01\/WhatsApp-Image-2024-01-03-at-11.55.29-PM-3.jpeg?resize=350%2C200&ssl=1","width":350,"height":200,"srcset":"https:\/\/i0.wp.com\/lasprimeras.com.do\/wp-content\/uploads\/2024\/01\/WhatsApp-Image-2024-01-03-at-11.55.29-PM-3.jpeg?resize=350%2C200&ssl=1 1x, https:\/\/i0.wp.com\/lasprimeras.com.do\/wp-content\/uploads\/2024\/01\/WhatsApp-Image-2024-01-03-at-11.55.29-PM-3.jpeg?resize=525%2C300&ssl=1 1.5x"},"classes":[]},{"id":63291,"url":"https:\/\/lasprimeras.com.do\/index.php\/2023\/10\/11\/aportes-banreservas-al-deporte-superan-los-rd700-millones\/","url_meta":{"origin":63751,"position":4},"title":"Aportes Banreservas al deporte superan los RD$700 millones","author":"BIMARY DE JES\u00daS Matos","date":"11 de octubre de 2023","format":false,"excerpt":"SANTO DOMINGO.- El administrador general del Banco de Reservas, Samuel Pereyra, revel\u00f3 que los aportes de esa entidad financiera al deporte superaron los RD$700 millones en los \u00faltimos tres a\u00f1os. Pereyra detall\u00f3 que el respaldo al b\u00e9isbol, en diferentes modalidades, se increment\u00f3 de RD$40.8 millones en 2021 a RD$172.4 millones\u2026","rel":"","context":"En \u00abSin categor\u00eda\u00bb","block_context":{"text":"Sin categor\u00eda","link":"https:\/\/lasprimeras.com.do\/index.php\/category\/sin-categoria\/"},"img":{"alt_text":"","src":"https:\/\/i0.wp.com\/lasprimeras.com.do\/wp-content\/uploads\/2023\/10\/IMG-20231010-WA0108-7.jpg?resize=350%2C200&ssl=1","width":350,"height":200,"srcset":"https:\/\/i0.wp.com\/lasprimeras.com.do\/wp-content\/uploads\/2023\/10\/IMG-20231010-WA0108-7.jpg?resize=350%2C200&ssl=1 1x, https:\/\/i0.wp.com\/lasprimeras.com.do\/wp-content\/uploads\/2023\/10\/IMG-20231010-WA0108-7.jpg?resize=525%2C300&ssl=1 1.5x, https:\/\/i0.wp.com\/lasprimeras.com.do\/wp-content\/uploads\/2023\/10\/IMG-20231010-WA0108-7.jpg?resize=700%2C400&ssl=1 2x"},"classes":[]},{"id":64259,"url":"https:\/\/lasprimeras.com.do\/index.php\/2023\/10\/19\/hoy-arranca-la-pelota\/","url_meta":{"origin":63751,"position":5},"title":"Hoy arranca la pelota","author":"BIMARY DE JES\u00daS Matos","date":"19 de octubre de 2023","format":false,"excerpt":"SANTO DOMINGO.-La tradicional disputa y rivalidad entre equipos de las distintas regiones regresa a los estadios, con la inauguraci\u00f3n oficial del campeonato de b\u00e9isbol oto\u00f1o-invernal de 2023-2024, esta noche con partidos en Santo Domingo, Santiago y San Pedro de Macor\u00eds. Los Tigres del Licey como visitantes, campe\u00f3n defensor, enfrenta a\u2026","rel":"","context":"En \u00abSin categor\u00eda\u00bb","block_context":{"text":"Sin categor\u00eda","link":"https:\/\/lasprimeras.com.do\/index.php\/category\/sin-categoria\/"},"img":{"alt_text":"","src":"https:\/\/i0.wp.com\/lasprimeras.com.do\/wp-content\/uploads\/2023\/10\/WhatsApp-Image-2023-05-20-at-11.41.19-AM-2.webp?resize=350%2C200&ssl=1","width":350,"height":200,"srcset":"https:\/\/i0.wp.com\/lasprimeras.com.do\/wp-content\/uploads\/2023\/10\/WhatsApp-Image-2023-05-20-at-11.41.19-AM-2.webp?resize=350%2C200&ssl=1 1x, https:\/\/i0.wp.com\/lasprimeras.com.do\/wp-content\/uploads\/2023\/10\/WhatsApp-Image-2023-05-20-at-11.41.19-AM-2.webp?resize=525%2C300&ssl=1 1.5x, https:\/\/i0.wp.com\/lasprimeras.com.do\/wp-content\/uploads\/2023\/10\/WhatsApp-Image-2023-05-20-at-11.41.19-AM-2.webp?resize=700%2C400&ssl=1 2x"},"classes":[]}],"jetpack_sharing_enabled":true,"_links":{"self":[{"href":"https:\/\/lasprimeras.com.do\/index.php\/wp-json\/wp\/v2\/posts\/63751","targetHints":{"allow":["GET"]}}],"collection":[{"href":"https:\/\/lasprimeras.com.do\/index.php\/wp-json\/wp\/v2\/posts"}],"about":[{"href":"https:\/\/lasprimeras.com.do\/index.php\/wp-json\/wp\/v2\/types\/post"}],"author":[{"embeddable":true,"href":"https:\/\/lasprimeras.com.do\/index.php\/wp-json\/wp\/v2\/users\/3"}],"replies":[{"embeddable":true,"href":"https:\/\/lasprimeras.com.do\/index.php\/wp-json\/wp\/v2\/comments?post=63751"}],"version-history":[{"count":1,"href":"https:\/\/lasprimeras.com.do\/index.php\/wp-json\/wp\/v2\/posts\/63751\/revisions"}],"predecessor-version":[{"id":63753,"href":"https:\/\/lasprimeras.com.do\/index.php\/wp-json\/wp\/v2\/posts\/63751\/revisions\/63753"}],"wp:featuredmedia":[{"embeddable":true,"href":"https:\/\/lasprimeras.com.do\/index.php\/wp-json\/wp\/v2\/media\/63752"}],"wp:attachment":[{"href":"https:\/\/lasprimeras.com.do\/index.php\/wp-json\/wp\/v2\/media?parent=63751"}],"wp:term":[{"taxonomy":"category","embeddable":true,"href":"https:\/\/lasprimeras.com.do\/index.php\/wp-json\/wp\/v2\/categories?post=63751"},{"taxonomy":"post_tag","embeddable":true,"href":"https:\/\/lasprimeras.com.do\/index.php\/wp-json\/wp\/v2\/tags?post=63751"}],"curies":[{"name":"wp","href":"https:\/\/api.w.org\/{rel}","templated":true}]}}