{"id":63765,"date":"2023-10-15T19:53:07","date_gmt":"2023-10-15T23:53:07","guid":{"rendered":"https:\/\/lasprimeras.com.do\/?p=63765"},"modified":"2023-10-15T19:53:08","modified_gmt":"2023-10-15T23:53:08","slug":"9-1-1-asiste-autobus-accidentado-de-60-pasajeros-en-el-cruce-de-bonao","status":"publish","type":"post","link":"https:\/\/lasprimeras.com.do\/index.php\/2023\/10\/15\/9-1-1-asiste-autobus-accidentado-de-60-pasajeros-en-el-cruce-de-bonao\/","title":{"rendered":"9-1-1 asiste autob\u00fas accidentado de 60 pasajeros en El Cruce de Bonao"},"content":{"rendered":"\n<p>Diez unidades llegaron al lugar.<\/p>\n\n\n\n<p>El 9-1-1 envi\u00f3 diez unidades de asistencia al Cruce de Sabana del Puerto en el municipio de Bonao, provincia Monse\u00f1or Nouel, tras recibir el reporte de un accidente de tr\u00e1nsito que involucr\u00f3 un autob\u00fas de 60 pasajeros.<\/p>\n\n\n\n<p>Las unidades enviadas contin\u00faan brindando asistencia, entre ellas unidades de ambulancias de la DAEH, Polic\u00eda Nacional, DIGESSET, Bomberos, MOPC.<\/p>\n\n\n\n<p>Hasta el momento est\u00e1n siendo atendidas 20&nbsp; personas que han sido afectadas y fueron trasladadas a centros de salud. No se reportan personas fallecidas en el impacto.<\/p>\n\n\n\n<p>Evento en proceso.<\/p>\n","protected":false},"excerpt":{"rendered":"<p>Diez unidades llegaron al lugar. El 9-1-1 envi\u00f3 diez unidades de asistencia al Cruce de Sabana del Puerto en el municipio de Bonao, provincia Monse\u00f1or Nouel, tras recibir el reporte&hellip;<\/p>\n","protected":false},"author":2,"featured_media":63766,"comment_status":"open","ping_status":"open","sticky":false,"template":"","format":"standard","meta":{"content-type":"","jetpack_post_was_ever_published":false,"_jetpack_newsletter_access":"","_jetpack_dont_email_post_to_subs":false,"_jetpack_newsletter_tier_id":0,"_jetpack_memberships_contains_paywalled_content":false,"_jetpack_memberships_contains_paid_content":false,"footnotes":""},"categories":[35,25],"tags":[8539,8540,2709,8541,3760],"class_list":["post-63765","post","type-post","status-publish","format-standard","has-post-thumbnail","hentry","category-nacionales","category-portada","tag-9-1-1","tag-accidentado","tag-autobus","tag-el-cruce-de-bonao","tag-pasajeros"],"jetpack_featured_media_url":"https:\/\/lasprimeras.com.do\/wp-content\/uploads\/2023\/10\/Accidente-en-Cruce-de-Bonao-15-de-octubre.jpg","jetpack-related-posts":[{"id":63806,"url":"https:\/\/lasprimeras.com.do\/index.php\/2023\/10\/15\/autobus-de-pasajeros-sufre-accidente-en-el-cruce-sabana-del-puerto-en-bonao\/","url_meta":{"origin":63765,"position":0},"title":"Autob\u00fas de pasajeros sufre accidente en el cruce Sabana del Puerto en Bonao","author":"Nelson Feliz","date":"15 de octubre de 2023","format":false,"excerpt":"Un autob\u00fas de pasajeros sufri\u00f3 un accidente de tr\u00e1nsito en el cruce Sabana del Puerto, municipio Bonao, provincia Monse\u00f1or Nouel. El hecho dej\u00f3 al mejor 20 personas heridas, informaron fuentes oficiales. El Sistema Nacional de Emergencias 9-1-1 aclar\u00f3 que, hasta el momento, no hab\u00eda personas fallecidas. Dijo que los lesionados\u2026","rel":"","context":"En \u00abNACIONALES\u00bb","block_context":{"text":"NACIONALES","link":"https:\/\/lasprimeras.com.do\/index.php\/category\/nacionales\/"},"img":{"alt_text":"Accidente en Cruce de Bonao","src":"https:\/\/i0.wp.com\/lasprimeras.com.do\/wp-content\/uploads\/2023\/10\/Accidente-en-Cruce-de-Bonao-15-de-octubre.jpg?resize=350%2C200&ssl=1","width":350,"height":200,"srcset":"https:\/\/i0.wp.com\/lasprimeras.com.do\/wp-content\/uploads\/2023\/10\/Accidente-en-Cruce-de-Bonao-15-de-octubre.jpg?resize=350%2C200&ssl=1 1x, https:\/\/i0.wp.com\/lasprimeras.com.do\/wp-content\/uploads\/2023\/10\/Accidente-en-Cruce-de-Bonao-15-de-octubre.jpg?resize=525%2C300&ssl=1 1.5x, https:\/\/i0.wp.com\/lasprimeras.com.do\/wp-content\/uploads\/2023\/10\/Accidente-en-Cruce-de-Bonao-15-de-octubre.jpg?resize=700%2C400&ssl=1 2x"},"classes":[]},{"id":59957,"url":"https:\/\/lasprimeras.com.do\/index.php\/2023\/09\/09\/imagenes-fuertes-asistencia-del-9-1-1-a-accidente-de-transito-entre-dos-autobuses-de-transporte-de-personal\/","url_meta":{"origin":63765,"position":1},"title":"Im\u00e1genes Fuertes: Asistencia del 9-1-1 a accidente de tr\u00e1nsito entre dos autobuses de transporte de personal","author":"Nelson Feliz","date":"9 de septiembre de 2023","format":false,"excerpt":"Accidente en Hig\u00fcey deja cuatro muertos y 17 heridos Al menos cuatro personas murieron y 17 resultaron heridas durante un accidente de tr\u00e1nsito entre dos dos autobuses que transportaban empleados de dos cadenas hoteleras de B\u00e1varo. El fatal accidente se registr\u00f3 pasadas las 6:00 de la ma\u00f1ana de este s\u00e1bado\u2026","rel":"","context":"En \u00abNACIONALES\u00bb","block_context":{"text":"NACIONALES","link":"https:\/\/lasprimeras.com.do\/index.php\/category\/nacionales\/"},"img":{"alt_text":"","src":"https:\/\/i0.wp.com\/lasprimeras.com.do\/wp-content\/uploads\/2023\/09\/accidentes-2.jpg?resize=350%2C200&ssl=1","width":350,"height":200,"srcset":"https:\/\/i0.wp.com\/lasprimeras.com.do\/wp-content\/uploads\/2023\/09\/accidentes-2.jpg?resize=350%2C200&ssl=1 1x, https:\/\/i0.wp.com\/lasprimeras.com.do\/wp-content\/uploads\/2023\/09\/accidentes-2.jpg?resize=525%2C300&ssl=1 1.5x, https:\/\/i0.wp.com\/lasprimeras.com.do\/wp-content\/uploads\/2023\/09\/accidentes-2.jpg?resize=700%2C400&ssl=1 2x"},"classes":[]},{"id":56558,"url":"https:\/\/lasprimeras.com.do\/index.php\/2023\/08\/02\/9-1-1-coordina-rescate-de-persona-atrapada-en-accidente-de-transito-en-sde\/","url_meta":{"origin":63765,"position":2},"title":"9-1-1 coordina rescate de persona atrapada en accidente de tr\u00e1nsito en SDE","author":"Nelson Feliz","date":"2 de agosto de 2023","format":false,"excerpt":"El Sistema Nacional de Atenci\u00f3n a Emergencias y Seguridad coordin\u00f3 la asistencia a un accidente de tr\u00e1nsito que implic\u00f3 a varios veh\u00edculos e impact\u00f3 un autob\u00fas de la Oficina Metropolitana de Servicios de Autobuses (OMSA) en un poste de luz debido a un deslizamiento, en un hecho ocurrido en la\u2026","rel":"","context":"En \u00abNACIONALES\u00bb","block_context":{"text":"NACIONALES","link":"https:\/\/lasprimeras.com.do\/index.php\/category\/nacionales\/"},"img":{"alt_text":"OMSA","src":"https:\/\/i0.wp.com\/lasprimeras.com.do\/wp-content\/uploads\/2023\/08\/OMSA.jpg?resize=350%2C200&ssl=1","width":350,"height":200,"srcset":"https:\/\/i0.wp.com\/lasprimeras.com.do\/wp-content\/uploads\/2023\/08\/OMSA.jpg?resize=350%2C200&ssl=1 1x, https:\/\/i0.wp.com\/lasprimeras.com.do\/wp-content\/uploads\/2023\/08\/OMSA.jpg?resize=525%2C300&ssl=1 1.5x, https:\/\/i0.wp.com\/lasprimeras.com.do\/wp-content\/uploads\/2023\/08\/OMSA.jpg?resize=700%2C400&ssl=1 2x"},"classes":[]},{"id":69031,"url":"https:\/\/lasprimeras.com.do\/index.php\/2023\/11\/29\/sacan-otros-dos-cadaveres-de-autobus-sepultado-por-patana-y-son-siete-los-fallecidos\/","url_meta":{"origin":63765,"position":3},"title":"Sacan otros dos cad\u00e1veres de autob\u00fas sepultado por patana y son siete los fallecidos","author":"Nelson Feliz","date":"29 de noviembre de 2023","format":false,"excerpt":"Casi a la 1:00 p.m. se recuperaron los cuerpos de una mujer y un hombre. El accidente de tr\u00e1nsito de la ma\u00f1ana de este mi\u00e9rcoles en la carretera S\u00e1nchez, en Haina, San Crist\u00f3bal, ha dejado, por el momento, un saldo de siete fallecidos y 13 personas heridas, luego que minutos\u2026","rel":"","context":"En \u00abSin categor\u00eda\u00bb","block_context":{"text":"Sin categor\u00eda","link":"https:\/\/lasprimeras.com.do\/index.php\/category\/sin-categoria\/"},"img":{"alt_text":"","src":"https:\/\/i0.wp.com\/lasprimeras.com.do\/wp-content\/uploads\/2023\/11\/haina-accidente-foto-neal-cruz-01-scaled.jpg?resize=350%2C200&ssl=1","width":350,"height":200,"srcset":"https:\/\/i0.wp.com\/lasprimeras.com.do\/wp-content\/uploads\/2023\/11\/haina-accidente-foto-neal-cruz-01-scaled.jpg?resize=350%2C200&ssl=1 1x, https:\/\/i0.wp.com\/lasprimeras.com.do\/wp-content\/uploads\/2023\/11\/haina-accidente-foto-neal-cruz-01-scaled.jpg?resize=525%2C300&ssl=1 1.5x, https:\/\/i0.wp.com\/lasprimeras.com.do\/wp-content\/uploads\/2023\/11\/haina-accidente-foto-neal-cruz-01-scaled.jpg?resize=700%2C400&ssl=1 2x, https:\/\/i0.wp.com\/lasprimeras.com.do\/wp-content\/uploads\/2023\/11\/haina-accidente-foto-neal-cruz-01-scaled.jpg?resize=1050%2C600&ssl=1 3x, https:\/\/i0.wp.com\/lasprimeras.com.do\/wp-content\/uploads\/2023\/11\/haina-accidente-foto-neal-cruz-01-scaled.jpg?resize=1400%2C800&ssl=1 4x"},"classes":[]},{"id":68978,"url":"https:\/\/lasprimeras.com.do\/index.php\/2023\/11\/29\/patana-embiste-a-un-autobus-de-pasajeros-en-haina-san-cristobal\/","url_meta":{"origin":63765,"position":4},"title":"Patana embiste a un autob\u00fas de pasajeros en Haina, San Crist\u00f3bal","author":"Nelson Feliz","date":"29 de noviembre de 2023","format":false,"excerpt":"Por LUIS ORTIZ HAINA, San Crist\u00f3bal .- Un veh\u00edculo pesado del tipo \u00abpatana\u00bb impact\u00f3 este mi\u00e9rcoles en la ma\u00f1ana un peque\u00f1o autob\u00fas de pasajeros y posteriormente se volc\u00f3 en una hondonada. El hecho ocurri\u00f3 en la carretera S\u00e1nchez, a la altura de la comunidad de quitasue\u00f1o. Varias personas han resultado\u2026","rel":"","context":"En \u00abNACIONALES\u00bb","block_context":{"text":"NACIONALES","link":"https:\/\/lasprimeras.com.do\/index.php\/category\/nacionales\/"},"img":{"alt_text":"ACCIDENTE","src":"https:\/\/i0.wp.com\/lasprimeras.com.do\/wp-content\/uploads\/2023\/11\/ACCIDENTE-3.jpg?resize=350%2C200&ssl=1","width":350,"height":200,"srcset":"https:\/\/i0.wp.com\/lasprimeras.com.do\/wp-content\/uploads\/2023\/11\/ACCIDENTE-3.jpg?resize=350%2C200&ssl=1 1x, https:\/\/i0.wp.com\/lasprimeras.com.do\/wp-content\/uploads\/2023\/11\/ACCIDENTE-3.jpg?resize=525%2C300&ssl=1 1.5x, https:\/\/i0.wp.com\/lasprimeras.com.do\/wp-content\/uploads\/2023\/11\/ACCIDENTE-3.jpg?resize=700%2C400&ssl=1 2x"},"classes":[]},{"id":83985,"url":"https:\/\/lasprimeras.com.do\/index.php\/2024\/05\/28\/mochotran-aclara-que-no-hubo-heridos-en-accidentes-de-dos-unidades-en-la-av-charles-de-gaulle\/","url_meta":{"origin":63765,"position":5},"title":"MOCHOTRAN aclara que no hubo heridos en accidentes de dos unidades en la\u00a0Av. Charles de Gaulle","author":"Nelson Feliz","date":"28 de mayo de 2024","format":false,"excerpt":"El Grupo de Empresas de Transporte MOCHOTRAN inform\u00f3 hoy que dos unidades de la flotilla de autobuses fueron parte de un lamentable accidente de tr\u00e1nsito ocurrido en la Avenida Charles de Gaulle, sin da\u00f1os f\u00edsicos a los pasajeros que utilizaban dicho transporte. Mediante un comunicado de prensa, el presidente de\u2026","rel":"","context":"En \u00abNACIONALES\u00bb","block_context":{"text":"NACIONALES","link":"https:\/\/lasprimeras.com.do\/index.php\/category\/nacionales\/"},"img":{"alt_text":"","src":"https:\/\/i0.wp.com\/lasprimeras.com.do\/wp-content\/uploads\/2024\/05\/corredor-charles.jpg?resize=350%2C200&ssl=1","width":350,"height":200,"srcset":"https:\/\/i0.wp.com\/lasprimeras.com.do\/wp-content\/uploads\/2024\/05\/corredor-charles.jpg?resize=350%2C200&ssl=1 1x, https:\/\/i0.wp.com\/lasprimeras.com.do\/wp-content\/uploads\/2024\/05\/corredor-charles.jpg?resize=525%2C300&ssl=1 1.5x"},"classes":[]}],"jetpack_sharing_enabled":true,"_links":{"self":[{"href":"https:\/\/lasprimeras.com.do\/index.php\/wp-json\/wp\/v2\/posts\/63765","targetHints":{"allow":["GET"]}}],"collection":[{"href":"https:\/\/lasprimeras.com.do\/index.php\/wp-json\/wp\/v2\/posts"}],"about":[{"href":"https:\/\/lasprimeras.com.do\/index.php\/wp-json\/wp\/v2\/types\/post"}],"author":[{"embeddable":true,"href":"https:\/\/lasprimeras.com.do\/index.php\/wp-json\/wp\/v2\/users\/2"}],"replies":[{"embeddable":true,"href":"https:\/\/lasprimeras.com.do\/index.php\/wp-json\/wp\/v2\/comments?post=63765"}],"version-history":[{"count":1,"href":"https:\/\/lasprimeras.com.do\/index.php\/wp-json\/wp\/v2\/posts\/63765\/revisions"}],"predecessor-version":[{"id":63767,"href":"https:\/\/lasprimeras.com.do\/index.php\/wp-json\/wp\/v2\/posts\/63765\/revisions\/63767"}],"wp:featuredmedia":[{"embeddable":true,"href":"https:\/\/lasprimeras.com.do\/index.php\/wp-json\/wp\/v2\/media\/63766"}],"wp:attachment":[{"href":"https:\/\/lasprimeras.com.do\/index.php\/wp-json\/wp\/v2\/media?parent=63765"}],"wp:term":[{"taxonomy":"category","embeddable":true,"href":"https:\/\/lasprimeras.com.do\/index.php\/wp-json\/wp\/v2\/categories?post=63765"},{"taxonomy":"post_tag","embeddable":true,"href":"https:\/\/lasprimeras.com.do\/index.php\/wp-json\/wp\/v2\/tags?post=63765"}],"curies":[{"name":"wp","href":"https:\/\/api.w.org\/{rel}","templated":true}]}}