{"id":63768,"date":"2023-10-15T19:58:53","date_gmt":"2023-10-15T23:58:53","guid":{"rendered":"https:\/\/lasprimeras.com.do\/?p=63768"},"modified":"2023-10-15T19:58:55","modified_gmt":"2023-10-15T23:58:55","slug":"rd-va-con-todo-ante-barbados-este-lunes-en-liga-de-naciones-de-concacaf","status":"publish","type":"post","link":"https:\/\/lasprimeras.com.do\/index.php\/2023\/10\/15\/rd-va-con-todo-ante-barbados-este-lunes-en-liga-de-naciones-de-concacaf\/","title":{"rendered":"RD va con todo ante Barbados este lunes en Liga de Naciones de Concacaf"},"content":{"rendered":"\n<p>La selecci\u00f3n dominicana de f\u00fatbol recibir\u00e1 este lunes 16 de octubre a Barbados en el Estadio Ol\u00edmpico Moca 85 de la ciudad de Moca a partir de las 8:00 de la noche, partido correspondiente a la cuarta fecha de la Liga de Naciones de Concacaf 2023-2024.<\/p>\n\n\n\n<p>Los quisqueyanos vienen de golear a los barbadenses en su propia casa el pasado viernes y esperan buscar otros tres puntos que los mantengan en carrera por el liderato del grupo.<\/p>\n\n\n\n<p>En Moca se espera un llenazo de aficionados para acompa\u00f1ar a la Sedof\u00fatbol que por primera vez en la historia jugar\u00e1n en este escenario.<\/p>\n\n\n\n<p>El grupo B de la Liga B de la Liga de Naciones de Concacaf est\u00e1 comandado por Nicaragua con nueve puntos, Rep\u00fablica Dominicana es col\u00edder con seis, mientras que Montserrat suma tres unidades y cierra Barbados sin puntos.<\/p>\n\n\n\n<figure class=\"wp-block-image size-full\"><img decoding=\"async\" width=\"700\" height=\"466\" src=\"https:\/\/lasprimeras.com.do\/wp-content\/uploads\/2023\/10\/Concacaf-2.jpg\" alt=\"\" class=\"wp-image-63770\" srcset=\"https:\/\/lasprimeras.com.do\/wp-content\/uploads\/2023\/10\/Concacaf-2.jpg 700w, https:\/\/lasprimeras.com.do\/wp-content\/uploads\/2023\/10\/Concacaf-2-300x200.jpg 300w\" sizes=\"(max-width: 700px) 100vw, 700px\" \/><\/figure>\n\n\n\n<p>Cabe destacar que al final de las seis jornadas la selecci\u00f3n que finalice primera del grupo ascender\u00e1 a la Liga A -m\u00e1ximo nivel de la Liga de Naciones de Concacaf-.<\/p>\n\n\n\n<p>El elenco tricolor hizo su \u00faltimo entrenamiento este domingo por la noche en el gramado del Estadio Ol\u00edmpico Moca 85.<\/p>\n\n\n\n<p>\u201cEl partido fue complicado por lo que es el viaje, por el c\u00e9sped sint\u00e9tico, pero creo que los muchachos respondieron bien a lo que se les pidi\u00f3 y creo que fuimos justos ganadores del partido porque lo dominamos y como dijo uno de los jugadores con humildad lo ganamos\u201d, expres\u00f3 el seleccionador nacional Marcelo Neveleff en conferencia de prensa previa al juego de este lunes.<\/p>\n\n\n\n<p>Por su parte el delantero Ricky Alba, quien debut\u00f3 con gol el pasado viernes, dijo que \u201cno he jugado en Santo Domingo todav\u00eda, pero me dicen los compa\u00f1eros que aqu\u00ed en Moca la afici\u00f3n es buena as\u00ed que esperamos que ma\u00f1ana nos den mucho apoyo\u201d.<\/p>\n\n\n\n<p>Las boletas para el partido est\u00e1n a la venta en las oficinas de Moca FC ubicadas en el propio Estadio Moca 85 a partir de las 10:00 de la ma\u00f1ana de este lunes y las taquillas abrir\u00e1n a partir de las 4:00 PM. El costo es de 500 pesos para la tribuna central y 300 para las laterales.<\/p>\n\n\n\n<p>El compromiso contar\u00e1 con la transmisi\u00f3n de CDN Deportes en se\u00f1al abierta para todo el pa\u00eds.<\/p>\n","protected":false},"excerpt":{"rendered":"<p>La selecci\u00f3n dominicana de f\u00fatbol recibir\u00e1 este lunes 16 de octubre a Barbados en el Estadio Ol\u00edmpico Moca 85 de la ciudad de Moca a partir de las 8:00 de&hellip;<\/p>\n","protected":false},"author":2,"featured_media":63769,"comment_status":"open","ping_status":"open","sticky":false,"template":"","format":"standard","meta":{"content-type":"","jetpack_post_was_ever_published":false,"_jetpack_newsletter_access":"","_jetpack_dont_email_post_to_subs":false,"_jetpack_newsletter_tier_id":0,"_jetpack_memberships_contains_paywalled_content":false,"_jetpack_memberships_contains_paid_content":false,"footnotes":""},"categories":[1],"tags":[8542],"class_list":["post-63768","post","type-post","status-publish","format-standard","has-post-thumbnail","hentry","category-sin-categoria","tag-concacaf"],"jetpack_featured_media_url":"https:\/\/lasprimeras.com.do\/wp-content\/uploads\/2023\/10\/Concacaf.jpg","jetpack-related-posts":[{"id":64435,"url":"https:\/\/lasprimeras.com.do\/index.php\/2023\/10\/20\/rd-vuelve-a-vencer-a-barbados-en-liga-de-naciones-de-concacaf\/","url_meta":{"origin":63768,"position":0},"title":"RD vuelve a vencer a Barbados en Liga de Naciones de Concacaf","author":"BIMARY DE JES\u00daS Matos","date":"20 de octubre de 2023","format":false,"excerpt":"MOCA.- Rep\u00fablica Dominicana super\u00f3 5-2 a Barbados en el Estadio Cibao FC en el marco de la cuarta jornada de la Liga de Naciones de la Concacaf 2023-2024. El partido debi\u00f3 ser trasladado a Santiago por las fuertes lluvias ca\u00eddas en Moca. Dorny Romero fue figura al marcar un hat-trick\u2026","rel":"","context":"En \u00abSin categor\u00eda\u00bb","block_context":{"text":"Sin categor\u00eda","link":"https:\/\/lasprimeras.com.do\/index.php\/category\/sin-categoria\/"},"img":{"alt_text":"","src":"https:\/\/i0.wp.com\/lasprimeras.com.do\/wp-content\/uploads\/2023\/10\/WhatsApp-Image-2023-10-18-at-9.33.42-PM-14.jpeg?resize=350%2C200&ssl=1","width":350,"height":200,"srcset":"https:\/\/i0.wp.com\/lasprimeras.com.do\/wp-content\/uploads\/2023\/10\/WhatsApp-Image-2023-10-18-at-9.33.42-PM-14.jpeg?resize=350%2C200&ssl=1 1x, https:\/\/i0.wp.com\/lasprimeras.com.do\/wp-content\/uploads\/2023\/10\/WhatsApp-Image-2023-10-18-at-9.33.42-PM-14.jpeg?resize=525%2C300&ssl=1 1.5x"},"classes":[]},{"id":62627,"url":"https:\/\/lasprimeras.com.do\/index.php\/2023\/10\/06\/moca-fc-clasifica-a-las-semifinales-de-la-copa-del-caribe-de-concacaf\/","url_meta":{"origin":63768,"position":1},"title":"Moca FC clasifica a las semifinales de la Copa del Caribe de Concacaf","author":"BIMARY DE JES\u00daS Matos","date":"6 de octubre de 2023","format":false,"excerpt":"Santo Domingo.-Moca FC derrot\u00f3 dos goles por cero a Defence Force, en la jornada cinco de la fase de grupos de la Copa del Caribe 2023, y avanz\u00f3 a las semifinales de la competici\u00f3n regional. Los mocanos se quedaron con el segundo lugar en el Grupo A de la Copa\u2026","rel":"","context":"En \u00abSin categor\u00eda\u00bb","block_context":{"text":"Sin categor\u00eda","link":"https:\/\/lasprimeras.com.do\/index.php\/category\/sin-categoria\/"},"img":{"alt_text":"","src":"https:\/\/i0.wp.com\/lasprimeras.com.do\/wp-content\/uploads\/2023\/10\/WhatsApp-Image-2023-10-05-at-9.43.40-PM-3.jpeg?resize=350%2C200&ssl=1","width":350,"height":200,"srcset":"https:\/\/i0.wp.com\/lasprimeras.com.do\/wp-content\/uploads\/2023\/10\/WhatsApp-Image-2023-10-05-at-9.43.40-PM-3.jpeg?resize=350%2C200&ssl=1 1x, https:\/\/i0.wp.com\/lasprimeras.com.do\/wp-content\/uploads\/2023\/10\/WhatsApp-Image-2023-10-05-at-9.43.40-PM-3.jpeg?resize=525%2C300&ssl=1 1.5x, https:\/\/i0.wp.com\/lasprimeras.com.do\/wp-content\/uploads\/2023\/10\/WhatsApp-Image-2023-10-05-at-9.43.40-PM-3.jpeg?resize=700%2C400&ssl=1 2x"},"classes":[]},{"id":95776,"url":"https:\/\/lasprimeras.com.do\/index.php\/2025\/03\/19\/entrenadores-de-la-liga-de-naciones-de-la-concacaf-esperan-que-torneo-no-se-vuelva-politico\/","url_meta":{"origin":63768,"position":2},"title":"Entrenadores de la Liga de Naciones de la CONCACAF esperan que torneo no se vuelva pol\u00edtico","author":"Nelson Feliz","date":"19 de marzo de 2025","format":false,"excerpt":"POR GREG BEACHAM INGLEWOOD, California, EE.UU. (AP) \u2014 Los entrenadores de los cuatro equipos que compiten por el t\u00edtulo de la Liga de Naciones de la CONCACAF esta semana creen que el f\u00fatbol deber\u00eda mantenerse separado de los eventos geopol\u00edticos que actualmente agitan las relaciones entre sus naciones. Hablando dos\u2026","rel":"","context":"En \u00abDEPORTES\u00bb","block_context":{"text":"DEPORTES","link":"https:\/\/lasprimeras.com.do\/index.php\/category\/deportes\/"},"img":{"alt_text":"","src":"https:\/\/i0.wp.com\/lasprimeras.com.do\/wp-content\/uploads\/2025\/03\/CONCACAF.jpg?resize=350%2C200&ssl=1","width":350,"height":200,"srcset":"https:\/\/i0.wp.com\/lasprimeras.com.do\/wp-content\/uploads\/2025\/03\/CONCACAF.jpg?resize=350%2C200&ssl=1 1x, https:\/\/i0.wp.com\/lasprimeras.com.do\/wp-content\/uploads\/2025\/03\/CONCACAF.jpg?resize=525%2C300&ssl=1 1.5x, https:\/\/i0.wp.com\/lasprimeras.com.do\/wp-content\/uploads\/2025\/03\/CONCACAF.jpg?resize=700%2C400&ssl=1 2x"},"classes":[]},{"id":63540,"url":"https:\/\/lasprimeras.com.do\/index.php\/2023\/10\/13\/cuba-y-honduras-empatan-sin-goles-en-republica-dominicana\/","url_meta":{"origin":63768,"position":3},"title":"Cuba y Honduras empatan sin goles en Rep\u00fablica Dominicana","author":"BIMARY DE JES\u00daS Matos","date":"13 de octubre de 2023","format":false,"excerpt":"Santo Domingo.- Las selecciones de Cuba y Honduras terminaron en empate y sin goles el partido correspondiente a la tercera jornada de la Liga de Naciones de la Concacaf, trascendi\u00f3 hoy aqu\u00ed. Comentaristas deportivos calificaron de crucial este choque, al coincidir en que est\u00e1n en juego los boletos para la\u2026","rel":"","context":"En \u00abSin categor\u00eda\u00bb","block_context":{"text":"Sin categor\u00eda","link":"https:\/\/lasprimeras.com.do\/index.php\/category\/sin-categoria\/"},"img":{"alt_text":"","src":"","width":0,"height":0},"classes":[]},{"id":63598,"url":"https:\/\/lasprimeras.com.do\/index.php\/2023\/10\/13\/cuba-y-honduras-empatan-sin-goles-en-republica-dominicana-2\/","url_meta":{"origin":63768,"position":4},"title":"Cuba y Honduras empatan sin goles en Rep\u00fablica Dominicana","author":"BIMARY DE JES\u00daS Matos","date":"13 de octubre de 2023","format":false,"excerpt":"Santo Domingo.- Las selecciones de Cuba y Honduras terminaron en empate y sin goles el partido correspondiente a la tercera jornada de la Liga de Naciones de la Concacaf, trascendi\u00f3 hoy aqu\u00ed. Comentaristas deportivos calificaron de crucial este choque, al coincidir en que est\u00e1n en juego los boletos para la\u2026","rel":"","context":"En \u00abSin categor\u00eda\u00bb","block_context":{"text":"Sin categor\u00eda","link":"https:\/\/lasprimeras.com.do\/index.php\/category\/sin-categoria\/"},"img":{"alt_text":"","src":"","width":0,"height":0},"classes":[]},{"id":69790,"url":"https:\/\/lasprimeras.com.do\/index.php\/2023\/12\/05\/rd-vence-a-bermudas-y-avanza-al-repechaje-de-la-copa-oro-2024\/","url_meta":{"origin":63768,"position":5},"title":"RD vence a Bermudas y avanza al repechaje de la Copa Oro 2024","author":"Nelson Feliz","date":"5 de diciembre de 2023","format":false,"excerpt":"Alyssa Oviedo y M\u00eda Asenjo marcaron los dos goles para el equipo dominicano La selecci\u00f3n nacional de f\u00fatbol femenina de la Rep\u00fablica Dominicana dio un paso gigantesco al vencer 2-0 a su similar de Bermudas, en un partido celebrado la noche de este martes en el Estadio Panamericano de San\u2026","rel":"","context":"En \u00abSin categor\u00eda\u00bb","block_context":{"text":"Sin categor\u00eda","link":"https:\/\/lasprimeras.com.do\/index.php\/category\/sin-categoria\/"},"img":{"alt_text":"Alyssa Oviedo marc\u00f3 el gol que dio la victoria de RD","src":"https:\/\/i0.wp.com\/lasprimeras.com.do\/wp-content\/uploads\/2023\/12\/Alyssa-Oviedo-marco-el-gol-que-dio-la-victoria-de-RD.jpg?resize=350%2C200&ssl=1","width":350,"height":200,"srcset":"https:\/\/i0.wp.com\/lasprimeras.com.do\/wp-content\/uploads\/2023\/12\/Alyssa-Oviedo-marco-el-gol-que-dio-la-victoria-de-RD.jpg?resize=350%2C200&ssl=1 1x, https:\/\/i0.wp.com\/lasprimeras.com.do\/wp-content\/uploads\/2023\/12\/Alyssa-Oviedo-marco-el-gol-que-dio-la-victoria-de-RD.jpg?resize=525%2C300&ssl=1 1.5x"},"classes":[]}],"jetpack_sharing_enabled":true,"_links":{"self":[{"href":"https:\/\/lasprimeras.com.do\/index.php\/wp-json\/wp\/v2\/posts\/63768","targetHints":{"allow":["GET"]}}],"collection":[{"href":"https:\/\/lasprimeras.com.do\/index.php\/wp-json\/wp\/v2\/posts"}],"about":[{"href":"https:\/\/lasprimeras.com.do\/index.php\/wp-json\/wp\/v2\/types\/post"}],"author":[{"embeddable":true,"href":"https:\/\/lasprimeras.com.do\/index.php\/wp-json\/wp\/v2\/users\/2"}],"replies":[{"embeddable":true,"href":"https:\/\/lasprimeras.com.do\/index.php\/wp-json\/wp\/v2\/comments?post=63768"}],"version-history":[{"count":1,"href":"https:\/\/lasprimeras.com.do\/index.php\/wp-json\/wp\/v2\/posts\/63768\/revisions"}],"predecessor-version":[{"id":63771,"href":"https:\/\/lasprimeras.com.do\/index.php\/wp-json\/wp\/v2\/posts\/63768\/revisions\/63771"}],"wp:featuredmedia":[{"embeddable":true,"href":"https:\/\/lasprimeras.com.do\/index.php\/wp-json\/wp\/v2\/media\/63769"}],"wp:attachment":[{"href":"https:\/\/lasprimeras.com.do\/index.php\/wp-json\/wp\/v2\/media?parent=63768"}],"wp:term":[{"taxonomy":"category","embeddable":true,"href":"https:\/\/lasprimeras.com.do\/index.php\/wp-json\/wp\/v2\/categories?post=63768"},{"taxonomy":"post_tag","embeddable":true,"href":"https:\/\/lasprimeras.com.do\/index.php\/wp-json\/wp\/v2\/tags?post=63768"}],"curies":[{"name":"wp","href":"https:\/\/api.w.org\/{rel}","templated":true}]}}