{"id":63772,"date":"2023-10-15T21:06:50","date_gmt":"2023-10-16T01:06:50","guid":{"rendered":"https:\/\/lasprimeras.com.do\/?p=63772"},"modified":"2023-10-15T21:06:52","modified_gmt":"2023-10-16T01:06:52","slug":"otorgan-poderes-al-phd-para-concerta-alianza-con-cualquier-organizacion-politica","status":"publish","type":"post","link":"https:\/\/lasprimeras.com.do\/index.php\/2023\/10\/15\/otorgan-poderes-al-phd-para-concerta-alianza-con-cualquier-organizacion-politica\/","title":{"rendered":"Otorgan poderes al PHD para concerta alianza con cualquier organizaci\u00f3n pol\u00edtica"},"content":{"rendered":"\n<p><strong>PHD celebra convenci\u00f3n y escoge candidatos a cargos electivos para 2024<\/strong><\/p>\n\n\n\n<p>El Partido Humanista Dominicano (PHD) celebr\u00f3 este domingo su VII Convenci\u00f3n Nacional Extraordinaria donde refrend\u00f3 su pol\u00edtica de alianzas y present\u00f3 sus candidatos a cargos electivos para las elecciones municipales y congresionales del pr\u00f3ximo a\u00f1o, seg\u00fan inform\u00f3 su presidente Ram\u00f3n Emilio Goris Taveras.<\/p>\n\n\n\n<p>Goris Taveras explic\u00f3 que la convenci\u00f3n de delegados fue organizada en funci\u00f3n de lo que establece la Ley 33-18, que regula las actividades de las organizaciones pol\u00edticas, indicando que fue una convenci\u00f3n de delegados, modalidad que fue aprobada en una reuni\u00f3n del Comit\u00e9 Ejecutivo Nacional del PHD.<\/p>\n\n\n\n<p>\u00a8El Partido Humanista Dominicano es una organizaci\u00f3n que el pr\u00f3ximo mes de noviembre estar\u00e1 celebrando sus 33 a\u00f1os de fundado y con esta convenci\u00f3n de delegados de hoy, confirmamos nuestra vocaci\u00f3n de trabajar por el bien com\u00fan de los dominicanos\u00a8, puntualiz\u00f3 el tambi\u00e9n diputado dominicano ante el Parlamento Centroamericano (Parlacen).<\/p>\n\n\n\n<p>El dirigente pol\u00edtico expres\u00f3 que con los candidatos seleccionados, el PHD reafirma su compromiso con los valores de la justicia social, la igualdad y el respeto de los derechos humanos, tras resaltar que los candidatos seleccionados trabajar\u00e1n incansablemente para representar los valores intr\u00ednsecos que representan el humanismo cristiano integral, filosof\u00eda que identifica a la organizaci\u00f3n que preside.<\/p>\n\n\n\n<p>Ram\u00f3n Emilio Goris Taveras agradeci\u00f3 a todos los que participaron en la VII convenci\u00f3n y dijo el PHD espera con mucho entusiasmo las pr\u00f3ximas elecciones como una oportunidad para \u00a8avanzar en la construcci\u00f3n de un futuro m\u00e1s humano y justo para la Rep\u00fablica Dominicana\u00a8.<\/p>\n\n\n\n<figure class=\"wp-block-image size-full is-resized\"><img decoding=\"async\" width=\"700\" height=\"467\" src=\"https:\/\/lasprimeras.com.do\/wp-content\/uploads\/2023\/10\/DIRIGENTES-1.jpg\" alt=\"\" class=\"wp-image-63774\" style=\"aspect-ratio:1.4989293361884368;width:840px;height:auto\" srcset=\"https:\/\/lasprimeras.com.do\/wp-content\/uploads\/2023\/10\/DIRIGENTES-1.jpg 700w, https:\/\/lasprimeras.com.do\/wp-content\/uploads\/2023\/10\/DIRIGENTES-1-300x200.jpg 300w\" sizes=\"(max-width: 700px) 100vw, 700px\" \/><\/figure>\n\n\n\n<p><strong>VII Convenci\u00f3n del PHD<\/strong><\/p>\n\n\n\n<p>La actividad partidaria se inici\u00f3 con una invocaci\u00f3n a cargo de la licenciada Fabiery Mercedes, candidata a diputada y presidenta del comit\u00e9 provincial por Saman\u00e1; el candidato a diputado por Monte Plata, licenciado Amauris Fabi\u00e1n pronunci\u00f3 el lema de la entidad; la Secretaria de la Convenci\u00f3n, doctora Mayra M\u00e9ndez estuvo a su cargo la conformaci\u00f3n del quorum reglamentario, mientras que el candidato a regidor por San Francisco de Macor\u00eds, Cristian Tejada present\u00f3 la agenda de la convenci\u00f3n pol\u00edtica.<\/p>\n\n\n\n<figure class=\"wp-block-image size-full is-resized\"><img decoding=\"async\" width=\"700\" height=\"467\" src=\"https:\/\/lasprimeras.com.do\/wp-content\/uploads\/2023\/10\/Ramon-Emilio-Goris-Taveras.jpg\" alt=\"\" class=\"wp-image-63775\" style=\"aspect-ratio:1.4989293361884368;width:840px;height:auto\" srcset=\"https:\/\/lasprimeras.com.do\/wp-content\/uploads\/2023\/10\/Ramon-Emilio-Goris-Taveras.jpg 700w, https:\/\/lasprimeras.com.do\/wp-content\/uploads\/2023\/10\/Ramon-Emilio-Goris-Taveras-300x200.jpg 300w\" sizes=\"(max-width: 700px) 100vw, 700px\" \/><\/figure>\n\n\n\n<p><strong>El Himno Nacional fue entonado por el joven cantante Alex Casanova.<\/strong><\/p>\n\n\n\n<p>Las palabras de bienvenida de la actividad estuvieron a cargo del Presidente Vitalicio del PHD, licenciado Elexido Paula; Manuel Llibre present\u00f3 las modificaciones al logo y la nueva l\u00ednea gr\u00e1fica de la entidad partidaria; el Secretario de Organizaci\u00f3n, Juli\u00e1n Burgos explic\u00f3 el plan de crecimiento y reestructuraci\u00f3n del partido amarillo y blanco y las palabras centrales de la convenci\u00f3n estuvieron a cargo del Presidente del PHD, Ram\u00f3n Emilio Goris Taveras.<\/p>\n\n\n\n<p>La actividad fue celebrada en el Teatro La Fiesta del Hotel Jaragua con la participaci\u00f3n de m\u00e1s de mil delegados de todo el pa\u00eds y de los organismos de esa organizaci\u00f3n que funcionan en el exterior.<\/p>\n\n\n\n<p>Dirigentes de las 32 provincias se desplazaron hacia el centro de la actividad para cumplir con el compromiso de ejercer su derecho y compromiso partidario.<\/p>\n\n\n\n<p>Desde muy temprano, un personal de la Junta Central Electoral se instal\u00f3 en el lugar de la actividad para supervisar y validar las decisiones que all\u00ed fueron refrendadas por el Partido Humanista Dominicano.<\/p>\n","protected":false},"excerpt":{"rendered":"<p>PHD celebra convenci\u00f3n y escoge candidatos a cargos electivos para 2024 El Partido Humanista Dominicano (PHD) celebr\u00f3 este domingo su VII Convenci\u00f3n Nacional Extraordinaria donde refrend\u00f3 su pol\u00edtica de alianzas&hellip;<\/p>\n","protected":false},"author":2,"featured_media":63773,"comment_status":"open","ping_status":"open","sticky":false,"template":"","format":"standard","meta":{"content-type":"","jetpack_post_was_ever_published":false,"_jetpack_newsletter_access":"","_jetpack_dont_email_post_to_subs":false,"_jetpack_newsletter_tier_id":0,"_jetpack_memberships_contains_paywalled_content":false,"_jetpack_memberships_contains_paid_content":false,"footnotes":""},"categories":[25],"tags":[50,8543,8544,41,4594,52],"class_list":["post-63772","post","type-post","status-publish","format-standard","has-post-thumbnail","hentry","category-portada","tag-alianza","tag-concertar","tag-otorgan","tag-phd","tag-poderes","tag-politica-2"],"jetpack_featured_media_url":"https:\/\/lasprimeras.com.do\/wp-content\/uploads\/2023\/10\/PHD-1.jpg","jetpack-related-posts":[{"id":54377,"url":"https:\/\/lasprimeras.com.do\/index.php\/2023\/07\/10\/phd-pospone-conocimiento-de-alianza-presidencial\/","url_meta":{"origin":63772,"position":0},"title":"PHD pospone conocimiento de alianza presidencial","author":"Nelson Feliz","date":"10 de julio de 2023","format":false,"excerpt":"El Partido Humanista Dominicano ominicano (PHD) posterg\u00f3 la decisi\u00f3n de conocer la propuesta para posible alianza y selecci\u00f3n del candidatos presidencial que llevar\u00e1 esta organizaci\u00f3n pol\u00edtica de caras a participar en el pr\u00f3ximo torneo electoral de la Rep\u00fablica Dominicana. El presidente del PHD, Ram\u00f3n Emilio Goris , explic\u00f3 que la\u2026","rel":"","context":"En \u00abPORTADA\u00bb","block_context":{"text":"PORTADA","link":"https:\/\/lasprimeras.com.do\/index.php\/category\/portada\/"},"img":{"alt_text":"Ram\u00f3n Emilio Goris Taveras","src":"https:\/\/i0.wp.com\/lasprimeras.com.do\/wp-content\/uploads\/2023\/06\/Ramon-Emilio-Goris-Taveras.jpg?resize=350%2C200&ssl=1","width":350,"height":200,"srcset":"https:\/\/i0.wp.com\/lasprimeras.com.do\/wp-content\/uploads\/2023\/06\/Ramon-Emilio-Goris-Taveras.jpg?resize=350%2C200&ssl=1 1x, https:\/\/i0.wp.com\/lasprimeras.com.do\/wp-content\/uploads\/2023\/06\/Ramon-Emilio-Goris-Taveras.jpg?resize=525%2C300&ssl=1 1.5x, https:\/\/i0.wp.com\/lasprimeras.com.do\/wp-content\/uploads\/2023\/06\/Ramon-Emilio-Goris-Taveras.jpg?resize=700%2C400&ssl=1 2x"},"classes":[]},{"id":53603,"url":"https:\/\/lasprimeras.com.do\/index.php\/2023\/06\/29\/phd-anuncia-en-julio-presentara-boleta-presidencial-y-candidatos-a-cargos-electivos\/","url_meta":{"origin":63772,"position":1},"title":"PHD anuncia en julio presentar\u00e1 boleta presidencial y candidatos a cargos electivos","author":"Nelson Feliz","date":"29 de junio de 2023","format":false,"excerpt":"El presidente del Partido Humanista Dominicano (PHD), Ram\u00f3n Emilio Goris Taveras, inform\u00f3 que presentara su boleta presidencial y los candidatos a cargos electivos para las elecciones del 2024. El dirigente pol\u00edtico explic\u00f3 que los organismo de esa organizaci\u00f3n trabajan en lo que ser\u00e1 su propuesta de gobierno, que tendr\u00e1 10\u2026","rel":"","context":"En \u00abSin categor\u00eda\u00bb","block_context":{"text":"Sin categor\u00eda","link":"https:\/\/lasprimeras.com.do\/index.php\/category\/sin-categoria\/"},"img":{"alt_text":"Ram\u00f3n Emilio Goris Taveras","src":"https:\/\/i0.wp.com\/lasprimeras.com.do\/wp-content\/uploads\/2023\/06\/Ramon-Emilio-Goris-Taveras.jpg?resize=350%2C200&ssl=1","width":350,"height":200,"srcset":"https:\/\/i0.wp.com\/lasprimeras.com.do\/wp-content\/uploads\/2023\/06\/Ramon-Emilio-Goris-Taveras.jpg?resize=350%2C200&ssl=1 1x, https:\/\/i0.wp.com\/lasprimeras.com.do\/wp-content\/uploads\/2023\/06\/Ramon-Emilio-Goris-Taveras.jpg?resize=525%2C300&ssl=1 1.5x, https:\/\/i0.wp.com\/lasprimeras.com.do\/wp-content\/uploads\/2023\/06\/Ramon-Emilio-Goris-Taveras.jpg?resize=700%2C400&ssl=1 2x"},"classes":[]},{"id":65128,"url":"https:\/\/lasprimeras.com.do\/index.php\/2023\/10\/25\/phd-llega-acuerdo-con-el-prm\/","url_meta":{"origin":63772,"position":2},"title":"PHD llega acuerdo con el PRM","author":"Nelson Feliz","date":"25 de octubre de 2023","format":false,"excerpt":"\"Hemos llegado a una mayor aproximaci\u00f3n para la posibilidad de una alianza pol\u00edtica con el PRM\", asegura, el dirigente pol\u00edtico. Roberto Moncl\u00fas El presidente del Partido Humanista Dominicano, Ram\u00f3n Emilio Goris Taveras, en un comunicado emitido hoy, ha destacado la importancia de que las actuales autoridades contin\u00faen avanzando en la\u2026","rel":"","context":"En \u00abSin categor\u00eda\u00bb","block_context":{"text":"Sin categor\u00eda","link":"https:\/\/lasprimeras.com.do\/index.php\/category\/sin-categoria\/"},"img":{"alt_text":"Ram\u00f3n Emilio Goris","src":"https:\/\/i0.wp.com\/lasprimeras.com.do\/wp-content\/uploads\/2023\/10\/Ramon-Emilio-Goris-Taveras.jpg?resize=350%2C200&ssl=1","width":350,"height":200,"srcset":"https:\/\/i0.wp.com\/lasprimeras.com.do\/wp-content\/uploads\/2023\/10\/Ramon-Emilio-Goris-Taveras.jpg?resize=350%2C200&ssl=1 1x, https:\/\/i0.wp.com\/lasprimeras.com.do\/wp-content\/uploads\/2023\/10\/Ramon-Emilio-Goris-Taveras.jpg?resize=525%2C300&ssl=1 1.5x, https:\/\/i0.wp.com\/lasprimeras.com.do\/wp-content\/uploads\/2023\/10\/Ramon-Emilio-Goris-Taveras.jpg?resize=700%2C400&ssl=1 2x"},"classes":[]},{"id":48445,"url":"https:\/\/lasprimeras.com.do\/index.php\/2023\/05\/01\/phd-presentara-candidaturas-propias-en-2024\/","url_meta":{"origin":63772,"position":3},"title":"PHD presentar\u00e1 candidaturas propias en 2024","author":"prenxa100","date":"1 de mayo de 2023","format":false,"excerpt":"La organizaci\u00f3n todav\u00eda no tiene definida una estrategia de alianzas. Santo Domingo.-. El presidente del Partido Humanista Dominicano declar\u00f3 que en la actualidad est\u00e1 inmerso en una amplia agenda de trabajos de reestructuraci\u00f3n en todos los municipios y distrito municipales del territorio nacional. Ram\u00f3n Emilio Goris,inform\u00f3 que han contactado a\u2026","rel":"","context":"En \u00abPORTADA\u00bb","block_context":{"text":"PORTADA","link":"https:\/\/lasprimeras.com.do\/index.php\/category\/portada\/"},"img":{"alt_text":"","src":"","width":0,"height":0},"classes":[]},{"id":73256,"url":"https:\/\/lasprimeras.com.do\/index.php\/2024\/01\/08\/phd-afirma-que-a-la-politica-hay-que-ponerle-contenido-a-favor-del-electorado\/","url_meta":{"origin":63772,"position":4},"title":"PHD afirma que a la pol\u00edtica hay que ponerle contenido a favor del electorado","author":"Nelson Feliz","date":"8 de enero de 2024","format":false,"excerpt":"El presidente del Partido Humanista Dominicano (PHD), Ram\u00f3n Emilio Goris, sugiri\u00f3 a los candidatos y candidatas a cargos electivos de su organizaci\u00f3n ponerle contenido pol\u00edtico y social a sus planes y propuestas para enriquecer el debate y atraer una mayor participaci\u00f3n de votantes en las pr\u00f3ximas elecciones de febrero y\u2026","rel":"","context":"En \u00abPORTADA\u00bb","block_context":{"text":"PORTADA","link":"https:\/\/lasprimeras.com.do\/index.php\/category\/portada\/"},"img":{"alt_text":"Ram\u00f3n Emilio Goris Taveras","src":"https:\/\/i0.wp.com\/lasprimeras.com.do\/wp-content\/uploads\/2023\/06\/Ramon-Emilio-Goris-Taveras.jpg?resize=350%2C200&ssl=1","width":350,"height":200,"srcset":"https:\/\/i0.wp.com\/lasprimeras.com.do\/wp-content\/uploads\/2023\/06\/Ramon-Emilio-Goris-Taveras.jpg?resize=350%2C200&ssl=1 1x, https:\/\/i0.wp.com\/lasprimeras.com.do\/wp-content\/uploads\/2023\/06\/Ramon-Emilio-Goris-Taveras.jpg?resize=525%2C300&ssl=1 1.5x, https:\/\/i0.wp.com\/lasprimeras.com.do\/wp-content\/uploads\/2023\/06\/Ramon-Emilio-Goris-Taveras.jpg?resize=700%2C400&ssl=1 2x"},"classes":[]},{"id":55698,"url":"https:\/\/lasprimeras.com.do\/index.php\/2023\/07\/24\/phd-juramenta-decenas-de-nuevos-integrantes-a-su-comite-municipal-en-santa-barbara-de-samana\/","url_meta":{"origin":63772,"position":5},"title":"PHD juramenta decenas de nuevos integrantes a su comit\u00e9 municipal en Santa B\u00e1rbara de Saman\u00e1","author":"Nelson Feliz","date":"24 de julio de 2023","format":false,"excerpt":"El Partido Humanista Dominicano (PHD) jurament\u00f3 a m\u00e1s de un centenar de nuevos miembros a esa organizaci\u00f3n pol\u00edtica en el municipio de Santa B\u00e1rbara de la provincia de Saman\u00e1; quienes fueron juramentados por el presidente de la entidad, Ram\u00f3n Emilio Goris Taveras y de inmediato asumieron el compromiso de trabajar\u2026","rel":"","context":"En \u00abPORTADA\u00bb","block_context":{"text":"PORTADA","link":"https:\/\/lasprimeras.com.do\/index.php\/category\/portada\/"},"img":{"alt_text":"Ram\u00f3n Emilio Goris","src":"https:\/\/i0.wp.com\/lasprimeras.com.do\/wp-content\/uploads\/2023\/07\/Ramon-Emilio-Goris.jpg?resize=350%2C200&ssl=1","width":350,"height":200,"srcset":"https:\/\/i0.wp.com\/lasprimeras.com.do\/wp-content\/uploads\/2023\/07\/Ramon-Emilio-Goris.jpg?resize=350%2C200&ssl=1 1x, https:\/\/i0.wp.com\/lasprimeras.com.do\/wp-content\/uploads\/2023\/07\/Ramon-Emilio-Goris.jpg?resize=525%2C300&ssl=1 1.5x, https:\/\/i0.wp.com\/lasprimeras.com.do\/wp-content\/uploads\/2023\/07\/Ramon-Emilio-Goris.jpg?resize=700%2C400&ssl=1 2x"},"classes":[]}],"jetpack_sharing_enabled":true,"_links":{"self":[{"href":"https:\/\/lasprimeras.com.do\/index.php\/wp-json\/wp\/v2\/posts\/63772","targetHints":{"allow":["GET"]}}],"collection":[{"href":"https:\/\/lasprimeras.com.do\/index.php\/wp-json\/wp\/v2\/posts"}],"about":[{"href":"https:\/\/lasprimeras.com.do\/index.php\/wp-json\/wp\/v2\/types\/post"}],"author":[{"embeddable":true,"href":"https:\/\/lasprimeras.com.do\/index.php\/wp-json\/wp\/v2\/users\/2"}],"replies":[{"embeddable":true,"href":"https:\/\/lasprimeras.com.do\/index.php\/wp-json\/wp\/v2\/comments?post=63772"}],"version-history":[{"count":1,"href":"https:\/\/lasprimeras.com.do\/index.php\/wp-json\/wp\/v2\/posts\/63772\/revisions"}],"predecessor-version":[{"id":63776,"href":"https:\/\/lasprimeras.com.do\/index.php\/wp-json\/wp\/v2\/posts\/63772\/revisions\/63776"}],"wp:featuredmedia":[{"embeddable":true,"href":"https:\/\/lasprimeras.com.do\/index.php\/wp-json\/wp\/v2\/media\/63773"}],"wp:attachment":[{"href":"https:\/\/lasprimeras.com.do\/index.php\/wp-json\/wp\/v2\/media?parent=63772"}],"wp:term":[{"taxonomy":"category","embeddable":true,"href":"https:\/\/lasprimeras.com.do\/index.php\/wp-json\/wp\/v2\/categories?post=63772"},{"taxonomy":"post_tag","embeddable":true,"href":"https:\/\/lasprimeras.com.do\/index.php\/wp-json\/wp\/v2\/tags?post=63772"}],"curies":[{"name":"wp","href":"https:\/\/api.w.org\/{rel}","templated":true}]}}