{"id":63777,"date":"2023-10-15T21:32:15","date_gmt":"2023-10-16T01:32:15","guid":{"rendered":"https:\/\/lasprimeras.com.do\/?p=63777"},"modified":"2023-10-15T21:32:16","modified_gmt":"2023-10-16T01:32:16","slug":"propeep-impulsa-proyectos-comunitarios-en-provincias-mas-pobres-del-pais","status":"publish","type":"post","link":"https:\/\/lasprimeras.com.do\/index.php\/2023\/10\/15\/propeep-impulsa-proyectos-comunitarios-en-provincias-mas-pobres-del-pais\/","title":{"rendered":"PROPEEP impulsa proyectos comunitarios en provincias m\u00e1s pobres del pa\u00eds"},"content":{"rendered":"\n<p>El director general de Programas Especiales de la Presidencia (PROPEEP), Roberto \u00c1ngel Salcedo, inform\u00f3 anoche que tras realizar un levantamiento en las provincias m\u00e1s pobres del pa\u00eds, est\u00e1n impulsando obras de articulaci\u00f3n social, entre ellas plazas comunitarias.\u00a0<br><br>Explic\u00f3 que en esas plazas, como la que se construye en B\u00e1nica, las personas encontrar\u00e1n los servicios del gobierno, como la Polic\u00eda Nacional, Junta Central Electoral, Banco de Reservas, Inapa, Farmacias del Pueblo, comedores econ\u00f3micos, ventas de Inespre, entre otros.\u00a0<br><br>\u201cLos servicios sociales los estamos acercando\u201d, afirm\u00f3 Salcedo al ser entrevistado por Pablo McKinney en el programa televisivo \u201cMcKinney\u201d, por Color Visi\u00f3n.\u00a0<br><br>Agreg\u00f3 que otro programa exitoso es \u201cSanto Domingo Primero T\u00fa\u201d, que consiste en una articulaci\u00f3n con m\u00e1s de 15 instituciones del gobierno para construir centros comunitarios donde se est\u00e1n integrando las comunidades \u201cpara urbanizar zonas que han estado arrabalizadas, marginadas\u201d.\u00a0<br><br>Salcedo indic\u00f3 que ejecutan dos de esos proyectos en San Crist\u00f3bal, uno en Monte Cristi y uno en Barahona, \u201cy pr\u00f3ximamente damos inicio a 50 viviendas en El Seibo, 50 viviendas en San Pedro de Macor\u00eds\u201d y luego en Nagua y en Chirinos, Monte Plata.\u00a0<br><br>Cit\u00f3 que est\u00e1n transformando la Calle 42, del sector Capotillo, donde intervienen soci\u00f3logos y otro personal para dar orientaci\u00f3n.\u00a0<br><br>\u201cQueremos mejorar el espacio, dotar los centros de innovaci\u00f3n cultural asociada con la tecnolog\u00eda para que los nativos digitales puedan sentirse mucho m\u00e1s atra\u00eddos a ese proceso de formaci\u00f3n que es tan importante\u201d, sostuvo el director de PROPEEP.\u00a0<\/p>\n\n\n\n<p><br>Situaci\u00f3n del PRM&nbsp;<br><br>El tambi\u00e9n dirigente del Partido Revolucionario Modero (PRM) consider\u00f3 un \u00e9xito la reci\u00e9n celebrada primaria interna porque concurri\u00f3 m\u00e1s de un mill\u00f3n de miembros para escoger sus candidatos a la presidencia de la Rep\u00fablica y los regidores y dos alcaldes.&nbsp;<br><br>Dijo que el evento interno consolid\u00f3 al PRM para continuar en el poder con Luis Abinader buscando la reelecci\u00f3n y confi\u00f3 en que algunos disgustos internos por candidaturas sean resueltos satisfactoriamente.&nbsp;<br><br>Salcedo afirm\u00f3 que est\u00e1n creadas las condiciones para que Abinader gane la reelecci\u00f3n en primera vuelta durante las elecciones presidenciales de mayo de 2024 \u201cpara que complete su obra y le deje una impronta a la sociedad dominicana\u201d.&nbsp;<br><br>Expres\u00f3 que con el tiempo la sociedad dominicana reconocer\u00e1 en Abinader \u201cun presidente que practica la honestidad\u201d y que ha impulsado la independencia de los poderes y las reformas institucionales que requiere el pa\u00eds para consolidar la democracia.<\/p>\n","protected":false},"excerpt":{"rendered":"<p>El director general de Programas Especiales de la Presidencia (PROPEEP), Roberto \u00c1ngel Salcedo, inform\u00f3 anoche que tras realizar un levantamiento en las provincias m\u00e1s pobres del pa\u00eds, est\u00e1n impulsando obras&hellip;<\/p>\n","protected":false},"author":2,"featured_media":63778,"comment_status":"open","ping_status":"open","sticky":false,"template":"","format":"standard","meta":{"content-type":"","jetpack_post_was_ever_published":false,"_jetpack_newsletter_access":"","_jetpack_dont_email_post_to_subs":false,"_jetpack_newsletter_tier_id":0,"_jetpack_memberships_contains_paywalled_content":false,"_jetpack_memberships_contains_paid_content":false,"footnotes":""},"categories":[35,25],"tags":[6202],"class_list":["post-63777","post","type-post","status-publish","format-standard","has-post-thumbnail","hentry","category-nacionales","category-portada","tag-roberto-angel-salcedo-2"],"jetpack_featured_media_url":"https:\/\/lasprimeras.com.do\/wp-content\/uploads\/2023\/10\/Roberto-Angel-Salcedo-2.jpg","jetpack-related-posts":[{"id":49637,"url":"https:\/\/lasprimeras.com.do\/index.php\/2023\/05\/12\/roberto-angel-gobierno-de-abinader-llega-a-todos-los-rincones-del-pais\/","url_meta":{"origin":63777,"position":0},"title":"Roberto \u00c1ngel: Gobierno \u00a0de Abinader llega a todos los rincones del pa\u00eds","author":"prenxa100","date":"12 de mayo de 2023","format":false,"excerpt":"Arenoso, provincia Duarte. El director general de los Proyectos Estrat\u00e9gicos y Especiales de la Presidencia (Propeep) Roberto \u00c1ngel Salcedo, ratific\u00f3 este viernes que las pol\u00edticas de inclusi\u00f3n social del presidente Luis Abinader y su gobierno llegan a todos los rincones del pa\u00eds. El director de Propeep dijo que el objetivo\u2026","rel":"","context":"En \u00abNACIONALES\u00bb","block_context":{"text":"NACIONALES","link":"https:\/\/lasprimeras.com.do\/index.php\/category\/nacionales\/"},"img":{"alt_text":"","src":"","width":0,"height":0},"classes":[]},{"id":53612,"url":"https:\/\/lasprimeras.com.do\/index.php\/2023\/06\/29\/roberto-angel-encabeza-en-lr-jornada-primero-tu-con-mas-de-230-mil-beneficiarios\/","url_meta":{"origin":63777,"position":1},"title":"Roberto \u00c1ngel encabeza en LR jornada \u201cPrimero T\u00fa\u201d con m\u00e1s de 230 mil beneficiarios","author":"Nelson Feliz","date":"29 de junio de 2023","format":false,"excerpt":"Director de Propeep destaca el impacto de acciones sociales del presidente Luis Abinader en la zona Este del pa\u00eds. Por Martin Restituyo El director de Proyectos Estrat\u00e9gicos y Especiales de la Presidencia (Propeep), Roberto \u00c1ngel Salcedo, encabez\u00f3 en La Romana, la jornada \"Primero T\u00fa\" n\u00famero 75 de este a\u00f1o, con\u2026","rel":"","context":"En \u00abNACIONALES\u00bb","block_context":{"text":"NACIONALES","link":"https:\/\/lasprimeras.com.do\/index.php\/category\/nacionales\/"},"img":{"alt_text":"Roberto \u00c1ngel Salcedo","src":"https:\/\/i0.wp.com\/lasprimeras.com.do\/wp-content\/uploads\/2023\/06\/Roberto-Angel-Salcedo-1.jpg?resize=350%2C200&ssl=1","width":350,"height":200,"srcset":"https:\/\/i0.wp.com\/lasprimeras.com.do\/wp-content\/uploads\/2023\/06\/Roberto-Angel-Salcedo-1.jpg?resize=350%2C200&ssl=1 1x, https:\/\/i0.wp.com\/lasprimeras.com.do\/wp-content\/uploads\/2023\/06\/Roberto-Angel-Salcedo-1.jpg?resize=525%2C300&ssl=1 1.5x, https:\/\/i0.wp.com\/lasprimeras.com.do\/wp-content\/uploads\/2023\/06\/Roberto-Angel-Salcedo-1.jpg?resize=700%2C400&ssl=1 2x"},"classes":[]},{"id":91108,"url":"https:\/\/lasprimeras.com.do\/index.php\/2024\/11\/09\/programas-de-propeep-impactan-familias-vulnerables-de-independencia-y-bahoruco\/","url_meta":{"origin":63777,"position":2},"title":"Programas de Propeep impactan familias vulnerables de Independencia y Bahoruco","author":"Nelson Feliz","date":"9 de noviembre de 2024","format":false,"excerpt":"Roberto \u00c1ngel realiza extenso recorrido por comunidades de la lejana regi\u00f3n Sur del pa\u00eds. La Direcci\u00f3n General de Programas Estrat\u00e9gicos y Especiales de la Presidencia (Propeep) impact\u00f3 con sus jornadas de inclusi\u00f3n social a varios municipios de las provincias Independencia y Bahoruco, beneficiando a miles de familias en condiciones de\u2026","rel":"","context":"En \u00abNACIONALES\u00bb","block_context":{"text":"NACIONALES","link":"https:\/\/lasprimeras.com.do\/index.php\/category\/nacionales\/"},"img":{"alt_text":"Roberto \u00c1ngel Salcedo","src":"https:\/\/i0.wp.com\/lasprimeras.com.do\/wp-content\/uploads\/2024\/11\/Roberto-Angel-Salcedo-10.jpg?resize=350%2C200&ssl=1","width":350,"height":200,"srcset":"https:\/\/i0.wp.com\/lasprimeras.com.do\/wp-content\/uploads\/2024\/11\/Roberto-Angel-Salcedo-10.jpg?resize=350%2C200&ssl=1 1x, https:\/\/i0.wp.com\/lasprimeras.com.do\/wp-content\/uploads\/2024\/11\/Roberto-Angel-Salcedo-10.jpg?resize=525%2C300&ssl=1 1.5x, https:\/\/i0.wp.com\/lasprimeras.com.do\/wp-content\/uploads\/2024\/11\/Roberto-Angel-Salcedo-10.jpg?resize=700%2C400&ssl=1 2x"},"classes":[]},{"id":52541,"url":"https:\/\/lasprimeras.com.do\/index.php\/2023\/06\/11\/gobierno-asiste-familias-vulnerables-de-duverge-y-oviedo-con-jornadas-primero-tu\/","url_meta":{"origin":63777,"position":3},"title":"Gobierno asiste familias vulnerables de Duverg\u00e9 y Oviedo con jornadas \u201cPrimero T\u00fa\u201d","author":"prenxa100","date":"11 de junio de 2023","format":false,"excerpt":"El director de Propeep, Roberto \u00c1ngel Salcedo, encabez\u00f3 sendas jornadas de inclusi\u00f3n social en las provincias Independencia y en Pedernales. La Direcci\u00f3n de Proyectos Estrat\u00e9gicos y Especiales de la Presidencia (Propeep) benefici\u00f3 este fin de semana a cerca de siete mil personas de comunidades pobres de Independencia y Pedernales, con\u2026","rel":"","context":"En \u00abNACIONALES\u00bb","block_context":{"text":"NACIONALES","link":"https:\/\/lasprimeras.com.do\/index.php\/category\/nacionales\/"},"img":{"alt_text":"","src":"","width":0,"height":0},"classes":[]},{"id":84761,"url":"https:\/\/lasprimeras.com.do\/index.php\/2024\/06\/15\/roberto-angel-destaca-gobierno-mejora-bienestar-de-las-familias-mas-vulnerables\/","url_meta":{"origin":63777,"position":4},"title":"Roberto \u00c1ngel destaca Gobierno mejora bienestar de las familias m\u00e1s vulnerables","author":"Nelson Feliz","date":"15 de junio de 2024","format":false,"excerpt":"Encabeza jornadas de inclusi\u00f3n social en municipios San Francisco de Macor\u00eds, Pimentel, Salcedo y Villa Tapia\u00a0 y visita local donde funcionar\u00e1 el primer Centro de Innovaci\u00f3n Cultural en Salcedo y explic\u00f3 c\u00f3mo funcionar\u00e1. El director general de Proyectos Estrat\u00e9gicos y Especiales de la Presidencia (Propeep), Roberto \u00c1ngel Salcedo, destac\u00f3 los\u2026","rel":"","context":"En \u00abNACIONALES\u00bb","block_context":{"text":"NACIONALES","link":"https:\/\/lasprimeras.com.do\/index.php\/category\/nacionales\/"},"img":{"alt_text":"Roberto \u00c1ngel Salcedo","src":"https:\/\/i0.wp.com\/lasprimeras.com.do\/wp-content\/uploads\/2024\/06\/Roberto-Angel-Salcedo.jpg?resize=350%2C200&ssl=1","width":350,"height":200,"srcset":"https:\/\/i0.wp.com\/lasprimeras.com.do\/wp-content\/uploads\/2024\/06\/Roberto-Angel-Salcedo.jpg?resize=350%2C200&ssl=1 1x, https:\/\/i0.wp.com\/lasprimeras.com.do\/wp-content\/uploads\/2024\/06\/Roberto-Angel-Salcedo.jpg?resize=525%2C300&ssl=1 1.5x"},"classes":[]},{"id":86486,"url":"https:\/\/lasprimeras.com.do\/index.php\/2024\/07\/26\/roberto-angel-encabeza-lanzamiento-de-la-ruta-de-arte-urbano-en-la-provincia-duarte\/","url_meta":{"origin":63777,"position":5},"title":"Roberto \u00c1ngel encabeza lanzamiento de la &#8220;Ruta de Arte Urbano&#8221; en la provincia Duarte","author":"Nelson Feliz","date":"26 de julio de 2024","format":false,"excerpt":"La iniciativa abarca los municipios San Francisco de Macor\u00eds, Arenoso, Castillo, Pimentel, Las Guaranas, Villa Riva; y sus distritos municipales. El director de Proyectos Estrat\u00e9gicos y Especiales de la Presidencia (Propeep), Roberto \u00c1ngel Salcedo, encabez\u00f3 el acto de lanzamiento de la \"Ruta de Arte Urbano\", con 6,507.4 m\u00b2, en la\u2026","rel":"","context":"En \u00abNACIONALES\u00bb","block_context":{"text":"NACIONALES","link":"https:\/\/lasprimeras.com.do\/index.php\/category\/nacionales\/"},"img":{"alt_text":"Roberto \u00c1ngel Salcedo","src":"https:\/\/i0.wp.com\/lasprimeras.com.do\/wp-content\/uploads\/2024\/07\/Roberto-Angel-Salcedo.jpg?resize=350%2C200&ssl=1","width":350,"height":200,"srcset":"https:\/\/i0.wp.com\/lasprimeras.com.do\/wp-content\/uploads\/2024\/07\/Roberto-Angel-Salcedo.jpg?resize=350%2C200&ssl=1 1x, https:\/\/i0.wp.com\/lasprimeras.com.do\/wp-content\/uploads\/2024\/07\/Roberto-Angel-Salcedo.jpg?resize=525%2C300&ssl=1 1.5x, https:\/\/i0.wp.com\/lasprimeras.com.do\/wp-content\/uploads\/2024\/07\/Roberto-Angel-Salcedo.jpg?resize=700%2C400&ssl=1 2x"},"classes":[]}],"jetpack_sharing_enabled":true,"_links":{"self":[{"href":"https:\/\/lasprimeras.com.do\/index.php\/wp-json\/wp\/v2\/posts\/63777","targetHints":{"allow":["GET"]}}],"collection":[{"href":"https:\/\/lasprimeras.com.do\/index.php\/wp-json\/wp\/v2\/posts"}],"about":[{"href":"https:\/\/lasprimeras.com.do\/index.php\/wp-json\/wp\/v2\/types\/post"}],"author":[{"embeddable":true,"href":"https:\/\/lasprimeras.com.do\/index.php\/wp-json\/wp\/v2\/users\/2"}],"replies":[{"embeddable":true,"href":"https:\/\/lasprimeras.com.do\/index.php\/wp-json\/wp\/v2\/comments?post=63777"}],"version-history":[{"count":1,"href":"https:\/\/lasprimeras.com.do\/index.php\/wp-json\/wp\/v2\/posts\/63777\/revisions"}],"predecessor-version":[{"id":63779,"href":"https:\/\/lasprimeras.com.do\/index.php\/wp-json\/wp\/v2\/posts\/63777\/revisions\/63779"}],"wp:featuredmedia":[{"embeddable":true,"href":"https:\/\/lasprimeras.com.do\/index.php\/wp-json\/wp\/v2\/media\/63778"}],"wp:attachment":[{"href":"https:\/\/lasprimeras.com.do\/index.php\/wp-json\/wp\/v2\/media?parent=63777"}],"wp:term":[{"taxonomy":"category","embeddable":true,"href":"https:\/\/lasprimeras.com.do\/index.php\/wp-json\/wp\/v2\/categories?post=63777"},{"taxonomy":"post_tag","embeddable":true,"href":"https:\/\/lasprimeras.com.do\/index.php\/wp-json\/wp\/v2\/tags?post=63777"}],"curies":[{"name":"wp","href":"https:\/\/api.w.org\/{rel}","templated":true}]}}