{"id":63787,"date":"2023-10-15T22:27:57","date_gmt":"2023-10-16T02:27:57","guid":{"rendered":"https:\/\/lasprimeras.com.do\/?p=63787"},"modified":"2023-10-15T22:27:59","modified_gmt":"2023-10-16T02:27:59","slug":"dirigentes-del-prm-en-haina-se-juramentan-en-la-fuerza-del-pueblo","status":"publish","type":"post","link":"https:\/\/lasprimeras.com.do\/index.php\/2023\/10\/15\/dirigentes-del-prm-en-haina-se-juramentan-en-la-fuerza-del-pueblo\/","title":{"rendered":"Dirigentes del PRM en Haina se juramentan en la Fuerza del Pueblo"},"content":{"rendered":"\n<p>Varios dirigentes del Partido Revolucionario Moderno renunciaron a esa organizaci\u00f3n en el municipio de Haina y se juramentaron este domingo en el partido Fuerza del Pueblo. Carlos Miguel Paredes Brown y Esmarlin Flores Nova (La Flaca), junto a sus equipos pol\u00edticos, encabezan la lista de los reci\u00e9n juramentados en el partido presidido por Leonel Fern\u00e1ndez.<\/p>\n\n\n\n<p>Paredes Brown fue el coordinador municipal del Frente de Asuntos Sindicales en Haina y enlace regional sur; mientras que Flores Nova era la secretaria general sectorial y coordinadora municipal de la Mujer del PRM en Haina.<\/p>\n\n\n\n<p>Ambos no solo renunciaron al partido oficialista, tambi\u00e9n lo hicieron de sus empleos p\u00fablicos. Paredes Brown era inspector del Ministerio de Trabajo y Flores Nova se desempe\u00f1aba como secretaria administrativa del Ministerio de Educaci\u00f3n, seg\u00fan informaron ellos mismos.<\/p>\n\n\n\n<p>Mientras pronunciaba las palabras de agradecimiento por el recibimiento, en un acto en el municipio de Haina, Esmarlin Nova dijo a sus seguidores: \u201cTodo el que est\u00e1 aqu\u00ed es porque crey\u00f3 sin ver\u201d.<\/p>\n\n\n\n<p>De inmediato invit\u00f3 a aquellos que se sientan maltratados en el PRM, a venir a la Fuerza del Pueblo. \u201cTodo aquel que haya sido maltratado, le recomiendo este partido, Fuerza del Pueblo, que sabe reconocer los trabajos de su base y de sus compa\u00f1eros\u201d, asegur\u00f3 Flores Nova.<\/p>\n\n\n\n<p>En tanto que Paredes Brown asegur\u00f3 que dej\u00f3 el partido oficialista porque han abandonado las bases que trabajaron, por eso renunci\u00f3 al \u201csueldo cebolla\u201d que no le daba para asistir a nadie, debido al alto costo de la canasta familiar que se ha disparado en el actual gobierno de Abinader.<\/p>\n\n\n\n<p>El juramento en la Fuerza del Pueblo lo tom\u00f3 el secretario general de la organizaci\u00f3n opositora, Antonio Flori\u00e1n (Pe\u00f1ita), quien estuvo acompa\u00f1ado, entre otros, por Antonio Brito, actual director del distrito municipal de Quita Sue\u00f1o y aspirante a alcalde por la Fuerza del Pueblo y aliados en el Municipio de Haina, as\u00ed como, por el vicesecretario de educaci\u00f3n superior Tony Polanco, quien coordin\u00f3 la llegada de los nuevos miembros de la FP.<\/p>\n","protected":false},"excerpt":{"rendered":"<p>Varios dirigentes del Partido Revolucionario Moderno renunciaron a esa organizaci\u00f3n en el municipio de Haina y se juramentaron este domingo en el partido Fuerza del Pueblo. Carlos Miguel Paredes Brown&hellip;<\/p>\n","protected":false},"author":2,"featured_media":63788,"comment_status":"open","ping_status":"open","sticky":false,"template":"","format":"standard","meta":{"content-type":"","jetpack_post_was_ever_published":false,"_jetpack_newsletter_access":"","_jetpack_dont_email_post_to_subs":false,"_jetpack_newsletter_tier_id":0,"_jetpack_memberships_contains_paywalled_content":false,"_jetpack_memberships_contains_paid_content":false,"footnotes":""},"categories":[1],"tags":[983,158,5508,31],"class_list":["post-63787","post","type-post","status-publish","format-standard","has-post-thumbnail","hentry","category-sin-categoria","tag-dirigentes","tag-fuerza-del-pueblo","tag-haina","tag-prm"],"jetpack_featured_media_url":"https:\/\/lasprimeras.com.do\/wp-content\/uploads\/2023\/10\/FP-1.jpg","jetpack-related-posts":[{"id":103989,"url":"https:\/\/lasprimeras.com.do\/index.php\/2025\/07\/21\/leonel-juramenta-2-regidores-y-mas-dirigentes-del-pld-prm-y-otras-organizaciones-en-san-cristobal\/","url_meta":{"origin":63787,"position":0},"title":"Leonel juramenta 2 regidores y m\u00e1s dirigentes del PLD, PRM y otras organizaciones en San Crist\u00f3bal","author":"Nelson Feliz","date":"21 de julio de 2025","format":false,"excerpt":"En un acto multitudinario celebrado este domingo 20 de julio en el Club Deportivo Ciro P\u00e9rez, el presidente de la Fuerza del Pueblo (FP), Leonel Fern\u00e1ndez, jurament\u00f3 a dos regidores y decenas de dirigentes provenientes del Partido de la Liberaci\u00f3n Dominicana (PLD), del Partido Revolucionario Moderno (PRM) y de otras\u2026","rel":"","context":"En \u00abPOLITICA\u00bb","block_context":{"text":"POLITICA","link":"https:\/\/lasprimeras.com.do\/index.php\/category\/politica\/"},"img":{"alt_text":"Leonel Fern\u00e1ndez","src":"https:\/\/i0.wp.com\/lasprimeras.com.do\/wp-content\/uploads\/2025\/07\/Leonel-Fernandez-4.jpg?resize=350%2C200&ssl=1","width":350,"height":200,"srcset":"https:\/\/i0.wp.com\/lasprimeras.com.do\/wp-content\/uploads\/2025\/07\/Leonel-Fernandez-4.jpg?resize=350%2C200&ssl=1 1x, https:\/\/i0.wp.com\/lasprimeras.com.do\/wp-content\/uploads\/2025\/07\/Leonel-Fernandez-4.jpg?resize=525%2C300&ssl=1 1.5x, https:\/\/i0.wp.com\/lasprimeras.com.do\/wp-content\/uploads\/2025\/07\/Leonel-Fernandez-4.jpg?resize=700%2C400&ssl=1 2x"},"classes":[]},{"id":103952,"url":"https:\/\/lasprimeras.com.do\/index.php\/2025\/07\/20\/leonel-fernandez-acusa-al-gobierno-del-prm-de-hacer-retroceder-al-pais-al-siglo-xix\/","url_meta":{"origin":63787,"position":1},"title":"Leonel Fern\u00e1ndez acusa al gobierno del PRM de hacer retroceder al pa\u00eds al siglo XIX","author":"Nelson Feliz","date":"20 de julio de 2025","format":false,"excerpt":"El expresidente dominicano y l\u00edder del partido Fuerza del Pueblo (FP), Leonel Fern\u00e1ndez, arremeti\u00f3 este domingo contra la gesti\u00f3n del Partido Revolucionario Moderno (PRM), asegurando que el pa\u00eds \u201cha retrocedido al siglo XIX\u201d bajo la actual administraci\u00f3n. Las declaraciones fueron ofrecidas durante un acto de juramentaci\u00f3n de nuevos dirigentes que\u2026","rel":"","context":"En \u00abPOLITICA\u00bb","block_context":{"text":"POLITICA","link":"https:\/\/lasprimeras.com.do\/index.php\/category\/politica\/"},"img":{"alt_text":"","src":"https:\/\/i0.wp.com\/lasprimeras.com.do\/wp-content\/uploads\/2025\/07\/leonel-4.jpg?resize=350%2C200&ssl=1","width":350,"height":200,"srcset":"https:\/\/i0.wp.com\/lasprimeras.com.do\/wp-content\/uploads\/2025\/07\/leonel-4.jpg?resize=350%2C200&ssl=1 1x, https:\/\/i0.wp.com\/lasprimeras.com.do\/wp-content\/uploads\/2025\/07\/leonel-4.jpg?resize=525%2C300&ssl=1 1.5x, https:\/\/i0.wp.com\/lasprimeras.com.do\/wp-content\/uploads\/2025\/07\/leonel-4.jpg?resize=700%2C400&ssl=1 2x"},"classes":[]},{"id":127470,"url":"https:\/\/lasprimeras.com.do\/index.php\/2026\/04\/12\/cdp-haina-celebra-su-dia-con-conferencia-y-reconocimientos-a-personalidades-y-periodistas\/","url_meta":{"origin":63787,"position":2},"title":"CDP-Haina celebra su d\u00eda con conferencia y reconocimientos a personalidades y periodistas","author":"Nelson Feliz","date":"12 de abril de 2026","format":false,"excerpt":"El Colegio Dominicano de Periodistas (CDP), filial Haina, celebr\u00f3 su d\u00eda con una conferencia magistral a cargo del periodista Cristian Cabrera, as\u00ed como con el reconocimiento a exsecretarios generales de la filial, en un acto que cont\u00f3 con la presencia de autoridades locales, periodistas y comunicadores. La secretaria general de\u2026","rel":"","context":"En \u00abNACIONALES\u00bb","block_context":{"text":"NACIONALES","link":"https:\/\/lasprimeras.com.do\/index.php\/category\/nacionales\/"},"img":{"alt_text":"","src":"https:\/\/i0.wp.com\/lasprimeras.com.do\/wp-content\/uploads\/2026\/04\/cdp-1.jpg?resize=350%2C200&ssl=1","width":350,"height":200,"srcset":"https:\/\/i0.wp.com\/lasprimeras.com.do\/wp-content\/uploads\/2026\/04\/cdp-1.jpg?resize=350%2C200&ssl=1 1x, https:\/\/i0.wp.com\/lasprimeras.com.do\/wp-content\/uploads\/2026\/04\/cdp-1.jpg?resize=525%2C300&ssl=1 1.5x, https:\/\/i0.wp.com\/lasprimeras.com.do\/wp-content\/uploads\/2026\/04\/cdp-1.jpg?resize=700%2C400&ssl=1 2x"},"classes":[]},{"id":74936,"url":"https:\/\/lasprimeras.com.do\/index.php\/2024\/01\/27\/abinader-encabeza-caravanas-en-villa-altagracia-haina-y-san-cristobal\/","url_meta":{"origin":63787,"position":3},"title":"Abinader encabeza caravanas en Villa Altagracia, Haina y San Crist\u00f3bal","author":"Nelson Feliz","date":"27 de enero de 2024","format":false,"excerpt":"El l\u00edder PRM recorri\u00f3 esas demarcaciones apoyando candidatos municipales perreme\u00edstas para las elecciones del 18 de febrero. El candidato presidencial del Partido Revolucionario Moderno (PRM) Luis Abinader encabez\u00f3 hoy multitudinarias caravanas en Villa Altagracia, Quita Sue\u00f1o, Haina y San Crist\u00f3bal en respaldo a los candidatos municipales de esa demarcaci\u00f3n. El\u2026","rel":"","context":"En \u00abPORTADA\u00bb","block_context":{"text":"PORTADA","link":"https:\/\/lasprimeras.com.do\/index.php\/category\/portada\/"},"img":{"alt_text":"Luis Abinader","src":"https:\/\/i0.wp.com\/lasprimeras.com.do\/wp-content\/uploads\/2024\/01\/Luis-Abinader-2-1.jpg?resize=350%2C200&ssl=1","width":350,"height":200,"srcset":"https:\/\/i0.wp.com\/lasprimeras.com.do\/wp-content\/uploads\/2024\/01\/Luis-Abinader-2-1.jpg?resize=350%2C200&ssl=1 1x, https:\/\/i0.wp.com\/lasprimeras.com.do\/wp-content\/uploads\/2024\/01\/Luis-Abinader-2-1.jpg?resize=525%2C300&ssl=1 1.5x"},"classes":[]},{"id":115603,"url":"https:\/\/lasprimeras.com.do\/index.php\/2025\/11\/24\/regidor-del-pld-y-dirigentes-del-prm-se-juramentan-en-la-fuerza-del-pueblo\/","url_meta":{"origin":63787,"position":4},"title":"Regidor del PLD y dirigentes del PRM se juramentan en la Fuerza del Pueblo","author":"Nelson Feliz","date":"24 de noviembre de 2025","format":false,"excerpt":"En un acto encabezado por Radham\u00e9s Jim\u00e9nez Pe\u00f1a, l\u00edderes comunitarios, pastores y exdirigentes de varios partidos pol\u00edticos oficializaron su paso a las filas de la Fuerza del Pueblo. En una muestra de reconfiguraci\u00f3n pol\u00edtica en Santo Domingo Norte, un importante grupo de dirigentes y l\u00edderes comunitarios de distintas fuerzas pol\u00edticas\u2026","rel":"","context":"En \u00abPOLITICA\u00bb","block_context":{"text":"POLITICA","link":"https:\/\/lasprimeras.com.do\/index.php\/category\/politica\/"},"img":{"alt_text":"Radham\u00e9s Jim\u00e9nez Pe\u00f1a","src":"https:\/\/i0.wp.com\/lasprimeras.com.do\/wp-content\/uploads\/2025\/11\/Radhames-Jimenez-Pena-1.jpg?resize=350%2C200&ssl=1","width":350,"height":200,"srcset":"https:\/\/i0.wp.com\/lasprimeras.com.do\/wp-content\/uploads\/2025\/11\/Radhames-Jimenez-Pena-1.jpg?resize=350%2C200&ssl=1 1x, https:\/\/i0.wp.com\/lasprimeras.com.do\/wp-content\/uploads\/2025\/11\/Radhames-Jimenez-Pena-1.jpg?resize=525%2C300&ssl=1 1.5x, https:\/\/i0.wp.com\/lasprimeras.com.do\/wp-content\/uploads\/2025\/11\/Radhames-Jimenez-Pena-1.jpg?resize=700%2C400&ssl=1 2x"},"classes":[]},{"id":52387,"url":"https:\/\/lasprimeras.com.do\/index.php\/2023\/06\/09\/leonel-juramentara-nuevos-miembros-a-la-fp-este-sabado-en-pedro-brand-y-el-domingo-en-la-romana\/","url_meta":{"origin":63787,"position":5},"title":"Leonel juramentar\u00e1 nuevos miembros a la FP este s\u00e1bado\u00a0en Pedro Brand y el domingo en La Romana","author":"prenxa100","date":"9 de junio de 2023","format":false,"excerpt":"Por Wilson P\u00e9rez El presidente del partido Fuerza del Pueblo, Leonel Fern\u00e1ndez, ir\u00e1 este s\u00e1bado al distrito municipal de La Gu\u00e1yiga y, el domingo a La Romana, donde recibir\u00e1 en las filas de la entidad que dirige a importantes dirigentes pol\u00edticos\u00a0de otras organizaciones, incluyendo autoridades municipales electas. La agenda de\u2026","rel":"","context":"En \u00abPORTADA\u00bb","block_context":{"text":"PORTADA","link":"https:\/\/lasprimeras.com.do\/index.php\/category\/portada\/"},"img":{"alt_text":"","src":"","width":0,"height":0},"classes":[]}],"jetpack_sharing_enabled":true,"_links":{"self":[{"href":"https:\/\/lasprimeras.com.do\/index.php\/wp-json\/wp\/v2\/posts\/63787","targetHints":{"allow":["GET"]}}],"collection":[{"href":"https:\/\/lasprimeras.com.do\/index.php\/wp-json\/wp\/v2\/posts"}],"about":[{"href":"https:\/\/lasprimeras.com.do\/index.php\/wp-json\/wp\/v2\/types\/post"}],"author":[{"embeddable":true,"href":"https:\/\/lasprimeras.com.do\/index.php\/wp-json\/wp\/v2\/users\/2"}],"replies":[{"embeddable":true,"href":"https:\/\/lasprimeras.com.do\/index.php\/wp-json\/wp\/v2\/comments?post=63787"}],"version-history":[{"count":1,"href":"https:\/\/lasprimeras.com.do\/index.php\/wp-json\/wp\/v2\/posts\/63787\/revisions"}],"predecessor-version":[{"id":63789,"href":"https:\/\/lasprimeras.com.do\/index.php\/wp-json\/wp\/v2\/posts\/63787\/revisions\/63789"}],"wp:featuredmedia":[{"embeddable":true,"href":"https:\/\/lasprimeras.com.do\/index.php\/wp-json\/wp\/v2\/media\/63788"}],"wp:attachment":[{"href":"https:\/\/lasprimeras.com.do\/index.php\/wp-json\/wp\/v2\/media?parent=63787"}],"wp:term":[{"taxonomy":"category","embeddable":true,"href":"https:\/\/lasprimeras.com.do\/index.php\/wp-json\/wp\/v2\/categories?post=63787"},{"taxonomy":"post_tag","embeddable":true,"href":"https:\/\/lasprimeras.com.do\/index.php\/wp-json\/wp\/v2\/tags?post=63787"}],"curies":[{"name":"wp","href":"https:\/\/api.w.org\/{rel}","templated":true}]}}