{"id":63790,"date":"2023-10-15T22:32:36","date_gmt":"2023-10-16T02:32:36","guid":{"rendered":"https:\/\/lasprimeras.com.do\/?p=63790"},"modified":"2023-10-15T22:32:37","modified_gmt":"2023-10-16T02:32:37","slug":"claudia-rita-acusa-al-pld-de-usar-metodo-de-seleccion-con-perspectiva-machista","status":"publish","type":"post","link":"https:\/\/lasprimeras.com.do\/index.php\/2023\/10\/15\/claudia-rita-acusa-al-pld-de-usar-metodo-de-seleccion-con-perspectiva-machista\/","title":{"rendered":"Claudia Rita acusa al PLD de usar m\u00e9todo de selecci\u00f3n con perspectiva machista"},"content":{"rendered":"\n<p>La candidata a diputada por la circunscripci\u00f3n 1 por del Distrito Nacional del Partido de la Liberaci\u00f3n Dominicana (PLD), Claudia Rita Abreu, asegur\u00f3 que el m\u00e9todo de selecci\u00f3n de los candidatos y candidatas estuvo marcado por una perspectiva machista que les favorec\u00eda.<\/p>\n\n\n\n<p>Claudia Rita explic\u00f3 que \u201cEn todo el proceso de selecci\u00f3n de las candidaturas por asamblea de delegados, se escuchaban ciertas opiniones como que por el hecho de que en muchos casos la cantidad de mujeres inscritas quedaban protegidas por la cuota de g\u00e9nero, entonces, hab\u00eda un llamado a no votar por ellas porque saldr\u00edan seguras en la boleta\u201d.<\/p>\n\n\n\n<p><strong>Una pr\u00e1ctica que lacera el liderazgo de las mujeres<\/strong><\/p>\n\n\n\n<p>Dijo que lo mismo ocurri\u00f3 con la selecci\u00f3n de candidaturas a diputaci\u00f3n por su circunscripci\u00f3n hecha por encuestas, donde \u201cel conflicto por el apoyo a los nuevos hombres, termin\u00f3 afectando a las mujeres nuevas participantes\u201d.<\/p>\n\n\n\n<p>Aunque Abreu fue escogida y ya forma parte de la boleta, se le pregunt\u00f3: \u00bfEn qu\u00e9 importa eso si ya est\u00e1s en la boleta? \u201cPues importa, porque agruparon a los nuevos hombres participantes en un \u201crango estad\u00edstico mayor\u201d, incluyendo un compa\u00f1ero que por razones lamentables y ajenas a su voluntad ha estado fuera del pa\u00eds en todo el proceso de la pre-campa\u00f1a, lo que le ha impedido darse a conocer ante la sociedad, sin embargo, en el ideario de la militancia lo que quieren reflejarse es, que por culpa de la cuota de g\u00e9nero quedaron fuera compa\u00f1eros con mayor porcentaje en las encuestas\u201d.<\/p>\n\n\n\n<p>En ese contexto, dijo que se presenta a la mujer en el escenario electoral de desventaja y lo explic\u00f3 revelando que \u201cEl pensamiento anal\u00edtico de esta realidad inventada para salir airosos ante este complicado evento, lo que hace es crear la idea de que las nuevas mujeres que participamos no nos equiparamos a los hombres en nivel de conocimiento o intenci\u00f3n de votos, lo cual, no es cierto\u201d.<\/p>\n\n\n\n<p>\u201cQuienes estamos en la pol\u00edtica siempre recibimos datos de encuestas que se realizan hasta del sector privado, y nos damos cuenta de que hay realidades alteradas en los resultados obtenidos. Quieren hacer creer que las mujeres; salvando el indiscutible nivel de reconocimiento que tiene la actual y dos veces elegida diputada Jaqueline Ortiz, por lo cual, me refiero exclusivamente al grupo de los nuevos participantes, no pueden sacar m\u00e1s porcentaje que los hombres\u201d, asegur\u00f3.<\/p>\n\n\n\n<p>Agreg\u00f3 que \u201cEl m\u00e9todo de encuestas mide nivel de reconocimiento, pero ante la poblaci\u00f3n de tu demarcaci\u00f3n, no de la militancia, por lo cual, es muy poco probable que quienes no se hayan expuesto en los medios, ni hayan realizado jornadas agresivas de volanteos, en conjunto con tener una camino recorrido, pueden alcanzar mejores porcentajes\u201d.<\/p>\n\n\n\n<p>Sostuvo que \u201cEntre los hombres nuevos que sacaron mayor porcentaje, est\u00e1n quienes van frecuentemente a los medios, sin embargo, cuando se trata de las mujeres, esa acci\u00f3n es tomada como argumento para decir que no trabajan a lo interno a pesar de no ser as\u00ed, y nos llevan al fondo de la lista, y para colmo LA HACEN P\u00daBLICA con la intenci\u00f3n de lacerar nuestro liderazgo\u201d.<\/p>\n\n\n\n<p>Adem\u00e1s, la candidata fustig\u00f3 las premisas que entiende como discriminatorias, sobre las cuales dice \u201cLa narrativa de las estructuras partidarias funcionan \u00fanica y exclusivamente para denostar mujeres, porque las reservas, se utilizan sin titubeos para otorg\u00e1rsela a hombres con fortaleza en los medios de comunicaci\u00f3n y nadie les cuestiona respecto al respaldo dirigencial. Si es al rev\u00e9s, que si se tiene el respaldo dirigencial pero no amplia presencia en los medios, tambi\u00e9n lo usan en contra de las mujeres nuevas.\u201d<\/p>\n\n\n\n<p>\u201cAl final de cuentas, los problemas causados por los favoritismos y manejos para posicionar hombres nuevos, terminan afectando al liderazgo de las mujeres porque las encasillan en funci\u00f3n a c\u00f3mo ellos (quienes dirigen procesos e influencian en los resultados) saldr\u00e1n del proceso airosos, haciendo de la cuota una muletilla a su favor y vali\u00e9ndose de las personas intrigantes dentro de los partidos que no hacen an\u00e1lisis l\u00f3gicos, m\u00e1s bien, mis\u00f3ginos, porque ven el atropello masculino sin pensar que las mujeres fuimos objeto de un juego de distribuci\u00f3n de datos injustos y muy bien orquestados\u201d, puntualiz\u00f3.<\/p>\n","protected":false},"excerpt":{"rendered":"<p>La candidata a diputada por la circunscripci\u00f3n 1 por del Distrito Nacional del Partido de la Liberaci\u00f3n Dominicana (PLD), Claudia Rita Abreu, asegur\u00f3 que el m\u00e9todo de selecci\u00f3n de los&hellip;<\/p>\n","protected":false},"author":2,"featured_media":63791,"comment_status":"open","ping_status":"open","sticky":false,"template":"","format":"standard","meta":{"content-type":"","jetpack_post_was_ever_published":false,"_jetpack_newsletter_access":"","_jetpack_dont_email_post_to_subs":false,"_jetpack_newsletter_tier_id":0,"_jetpack_memberships_contains_paywalled_content":false,"_jetpack_memberships_contains_paid_content":false,"footnotes":""},"categories":[1],"tags":[5771,8549,8548,6080,269,2259],"class_list":["post-63790","post","type-post","status-publish","format-standard","has-post-thumbnail","hentry","category-sin-categoria","tag-claudia-rita","tag-machista","tag-metodo","tag-perspectiva","tag-pld","tag-seleccion"],"jetpack_featured_media_url":"https:\/\/lasprimeras.com.do\/wp-content\/uploads\/2023\/10\/Claudia-Rita.jpg","jetpack-related-posts":[{"id":56695,"url":"https:\/\/lasprimeras.com.do\/index.php\/2023\/08\/03\/claudia-rita-reclama-investigar-a-docentes-acusados-de-acoso-sexual\/","url_meta":{"origin":63790,"position":0},"title":"Claudia Rita reclama investigar a docentes acusados de acoso sexual","author":"Nelson Feliz","date":"3 de agosto de 2023","format":false,"excerpt":"La secretaria de Igualdad y equidad y g\u00e9nero del Partido de la Liberaci\u00f3n Dominicana (PLD), Claudia Rita Abreu, llam\u00f3 al Ministerio P\u00fablico a investigar sobre los docentes que han sido acusados de acoso y violaciones sexuales que luego han logrado descargos y limpieza de expedientes, para ser reincorporados al sistema\u2026","rel":"","context":"En \u00abSin categor\u00eda\u00bb","block_context":{"text":"Sin categor\u00eda","link":"https:\/\/lasprimeras.com.do\/index.php\/category\/sin-categoria\/"},"img":{"alt_text":"Claudia Rita","src":"https:\/\/i0.wp.com\/lasprimeras.com.do\/wp-content\/uploads\/2023\/08\/Claudia-Rita.jpeg?resize=350%2C200&ssl=1","width":350,"height":200,"srcset":"https:\/\/i0.wp.com\/lasprimeras.com.do\/wp-content\/uploads\/2023\/08\/Claudia-Rita.jpeg?resize=350%2C200&ssl=1 1x, https:\/\/i0.wp.com\/lasprimeras.com.do\/wp-content\/uploads\/2023\/08\/Claudia-Rita.jpeg?resize=525%2C300&ssl=1 1.5x, https:\/\/i0.wp.com\/lasprimeras.com.do\/wp-content\/uploads\/2023\/08\/Claudia-Rita.jpeg?resize=700%2C400&ssl=1 2x"},"classes":[]},{"id":49366,"url":"https:\/\/lasprimeras.com.do\/index.php\/2023\/05\/10\/claudia-rita-abreu-asegura-es-preocupante-alto-nivel-de-embarazos-en-adolescentes-estudiantes\/","url_meta":{"origin":63790,"position":1},"title":"Claudia Rita Abreu asegura es preocupante alto nivel de embarazos en adolescentes estudiantes","author":"prenxa100","date":"10 de mayo de 2023","format":false,"excerpt":"Santo Domingo.-. La secretaria de Equidad y G\u00e9nero del Partido de la Liberaci\u00f3n Dominicana (PLD), Claudia Rita Abreu, asegur\u00f3 que es preocupante el alto nivel de embarazos en adolescentes estudiantes de Rep\u00fablica Dominicana, raz\u00f3n por la cual pidi\u00f3 la inclusi\u00f3n inmediata de la educaci\u00f3n sexual de una vez por todas.\u2026","rel":"","context":"En \u00abPORTADA\u00bb","block_context":{"text":"PORTADA","link":"https:\/\/lasprimeras.com.do\/index.php\/category\/portada\/"},"img":{"alt_text":"","src":"","width":0,"height":0},"classes":[]},{"id":123984,"url":"https:\/\/lasprimeras.com.do\/index.php\/2026\/03\/07\/pld-reconoce-a-rosa-rita-alvarez-con-la-medalla-al-merito-profesor-juan-bosch\/","url_meta":{"origin":63790,"position":2},"title":"PLD reconoce a Rosa Rita \u00c1lvarez con la Medalla al M\u00e9rito Profesor Juan Bosch","author":"Nelson Feliz","date":"7 de marzo de 2026","format":false,"excerpt":"La Secretar\u00eda de Igualdad y Equidad de G\u00e9nero mantiene una agenda activa de trabajo para enfrentar la violencia de g\u00e9nero, promover la participaci\u00f3n pol\u00edtica femenina. El Partido de la Liberaci\u00f3n Dominicana (PLD) entreg\u00f3 la Medalla al M\u00e9rito Profesor Juan Bosch y una paca de reconocimiento a Rosa Rita \u00c1lvarez Khouri,\u2026","rel":"","context":"En \u00abPOLITICA\u00bb","block_context":{"text":"POLITICA","link":"https:\/\/lasprimeras.com.do\/index.php\/category\/politica\/"},"img":{"alt_text":"","src":"https:\/\/i0.wp.com\/lasprimeras.com.do\/wp-content\/uploads\/2026\/03\/PLD.jpg?resize=350%2C200&ssl=1","width":350,"height":200,"srcset":"https:\/\/i0.wp.com\/lasprimeras.com.do\/wp-content\/uploads\/2026\/03\/PLD.jpg?resize=350%2C200&ssl=1 1x, https:\/\/i0.wp.com\/lasprimeras.com.do\/wp-content\/uploads\/2026\/03\/PLD.jpg?resize=525%2C300&ssl=1 1.5x, https:\/\/i0.wp.com\/lasprimeras.com.do\/wp-content\/uploads\/2026\/03\/PLD.jpg?resize=700%2C400&ssl=1 2x"},"classes":[]},{"id":84194,"url":"https:\/\/lasprimeras.com.do\/index.php\/2024\/06\/03\/mexico-ya-no-se-escribe-con-m-de-machismo-que-le-espera-al-pais-con-claudia-sheinbaum-al-mando\/","url_meta":{"origin":63790,"position":3},"title":"&#8220;M\u00e9xico ya no se escribe con M de machismo&#8221;, \u00bfqu\u00e9 le espera al pa\u00eds con Claudia Sheinbaum al mando?","author":"Nelson Feliz","date":"3 de junio de 2024","format":false,"excerpt":"Las mujeres adem\u00e1s son mayor\u00eda en el Congreso, tras una reforma constitucional hace 10 a\u00f1os que garantiz\u00f3 una cuota de 50% en las candidatura. M\u00e9xico,AFP.-.\"M\u00e9xico ya no se escribe con M de machismo (\u2026) se escribe con M de madre y M de mujer\", dijo hace un a\u00f1o Claudia Sheinbaum.\u2026","rel":"","context":"En \u00abSin categor\u00eda\u00bb","block_context":{"text":"Sin categor\u00eda","link":"https:\/\/lasprimeras.com.do\/index.php\/category\/sin-categoria\/"},"img":{"alt_text":"Claudia Sheinbaum Pardo, nueva presidenta de M\u00e9xico","src":"https:\/\/i0.wp.com\/lasprimeras.com.do\/wp-content\/uploads\/2024\/06\/Claudia-Sheinbaum-Pardo-nueva-presidenta-de-Mexico.jpeg?resize=350%2C200&ssl=1","width":350,"height":200,"srcset":"https:\/\/i0.wp.com\/lasprimeras.com.do\/wp-content\/uploads\/2024\/06\/Claudia-Sheinbaum-Pardo-nueva-presidenta-de-Mexico.jpeg?resize=350%2C200&ssl=1 1x, https:\/\/i0.wp.com\/lasprimeras.com.do\/wp-content\/uploads\/2024\/06\/Claudia-Sheinbaum-Pardo-nueva-presidenta-de-Mexico.jpeg?resize=525%2C300&ssl=1 1.5x, https:\/\/i0.wp.com\/lasprimeras.com.do\/wp-content\/uploads\/2024\/06\/Claudia-Sheinbaum-Pardo-nueva-presidenta-de-Mexico.jpeg?resize=700%2C400&ssl=1 2x"},"classes":[]},{"id":60901,"url":"https:\/\/lasprimeras.com.do\/index.php\/2023\/09\/19\/pld-escoge-otros-candidatos-y-candidatas-por-encuestas\/","url_meta":{"origin":63790,"position":4},"title":"PLD escoge otros candidatos y candidatas por encuestas","author":"Nelson Feliz","date":"19 de septiembre de 2023","format":false,"excerpt":"El PLD da a conocer resultados de encuestas en municipios y distritos municipales de las provincias Peravia, Monte Plata y Santo Domingo. La Comisi\u00f3n Nacional Electoral (CNE) del Partido de la Liberaci\u00f3n Dominicana (PLD), dio a conocer los resultados de nuevas encuestas aplicadas en diferentes demarcaciones territoriales del pa\u00eds para\u2026","rel":"","context":"En \u00abPORTADA\u00bb","block_context":{"text":"PORTADA","link":"https:\/\/lasprimeras.com.do\/index.php\/category\/portada\/"},"img":{"alt_text":"PLD","src":"https:\/\/i0.wp.com\/lasprimeras.com.do\/wp-content\/uploads\/2023\/09\/PLD.jpeg?resize=350%2C200&ssl=1","width":350,"height":200,"srcset":"https:\/\/i0.wp.com\/lasprimeras.com.do\/wp-content\/uploads\/2023\/09\/PLD.jpeg?resize=350%2C200&ssl=1 1x, https:\/\/i0.wp.com\/lasprimeras.com.do\/wp-content\/uploads\/2023\/09\/PLD.jpeg?resize=525%2C300&ssl=1 1.5x, https:\/\/i0.wp.com\/lasprimeras.com.do\/wp-content\/uploads\/2023\/09\/PLD.jpeg?resize=700%2C400&ssl=1 2x"},"classes":[]},{"id":125008,"url":"https:\/\/lasprimeras.com.do\/index.php\/2026\/03\/19\/pld-no-sera-organizacion-auxiliar-de-nadie-y-presentara-candidato-propio\/","url_meta":{"origin":63790,"position":5},"title":"PLD no ser\u00e1 \u201corganizaci\u00f3n auxiliar\u201d de nadie y presentar\u00e1 candidato propio","author":"Nelson Feliz","date":"19 de marzo de 2026","format":false,"excerpt":"El Partido de la Liberaci\u00f3n Dominicana (PLD) dej\u00f3 clara su posici\u00f3n de cara al escenario electoral: no respaldar\u00e1 proyectos de otras organizaciones y acudir\u00e1 con candidatura propia, seg\u00fan afirm\u00f3 su secretario general, Johnny Pujols. \u201cNosotros no andamos por detr\u00e1s uni\u00e9ndonos con nadie\u2026Y por lo tanto no nos vamos a prestar\u2026","rel":"","context":"En \u00abPOLITICA\u00bb","block_context":{"text":"POLITICA","link":"https:\/\/lasprimeras.com.do\/index.php\/category\/politica\/"},"img":{"alt_text":"Johnny Pujols","src":"https:\/\/i0.wp.com\/lasprimeras.com.do\/wp-content\/uploads\/2026\/03\/Johnny-Pujols.jpg?resize=350%2C200&ssl=1","width":350,"height":200,"srcset":"https:\/\/i0.wp.com\/lasprimeras.com.do\/wp-content\/uploads\/2026\/03\/Johnny-Pujols.jpg?resize=350%2C200&ssl=1 1x, https:\/\/i0.wp.com\/lasprimeras.com.do\/wp-content\/uploads\/2026\/03\/Johnny-Pujols.jpg?resize=525%2C300&ssl=1 1.5x, https:\/\/i0.wp.com\/lasprimeras.com.do\/wp-content\/uploads\/2026\/03\/Johnny-Pujols.jpg?resize=700%2C400&ssl=1 2x"},"classes":[]}],"jetpack_sharing_enabled":true,"_links":{"self":[{"href":"https:\/\/lasprimeras.com.do\/index.php\/wp-json\/wp\/v2\/posts\/63790","targetHints":{"allow":["GET"]}}],"collection":[{"href":"https:\/\/lasprimeras.com.do\/index.php\/wp-json\/wp\/v2\/posts"}],"about":[{"href":"https:\/\/lasprimeras.com.do\/index.php\/wp-json\/wp\/v2\/types\/post"}],"author":[{"embeddable":true,"href":"https:\/\/lasprimeras.com.do\/index.php\/wp-json\/wp\/v2\/users\/2"}],"replies":[{"embeddable":true,"href":"https:\/\/lasprimeras.com.do\/index.php\/wp-json\/wp\/v2\/comments?post=63790"}],"version-history":[{"count":1,"href":"https:\/\/lasprimeras.com.do\/index.php\/wp-json\/wp\/v2\/posts\/63790\/revisions"}],"predecessor-version":[{"id":63792,"href":"https:\/\/lasprimeras.com.do\/index.php\/wp-json\/wp\/v2\/posts\/63790\/revisions\/63792"}],"wp:featuredmedia":[{"embeddable":true,"href":"https:\/\/lasprimeras.com.do\/index.php\/wp-json\/wp\/v2\/media\/63791"}],"wp:attachment":[{"href":"https:\/\/lasprimeras.com.do\/index.php\/wp-json\/wp\/v2\/media?parent=63790"}],"wp:term":[{"taxonomy":"category","embeddable":true,"href":"https:\/\/lasprimeras.com.do\/index.php\/wp-json\/wp\/v2\/categories?post=63790"},{"taxonomy":"post_tag","embeddable":true,"href":"https:\/\/lasprimeras.com.do\/index.php\/wp-json\/wp\/v2\/tags?post=63790"}],"curies":[{"name":"wp","href":"https:\/\/api.w.org\/{rel}","templated":true}]}}