{"id":63797,"date":"2023-10-15T22:54:48","date_gmt":"2023-10-16T02:54:48","guid":{"rendered":"https:\/\/lasprimeras.com.do\/?p=63797"},"modified":"2023-10-15T22:54:49","modified_gmt":"2023-10-16T02:54:49","slug":"pdi-otorga-poderes-a-su-presidente-para-realizar-alianzas","status":"publish","type":"post","link":"https:\/\/lasprimeras.com.do\/index.php\/2023\/10\/15\/pdi-otorga-poderes-a-su-presidente-para-realizar-alianzas\/","title":{"rendered":"PDI otorga poderes a su presidente para realizar alianzas"},"content":{"rendered":"\n<p><strong>Critican deterioro de los servicios p\u00fablicos y aumento de la pobreza<\/strong><\/p>\n\n\n\n<p>El Partido Dem\u00f3crata Institucional (PDI) realiz\u00f3 su sexta Convenci\u00f3n Nacional en la cual otorg\u00f3 poderes al presidente de esa organizaci\u00f3n para que pueda hacer alianzas con otras fuerzas pol\u00edticas para llevar candidatos comunes a las elecciones municipales y congresuales de 2024, incluyendo al candidato presidencial, el cual anunciaron que ser\u00e1 proclamado en los pr\u00f3ximos d\u00edas.<\/p>\n\n\n\n<p>El presidente del PDI, Ismael Reyes, revel\u00f3 que hay m\u00e1s de 3 millones de dominicanos que son exiliados econ\u00f3micos en diferentes pa\u00edses del mundo,&nbsp; y que m\u00e1s del 50% de los j\u00f3venes quiere irse del pa\u00eds &#8220;Porque no ven futuro aqu\u00ed en el pa\u00eds donde han nacido, y donde nacieron tambi\u00e9n sus padres y sus abuelos&#8221;.<\/p>\n\n\n\n<p>Asimismo, dijo: &#8220;Es por eso por lo que el 25 % de todo el que ha nacido en la Rep\u00fablica Dominicana vive hoy fuera del pa\u00eds, trabajando en lo que sea, para mandarle remesas a sus familiares pobres que han quedado aqu\u00ed&#8221;.<\/p>\n\n\n\n<p>Al anunciar que en los pr\u00f3ximos d\u00edas estar\u00e1n proclamando a su candidato presidencial, Reyes reafirm\u00f3 su compromiso de apoyar en el nivel presidencial al presidente de la Fuerza del Pueblo y candidato presidencial de esa organizaci\u00f3n pol\u00edtica, Leonel Fern\u00e1ndez.<\/p>\n\n\n\n<p>Sobre Fern\u00e1ndez, Reyes asegur\u00f3 que el exmandatario har\u00e1 desde el 2024 uno de los mejores gobiernos de la historia: &#8220;un presidente probado, con la experiencia que el pa\u00eds necesita para salir adelante y realizar un verdadero cambio&#8221;.<\/p>\n\n\n\n<p>Reyes deplor\u00f3 el deterioro de los servicios p\u00fablicos, dentro de los cuales cit\u00f3 los del Sistema 9-1-1 y el alto costo de la energ\u00eda el\u00e9ctrica.<\/p>\n\n\n\n<p>Tambi\u00e9n critic\u00f3 el aumento desproporcionado del endeudamiento p\u00fablico, al tiempo que llam\u00f3 la atenci\u00f3n del aumento en los \u00edndices de pobreza, sobre lo cual revel\u00f3 que m\u00e1s de tres millones de dominicanos est\u00e1n en esta condici\u00f3n.<\/p>\n\n\n\n<p>Dijo que el gobierno de Luis Abinader prometi\u00f3 bajar la pobreza, la inseguridad y mejorar la calidad de vida de la gente, &#8220;pero han fallado y mentido en este prop\u00f3sito&#8221;.<\/p>\n\n\n\n<p>El PDI se reserv\u00f3 el 20% de las candidaturas para las alianzas, de conformidad como lo establece la Ley. En la actividad, la organizaci\u00f3n azul y naranja ratific\u00f3 la modificaci\u00f3n de sus estatutos, y renov\u00f3 el&nbsp; Comit\u00e9 Central Ejecutivo.<\/p>\n\n\n\n<p>Se recuerda que el PDI ha estado en un profundo proceso de reorganizaci\u00f3n y renovaci\u00f3n de sus estructuras en el territorio nacional, as\u00ed como en el exterior donde cuenta con una amplia militancia en Estados Unidos, Europa y las Islas del Caribe.<\/p>\n","protected":false},"excerpt":{"rendered":"<p>Critican deterioro de los servicios p\u00fablicos y aumento de la pobreza El Partido Dem\u00f3crata Institucional (PDI) realiz\u00f3 su sexta Convenci\u00f3n Nacional en la cual otorg\u00f3 poderes al presidente de esa&hellip;<\/p>\n","protected":false},"author":2,"featured_media":63798,"comment_status":"open","ping_status":"open","sticky":false,"template":"","format":"standard","meta":{"content-type":"","jetpack_post_was_ever_published":false,"_jetpack_newsletter_access":"","_jetpack_dont_email_post_to_subs":false,"_jetpack_newsletter_tier_id":0,"_jetpack_memberships_contains_paywalled_content":false,"_jetpack_memberships_contains_paid_content":false,"footnotes":""},"categories":[1],"tags":[796],"class_list":["post-63797","post","type-post","status-publish","format-standard","has-post-thumbnail","hentry","category-sin-categoria","tag-ismael-reyes"],"jetpack_featured_media_url":"https:\/\/lasprimeras.com.do\/wp-content\/uploads\/2023\/10\/Ismael-Reyes.jpg","jetpack-related-posts":[{"id":100695,"url":"https:\/\/lasprimeras.com.do\/index.php\/2025\/06\/10\/ismael-reyes-y-el-pdi-trazan-su-camino-hacia-el-2028\/","url_meta":{"origin":63797,"position":0},"title":"Ismael Reyes y el PDI trazan su camino hacia el 2028","author":"Nelson Feliz","date":"10 de junio de 2025","format":false,"excerpt":"El Partido Dem\u00f3crata Institucional (PDI) anunci\u00f3 este martes el inicio de una nueva etapa pol\u00edtica que marca su relanzamiento oficial como fuerza nacional, presentando al pa\u00eds su plan de reorganizaci\u00f3n, su hoja de ruta hacia las elecciones de 2028 y una renovada visi\u00f3n para transformar la Rep\u00fablica Dominicana desde la\u2026","rel":"","context":"En \u00abPOLITICA\u00bb","block_context":{"text":"POLITICA","link":"https:\/\/lasprimeras.com.do\/index.php\/category\/politica\/"},"img":{"alt_text":"","src":"https:\/\/i0.wp.com\/lasprimeras.com.do\/wp-content\/uploads\/2025\/06\/Ismael-Reyes.jpg?resize=350%2C200&ssl=1","width":350,"height":200,"srcset":"https:\/\/i0.wp.com\/lasprimeras.com.do\/wp-content\/uploads\/2025\/06\/Ismael-Reyes.jpg?resize=350%2C200&ssl=1 1x, https:\/\/i0.wp.com\/lasprimeras.com.do\/wp-content\/uploads\/2025\/06\/Ismael-Reyes.jpg?resize=525%2C300&ssl=1 1.5x, https:\/\/i0.wp.com\/lasprimeras.com.do\/wp-content\/uploads\/2025\/06\/Ismael-Reyes.jpg?resize=700%2C400&ssl=1 2x"},"classes":[]},{"id":127741,"url":"https:\/\/lasprimeras.com.do\/index.php\/2026\/04\/15\/pdi-anuncia-candidaturas-para-jovenes-e-independientes-en-2028\/","url_meta":{"origin":63797,"position":1},"title":"PDI anuncia candidaturas para j\u00f3venes e independientes en 2028","author":"Nelson Feliz","date":"15 de abril de 2026","format":false,"excerpt":"El Partido Dem\u00f3crata Institucional (PDI) present\u00f3 un plan de acci\u00f3n de cara a una nueva etapa pol\u00edtica basada en la reorganizaci\u00f3n nacional e internacional de sus estructuras, la formaci\u00f3n sistem\u00e1tica de cuadros y la reserva de candidaturas para independientes y j\u00f3venes de cara a las elecciones de 2028. El presidente\u2026","rel":"","context":"En \u00abPOLITICA\u00bb","block_context":{"text":"POLITICA","link":"https:\/\/lasprimeras.com.do\/index.php\/category\/politica\/"},"img":{"alt_text":"","src":"https:\/\/i0.wp.com\/lasprimeras.com.do\/wp-content\/uploads\/2026\/04\/IMG-20260415-WA0378.jpg?resize=350%2C200&ssl=1","width":350,"height":200,"srcset":"https:\/\/i0.wp.com\/lasprimeras.com.do\/wp-content\/uploads\/2026\/04\/IMG-20260415-WA0378.jpg?resize=350%2C200&ssl=1 1x, https:\/\/i0.wp.com\/lasprimeras.com.do\/wp-content\/uploads\/2026\/04\/IMG-20260415-WA0378.jpg?resize=525%2C300&ssl=1 1.5x, https:\/\/i0.wp.com\/lasprimeras.com.do\/wp-content\/uploads\/2026\/04\/IMG-20260415-WA0378.jpg?resize=700%2C400&ssl=1 2x, https:\/\/i0.wp.com\/lasprimeras.com.do\/wp-content\/uploads\/2026\/04\/IMG-20260415-WA0378.jpg?resize=1050%2C600&ssl=1 3x, https:\/\/i0.wp.com\/lasprimeras.com.do\/wp-content\/uploads\/2026\/04\/IMG-20260415-WA0378.jpg?resize=1400%2C800&ssl=1 4x"},"classes":[]},{"id":49928,"url":"https:\/\/lasprimeras.com.do\/index.php\/2023\/05\/15\/ismael-reyes-juramenta-a-yomare-polanco-como-nuevo-presidente-federal-del-pdi-en-estados-unidos\/","url_meta":{"origin":63797,"position":2},"title":"Ismael Reyes juramenta a Yomare Polanco como nuevo presidente federal del PDI en Estados Unidos","author":"prenxa100","date":"15 de mayo de 2023","format":false,"excerpt":"Santo Domingo, RD: El presidente del Partido Dem\u00f3crata Institucional(PDI), Ismael Reyes, jurament\u00f3 al exdirigente del Partido de la Liberaci\u00f3n Dominicana (PLD) y varias veces encargado del Sector Externo en Estados Unidos y Canad\u00e1 del partido morado, doctor Yomare Polanco, como Presidente Federal de esa organizaci\u00f3n pol\u00edtica en los Estados Unidos.\u2026","rel":"","context":"En \u00abPORTADA\u00bb","block_context":{"text":"PORTADA","link":"https:\/\/lasprimeras.com.do\/index.php\/category\/portada\/"},"img":{"alt_text":"","src":"","width":0,"height":0},"classes":[]},{"id":49105,"url":"https:\/\/lasprimeras.com.do\/index.php\/2023\/05\/07\/ismael-reyes-pdi-esta-dispuesto-a-unirse-a-la-fp-contra-el-prm\/","url_meta":{"origin":63797,"position":3},"title":"Ismael Reyes: PDI est\u00e1 dispuesto a unirse a la FP contra el PRM","author":"prenxa100","date":"7 de mayo de 2023","format":false,"excerpt":"Santo Domingo.-. El presidente del Partido Dominicano Independiente asegur\u00f3 que estar\u00eda dispuesto a unirse a la Fuerza del Pueblo y ser parte de un frente opositor contra el PRM. Ismael Reyes, dijo que aunque Abel Mart\u00ednez, tiene buena carrera pol\u00edtica, no tiene chance de ganar la presidencia de la Rep\u00fablica\u2026","rel":"","context":"En \u00abPORTADA\u00bb","block_context":{"text":"PORTADA","link":"https:\/\/lasprimeras.com.do\/index.php\/category\/portada\/"},"img":{"alt_text":"","src":"","width":0,"height":0},"classes":[]},{"id":56418,"url":"https:\/\/lasprimeras.com.do\/index.php\/2023\/07\/31\/el-pdi-se-integra-al-frente-opositor-que-lidera-leonel-fernandez\/","url_meta":{"origin":63797,"position":4},"title":"El PDI se integra al Frente Opositor que lidera Leonel Fern\u00e1ndez","author":"Nelson Feliz","date":"31 de julio de 2023","format":false,"excerpt":"\u201cDel retroceso volveremos al progreso\u201d, asegur\u00f3 Leonel Fern\u00e1ndez La Fuerza del Pueblo (FP) y el Partido Dem\u00f3crata Institucional (PDI) firmaron hoy un pacto de alianza, acto que constituye el fortalecimiento y ampliaci\u00f3n del gran Frente Opositor, que se conforma alrededor de la figura de Leonel Fern\u00e1ndez y, que adversar\u00e1 los\u2026","rel":"","context":"En \u00abPORTADA\u00bb","block_context":{"text":"PORTADA","link":"https:\/\/lasprimeras.com.do\/index.php\/category\/portada\/"},"img":{"alt_text":"Ismael Reyes Cruz y Leonel Fernandez","src":"https:\/\/i0.wp.com\/lasprimeras.com.do\/wp-content\/uploads\/2023\/07\/Ismael-Reyes-Cruz.jpg?resize=350%2C200&ssl=1","width":350,"height":200,"srcset":"https:\/\/i0.wp.com\/lasprimeras.com.do\/wp-content\/uploads\/2023\/07\/Ismael-Reyes-Cruz.jpg?resize=350%2C200&ssl=1 1x, https:\/\/i0.wp.com\/lasprimeras.com.do\/wp-content\/uploads\/2023\/07\/Ismael-Reyes-Cruz.jpg?resize=525%2C300&ssl=1 1.5x, https:\/\/i0.wp.com\/lasprimeras.com.do\/wp-content\/uploads\/2023\/07\/Ismael-Reyes-Cruz.jpg?resize=700%2C400&ssl=1 2x"},"classes":[]},{"id":55742,"url":"https:\/\/lasprimeras.com.do\/index.php\/2023\/07\/24\/ismael-reyes-dice-gobierno-debe-pasar-de-la-palabra-a-la-accion-con-tema-haitiano\/","url_meta":{"origin":63797,"position":5},"title":"Ismael Reyes dice gobierno debe pasar de la palabra a la acci\u00f3n con tema haitiano","author":"Nelson Feliz","date":"24 de julio de 2023","format":false,"excerpt":"El presidente del Partido Dem\u00f3crata Institucional(PDI), Ismael Reyes expres\u00f3 que el gobierno dominicano debe ya de una vez por todas pasar de la palabra a la acci\u00f3n contundente con relaci\u00f3n al tema haitiano antes de que no haya vuelta atr\u00e1s sin nada que hacer. El excandidato presidencial expres\u00f3 que Hait\u00ed\u2026","rel":"","context":"En \u00abPORTADA\u00bb","block_context":{"text":"PORTADA","link":"https:\/\/lasprimeras.com.do\/index.php\/category\/portada\/"},"img":{"alt_text":"Ismael Reyes","src":"https:\/\/i0.wp.com\/lasprimeras.com.do\/wp-content\/uploads\/2023\/07\/Ismael-Reyes.jpg?resize=350%2C200&ssl=1","width":350,"height":200,"srcset":"https:\/\/i0.wp.com\/lasprimeras.com.do\/wp-content\/uploads\/2023\/07\/Ismael-Reyes.jpg?resize=350%2C200&ssl=1 1x, https:\/\/i0.wp.com\/lasprimeras.com.do\/wp-content\/uploads\/2023\/07\/Ismael-Reyes.jpg?resize=525%2C300&ssl=1 1.5x, https:\/\/i0.wp.com\/lasprimeras.com.do\/wp-content\/uploads\/2023\/07\/Ismael-Reyes.jpg?resize=700%2C400&ssl=1 2x"},"classes":[]}],"jetpack_sharing_enabled":true,"_links":{"self":[{"href":"https:\/\/lasprimeras.com.do\/index.php\/wp-json\/wp\/v2\/posts\/63797","targetHints":{"allow":["GET"]}}],"collection":[{"href":"https:\/\/lasprimeras.com.do\/index.php\/wp-json\/wp\/v2\/posts"}],"about":[{"href":"https:\/\/lasprimeras.com.do\/index.php\/wp-json\/wp\/v2\/types\/post"}],"author":[{"embeddable":true,"href":"https:\/\/lasprimeras.com.do\/index.php\/wp-json\/wp\/v2\/users\/2"}],"replies":[{"embeddable":true,"href":"https:\/\/lasprimeras.com.do\/index.php\/wp-json\/wp\/v2\/comments?post=63797"}],"version-history":[{"count":1,"href":"https:\/\/lasprimeras.com.do\/index.php\/wp-json\/wp\/v2\/posts\/63797\/revisions"}],"predecessor-version":[{"id":63799,"href":"https:\/\/lasprimeras.com.do\/index.php\/wp-json\/wp\/v2\/posts\/63797\/revisions\/63799"}],"wp:featuredmedia":[{"embeddable":true,"href":"https:\/\/lasprimeras.com.do\/index.php\/wp-json\/wp\/v2\/media\/63798"}],"wp:attachment":[{"href":"https:\/\/lasprimeras.com.do\/index.php\/wp-json\/wp\/v2\/media?parent=63797"}],"wp:term":[{"taxonomy":"category","embeddable":true,"href":"https:\/\/lasprimeras.com.do\/index.php\/wp-json\/wp\/v2\/categories?post=63797"},{"taxonomy":"post_tag","embeddable":true,"href":"https:\/\/lasprimeras.com.do\/index.php\/wp-json\/wp\/v2\/tags?post=63797"}],"curies":[{"name":"wp","href":"https:\/\/api.w.org\/{rel}","templated":true}]}}