{"id":63806,"date":"2023-10-15T18:26:00","date_gmt":"2023-10-15T22:26:00","guid":{"rendered":"https:\/\/lasprimeras.com.do\/?p=63806"},"modified":"2023-10-16T06:30:12","modified_gmt":"2023-10-16T10:30:12","slug":"autobus-de-pasajeros-sufre-accidente-en-el-cruce-sabana-del-puerto-en-bonao","status":"publish","type":"post","link":"https:\/\/lasprimeras.com.do\/index.php\/2023\/10\/15\/autobus-de-pasajeros-sufre-accidente-en-el-cruce-sabana-del-puerto-en-bonao\/","title":{"rendered":"Autob\u00fas de pasajeros sufre accidente en el cruce Sabana del Puerto en Bonao"},"content":{"rendered":"\n<p>Un autob\u00fas de pasajeros sufri\u00f3 un accidente de tr\u00e1nsito en el cruce Sabana del Puerto, municipio Bonao, provincia Monse\u00f1or Nouel.<\/p>\n\n\n\n<p>El hecho dej\u00f3 al mejor 20 personas heridas, informaron fuentes oficiales.<\/p>\n\n\n\n<p>El Sistema Nacional de Emergencias 9-1-1 aclar\u00f3 que, hasta el momento, no hab\u00eda personas fallecidas.<\/p>\n\n\n\n<p>Dijo que los lesionados fueron trasladados a centros de asistencia m\u00e9dica. No precis\u00f3 sus condiciones de salud.<\/p>\n\n\n\n<p>Explic\u00f3, en un comunicado, que envi\u00f3 al lugar 10 de sus unidades a prestar asistencia.<\/p>\n\n\n\n<p>&#8220;Las unidades enviadas contin\u00faan brindando asistencia, entre ellas unidades de ambulancias de la DAEH (Direcci\u00f3n de Servicios de Atenci\u00f3n a Emergencias Extrahospitalarias), Polic\u00eda Nacional, Digesett (Direcci\u00f3n General de Seguridad de Tr\u00e1nsito y Transporte Terrestre), Bomberos, MOPC (Ministerio de Obras P\u00fablicas y Comunicaciones&#8221;, refiri\u00f3.<\/p>\n\n\n\n<p>La entidad no detall\u00f3 el tipo de accidente que sufri\u00f3 el autob\u00fas, el cual dijo, tiene capacidad para 60 pasajeros, pero una im\u00e1gen lo muestra volcado a las orillas de la carretera.<\/p>\n","protected":false},"excerpt":{"rendered":"<p>Un autob\u00fas de pasajeros sufri\u00f3 un accidente de tr\u00e1nsito en el cruce Sabana del Puerto, municipio Bonao, provincia Monse\u00f1or Nouel. El hecho dej\u00f3 al mejor 20 personas heridas, informaron fuentes&hellip;<\/p>\n","protected":false},"author":2,"featured_media":63766,"comment_status":"open","ping_status":"open","sticky":false,"template":"","format":"standard","meta":{"content-type":"","jetpack_post_was_ever_published":false,"_jetpack_newsletter_access":"","_jetpack_dont_email_post_to_subs":false,"_jetpack_newsletter_tier_id":0,"_jetpack_memberships_contains_paywalled_content":false,"_jetpack_memberships_contains_paid_content":false,"footnotes":""},"categories":[35],"tags":[2211,2709,899,8552,3760],"class_list":["post-63806","post","type-post","status-publish","format-standard","has-post-thumbnail","hentry","category-nacionales","tag-accidente","tag-autobus","tag-bonao","tag-cruce-sabana-del-puerto","tag-pasajeros"],"jetpack_featured_media_url":"https:\/\/lasprimeras.com.do\/wp-content\/uploads\/2023\/10\/Accidente-en-Cruce-de-Bonao-15-de-octubre.jpg","jetpack-related-posts":[{"id":63765,"url":"https:\/\/lasprimeras.com.do\/index.php\/2023\/10\/15\/9-1-1-asiste-autobus-accidentado-de-60-pasajeros-en-el-cruce-de-bonao\/","url_meta":{"origin":63806,"position":0},"title":"9-1-1 asiste autob\u00fas accidentado de 60 pasajeros en El Cruce de Bonao","author":"Nelson Feliz","date":"15 de octubre de 2023","format":false,"excerpt":"Diez unidades llegaron al lugar. El 9-1-1 envi\u00f3 diez unidades de asistencia al Cruce de Sabana del Puerto en el municipio de Bonao, provincia Monse\u00f1or Nouel, tras recibir el reporte de un accidente de tr\u00e1nsito que involucr\u00f3 un autob\u00fas de 60 pasajeros. Las unidades enviadas contin\u00faan brindando asistencia, entre ellas\u2026","rel":"","context":"En \u00abNACIONALES\u00bb","block_context":{"text":"NACIONALES","link":"https:\/\/lasprimeras.com.do\/index.php\/category\/nacionales\/"},"img":{"alt_text":"Accidente en Cruce de Bonao","src":"https:\/\/i0.wp.com\/lasprimeras.com.do\/wp-content\/uploads\/2023\/10\/Accidente-en-Cruce-de-Bonao-15-de-octubre.jpg?resize=350%2C200&ssl=1","width":350,"height":200,"srcset":"https:\/\/i0.wp.com\/lasprimeras.com.do\/wp-content\/uploads\/2023\/10\/Accidente-en-Cruce-de-Bonao-15-de-octubre.jpg?resize=350%2C200&ssl=1 1x, https:\/\/i0.wp.com\/lasprimeras.com.do\/wp-content\/uploads\/2023\/10\/Accidente-en-Cruce-de-Bonao-15-de-octubre.jpg?resize=525%2C300&ssl=1 1.5x, https:\/\/i0.wp.com\/lasprimeras.com.do\/wp-content\/uploads\/2023\/10\/Accidente-en-Cruce-de-Bonao-15-de-octubre.jpg?resize=700%2C400&ssl=1 2x"},"classes":[]},{"id":56558,"url":"https:\/\/lasprimeras.com.do\/index.php\/2023\/08\/02\/9-1-1-coordina-rescate-de-persona-atrapada-en-accidente-de-transito-en-sde\/","url_meta":{"origin":63806,"position":1},"title":"9-1-1 coordina rescate de persona atrapada en accidente de tr\u00e1nsito en SDE","author":"Nelson Feliz","date":"2 de agosto de 2023","format":false,"excerpt":"El Sistema Nacional de Atenci\u00f3n a Emergencias y Seguridad coordin\u00f3 la asistencia a un accidente de tr\u00e1nsito que implic\u00f3 a varios veh\u00edculos e impact\u00f3 un autob\u00fas de la Oficina Metropolitana de Servicios de Autobuses (OMSA) en un poste de luz debido a un deslizamiento, en un hecho ocurrido en la\u2026","rel":"","context":"En \u00abNACIONALES\u00bb","block_context":{"text":"NACIONALES","link":"https:\/\/lasprimeras.com.do\/index.php\/category\/nacionales\/"},"img":{"alt_text":"OMSA","src":"https:\/\/i0.wp.com\/lasprimeras.com.do\/wp-content\/uploads\/2023\/08\/OMSA.jpg?resize=350%2C200&ssl=1","width":350,"height":200,"srcset":"https:\/\/i0.wp.com\/lasprimeras.com.do\/wp-content\/uploads\/2023\/08\/OMSA.jpg?resize=350%2C200&ssl=1 1x, https:\/\/i0.wp.com\/lasprimeras.com.do\/wp-content\/uploads\/2023\/08\/OMSA.jpg?resize=525%2C300&ssl=1 1.5x, https:\/\/i0.wp.com\/lasprimeras.com.do\/wp-content\/uploads\/2023\/08\/OMSA.jpg?resize=700%2C400&ssl=1 2x"},"classes":[]},{"id":59957,"url":"https:\/\/lasprimeras.com.do\/index.php\/2023\/09\/09\/imagenes-fuertes-asistencia-del-9-1-1-a-accidente-de-transito-entre-dos-autobuses-de-transporte-de-personal\/","url_meta":{"origin":63806,"position":2},"title":"Im\u00e1genes Fuertes: Asistencia del 9-1-1 a accidente de tr\u00e1nsito entre dos autobuses de transporte de personal","author":"Nelson Feliz","date":"9 de septiembre de 2023","format":false,"excerpt":"Accidente en Hig\u00fcey deja cuatro muertos y 17 heridos Al menos cuatro personas murieron y 17 resultaron heridas durante un accidente de tr\u00e1nsito entre dos dos autobuses que transportaban empleados de dos cadenas hoteleras de B\u00e1varo. El fatal accidente se registr\u00f3 pasadas las 6:00 de la ma\u00f1ana de este s\u00e1bado\u2026","rel":"","context":"En \u00abNACIONALES\u00bb","block_context":{"text":"NACIONALES","link":"https:\/\/lasprimeras.com.do\/index.php\/category\/nacionales\/"},"img":{"alt_text":"","src":"https:\/\/i0.wp.com\/lasprimeras.com.do\/wp-content\/uploads\/2023\/09\/accidentes-2.jpg?resize=350%2C200&ssl=1","width":350,"height":200,"srcset":"https:\/\/i0.wp.com\/lasprimeras.com.do\/wp-content\/uploads\/2023\/09\/accidentes-2.jpg?resize=350%2C200&ssl=1 1x, https:\/\/i0.wp.com\/lasprimeras.com.do\/wp-content\/uploads\/2023\/09\/accidentes-2.jpg?resize=525%2C300&ssl=1 1.5x, https:\/\/i0.wp.com\/lasprimeras.com.do\/wp-content\/uploads\/2023\/09\/accidentes-2.jpg?resize=700%2C400&ssl=1 2x"},"classes":[]},{"id":69031,"url":"https:\/\/lasprimeras.com.do\/index.php\/2023\/11\/29\/sacan-otros-dos-cadaveres-de-autobus-sepultado-por-patana-y-son-siete-los-fallecidos\/","url_meta":{"origin":63806,"position":3},"title":"Sacan otros dos cad\u00e1veres de autob\u00fas sepultado por patana y son siete los fallecidos","author":"Nelson Feliz","date":"29 de noviembre de 2023","format":false,"excerpt":"Casi a la 1:00 p.m. se recuperaron los cuerpos de una mujer y un hombre. El accidente de tr\u00e1nsito de la ma\u00f1ana de este mi\u00e9rcoles en la carretera S\u00e1nchez, en Haina, San Crist\u00f3bal, ha dejado, por el momento, un saldo de siete fallecidos y 13 personas heridas, luego que minutos\u2026","rel":"","context":"En \u00abSin categor\u00eda\u00bb","block_context":{"text":"Sin categor\u00eda","link":"https:\/\/lasprimeras.com.do\/index.php\/category\/sin-categoria\/"},"img":{"alt_text":"","src":"https:\/\/i0.wp.com\/lasprimeras.com.do\/wp-content\/uploads\/2023\/11\/haina-accidente-foto-neal-cruz-01-scaled.jpg?resize=350%2C200&ssl=1","width":350,"height":200,"srcset":"https:\/\/i0.wp.com\/lasprimeras.com.do\/wp-content\/uploads\/2023\/11\/haina-accidente-foto-neal-cruz-01-scaled.jpg?resize=350%2C200&ssl=1 1x, https:\/\/i0.wp.com\/lasprimeras.com.do\/wp-content\/uploads\/2023\/11\/haina-accidente-foto-neal-cruz-01-scaled.jpg?resize=525%2C300&ssl=1 1.5x, https:\/\/i0.wp.com\/lasprimeras.com.do\/wp-content\/uploads\/2023\/11\/haina-accidente-foto-neal-cruz-01-scaled.jpg?resize=700%2C400&ssl=1 2x, https:\/\/i0.wp.com\/lasprimeras.com.do\/wp-content\/uploads\/2023\/11\/haina-accidente-foto-neal-cruz-01-scaled.jpg?resize=1050%2C600&ssl=1 3x, https:\/\/i0.wp.com\/lasprimeras.com.do\/wp-content\/uploads\/2023\/11\/haina-accidente-foto-neal-cruz-01-scaled.jpg?resize=1400%2C800&ssl=1 4x"},"classes":[]},{"id":124187,"url":"https:\/\/lasprimeras.com.do\/index.php\/2026\/03\/09\/cuatro-miembros-de-una-familia-mueren-en-un-accidente-de-transito-en-bonao\/","url_meta":{"origin":63806,"position":4},"title":"Cuatro miembros de una familia mueren en un accidente de tr\u00e1nsito en Bonao","author":"Nelson Feliz","date":"9 de marzo de 2026","format":false,"excerpt":"Cuatro miembros de una misma familia fallecieron la noche del domingo tras un accidente de tr\u00e1nsito ocurrido en la autopista Duarte, pr\u00f3ximo a la entrada de Falcombridge Dominicana, en el municipio de Bonao. Las v\u00edctimas fueron identificadas como Patricia Mercedes Valdez, de 55 a\u00f1os; Fanni Mercedes Dipl\u00e1n, de 33; Leivi\u2026","rel":"","context":"En \u00abNACIONALES\u00bb","block_context":{"text":"NACIONALES","link":"https:\/\/lasprimeras.com.do\/index.php\/category\/nacionales\/"},"img":{"alt_text":"","src":"https:\/\/i0.wp.com\/lasprimeras.com.do\/wp-content\/uploads\/2026\/03\/Familia-fallece-en-accidente.webp?resize=350%2C200&ssl=1","width":350,"height":200,"srcset":"https:\/\/i0.wp.com\/lasprimeras.com.do\/wp-content\/uploads\/2026\/03\/Familia-fallece-en-accidente.webp?resize=350%2C200&ssl=1 1x, https:\/\/i0.wp.com\/lasprimeras.com.do\/wp-content\/uploads\/2026\/03\/Familia-fallece-en-accidente.webp?resize=525%2C300&ssl=1 1.5x, https:\/\/i0.wp.com\/lasprimeras.com.do\/wp-content\/uploads\/2026\/03\/Familia-fallece-en-accidente.webp?resize=700%2C400&ssl=1 2x, https:\/\/i0.wp.com\/lasprimeras.com.do\/wp-content\/uploads\/2026\/03\/Familia-fallece-en-accidente.webp?resize=1050%2C600&ssl=1 3x"},"classes":[]},{"id":76178,"url":"https:\/\/lasprimeras.com.do\/index.php\/2024\/02\/08\/911-coordina-asistencia-a-afectados-de-accidente-de-transito-en-guayacanes\/","url_meta":{"origin":63806,"position":5},"title":"911 coordina asistencia a afectados de accidente de tr\u00e1nsito en Guayacanes","author":"Nelson Feliz","date":"8 de febrero de 2024","format":false,"excerpt":"Once unidades de las agencias de respuesta en escena. Reportan ocho afectados asistidos y trasladados a centros de salud cercanos. El 911 inform\u00f3 que brinda asistencia a un accidente de tr\u00e1nsito entre un cami\u00f3n, un carro y un autob\u00fas, en un hecho ocurrido en la Autov\u00eda del Este, municipio Guayacanes.\u2026","rel":"","context":"En \u00abNACIONALES\u00bb","block_context":{"text":"NACIONALES","link":"https:\/\/lasprimeras.com.do\/index.php\/category\/nacionales\/"},"img":{"alt_text":"911 coordina asistencia a afectados de accidente de tr\u00e1nsito en Guayacan...","src":"https:\/\/i0.wp.com\/lasprimeras.com.do\/wp-content\/uploads\/2024\/02\/911-coordina-asistencia-a-afectados-de-accidente-de-transito-en-Guayacan.-1.jpeg?resize=350%2C200&ssl=1","width":350,"height":200,"srcset":"https:\/\/i0.wp.com\/lasprimeras.com.do\/wp-content\/uploads\/2024\/02\/911-coordina-asistencia-a-afectados-de-accidente-de-transito-en-Guayacan.-1.jpeg?resize=350%2C200&ssl=1 1x, https:\/\/i0.wp.com\/lasprimeras.com.do\/wp-content\/uploads\/2024\/02\/911-coordina-asistencia-a-afectados-de-accidente-de-transito-en-Guayacan.-1.jpeg?resize=525%2C300&ssl=1 1.5x, https:\/\/i0.wp.com\/lasprimeras.com.do\/wp-content\/uploads\/2024\/02\/911-coordina-asistencia-a-afectados-de-accidente-de-transito-en-Guayacan.-1.jpeg?resize=700%2C400&ssl=1 2x"},"classes":[]}],"jetpack_sharing_enabled":true,"_links":{"self":[{"href":"https:\/\/lasprimeras.com.do\/index.php\/wp-json\/wp\/v2\/posts\/63806","targetHints":{"allow":["GET"]}}],"collection":[{"href":"https:\/\/lasprimeras.com.do\/index.php\/wp-json\/wp\/v2\/posts"}],"about":[{"href":"https:\/\/lasprimeras.com.do\/index.php\/wp-json\/wp\/v2\/types\/post"}],"author":[{"embeddable":true,"href":"https:\/\/lasprimeras.com.do\/index.php\/wp-json\/wp\/v2\/users\/2"}],"replies":[{"embeddable":true,"href":"https:\/\/lasprimeras.com.do\/index.php\/wp-json\/wp\/v2\/comments?post=63806"}],"version-history":[{"count":1,"href":"https:\/\/lasprimeras.com.do\/index.php\/wp-json\/wp\/v2\/posts\/63806\/revisions"}],"predecessor-version":[{"id":63807,"href":"https:\/\/lasprimeras.com.do\/index.php\/wp-json\/wp\/v2\/posts\/63806\/revisions\/63807"}],"wp:featuredmedia":[{"embeddable":true,"href":"https:\/\/lasprimeras.com.do\/index.php\/wp-json\/wp\/v2\/media\/63766"}],"wp:attachment":[{"href":"https:\/\/lasprimeras.com.do\/index.php\/wp-json\/wp\/v2\/media?parent=63806"}],"wp:term":[{"taxonomy":"category","embeddable":true,"href":"https:\/\/lasprimeras.com.do\/index.php\/wp-json\/wp\/v2\/categories?post=63806"},{"taxonomy":"post_tag","embeddable":true,"href":"https:\/\/lasprimeras.com.do\/index.php\/wp-json\/wp\/v2\/tags?post=63806"}],"curies":[{"name":"wp","href":"https:\/\/api.w.org\/{rel}","templated":true}]}}