{"id":63808,"date":"2023-10-16T06:34:27","date_gmt":"2023-10-16T10:34:27","guid":{"rendered":"https:\/\/lasprimeras.com.do\/?p=63808"},"modified":"2023-10-16T06:34:28","modified_gmt":"2023-10-16T10:34:28","slug":"jce-y-partidos-decidiran-si-utilizaran-laptops-en-vez-de-escaneres-para-elecciones-de-2024","status":"publish","type":"post","link":"https:\/\/lasprimeras.com.do\/index.php\/2023\/10\/16\/jce-y-partidos-decidiran-si-utilizaran-laptops-en-vez-de-escaneres-para-elecciones-de-2024\/","title":{"rendered":"JCE y partidos decidir\u00e1n si utilizar\u00e1n laptops en vez de esc\u00e1neres para elecciones de 2024"},"content":{"rendered":"\n<p>Santo Domingo.-Para las cuatro de la tarde de este lunes, el pleno de la Junta Central Electoral (JCE) convoc\u00f3 a todos los partidos pol\u00edticos a una audiencia p\u00fablica para presentar el informe de c\u00f3mo fue el funcionamiento de los Equipos de Digitalizaci\u00f3n, Escaneo y Transmisi\u00f3n de resultados (EDET) durante las primarias internas del Partido Revolucionario Moderno (PRM) y para escuchar las recomendaciones de estos con relaci\u00f3n a c\u00f3mo deben de ser usados los equipos de cara a las elecciones generales del pr\u00f3ximo a\u00f1o.<\/p>\n\n\n\n<p>\u201cDicha audiencia se convoca en cumplimiento de lo tratado en la audiencia p\u00fablica del 19 de junio de 2023, la que consisti\u00f3 en la presentaci\u00f3n del uso de los equipos tecnol\u00f3gicos para la digitalizaci\u00f3n: escaneo y transmisi\u00f3n de los resultados desde los colegios electorales para las elecciones presidenciales, congresuales y municipales correspondiente al a\u00f1o 2024\u201d, se\u00f1al\u00f3 la invitaci\u00f3n realizada a los partidos pol\u00edticos.<\/p>\n\n\n\n<p>En esa oportunidad, los partidos y el pleno decidi\u00f3 ordenar la licitaci\u00f3n de aproximadamente 12,000 laptops para compensar el d\u00e9ficit de esc\u00e1neres que tiene el \u00f3rgano electoral de cara a la realizaci\u00f3n de las elecciones municipales, congresuales y presidenciales pautadas para el 2024.<\/p>\n\n\n\n<p>Lo dicho en ese momento por el presidente de la JCE, Rom\u00e1n Jaquez Liranzo, tras analizar las propuestas y pareceres oficiales de los diferentes partidos pol\u00edticos, dijo que el consenso ha sido la licitaci\u00f3n de las 12,000 laptops con impresoras \u201cmultifuncionales\u201d que tendr\u00e1n el mismo software de los esc\u00e1neres para las elecciones.<\/p>\n\n\n\n<p>La propuesta tambi\u00e9n indicaba que los esc\u00e1neres existentes, que son alrededor de 13,000 equipos, ser\u00e1n utilizados en los 11 municipios con mayor cantidad de votantes del pa\u00eds y que las laptops solamente sean usadas en la poblaci\u00f3n restante.<\/p>\n\n\n\n<p>El presidente de la JCE ha hecho a que los equipos fueron adquiridos por el \u00f3rgano electoral alrededor del 2015 y que esos equipos, denominados Fujitsu HD 7,000 ya no son fabricados por lo que los equipos ya existentes son insustituibles.<\/p>\n\n\n\n<p>Durante las primarias no fue reportado ning\u00fan fallo ni mal funcionamiento de los esc\u00e1neres utilizados.<\/p>\n\n\n\n<p>Sin embargo, tambi\u00e9n existe la propuesta de que solamente sean las laptos multifuncionales las utilizadas en todos los municipios, en vez de usar los esc\u00e1neres, pero esa a\u00fan falta por ser conversada con los movimientos y las agrupaciones pol\u00edticas.<\/p>\n","protected":false},"excerpt":{"rendered":"<p>Santo Domingo.-Para las cuatro de la tarde de este lunes, el pleno de la Junta Central Electoral (JCE) convoc\u00f3 a todos los partidos pol\u00edticos a una audiencia p\u00fablica para presentar&hellip;<\/p>\n","protected":false},"author":3,"featured_media":63809,"comment_status":"open","ping_status":"open","sticky":false,"template":"","format":"standard","meta":{"content-type":"","jetpack_post_was_ever_published":false,"_jetpack_newsletter_access":"","_jetpack_dont_email_post_to_subs":false,"_jetpack_newsletter_tier_id":0,"_jetpack_memberships_contains_paywalled_content":false,"_jetpack_memberships_contains_paid_content":false,"footnotes":""},"categories":[1],"tags":[],"class_list":["post-63808","post","type-post","status-publish","format-standard","has-post-thumbnail","hentry","category-sin-categoria"],"jetpack_featured_media_url":"https:\/\/lasprimeras.com.do\/wp-content\/uploads\/2023\/10\/WhatsApp-Image-2023-10-15-at-8.04.52-PM.jpeg","jetpack-related-posts":[{"id":65669,"url":"https:\/\/lasprimeras.com.do\/index.php\/2023\/10\/30\/jce-dispone-uso-de-laptops-para-transmision-de-resultados-de-las-elecciones-de-2024\/","url_meta":{"origin":63808,"position":0},"title":"JCE dispone uso de laptops para transmisi\u00f3n de resultados de las elecciones de 2024","author":"Nelson Feliz","date":"30 de octubre de 2023","format":false,"excerpt":"Por Martin Restituyo El Pleno de la Junta Central Electoral (JCE) dispuso mediante la resoluci\u00f3n 74-2023 que los equipos que ser\u00e1n utilizados para digitalizaci\u00f3n, escaneo y transmisi\u00f3n (EDET) de los resultados en los Colegios Electorales para las elecciones municipales, congresuales y presidenciales de 2024, ser\u00e1n laptops y multifuncionales. Tras acoger\u2026","rel":"","context":"En \u00abNACIONALES\u00bb","block_context":{"text":"NACIONALES","link":"https:\/\/lasprimeras.com.do\/index.php\/category\/nacionales\/"},"img":{"alt_text":"JCE","src":"https:\/\/i0.wp.com\/lasprimeras.com.do\/wp-content\/uploads\/2023\/08\/jce-ratifica-sancionara-partidos-y-a-candidatos-violen-medida-legal.jpg?resize=350%2C200&ssl=1","width":350,"height":200,"srcset":"https:\/\/i0.wp.com\/lasprimeras.com.do\/wp-content\/uploads\/2023\/08\/jce-ratifica-sancionara-partidos-y-a-candidatos-violen-medida-legal.jpg?resize=350%2C200&ssl=1 1x, https:\/\/i0.wp.com\/lasprimeras.com.do\/wp-content\/uploads\/2023\/08\/jce-ratifica-sancionara-partidos-y-a-candidatos-violen-medida-legal.jpg?resize=525%2C300&ssl=1 1.5x, https:\/\/i0.wp.com\/lasprimeras.com.do\/wp-content\/uploads\/2023\/08\/jce-ratifica-sancionara-partidos-y-a-candidatos-violen-medida-legal.jpg?resize=700%2C400&ssl=1 2x"},"classes":[]},{"id":76567,"url":"https:\/\/lasprimeras.com.do\/index.php\/2024\/02\/12\/jce-concluye-clonacion-de-equipos-de-digitalizacion-y-escaneo-de-resultados\/","url_meta":{"origin":63808,"position":1},"title":"JCE concluye clonaci\u00f3n de equipos de digitalizaci\u00f3n y escaneo de resultados","author":"BIMARY DE JES\u00daS Matos","date":"12 de febrero de 2024","format":false,"excerpt":"Santo Domingo.-El presidente de la\u00a0Junta Central Electoral\u00a0(JCE), Rom\u00e1n Jaquez Liranzo, inform\u00f3 que la\u00a0clonaci\u00f3n\u00a0o personalizaci\u00f3n de los equipos de digitalizaci\u00f3n escaneo y transmisi\u00f3n de datos (EDET) concluy\u00f3 este domingo conforme a lo establecido en el calendario electoral. J\u00e1quez Liranzo explic\u00f3 que el env\u00edo de las valijas con\u00a0materiales electorales, incluida las\u00a0boletas, concluye\u2026","rel":"","context":"En \u00abSin categor\u00eda\u00bb","block_context":{"text":"Sin categor\u00eda","link":"https:\/\/lasprimeras.com.do\/index.php\/category\/sin-categoria\/"},"img":{"alt_text":"","src":"https:\/\/i0.wp.com\/lasprimeras.com.do\/wp-content\/uploads\/2024\/02\/whatsapp-image-2022-06-22-at-51713-pm-c3266a09-focus-0-0-375-240.jpg?resize=350%2C200&ssl=1","width":350,"height":200},"classes":[]},{"id":65715,"url":"https:\/\/lasprimeras.com.do\/index.php\/2023\/10\/31\/jce-autoriza-uso-de-laptops-en-colegios-electorales-comicios-2024\/","url_meta":{"origin":63808,"position":2},"title":"JCE autoriza uso de laptops en colegios electorales comicios 2024","author":"BIMARY DE JES\u00daS Matos","date":"31 de octubre de 2023","format":false,"excerpt":"SANTO DOMINGO.\u2013 El Pleno de la Junta Central Electoral (JCE) dispuso que los equipos que ser\u00e1n utilizados para digitalizaci\u00f3n, escaneo y transmisi\u00f3n (EDET) de los resultados en los colegios electorales para las elecciones municipales, congresuales y presidenciales de 2024, ser\u00e1n laptops y multifuncionales. Tras acoger el informe t\u00e9cnico de la\u2026","rel":"","context":"En \u00abSin categor\u00eda\u00bb","block_context":{"text":"Sin categor\u00eda","link":"https:\/\/lasprimeras.com.do\/index.php\/category\/sin-categoria\/"},"img":{"alt_text":"","src":"https:\/\/i0.wp.com\/lasprimeras.com.do\/wp-content\/uploads\/2023\/10\/WhatsApp-Image-2023-10-30-at-2.14.31-PM-1.jpeg?resize=350%2C200&ssl=1","width":350,"height":200,"srcset":"https:\/\/i0.wp.com\/lasprimeras.com.do\/wp-content\/uploads\/2023\/10\/WhatsApp-Image-2023-10-30-at-2.14.31-PM-1.jpeg?resize=350%2C200&ssl=1 1x, https:\/\/i0.wp.com\/lasprimeras.com.do\/wp-content\/uploads\/2023\/10\/WhatsApp-Image-2023-10-30-at-2.14.31-PM-1.jpeg?resize=525%2C300&ssl=1 1.5x, https:\/\/i0.wp.com\/lasprimeras.com.do\/wp-content\/uploads\/2023\/10\/WhatsApp-Image-2023-10-30-at-2.14.31-PM-1.jpeg?resize=700%2C400&ssl=1 2x, https:\/\/i0.wp.com\/lasprimeras.com.do\/wp-content\/uploads\/2023\/10\/WhatsApp-Image-2023-10-30-at-2.14.31-PM-1.jpeg?resize=1050%2C600&ssl=1 3x"},"classes":[]},{"id":66118,"url":"https:\/\/lasprimeras.com.do\/index.php\/2023\/11\/03\/auditaran-equipos-que-seran-usados-en-elecciones-del-2024\/","url_meta":{"origin":63808,"position":3},"title":"Auditar\u00e1n equipos que ser\u00e1n usados en elecciones del 2024","author":"BIMARY DE JES\u00daS Matos","date":"3 de noviembre de 2023","format":false,"excerpt":"Santo Domingo.-El Pleno de la Junta Central Electoral (JCE) y los partidos pol\u00edticos acordaron ayer que se realice una auditor\u00eda t\u00e9cnica a los m\u00e1s de 21 mil equipos de escaneo, digitalizaci\u00f3n, impresi\u00f3n y transmisi\u00f3n de datos (EDET) que se utilizar\u00e1n en las elecciones municipales del 18 de febrero y 19\u2026","rel":"","context":"En \u00abSin categor\u00eda\u00bb","block_context":{"text":"Sin categor\u00eda","link":"https:\/\/lasprimeras.com.do\/index.php\/category\/sin-categoria\/"},"img":{"alt_text":"","src":"https:\/\/i0.wp.com\/lasprimeras.com.do\/wp-content\/uploads\/2023\/11\/WhatsApp-Image-2023-11-02-at-7.42.09-PM-4.jpeg?resize=350%2C200&ssl=1","width":350,"height":200,"srcset":"https:\/\/i0.wp.com\/lasprimeras.com.do\/wp-content\/uploads\/2023\/11\/WhatsApp-Image-2023-11-02-at-7.42.09-PM-4.jpeg?resize=350%2C200&ssl=1 1x, https:\/\/i0.wp.com\/lasprimeras.com.do\/wp-content\/uploads\/2023\/11\/WhatsApp-Image-2023-11-02-at-7.42.09-PM-4.jpeg?resize=525%2C300&ssl=1 1.5x"},"classes":[]},{"id":65151,"url":"https:\/\/lasprimeras.com.do\/index.php\/2023\/10\/26\/jce-verifica-propuesta-descartar-los-escaneres-y-aprobar-laptops\/","url_meta":{"origin":63808,"position":4},"title":"JCE verifica propuesta descartar los esc\u00e1neres y aprobar laptops","author":"BIMARY DE JES\u00daS Matos","date":"26 de octubre de 2023","format":false,"excerpt":"SANTO DOMINGO.- El presidente de la Junta Central Electoral (JCE) Rom\u00e1n J\u00e1quez Liranzo, dijo que el pleno se reunir\u00e1 este jueves para verificar la propuesta de los partidos en torno a descartar los esc\u00e1neres y dar paso a laptops multifuncionales en todos los municipios como Equipos de Digitalizaci\u00f3n, Escaneo y\u2026","rel":"","context":"En \u00abSin categor\u00eda\u00bb","block_context":{"text":"Sin categor\u00eda","link":"https:\/\/lasprimeras.com.do\/index.php\/category\/sin-categoria\/"},"img":{"alt_text":"","src":"https:\/\/i0.wp.com\/lasprimeras.com.do\/wp-content\/uploads\/2023\/10\/WhatsApp-Image-2023-10-25-at-10.15.41-PM-6.jpeg?resize=350%2C200&ssl=1","width":350,"height":200,"srcset":"https:\/\/i0.wp.com\/lasprimeras.com.do\/wp-content\/uploads\/2023\/10\/WhatsApp-Image-2023-10-25-at-10.15.41-PM-6.jpeg?resize=350%2C200&ssl=1 1x, https:\/\/i0.wp.com\/lasprimeras.com.do\/wp-content\/uploads\/2023\/10\/WhatsApp-Image-2023-10-25-at-10.15.41-PM-6.jpeg?resize=525%2C300&ssl=1 1.5x, https:\/\/i0.wp.com\/lasprimeras.com.do\/wp-content\/uploads\/2023\/10\/WhatsApp-Image-2023-10-25-at-10.15.41-PM-6.jpeg?resize=700%2C400&ssl=1 2x"},"classes":[]},{"id":77044,"url":"https:\/\/lasprimeras.com.do\/index.php\/2024\/02\/17\/jce-realiza-nueva-prueba-software-a-peticion-de-fuerza-del-pueblo\/","url_meta":{"origin":63808,"position":5},"title":"JCE realiza nueva prueba software a petici\u00f3n de Fuerza del Pueblo","author":"BIMARY DE JES\u00daS Matos","date":"17 de febrero de 2024","format":false,"excerpt":"Santo Domingo.-La Junta Central Electoral y representantes de los 42 partidos y movimientos pol\u00edticos del sistema realizaron una prueba al software de escaneo, digitalizaci\u00f3n, impresi\u00f3n y transmisi\u00f3n de los resultados de las elecciones municipales de este domingo en Rep\u00fablica Dominicana. La reuni\u00f3n de casi tres horas, realizada este viernes a\u2026","rel":"","context":"En \u00abSin categor\u00eda\u00bb","block_context":{"text":"Sin categor\u00eda","link":"https:\/\/lasprimeras.com.do\/index.php\/category\/sin-categoria\/"},"img":{"alt_text":"","src":"https:\/\/i0.wp.com\/lasprimeras.com.do\/wp-content\/uploads\/2024\/02\/ESCANNERES-e1708189540862.jpeg?resize=350%2C200&ssl=1","width":350,"height":200,"srcset":"https:\/\/i0.wp.com\/lasprimeras.com.do\/wp-content\/uploads\/2024\/02\/ESCANNERES-e1708189540862.jpeg?resize=350%2C200&ssl=1 1x, https:\/\/i0.wp.com\/lasprimeras.com.do\/wp-content\/uploads\/2024\/02\/ESCANNERES-e1708189540862.jpeg?resize=525%2C300&ssl=1 1.5x"},"classes":[]}],"jetpack_sharing_enabled":true,"_links":{"self":[{"href":"https:\/\/lasprimeras.com.do\/index.php\/wp-json\/wp\/v2\/posts\/63808","targetHints":{"allow":["GET"]}}],"collection":[{"href":"https:\/\/lasprimeras.com.do\/index.php\/wp-json\/wp\/v2\/posts"}],"about":[{"href":"https:\/\/lasprimeras.com.do\/index.php\/wp-json\/wp\/v2\/types\/post"}],"author":[{"embeddable":true,"href":"https:\/\/lasprimeras.com.do\/index.php\/wp-json\/wp\/v2\/users\/3"}],"replies":[{"embeddable":true,"href":"https:\/\/lasprimeras.com.do\/index.php\/wp-json\/wp\/v2\/comments?post=63808"}],"version-history":[{"count":1,"href":"https:\/\/lasprimeras.com.do\/index.php\/wp-json\/wp\/v2\/posts\/63808\/revisions"}],"predecessor-version":[{"id":63810,"href":"https:\/\/lasprimeras.com.do\/index.php\/wp-json\/wp\/v2\/posts\/63808\/revisions\/63810"}],"wp:featuredmedia":[{"embeddable":true,"href":"https:\/\/lasprimeras.com.do\/index.php\/wp-json\/wp\/v2\/media\/63809"}],"wp:attachment":[{"href":"https:\/\/lasprimeras.com.do\/index.php\/wp-json\/wp\/v2\/media?parent=63808"}],"wp:term":[{"taxonomy":"category","embeddable":true,"href":"https:\/\/lasprimeras.com.do\/index.php\/wp-json\/wp\/v2\/categories?post=63808"},{"taxonomy":"post_tag","embeddable":true,"href":"https:\/\/lasprimeras.com.do\/index.php\/wp-json\/wp\/v2\/tags?post=63808"}],"curies":[{"name":"wp","href":"https:\/\/api.w.org\/{rel}","templated":true}]}}